{"id":71992,"date":"2015-03-23T06:47:33","date_gmt":"2015-03-23T05:47:33","guid":{"rendered":"http:\/\/www.cinevox.be\/?p=71992"},"modified":"2015-03-23T06:47:33","modified_gmt":"2015-03-23T05:47:33","slug":"histoires-de-famille","status":"publish","type":"post","link":"https:\/\/welovecinema.be\/fr\/histoires-de-famille\/","title":{"rendered":"Histoires de famille"},"content":{"rendered":"<p>Deux p\u00e8res, une fille, un couple, un p\u00e8re, un fils : quand les r\u00e9alisateurs belges s&#8217;emparent de la famille, ils en offrent une vision inattendue, incongrue, \u00e9tonnante.<\/p>\n<p>Electric Indigo est le champion r\u00e9cent de participations aux festivals \u00e0 travers le monde, des s\u00e9lections souvent assorties de prix, ce qui ne g\u00e2che rien.<\/p>\n<p>Le rendez-vous hebdomadaire est fix\u00e9 mercredi sur le coup de 23h23 pour une grosse heure de cours<!--more--><\/p>\n<p>&nbsp;<\/p>\n<p><a href=\"http:\/\/www.cinevox.be\/wp-content\/uploads\/sites\/2\/2015\/03\/electric-indigo.jpg\"><img loading=\"lazy\" decoding=\"async\" class=\"aligncenter size-large wp-image-71995\" src=\"http:\/\/www.cinevox.be\/wp-content\/uploads\/sites\/2\/2015\/03\/electric-indigo-800x341.jpg\" alt=\"\" width=\"640\" height=\"272\" srcset=\"https:\/\/welovecinema.be\/wp-content\/uploads\/sites\/2\/2015\/03\/electric-indigo-800x341.jpg 800w, https:\/\/welovecinema.be\/wp-content\/uploads\/sites\/2\/2015\/03\/electric-indigo-480x204.jpg 480w, https:\/\/welovecinema.be\/wp-content\/uploads\/sites\/2\/2015\/03\/electric-indigo.jpg 1022w\" sizes=\"auto, (max-width: 640px) 100vw, 640px\" \/><\/a><\/p>\n<p>&nbsp;<\/p>\n<h2>23:25\u00a0&#8211; <strong>Electric indigo<\/strong><\/h2>\n<ul>\n<li><strong>Dur\u00e9e\u00a0:<\/strong>\u00a000:23<\/li>\n<\/ul>\n<p>Indigo, une jeune fille au parcours peu banal, retrace mentalement sa vie, depuis sa naissance jusqu&rsquo;\u00e0 l&rsquo;\u00e9v\u00e9nement qui l&rsquo;am\u00e8nera \u00e0 s&rsquo;\u00e9manciper.<br \/>\nElle grandit au sein d&rsquo;une famille compos\u00e9e de deux p\u00e8res h\u00e9t\u00e9rosexuels, Rub\u00e9n, l&rsquo;Espagnol, et Tony, l&rsquo;Am\u00e9ricain, unis par les liens d&rsquo;un mariage \u00ab\u00a0non charnel\u00a0\u00bb, qui avaient d\u00e9cid\u00e9 d&rsquo;\u00e9lever ensemble leur fille, n\u00e9e d&rsquo;une m\u00e8re porteuse. Mais lorsque celle-ci d\u00e9cide de r\u00e9cup\u00e9rer Indigo, les choses se compliquent&#8230;<br \/>\nPrix et r\u00e9compenses :<br \/>\nPrix du public au Brussels Short Film Festival<br \/>\nPrix de la Trois au Brussels Short Film Festival<br \/>\nPrix du public au Festival Le court en dit long, etc : nombreux autres prix<\/p>\n<ul>\n<li><strong>R\u00e9alisateur\u00a0:\u00a0<\/strong>Jean-Julien Collette<\/li>\n<li><strong>Sc\u00e9nariste\u00a0:\u00a0<\/strong>Jean-Julien Collette<\/li>\n<li><strong>Acteur\/Actrice\u00a0:\u00a0<\/strong>C\u00e9line Peret, Christelle Cornil, Tony Denman, Rub\u00e9n Tom\u00e1s<\/li>\n<\/ul>\n<p>&nbsp;<\/p>\n<p><a href=\"http:\/\/www.cinevox.be\/wp-content\/uploads\/sites\/2\/2015\/03\/merci-d-eteindre-en-partant.jpg\"><img loading=\"lazy\" decoding=\"async\" class=\"aligncenter size-large wp-image-71994\" src=\"http:\/\/www.cinevox.be\/wp-content\/uploads\/sites\/2\/2015\/03\/merci-d-eteindre-en-partant-800x320.jpg\" alt=\"\" width=\"640\" height=\"256\" srcset=\"https:\/\/welovecinema.be\/wp-content\/uploads\/sites\/2\/2015\/03\/merci-d-eteindre-en-partant-800x320.jpg 800w, https:\/\/welovecinema.be\/wp-content\/uploads\/sites\/2\/2015\/03\/merci-d-eteindre-en-partant-480x192.jpg 480w, https:\/\/welovecinema.be\/wp-content\/uploads\/sites\/2\/2015\/03\/merci-d-eteindre-en-partant.jpg 900w\" sizes=\"auto, (max-width: 640px) 100vw, 640px\" \/><\/a><\/p>\n<p>&nbsp;<\/p>\n<h2>23:50\u00a0&#8211; <strong>Merci d&rsquo;\u00e9teindre en partant<\/strong><\/h2>\n<ul>\n<li><strong>Dur\u00e9e\u00a0:<\/strong>\u00a000:04<\/li>\n<\/ul>\n<p>Dernier \u00e9change surr\u00e9aliste d&rsquo;un couple, entre vie et mort, entre r\u00eave et r\u00e9alit\u00e9, o\u00f9 ce qui n&rsquo;est pas entendu appara\u00eet comme une merveilleuse d\u00e9claration d&rsquo;amour.<\/p>\n<ul>\n<li><strong>R\u00e9alisateur\u00a0:\u00a0<\/strong>Thierry de Coster<\/li>\n<li><strong>Sc\u00e9nariste\u00a0:\u00a0<\/strong>Thierry de Coster<\/li>\n<li><strong>Compositeur\u00a0:\u00a0<\/strong>Miguel Moreda<\/li>\n<li><strong>Acteur\/Actrice\u00a0:\u00a0<\/strong>Thierry de Coster, C\u00e9cile Vangrieken<\/li>\n<\/ul>\n<p>&nbsp;<\/p>\n<p><a href=\"http:\/\/www.cinevox.be\/wp-content\/uploads\/sites\/2\/2015\/03\/La-Travers\u00e9e-2-1.jpg\"><img loading=\"lazy\" decoding=\"async\" class=\"aligncenter size-full wp-image-71993\" src=\"http:\/\/www.cinevox.be\/wp-content\/uploads\/sites\/2\/2015\/03\/La-Travers\u00e9e-2-1.jpg\" alt=\"\" width=\"640\" height=\"366\" srcset=\"https:\/\/welovecinema.be\/wp-content\/uploads\/sites\/2\/2015\/03\/La-Travers\u00e9e-2-1.jpg 640w, https:\/\/welovecinema.be\/wp-content\/uploads\/sites\/2\/2015\/03\/La-Travers\u00e9e-2-1-200x113.jpg 200w, https:\/\/welovecinema.be\/wp-content\/uploads\/sites\/2\/2015\/03\/La-Travers\u00e9e-2-1-472x270.jpg 472w\" sizes=\"auto, (max-width: 640px) 100vw, 640px\" \/><\/a><\/p>\n<p>&nbsp;<\/p>\n<h2>23:55\u00a0&#8211; <strong>La travers\u00e9e<\/strong><\/h2>\n<ul>\n<li><strong>Dur\u00e9e\u00a0:<\/strong>\u00a000:32<\/li>\n<\/ul>\n<p>Luca guide son p\u00e8re Marc en cano\u00eb sur la rivi\u00e8re o\u00f9 Arthur a disparu trois semaines plus t\u00f4t. C&rsquo;est dans cette nature angoissante et inconnue que p\u00e8re et fils s&rsquo;enfoncent, avec l&rsquo;espoir de trouver une trace, un signe, quelque chose pour expliquer l&rsquo;absence&#8230;<\/p>\n<ul>\n<li><strong>R\u00e9alisateur\u00a0:\u00a0<\/strong>Thibault Wohlfahrt<\/li>\n<li><strong>Sc\u00e9nariste\u00a0:\u00a0<\/strong>Thibault Wohlfahrt, Marie Brauener<\/li>\n<li><strong>Acteur\/Actrice\u00a0:\u00a0<\/strong>Francesco Mormino, Finnegan Oldfield<\/li>\n<\/ul>\n<p>&nbsp;<\/p>\n<p>&nbsp;<\/p>\n<p>&nbsp;<\/p>\n<p>&nbsp;<\/p>\n","protected":false},"excerpt":{"rendered":"<p>Deux p\u00e8res, une fille, un couple, un p\u00e8re, un fils : quand les r\u00e9alisateurs belges s&#8217;emparent de la famille, ils en offrent une vision inattendue, incongrue, \u00e9tonnante. Electric Indigo est le champion r\u00e9cent de participations aux festivals \u00e0 travers le monde, des s\u00e9lections souvent assorties de prix, ce qui ne g\u00e2che rien. Le rendez-vous hebdomadaire &hellip;<\/p>\n","protected":false},"author":7,"featured_media":71997,"comment_status":"closed","ping_status":"closed","sticky":false,"template":"","format":"standard","meta":{"ngg_post_thumbnail":0,"footnotes":""},"categories":[14],"tags":[],"class_list":["post-71992","post","type-post","status-publish","format-standard","has-post-thumbnail","","category-home-cinema"],"yoast_head":"<!-- This site is optimized with the Yoast SEO plugin v20.4 - https:\/\/yoast.com\/wordpress\/plugins\/seo\/ -->\n<title>Histoires de famille - We Love Cinema<\/title>\n<meta name=\"robots\" content=\"index, follow, max-snippet:-1, max-image-preview:large, max-video-preview:-1\" \/>\n<link rel=\"canonical\" href=\"https:\/\/welovecinema.be\/fr\/histoires-de-famille\/\" \/>\n<meta property=\"og:locale\" content=\"fr_FR\" \/>\n<meta property=\"og:type\" content=\"article\" \/>\n<meta property=\"og:title\" content=\"Histoires de famille - We Love Cinema\" \/>\n<meta property=\"og:description\" content=\"Deux p\u00e8res, une fille, un couple, un p\u00e8re, un fils : quand les r\u00e9alisateurs belges s&#8217;emparent de la famille, ils en offrent une vision inattendue, incongrue, \u00e9tonnante. Electric Indigo est le champion r\u00e9cent de participations aux festivals \u00e0 travers le monde, des s\u00e9lections souvent assorties de prix, ce qui ne g\u00e2che rien. Le rendez-vous hebdomadaire &hellip;\" \/>\n<meta property=\"og:url\" content=\"https:\/\/welovecinema.be\/fr\/histoires-de-famille\/\" \/>\n<meta property=\"og:site_name\" content=\"We Love Cinema\" \/>\n<meta property=\"article:publisher\" content=\"https:\/\/www.facebook.com\/welovecinema.be\" \/>\n<meta property=\"article:published_time\" content=\"2015-03-23T05:47:33+00:00\" \/>\n<meta property=\"og:image\" content=\"https:\/\/welovecinema.be\/wp-content\/uploads\/sites\/2\/2015\/03\/electric-indigo-1.jpg\" \/>\n\t<meta property=\"og:image:width\" content=\"1022\" \/>\n\t<meta property=\"og:image:height\" content=\"436\" \/>\n\t<meta property=\"og:image:type\" content=\"image\/jpeg\" \/>\n<meta name=\"author\" content=\"Philippe.Pierquin\" \/>\n<meta name=\"twitter:card\" content=\"summary_large_image\" \/>\n<meta name=\"twitter:label1\" content=\"\u00c9crit par\" \/>\n\t<meta name=\"twitter:data1\" content=\"Philippe.Pierquin\" \/>\n\t<meta name=\"twitter:label2\" content=\"Dur\u00e9e de lecture estim\u00e9e\" \/>\n\t<meta name=\"twitter:data2\" content=\"2 minutes\" \/>\n<script type=\"application\/ld+json\" class=\"yoast-schema-graph\">{\"@context\":\"https:\/\/schema.org\",\"@graph\":[{\"@type\":\"Article\",\"@id\":\"https:\/\/welovecinema.be\/fr\/histoires-de-famille\/#article\",\"isPartOf\":{\"@id\":\"https:\/\/welovecinema.be\/fr\/histoires-de-famille\/\"},\"author\":{\"name\":\"Philippe.Pierquin\",\"@id\":\"https:\/\/welovecinema.be\/nl\/#\/schema\/person\/4b9b1d857f0943453a38a7c2859ef756\"},\"headline\":\"Histoires de famille\",\"datePublished\":\"2015-03-23T05:47:33+00:00\",\"dateModified\":\"2015-03-23T05:47:33+00:00\",\"mainEntityOfPage\":{\"@id\":\"https:\/\/welovecinema.be\/fr\/histoires-de-famille\/\"},\"wordCount\":372,\"publisher\":{\"@id\":\"https:\/\/welovecinema.be\/nl\/#organization\"},\"articleSection\":[\"Plateau t\u00e9l\u00e9\"],\"inLanguage\":\"fr-FR\"},{\"@type\":\"WebPage\",\"@id\":\"https:\/\/welovecinema.be\/fr\/histoires-de-famille\/\",\"url\":\"https:\/\/welovecinema.be\/fr\/histoires-de-famille\/\",\"name\":\"Histoires de famille - We Love Cinema\",\"isPartOf\":{\"@id\":\"https:\/\/welovecinema.be\/nl\/#website\"},\"datePublished\":\"2015-03-23T05:47:33+00:00\",\"dateModified\":\"2015-03-23T05:47:33+00:00\",\"breadcrumb\":{\"@id\":\"https:\/\/welovecinema.be\/fr\/histoires-de-famille\/#breadcrumb\"},\"inLanguage\":\"fr-FR\",\"potentialAction\":[{\"@type\":\"ReadAction\",\"target\":[\"https:\/\/welovecinema.be\/fr\/histoires-de-famille\/\"]}]},{\"@type\":\"BreadcrumbList\",\"@id\":\"https:\/\/welovecinema.be\/fr\/histoires-de-famille\/#breadcrumb\",\"itemListElement\":[{\"@type\":\"ListItem\",\"position\":1,\"name\":\"Accueil\",\"item\":\"https:\/\/welovecinema.be\/fr\/\"},{\"@type\":\"ListItem\",\"position\":2,\"name\":\"Histoires de famille\"}]},{\"@type\":\"WebSite\",\"@id\":\"https:\/\/welovecinema.be\/nl\/#website\",\"url\":\"https:\/\/welovecinema.be\/nl\/\",\"name\":\"We Love Cinema\",\"description\":\"Toute l\u2019information du cin\u00e9ma en Belgique\",\"publisher\":{\"@id\":\"https:\/\/welovecinema.be\/nl\/#organization\"},\"potentialAction\":[{\"@type\":\"SearchAction\",\"target\":{\"@type\":\"EntryPoint\",\"urlTemplate\":\"https:\/\/welovecinema.be\/nl\/?s={search_term_string}\"},\"query-input\":\"required name=search_term_string\"}],\"inLanguage\":\"fr-FR\"},{\"@type\":\"Organization\",\"@id\":\"https:\/\/welovecinema.be\/nl\/#organization\",\"name\":\"We Love Cinema\",\"url\":\"https:\/\/welovecinema.be\/nl\/\",\"logo\":{\"@type\":\"ImageObject\",\"inLanguage\":\"fr-FR\",\"@id\":\"https:\/\/welovecinema.be\/nl\/#\/schema\/logo\/image\/\",\"url\":\"https:\/\/welovecinema.be\/wp-content\/uploads\/sites\/2\/2023\/03\/Logo-We-Love-Cinema305x128.jpg\",\"contentUrl\":\"https:\/\/welovecinema.be\/wp-content\/uploads\/sites\/2\/2023\/03\/Logo-We-Love-Cinema305x128.jpg\",\"width\":305,\"height\":128,\"caption\":\"We Love Cinema\"},\"image\":{\"@id\":\"https:\/\/welovecinema.be\/nl\/#\/schema\/logo\/image\/\"},\"sameAs\":[\"https:\/\/www.facebook.com\/welovecinema.be\",\"https:\/\/www.youtube.com\/channel\/UCX5LYGVhnKvYauW4Nta4HJA\",\"https:\/\/www.instagram.com\/welovecinema.be\/\"]},{\"@type\":\"Person\",\"@id\":\"https:\/\/welovecinema.be\/nl\/#\/schema\/person\/4b9b1d857f0943453a38a7c2859ef756\",\"name\":\"Philippe.Pierquin\",\"url\":\"https:\/\/welovecinema.be\/fr\/author\/philippe-pierquin\/\"}]}<\/script>\n<!-- \/ Yoast SEO plugin. -->","yoast_head_json":{"title":"Histoires de famille - We Love Cinema","robots":{"index":"index","follow":"follow","max-snippet":"max-snippet:-1","max-image-preview":"max-image-preview:large","max-video-preview":"max-video-preview:-1"},"canonical":"https:\/\/welovecinema.be\/fr\/histoires-de-famille\/","og_locale":"fr_FR","og_type":"article","og_title":"Histoires de famille - We Love Cinema","og_description":"Deux p\u00e8res, une fille, un couple, un p\u00e8re, un fils : quand les r\u00e9alisateurs belges s&#8217;emparent de la famille, ils en offrent une vision inattendue, incongrue, \u00e9tonnante. Electric Indigo est le champion r\u00e9cent de participations aux festivals \u00e0 travers le monde, des s\u00e9lections souvent assorties de prix, ce qui ne g\u00e2che rien. Le rendez-vous hebdomadaire &hellip;","og_url":"https:\/\/welovecinema.be\/fr\/histoires-de-famille\/","og_site_name":"We Love Cinema","article_publisher":"https:\/\/www.facebook.com\/welovecinema.be","article_published_time":"2015-03-23T05:47:33+00:00","og_image":[{"width":1022,"height":436,"url":"https:\/\/welovecinema.be\/wp-content\/uploads\/sites\/2\/2015\/03\/electric-indigo-1.jpg","type":"image\/jpeg"}],"author":"Philippe.Pierquin","twitter_card":"summary_large_image","twitter_misc":{"\u00c9crit par":"Philippe.Pierquin","Dur\u00e9e de lecture estim\u00e9e":"2 minutes"},"schema":{"@context":"https:\/\/schema.org","@graph":[{"@type":"Article","@id":"https:\/\/welovecinema.be\/fr\/histoires-de-famille\/#article","isPartOf":{"@id":"https:\/\/welovecinema.be\/fr\/histoires-de-famille\/"},"author":{"name":"Philippe.Pierquin","@id":"https:\/\/welovecinema.be\/nl\/#\/schema\/person\/4b9b1d857f0943453a38a7c2859ef756"},"headline":"Histoires de famille","datePublished":"2015-03-23T05:47:33+00:00","dateModified":"2015-03-23T05:47:33+00:00","mainEntityOfPage":{"@id":"https:\/\/welovecinema.be\/fr\/histoires-de-famille\/"},"wordCount":372,"publisher":{"@id":"https:\/\/welovecinema.be\/nl\/#organization"},"articleSection":["Plateau t\u00e9l\u00e9"],"inLanguage":"fr-FR"},{"@type":"WebPage","@id":"https:\/\/welovecinema.be\/fr\/histoires-de-famille\/","url":"https:\/\/welovecinema.be\/fr\/histoires-de-famille\/","name":"Histoires de famille - We Love Cinema","isPartOf":{"@id":"https:\/\/welovecinema.be\/nl\/#website"},"datePublished":"2015-03-23T05:47:33+00:00","dateModified":"2015-03-23T05:47:33+00:00","breadcrumb":{"@id":"https:\/\/welovecinema.be\/fr\/histoires-de-famille\/#breadcrumb"},"inLanguage":"fr-FR","potentialAction":[{"@type":"ReadAction","target":["https:\/\/welovecinema.be\/fr\/histoires-de-famille\/"]}]},{"@type":"BreadcrumbList","@id":"https:\/\/welovecinema.be\/fr\/histoires-de-famille\/#breadcrumb","itemListElement":[{"@type":"ListItem","position":1,"name":"Accueil","item":"https:\/\/welovecinema.be\/fr\/"},{"@type":"ListItem","position":2,"name":"Histoires de famille"}]},{"@type":"WebSite","@id":"https:\/\/welovecinema.be\/nl\/#website","url":"https:\/\/welovecinema.be\/nl\/","name":"We Love Cinema","description":"Toute l\u2019information du cin\u00e9ma en Belgique","publisher":{"@id":"https:\/\/welovecinema.be\/nl\/#organization"},"potentialAction":[{"@type":"SearchAction","target":{"@type":"EntryPoint","urlTemplate":"https:\/\/welovecinema.be\/nl\/?s={search_term_string}"},"query-input":"required name=search_term_string"}],"inLanguage":"fr-FR"},{"@type":"Organization","@id":"https:\/\/welovecinema.be\/nl\/#organization","name":"We Love Cinema","url":"https:\/\/welovecinema.be\/nl\/","logo":{"@type":"ImageObject","inLanguage":"fr-FR","@id":"https:\/\/welovecinema.be\/nl\/#\/schema\/logo\/image\/","url":"https:\/\/welovecinema.be\/wp-content\/uploads\/sites\/2\/2023\/03\/Logo-We-Love-Cinema305x128.jpg","contentUrl":"https:\/\/welovecinema.be\/wp-content\/uploads\/sites\/2\/2023\/03\/Logo-We-Love-Cinema305x128.jpg","width":305,"height":128,"caption":"We Love Cinema"},"image":{"@id":"https:\/\/welovecinema.be\/nl\/#\/schema\/logo\/image\/"},"sameAs":["https:\/\/www.facebook.com\/welovecinema.be","https:\/\/www.youtube.com\/channel\/UCX5LYGVhnKvYauW4Nta4HJA","https:\/\/www.instagram.com\/welovecinema.be\/"]},{"@type":"Person","@id":"https:\/\/welovecinema.be\/nl\/#\/schema\/person\/4b9b1d857f0943453a38a7c2859ef756","name":"Philippe.Pierquin","url":"https:\/\/welovecinema.be\/fr\/author\/philippe-pierquin\/"}]}},"_links":{"self":[{"href":"https:\/\/welovecinema.be\/fr\/wp-json\/wp\/v2\/posts\/71992","targetHints":{"allow":["GET"]}}],"collection":[{"href":"https:\/\/welovecinema.be\/fr\/wp-json\/wp\/v2\/posts"}],"about":[{"href":"https:\/\/welovecinema.be\/fr\/wp-json\/wp\/v2\/types\/post"}],"author":[{"embeddable":true,"href":"https:\/\/welovecinema.be\/fr\/wp-json\/wp\/v2\/users\/7"}],"replies":[{"embeddable":true,"href":"https:\/\/welovecinema.be\/fr\/wp-json\/wp\/v2\/comments?post=71992"}],"version-history":[{"count":0,"href":"https:\/\/welovecinema.be\/fr\/wp-json\/wp\/v2\/posts\/71992\/revisions"}],"wp:featuredmedia":[{"embeddable":true,"href":"https:\/\/welovecinema.be\/fr\/wp-json\/wp\/v2\/media\/71997"}],"wp:attachment":[{"href":"https:\/\/welovecinema.be\/fr\/wp-json\/wp\/v2\/media?parent=71992"}],"wp:term":[{"taxonomy":"category","embeddable":true,"href":"https:\/\/welovecinema.be\/fr\/wp-json\/wp\/v2\/categories?post=71992"},{"taxonomy":"post_tag","embeddable":true,"href":"https:\/\/welovecinema.be\/fr\/wp-json\/wp\/v2\/tags?post=71992"}],"curies":[{"name":"wp","href":"https:\/\/api.w.org\/{rel}","templated":true}]}}