{"id":71883,"date":"2015-03-18T17:04:02","date_gmt":"2015-03-18T16:04:02","guid":{"rendered":"http:\/\/www.cinevox.be\/?p=71883"},"modified":"2015-03-18T17:04:34","modified_gmt":"2015-03-18T16:04:34","slug":"71883","status":"publish","type":"post","link":"https:\/\/welovecinema.be\/fr\/71883\/","title":{"rendered":"Deux acteurs pour un court m\u00e9trage"},"content":{"rendered":"<p>Mia Charlier est \u00e9tudiante \u00e0 la SAE dans la section Digital film making.<br \/>\nElle est \u00e0 la recherche de 2 acteurs, pour des personnages secondaires pour son court-m\u00e9trage de fin d&rsquo;\u00e9tudes.<br \/>\nIl s&rsquo;agit d&rsquo;une fille et d&rsquo;un gar\u00e7on, adultes, qui parlent anglais si possible.<\/p>\n<p>Le tournage se fera en avril 2015 dans la r\u00e9gion namuroise \u00e9tal\u00e9e sur 2-3 jours.<\/p>\n<p>Si vous \u00eates int\u00e9ress\u00e9s, vous pouvez envoyer vos candidatures \u00e0 <a href=\"mailto:charlier.mialy@hotmail.com\">charlier.mialy@hotmail.com<\/a> avec un petit CV et quelques photos.<\/p>\n<p>&nbsp;<\/p>\n<p>Le premier court-m\u00e9trage scolaire de Mia se nomme <em>Le complexe d&rsquo;Electre<\/em> avec Sophie Mar\u00e9chal (qui joue prochainement dans la s\u00e9rie \u00ab\u00a0La Tr\u00eave\u00a0\u00bb, prochainement diffus\u00e9e sur RTBF), Thibault Wathelet ( Kiffeurs de rien de Genevi\u00e8ve Damas) et Axel Timmermans. Vous pouvez le voir <a href=\"https:\/\/www.youtube.com\/watch?v=n2QQ_uvPk_c&amp;spfreload=10\">ICI<\/a>.<\/p>\n<p>&nbsp;<\/p>\n<p><em>NDLR. Cinevox relaie volontiers et gratuitement des annonces qui semblent s\u00e9rieuses et peuvent permettre \u00e0 nos lecteurs de plonger dans le monde du cin\u00e9ma. Nous ne faisons n\u00e9anmoins que mettre en contact une production ou une soci\u00e9t\u00e9 avec notre communaut\u00e9. Pour tous renseignements compl\u00e9mentaires et revendications \u00e9ventuelles, merci de vous adresser \u00e0 l\u2019adresse pr\u00e9sente dans l\u2019annonce.<\/em><\/p>\n<p>&nbsp;<\/p>\n<p>&nbsp;<\/p>\n","protected":false},"excerpt":{"rendered":"<p>Mia Charlier est \u00e9tudiante \u00e0 la SAE dans la section Digital film making. Elle est \u00e0 la recherche de 2 acteurs, pour des personnages secondaires pour son court-m\u00e9trage de fin d&rsquo;\u00e9tudes. Il s&rsquo;agit d&rsquo;une fille et d&rsquo;un gar\u00e7on, adultes, qui parlent anglais si possible. Le tournage se fera en avril 2015 dans la r\u00e9gion namuroise &hellip;<\/p>\n","protected":false},"author":7,"featured_media":71885,"comment_status":"closed","ping_status":"closed","sticky":false,"template":"","format":"standard","meta":{"ngg_post_thumbnail":0,"footnotes":""},"categories":[20],"tags":[],"class_list":["post-71883","post","type-post","status-publish","format-standard","has-post-thumbnail","","category-cinejobs"],"yoast_head":"<!-- This site is optimized with the Yoast SEO plugin v20.4 - https:\/\/yoast.com\/wordpress\/plugins\/seo\/ -->\n<title>Deux acteurs pour un court m\u00e9trage - We Love Cinema<\/title>\n<meta name=\"robots\" content=\"index, follow, max-snippet:-1, max-image-preview:large, max-video-preview:-1\" \/>\n<link rel=\"canonical\" href=\"https:\/\/welovecinema.be\/fr\/71883\/\" \/>\n<meta property=\"og:locale\" content=\"fr_FR\" \/>\n<meta property=\"og:type\" content=\"article\" \/>\n<meta property=\"og:title\" content=\"Deux acteurs pour un court m\u00e9trage - We Love Cinema\" \/>\n<meta property=\"og:description\" content=\"Mia Charlier est \u00e9tudiante \u00e0 la SAE dans la section Digital film making. Elle est \u00e0 la recherche de 2 acteurs, pour des personnages secondaires pour son court-m\u00e9trage de fin d&rsquo;\u00e9tudes. Il s&rsquo;agit d&rsquo;une fille et d&rsquo;un gar\u00e7on, adultes, qui parlent anglais si possible. Le tournage se fera en avril 2015 dans la r\u00e9gion namuroise &hellip;\" \/>\n<meta property=\"og:url\" content=\"https:\/\/welovecinema.be\/fr\/71883\/\" \/>\n<meta property=\"og:site_name\" content=\"We Love Cinema\" \/>\n<meta property=\"article:publisher\" content=\"https:\/\/www.facebook.com\/welovecinema.be\" \/>\n<meta property=\"article:published_time\" content=\"2015-03-18T16:04:02+00:00\" \/>\n<meta property=\"article:modified_time\" content=\"2015-03-18T16:04:34+00:00\" \/>\n<meta property=\"og:image\" content=\"https:\/\/welovecinema.be\/wp-content\/uploads\/sites\/2\/2015\/03\/2015-03-18_17h02_36.jpg\" \/>\n\t<meta property=\"og:image:width\" content=\"1263\" \/>\n\t<meta property=\"og:image:height\" content=\"684\" \/>\n\t<meta property=\"og:image:type\" content=\"image\/jpeg\" \/>\n<meta name=\"author\" content=\"Philippe.Pierquin\" \/>\n<meta name=\"twitter:card\" content=\"summary_large_image\" \/>\n<meta name=\"twitter:label1\" content=\"\u00c9crit par\" \/>\n\t<meta name=\"twitter:data1\" content=\"Philippe.Pierquin\" \/>\n\t<meta name=\"twitter:label2\" content=\"Dur\u00e9e de lecture estim\u00e9e\" \/>\n\t<meta name=\"twitter:data2\" content=\"1 minute\" \/>\n<script type=\"application\/ld+json\" class=\"yoast-schema-graph\">{\"@context\":\"https:\/\/schema.org\",\"@graph\":[{\"@type\":\"Article\",\"@id\":\"https:\/\/welovecinema.be\/fr\/71883\/#article\",\"isPartOf\":{\"@id\":\"https:\/\/welovecinema.be\/fr\/71883\/\"},\"author\":{\"name\":\"Philippe.Pierquin\",\"@id\":\"https:\/\/welovecinema.be\/nl\/#\/schema\/person\/4b9b1d857f0943453a38a7c2859ef756\"},\"headline\":\"Deux acteurs pour un court m\u00e9trage\",\"datePublished\":\"2015-03-18T16:04:02+00:00\",\"dateModified\":\"2015-03-18T16:04:34+00:00\",\"mainEntityOfPage\":{\"@id\":\"https:\/\/welovecinema.be\/fr\/71883\/\"},\"wordCount\":207,\"publisher\":{\"@id\":\"https:\/\/welovecinema.be\/nl\/#organization\"},\"articleSection\":[\"Cinejobs\"],\"inLanguage\":\"fr-FR\"},{\"@type\":\"WebPage\",\"@id\":\"https:\/\/welovecinema.be\/fr\/71883\/\",\"url\":\"https:\/\/welovecinema.be\/fr\/71883\/\",\"name\":\"Deux acteurs pour un court m\u00e9trage - We Love Cinema\",\"isPartOf\":{\"@id\":\"https:\/\/welovecinema.be\/nl\/#website\"},\"datePublished\":\"2015-03-18T16:04:02+00:00\",\"dateModified\":\"2015-03-18T16:04:34+00:00\",\"breadcrumb\":{\"@id\":\"https:\/\/welovecinema.be\/fr\/71883\/#breadcrumb\"},\"inLanguage\":\"fr-FR\",\"potentialAction\":[{\"@type\":\"ReadAction\",\"target\":[\"https:\/\/welovecinema.be\/fr\/71883\/\"]}]},{\"@type\":\"BreadcrumbList\",\"@id\":\"https:\/\/welovecinema.be\/fr\/71883\/#breadcrumb\",\"itemListElement\":[{\"@type\":\"ListItem\",\"position\":1,\"name\":\"Accueil\",\"item\":\"https:\/\/welovecinema.be\/fr\/\"},{\"@type\":\"ListItem\",\"position\":2,\"name\":\"Deux acteurs pour un court m\u00e9trage\"}]},{\"@type\":\"WebSite\",\"@id\":\"https:\/\/welovecinema.be\/nl\/#website\",\"url\":\"https:\/\/welovecinema.be\/nl\/\",\"name\":\"We Love Cinema\",\"description\":\"Toute l\u2019information du cin\u00e9ma en Belgique\",\"publisher\":{\"@id\":\"https:\/\/welovecinema.be\/nl\/#organization\"},\"potentialAction\":[{\"@type\":\"SearchAction\",\"target\":{\"@type\":\"EntryPoint\",\"urlTemplate\":\"https:\/\/welovecinema.be\/nl\/?s={search_term_string}\"},\"query-input\":\"required name=search_term_string\"}],\"inLanguage\":\"fr-FR\"},{\"@type\":\"Organization\",\"@id\":\"https:\/\/welovecinema.be\/nl\/#organization\",\"name\":\"We Love Cinema\",\"url\":\"https:\/\/welovecinema.be\/nl\/\",\"logo\":{\"@type\":\"ImageObject\",\"inLanguage\":\"fr-FR\",\"@id\":\"https:\/\/welovecinema.be\/nl\/#\/schema\/logo\/image\/\",\"url\":\"https:\/\/welovecinema.be\/wp-content\/uploads\/sites\/2\/2023\/03\/Logo-We-Love-Cinema305x128.jpg\",\"contentUrl\":\"https:\/\/welovecinema.be\/wp-content\/uploads\/sites\/2\/2023\/03\/Logo-We-Love-Cinema305x128.jpg\",\"width\":305,\"height\":128,\"caption\":\"We Love Cinema\"},\"image\":{\"@id\":\"https:\/\/welovecinema.be\/nl\/#\/schema\/logo\/image\/\"},\"sameAs\":[\"https:\/\/www.facebook.com\/welovecinema.be\",\"https:\/\/www.youtube.com\/channel\/UCX5LYGVhnKvYauW4Nta4HJA\",\"https:\/\/www.instagram.com\/welovecinema.be\/\"]},{\"@type\":\"Person\",\"@id\":\"https:\/\/welovecinema.be\/nl\/#\/schema\/person\/4b9b1d857f0943453a38a7c2859ef756\",\"name\":\"Philippe.Pierquin\",\"url\":\"https:\/\/welovecinema.be\/fr\/author\/philippe-pierquin\/\"}]}<\/script>\n<!-- \/ Yoast SEO plugin. -->","yoast_head_json":{"title":"Deux acteurs pour un court m\u00e9trage - We Love Cinema","robots":{"index":"index","follow":"follow","max-snippet":"max-snippet:-1","max-image-preview":"max-image-preview:large","max-video-preview":"max-video-preview:-1"},"canonical":"https:\/\/welovecinema.be\/fr\/71883\/","og_locale":"fr_FR","og_type":"article","og_title":"Deux acteurs pour un court m\u00e9trage - We Love Cinema","og_description":"Mia Charlier est \u00e9tudiante \u00e0 la SAE dans la section Digital film making. Elle est \u00e0 la recherche de 2 acteurs, pour des personnages secondaires pour son court-m\u00e9trage de fin d&rsquo;\u00e9tudes. Il s&rsquo;agit d&rsquo;une fille et d&rsquo;un gar\u00e7on, adultes, qui parlent anglais si possible. Le tournage se fera en avril 2015 dans la r\u00e9gion namuroise &hellip;","og_url":"https:\/\/welovecinema.be\/fr\/71883\/","og_site_name":"We Love Cinema","article_publisher":"https:\/\/www.facebook.com\/welovecinema.be","article_published_time":"2015-03-18T16:04:02+00:00","article_modified_time":"2015-03-18T16:04:34+00:00","og_image":[{"width":1263,"height":684,"url":"https:\/\/welovecinema.be\/wp-content\/uploads\/sites\/2\/2015\/03\/2015-03-18_17h02_36.jpg","type":"image\/jpeg"}],"author":"Philippe.Pierquin","twitter_card":"summary_large_image","twitter_misc":{"\u00c9crit par":"Philippe.Pierquin","Dur\u00e9e de lecture estim\u00e9e":"1 minute"},"schema":{"@context":"https:\/\/schema.org","@graph":[{"@type":"Article","@id":"https:\/\/welovecinema.be\/fr\/71883\/#article","isPartOf":{"@id":"https:\/\/welovecinema.be\/fr\/71883\/"},"author":{"name":"Philippe.Pierquin","@id":"https:\/\/welovecinema.be\/nl\/#\/schema\/person\/4b9b1d857f0943453a38a7c2859ef756"},"headline":"Deux acteurs pour un court m\u00e9trage","datePublished":"2015-03-18T16:04:02+00:00","dateModified":"2015-03-18T16:04:34+00:00","mainEntityOfPage":{"@id":"https:\/\/welovecinema.be\/fr\/71883\/"},"wordCount":207,"publisher":{"@id":"https:\/\/welovecinema.be\/nl\/#organization"},"articleSection":["Cinejobs"],"inLanguage":"fr-FR"},{"@type":"WebPage","@id":"https:\/\/welovecinema.be\/fr\/71883\/","url":"https:\/\/welovecinema.be\/fr\/71883\/","name":"Deux acteurs pour un court m\u00e9trage - We Love Cinema","isPartOf":{"@id":"https:\/\/welovecinema.be\/nl\/#website"},"datePublished":"2015-03-18T16:04:02+00:00","dateModified":"2015-03-18T16:04:34+00:00","breadcrumb":{"@id":"https:\/\/welovecinema.be\/fr\/71883\/#breadcrumb"},"inLanguage":"fr-FR","potentialAction":[{"@type":"ReadAction","target":["https:\/\/welovecinema.be\/fr\/71883\/"]}]},{"@type":"BreadcrumbList","@id":"https:\/\/welovecinema.be\/fr\/71883\/#breadcrumb","itemListElement":[{"@type":"ListItem","position":1,"name":"Accueil","item":"https:\/\/welovecinema.be\/fr\/"},{"@type":"ListItem","position":2,"name":"Deux acteurs pour un court m\u00e9trage"}]},{"@type":"WebSite","@id":"https:\/\/welovecinema.be\/nl\/#website","url":"https:\/\/welovecinema.be\/nl\/","name":"We Love Cinema","description":"Toute l\u2019information du cin\u00e9ma en Belgique","publisher":{"@id":"https:\/\/welovecinema.be\/nl\/#organization"},"potentialAction":[{"@type":"SearchAction","target":{"@type":"EntryPoint","urlTemplate":"https:\/\/welovecinema.be\/nl\/?s={search_term_string}"},"query-input":"required name=search_term_string"}],"inLanguage":"fr-FR"},{"@type":"Organization","@id":"https:\/\/welovecinema.be\/nl\/#organization","name":"We Love Cinema","url":"https:\/\/welovecinema.be\/nl\/","logo":{"@type":"ImageObject","inLanguage":"fr-FR","@id":"https:\/\/welovecinema.be\/nl\/#\/schema\/logo\/image\/","url":"https:\/\/welovecinema.be\/wp-content\/uploads\/sites\/2\/2023\/03\/Logo-We-Love-Cinema305x128.jpg","contentUrl":"https:\/\/welovecinema.be\/wp-content\/uploads\/sites\/2\/2023\/03\/Logo-We-Love-Cinema305x128.jpg","width":305,"height":128,"caption":"We Love Cinema"},"image":{"@id":"https:\/\/welovecinema.be\/nl\/#\/schema\/logo\/image\/"},"sameAs":["https:\/\/www.facebook.com\/welovecinema.be","https:\/\/www.youtube.com\/channel\/UCX5LYGVhnKvYauW4Nta4HJA","https:\/\/www.instagram.com\/welovecinema.be\/"]},{"@type":"Person","@id":"https:\/\/welovecinema.be\/nl\/#\/schema\/person\/4b9b1d857f0943453a38a7c2859ef756","name":"Philippe.Pierquin","url":"https:\/\/welovecinema.be\/fr\/author\/philippe-pierquin\/"}]}},"_links":{"self":[{"href":"https:\/\/welovecinema.be\/fr\/wp-json\/wp\/v2\/posts\/71883","targetHints":{"allow":["GET"]}}],"collection":[{"href":"https:\/\/welovecinema.be\/fr\/wp-json\/wp\/v2\/posts"}],"about":[{"href":"https:\/\/welovecinema.be\/fr\/wp-json\/wp\/v2\/types\/post"}],"author":[{"embeddable":true,"href":"https:\/\/welovecinema.be\/fr\/wp-json\/wp\/v2\/users\/7"}],"replies":[{"embeddable":true,"href":"https:\/\/welovecinema.be\/fr\/wp-json\/wp\/v2\/comments?post=71883"}],"version-history":[{"count":0,"href":"https:\/\/welovecinema.be\/fr\/wp-json\/wp\/v2\/posts\/71883\/revisions"}],"wp:featuredmedia":[{"embeddable":true,"href":"https:\/\/welovecinema.be\/fr\/wp-json\/wp\/v2\/media\/71885"}],"wp:attachment":[{"href":"https:\/\/welovecinema.be\/fr\/wp-json\/wp\/v2\/media?parent=71883"}],"wp:term":[{"taxonomy":"category","embeddable":true,"href":"https:\/\/welovecinema.be\/fr\/wp-json\/wp\/v2\/categories?post=71883"},{"taxonomy":"post_tag","embeddable":true,"href":"https:\/\/welovecinema.be\/fr\/wp-json\/wp\/v2\/tags?post=71883"}],"curies":[{"name":"wp","href":"https:\/\/api.w.org\/{rel}","templated":true}]}}