{"id":71367,"date":"2015-03-11T11:32:47","date_gmt":"2015-03-11T10:32:47","guid":{"rendered":"http:\/\/www.cinevox.be\/?p=71367"},"modified":"2015-03-05T11:45:51","modified_gmt":"2015-03-05T10:45:51","slug":"jean-jacques-rausin-cogne-dans-trois-y-va","status":"publish","type":"post","link":"https:\/\/welovecinema.be\/fr\/jean-jacques-rausin-cogne-dans-trois-y-va\/","title":{"rendered":"Jean-Jacques Rausin cogne dans A trois on y va"},"content":{"rendered":"<p>Charlotte et Micha sont jeunes et amoureux. Ils viennent de s\u2019acheter une maison pr\u00e8s de Lille pour y filer le parfait amour.<\/p>\n<p>Mais depuis quelques mois, Charlotte trompe Micha avec M\u00e9lodie\u2026<\/p>\n<p>Sans rien soup\u00e7onner, se sentant toutefois un peu d\u00e9laiss\u00e9, Micha trompe Charlotte \u00e0 son tour\u2026 mais avec M\u00e9lodie aussi !<\/p>\n<p>Pour M\u00e9lodie, c\u2019est le vertige.<\/p>\n<p>Complice du secret de chacun. Amoureuse des deux en m\u00eame temps\u2026<\/p>\n<p><!--more--><\/p>\n<p>&nbsp;<\/p>\n<p>R\u00e9alis\u00e9 par J\u00e9r\u00f4me Bonnell<\/p>\n<p>Avec Ana\u00efs Demoustier, F\u00e9lix Moati, Sophie Verbeeck<\/p>\n<p>Et notre compatriote Jean-Jacques Rausin qui cogne fort.<\/p>\n","protected":false},"excerpt":{"rendered":"<p>Charlotte et Micha sont jeunes et amoureux. Ils viennent de s\u2019acheter une maison pr\u00e8s de Lille pour y filer le parfait amour. Mais depuis quelques mois, Charlotte trompe Micha avec M\u00e9lodie\u2026 Sans rien soup\u00e7onner, se sentant toutefois un peu d\u00e9laiss\u00e9, Micha trompe Charlotte \u00e0 son tour\u2026 mais avec M\u00e9lodie aussi ! Pour M\u00e9lodie, c\u2019est le &hellip;<\/p>\n","protected":false},"author":7,"featured_media":71368,"comment_status":"closed","ping_status":"closed","sticky":false,"template":"","format":"standard","meta":{"ngg_post_thumbnail":0,"footnotes":""},"categories":[53],"tags":[],"class_list":["post-71367","post","type-post","status-publish","format-standard","has-post-thumbnail","","category-coming-soon"],"yoast_head":"<!-- This site is optimized with the Yoast SEO plugin v20.4 - https:\/\/yoast.com\/wordpress\/plugins\/seo\/ -->\n<title>Jean-Jacques Rausin cogne dans A trois on y va - We Love Cinema<\/title>\n<meta name=\"robots\" content=\"index, follow, max-snippet:-1, max-image-preview:large, max-video-preview:-1\" \/>\n<link rel=\"canonical\" href=\"https:\/\/welovecinema.be\/fr\/jean-jacques-rausin-cogne-dans-trois-y-va\/\" \/>\n<meta property=\"og:locale\" content=\"fr_FR\" \/>\n<meta property=\"og:type\" content=\"article\" \/>\n<meta property=\"og:title\" content=\"Jean-Jacques Rausin cogne dans A trois on y va - We Love Cinema\" \/>\n<meta property=\"og:description\" content=\"Charlotte et Micha sont jeunes et amoureux. Ils viennent de s\u2019acheter une maison pr\u00e8s de Lille pour y filer le parfait amour. Mais depuis quelques mois, Charlotte trompe Micha avec M\u00e9lodie\u2026 Sans rien soup\u00e7onner, se sentant toutefois un peu d\u00e9laiss\u00e9, Micha trompe Charlotte \u00e0 son tour\u2026 mais avec M\u00e9lodie aussi ! Pour M\u00e9lodie, c\u2019est le &hellip;\" \/>\n<meta property=\"og:url\" content=\"https:\/\/welovecinema.be\/fr\/jean-jacques-rausin-cogne-dans-trois-y-va\/\" \/>\n<meta property=\"og:site_name\" content=\"We Love Cinema\" \/>\n<meta property=\"article:publisher\" content=\"https:\/\/www.facebook.com\/welovecinema.be\" \/>\n<meta property=\"article:published_time\" content=\"2015-03-11T10:32:47+00:00\" \/>\n<meta property=\"article:modified_time\" content=\"2015-03-05T10:45:51+00:00\" \/>\n<meta property=\"og:image\" content=\"https:\/\/welovecinema.be\/wp-content\/uploads\/sites\/2\/2010\/03\/\u00e0-trois-on-y-va....jpg\" \/>\n\t<meta property=\"og:image:width\" content=\"1238\" \/>\n\t<meta property=\"og:image:height\" content=\"666\" \/>\n\t<meta property=\"og:image:type\" content=\"image\/jpeg\" \/>\n<meta name=\"author\" content=\"Philippe.Pierquin\" \/>\n<meta name=\"twitter:card\" content=\"summary_large_image\" \/>\n<meta name=\"twitter:label1\" content=\"\u00c9crit par\" \/>\n\t<meta name=\"twitter:data1\" content=\"Philippe.Pierquin\" \/>\n<script type=\"application\/ld+json\" class=\"yoast-schema-graph\">{\"@context\":\"https:\/\/schema.org\",\"@graph\":[{\"@type\":\"Article\",\"@id\":\"https:\/\/welovecinema.be\/fr\/jean-jacques-rausin-cogne-dans-trois-y-va\/#article\",\"isPartOf\":{\"@id\":\"https:\/\/welovecinema.be\/fr\/jean-jacques-rausin-cogne-dans-trois-y-va\/\"},\"author\":{\"name\":\"Philippe.Pierquin\",\"@id\":\"https:\/\/welovecinema.be\/nl\/#\/schema\/person\/4b9b1d857f0943453a38a7c2859ef756\"},\"headline\":\"Jean-Jacques Rausin cogne dans A trois on y va\",\"datePublished\":\"2015-03-11T10:32:47+00:00\",\"dateModified\":\"2015-03-05T10:45:51+00:00\",\"mainEntityOfPage\":{\"@id\":\"https:\/\/welovecinema.be\/fr\/jean-jacques-rausin-cogne-dans-trois-y-va\/\"},\"wordCount\":108,\"publisher\":{\"@id\":\"https:\/\/welovecinema.be\/nl\/#organization\"},\"articleSection\":[\"Coming soon\"],\"inLanguage\":\"fr-FR\"},{\"@type\":\"WebPage\",\"@id\":\"https:\/\/welovecinema.be\/fr\/jean-jacques-rausin-cogne-dans-trois-y-va\/\",\"url\":\"https:\/\/welovecinema.be\/fr\/jean-jacques-rausin-cogne-dans-trois-y-va\/\",\"name\":\"Jean-Jacques Rausin cogne dans A trois on y va - We Love Cinema\",\"isPartOf\":{\"@id\":\"https:\/\/welovecinema.be\/nl\/#website\"},\"datePublished\":\"2015-03-11T10:32:47+00:00\",\"dateModified\":\"2015-03-05T10:45:51+00:00\",\"breadcrumb\":{\"@id\":\"https:\/\/welovecinema.be\/fr\/jean-jacques-rausin-cogne-dans-trois-y-va\/#breadcrumb\"},\"inLanguage\":\"fr-FR\",\"potentialAction\":[{\"@type\":\"ReadAction\",\"target\":[\"https:\/\/welovecinema.be\/fr\/jean-jacques-rausin-cogne-dans-trois-y-va\/\"]}]},{\"@type\":\"BreadcrumbList\",\"@id\":\"https:\/\/welovecinema.be\/fr\/jean-jacques-rausin-cogne-dans-trois-y-va\/#breadcrumb\",\"itemListElement\":[{\"@type\":\"ListItem\",\"position\":1,\"name\":\"Accueil\",\"item\":\"https:\/\/welovecinema.be\/fr\/\"},{\"@type\":\"ListItem\",\"position\":2,\"name\":\"Jean-Jacques Rausin cogne dans A trois on y va\"}]},{\"@type\":\"WebSite\",\"@id\":\"https:\/\/welovecinema.be\/nl\/#website\",\"url\":\"https:\/\/welovecinema.be\/nl\/\",\"name\":\"We Love Cinema\",\"description\":\"Toute l\u2019information du cin\u00e9ma en Belgique\",\"publisher\":{\"@id\":\"https:\/\/welovecinema.be\/nl\/#organization\"},\"potentialAction\":[{\"@type\":\"SearchAction\",\"target\":{\"@type\":\"EntryPoint\",\"urlTemplate\":\"https:\/\/welovecinema.be\/nl\/?s={search_term_string}\"},\"query-input\":\"required name=search_term_string\"}],\"inLanguage\":\"fr-FR\"},{\"@type\":\"Organization\",\"@id\":\"https:\/\/welovecinema.be\/nl\/#organization\",\"name\":\"We Love Cinema\",\"url\":\"https:\/\/welovecinema.be\/nl\/\",\"logo\":{\"@type\":\"ImageObject\",\"inLanguage\":\"fr-FR\",\"@id\":\"https:\/\/welovecinema.be\/nl\/#\/schema\/logo\/image\/\",\"url\":\"https:\/\/welovecinema.be\/wp-content\/uploads\/sites\/2\/2023\/03\/Logo-We-Love-Cinema305x128.jpg\",\"contentUrl\":\"https:\/\/welovecinema.be\/wp-content\/uploads\/sites\/2\/2023\/03\/Logo-We-Love-Cinema305x128.jpg\",\"width\":305,\"height\":128,\"caption\":\"We Love Cinema\"},\"image\":{\"@id\":\"https:\/\/welovecinema.be\/nl\/#\/schema\/logo\/image\/\"},\"sameAs\":[\"https:\/\/www.facebook.com\/welovecinema.be\",\"https:\/\/www.youtube.com\/channel\/UCX5LYGVhnKvYauW4Nta4HJA\",\"https:\/\/www.instagram.com\/welovecinema.be\/\"]},{\"@type\":\"Person\",\"@id\":\"https:\/\/welovecinema.be\/nl\/#\/schema\/person\/4b9b1d857f0943453a38a7c2859ef756\",\"name\":\"Philippe.Pierquin\",\"url\":\"https:\/\/welovecinema.be\/fr\/author\/philippe-pierquin\/\"}]}<\/script>\n<!-- \/ Yoast SEO plugin. -->","yoast_head_json":{"title":"Jean-Jacques Rausin cogne dans A trois on y va - We Love Cinema","robots":{"index":"index","follow":"follow","max-snippet":"max-snippet:-1","max-image-preview":"max-image-preview:large","max-video-preview":"max-video-preview:-1"},"canonical":"https:\/\/welovecinema.be\/fr\/jean-jacques-rausin-cogne-dans-trois-y-va\/","og_locale":"fr_FR","og_type":"article","og_title":"Jean-Jacques Rausin cogne dans A trois on y va - We Love Cinema","og_description":"Charlotte et Micha sont jeunes et amoureux. Ils viennent de s\u2019acheter une maison pr\u00e8s de Lille pour y filer le parfait amour. Mais depuis quelques mois, Charlotte trompe Micha avec M\u00e9lodie\u2026 Sans rien soup\u00e7onner, se sentant toutefois un peu d\u00e9laiss\u00e9, Micha trompe Charlotte \u00e0 son tour\u2026 mais avec M\u00e9lodie aussi ! Pour M\u00e9lodie, c\u2019est le &hellip;","og_url":"https:\/\/welovecinema.be\/fr\/jean-jacques-rausin-cogne-dans-trois-y-va\/","og_site_name":"We Love Cinema","article_publisher":"https:\/\/www.facebook.com\/welovecinema.be","article_published_time":"2015-03-11T10:32:47+00:00","article_modified_time":"2015-03-05T10:45:51+00:00","og_image":[{"width":1238,"height":666,"url":"https:\/\/welovecinema.be\/wp-content\/uploads\/sites\/2\/2010\/03\/\u00e0-trois-on-y-va....jpg","type":"image\/jpeg"}],"author":"Philippe.Pierquin","twitter_card":"summary_large_image","twitter_misc":{"\u00c9crit par":"Philippe.Pierquin"},"schema":{"@context":"https:\/\/schema.org","@graph":[{"@type":"Article","@id":"https:\/\/welovecinema.be\/fr\/jean-jacques-rausin-cogne-dans-trois-y-va\/#article","isPartOf":{"@id":"https:\/\/welovecinema.be\/fr\/jean-jacques-rausin-cogne-dans-trois-y-va\/"},"author":{"name":"Philippe.Pierquin","@id":"https:\/\/welovecinema.be\/nl\/#\/schema\/person\/4b9b1d857f0943453a38a7c2859ef756"},"headline":"Jean-Jacques Rausin cogne dans A trois on y va","datePublished":"2015-03-11T10:32:47+00:00","dateModified":"2015-03-05T10:45:51+00:00","mainEntityOfPage":{"@id":"https:\/\/welovecinema.be\/fr\/jean-jacques-rausin-cogne-dans-trois-y-va\/"},"wordCount":108,"publisher":{"@id":"https:\/\/welovecinema.be\/nl\/#organization"},"articleSection":["Coming soon"],"inLanguage":"fr-FR"},{"@type":"WebPage","@id":"https:\/\/welovecinema.be\/fr\/jean-jacques-rausin-cogne-dans-trois-y-va\/","url":"https:\/\/welovecinema.be\/fr\/jean-jacques-rausin-cogne-dans-trois-y-va\/","name":"Jean-Jacques Rausin cogne dans A trois on y va - We Love Cinema","isPartOf":{"@id":"https:\/\/welovecinema.be\/nl\/#website"},"datePublished":"2015-03-11T10:32:47+00:00","dateModified":"2015-03-05T10:45:51+00:00","breadcrumb":{"@id":"https:\/\/welovecinema.be\/fr\/jean-jacques-rausin-cogne-dans-trois-y-va\/#breadcrumb"},"inLanguage":"fr-FR","potentialAction":[{"@type":"ReadAction","target":["https:\/\/welovecinema.be\/fr\/jean-jacques-rausin-cogne-dans-trois-y-va\/"]}]},{"@type":"BreadcrumbList","@id":"https:\/\/welovecinema.be\/fr\/jean-jacques-rausin-cogne-dans-trois-y-va\/#breadcrumb","itemListElement":[{"@type":"ListItem","position":1,"name":"Accueil","item":"https:\/\/welovecinema.be\/fr\/"},{"@type":"ListItem","position":2,"name":"Jean-Jacques Rausin cogne dans A trois on y va"}]},{"@type":"WebSite","@id":"https:\/\/welovecinema.be\/nl\/#website","url":"https:\/\/welovecinema.be\/nl\/","name":"We Love Cinema","description":"Toute l\u2019information du cin\u00e9ma en Belgique","publisher":{"@id":"https:\/\/welovecinema.be\/nl\/#organization"},"potentialAction":[{"@type":"SearchAction","target":{"@type":"EntryPoint","urlTemplate":"https:\/\/welovecinema.be\/nl\/?s={search_term_string}"},"query-input":"required name=search_term_string"}],"inLanguage":"fr-FR"},{"@type":"Organization","@id":"https:\/\/welovecinema.be\/nl\/#organization","name":"We Love Cinema","url":"https:\/\/welovecinema.be\/nl\/","logo":{"@type":"ImageObject","inLanguage":"fr-FR","@id":"https:\/\/welovecinema.be\/nl\/#\/schema\/logo\/image\/","url":"https:\/\/welovecinema.be\/wp-content\/uploads\/sites\/2\/2023\/03\/Logo-We-Love-Cinema305x128.jpg","contentUrl":"https:\/\/welovecinema.be\/wp-content\/uploads\/sites\/2\/2023\/03\/Logo-We-Love-Cinema305x128.jpg","width":305,"height":128,"caption":"We Love Cinema"},"image":{"@id":"https:\/\/welovecinema.be\/nl\/#\/schema\/logo\/image\/"},"sameAs":["https:\/\/www.facebook.com\/welovecinema.be","https:\/\/www.youtube.com\/channel\/UCX5LYGVhnKvYauW4Nta4HJA","https:\/\/www.instagram.com\/welovecinema.be\/"]},{"@type":"Person","@id":"https:\/\/welovecinema.be\/nl\/#\/schema\/person\/4b9b1d857f0943453a38a7c2859ef756","name":"Philippe.Pierquin","url":"https:\/\/welovecinema.be\/fr\/author\/philippe-pierquin\/"}]}},"_links":{"self":[{"href":"https:\/\/welovecinema.be\/fr\/wp-json\/wp\/v2\/posts\/71367","targetHints":{"allow":["GET"]}}],"collection":[{"href":"https:\/\/welovecinema.be\/fr\/wp-json\/wp\/v2\/posts"}],"about":[{"href":"https:\/\/welovecinema.be\/fr\/wp-json\/wp\/v2\/types\/post"}],"author":[{"embeddable":true,"href":"https:\/\/welovecinema.be\/fr\/wp-json\/wp\/v2\/users\/7"}],"replies":[{"embeddable":true,"href":"https:\/\/welovecinema.be\/fr\/wp-json\/wp\/v2\/comments?post=71367"}],"version-history":[{"count":0,"href":"https:\/\/welovecinema.be\/fr\/wp-json\/wp\/v2\/posts\/71367\/revisions"}],"wp:featuredmedia":[{"embeddable":true,"href":"https:\/\/welovecinema.be\/fr\/wp-json\/wp\/v2\/media\/71368"}],"wp:attachment":[{"href":"https:\/\/welovecinema.be\/fr\/wp-json\/wp\/v2\/media?parent=71367"}],"wp:term":[{"taxonomy":"category","embeddable":true,"href":"https:\/\/welovecinema.be\/fr\/wp-json\/wp\/v2\/categories?post=71367"},{"taxonomy":"post_tag","embeddable":true,"href":"https:\/\/welovecinema.be\/fr\/wp-json\/wp\/v2\/tags?post=71367"}],"curies":[{"name":"wp","href":"https:\/\/api.w.org\/{rel}","templated":true}]}}