{"id":7128,"date":"2011-09-05T05:32:01","date_gmt":"2011-09-05T05:32:01","guid":{"rendered":"http:\/\/www.cinevox.be\/?p=7128"},"modified":"2011-09-05T07:23:48","modified_gmt":"2011-09-05T07:23:48","slug":"telex-la-compile-en-belgovision-vol-10-08092011","status":"publish","type":"post","link":"https:\/\/welovecinema.be\/fr\/telex-la-compile-en-belgovision-vol-10-08092011\/","title":{"rendered":"[Telex] <br> La compile en Belgovision<br> Vol.10 : 05\/09\/2011"},"content":{"rendered":"<p>Tous les jours, nous vous proposons nos [Telex], des infos disponibles en primeur sur\u00a0<a href=\"http:\/\/www.facebook.com\/cinevoxetvous\" target=\"_blank\">notre page Facebook<\/a> ! Pour ne rien louper de l&rsquo;actu du cin\u00e9ma belge, n&rsquo;oubliez donc pas de nous y rejoindre.<\/p>\n<p>Une fois par semaine, nous composons un best of sur le site. En Belgovision.<img decoding=\"async\" title=\"More...\" src=\"http:\/\/www.cinevox.be\/wp-includes\/js\/tinymce\/plugins\/wordpress\/img\/trans.gif\" alt=\"\" \/><\/p>\n<p>Et, d\u00e9sormais, en mode extended. C&rsquo;est nouveau, c&rsquo;est plus riche, plus calorique, bifluor\u00e9 et enrichi au calcium. Tr\u00e8s\u00a0nourrissant, donc. Et excellent pour la sant\u00e9.<\/p>\n<p>La page Facebook vous a mis l&rsquo;eau \u00e0 la bouche, le site vous tend la fourchette&#8230;.<!--more--><\/p>\n<p>&nbsp;<\/p>\n<p><strong><a rel=\"attachment wp-att-7130\" href=\"http:\/\/www.cinevox.be\/telex-la-compile-en-belgovision-vol-10-08092011\/edp\/\"><img loading=\"lazy\" decoding=\"async\" class=\"alignright size-medium wp-image-7130\" title=\"edp\" src=\"http:\/\/www.cinevox.be\/wp-content\/uploads\/sites\/2\/2011\/09\/edp-480x199.jpg\" alt=\"\" width=\"384\" height=\"159\" srcset=\"https:\/\/welovecinema.be\/wp-content\/uploads\/sites\/2\/2011\/09\/edp-480x199.jpg 480w, https:\/\/welovecinema.be\/wp-content\/uploads\/sites\/2\/2011\/09\/edp-800x333.jpg 800w, https:\/\/welovecinema.be\/wp-content\/uploads\/sites\/2\/2011\/09\/edp.jpg 1016w\" sizes=\"auto, (max-width: 384px) 100vw, 384px\" \/><\/a>[29\/08\/2011] Gourmet Pr\u00e9sident !<\/strong> &#8211; <em><a href=\"http:\/\/www.cinevox.be\/lexercice-de-letat-prix-de-la-critique-internationale-a-cannes\/\" target=\"_blank\">L&rsquo;Exercice de L&rsquo;Etat<\/a><\/em> a remport\u00e9 le prix de la mise en sc\u00e8ne au 4e festival du Film Francophone d&rsquo;Angoul\u00eame. Pour rappel, le film de Pierre Scholler suit, pendant quelques jours-cl\u00e9s dans sa carri\u00e8re, la trajectoire d&rsquo;un ministre fran\u00e7ais, incarn\u00e9 par Olivier Gourmet. A ses c\u00f4t\u00e9s, Michel Blanc et Zabou Breitman.<\/p>\n<p>Cin\u00e9libre qui va le distribuer en Belgique nous a confirm\u00e9 que L&rsquo;Exercice de L&rsquo;Etat sera pr\u00e9sent\u00e9 en avant-premi\u00e8re au FiFF namurois qui d\u00e9bute le 30 septembre.<\/p>\n<p>&nbsp;<\/p>\n<p><strong><a rel=\"attachment wp-att-7131\" href=\"http:\/\/www.cinevox.be\/telex-la-compile-en-belgovision-vol-10-08092011\/marie-k\/\"><img loading=\"lazy\" decoding=\"async\" class=\"alignleft size-medium wp-image-7131\" title=\"marie k\" src=\"http:\/\/www.cinevox.be\/wp-content\/uploads\/sites\/2\/2011\/09\/marie-k-405x270.jpg\" alt=\"\" width=\"405\" height=\"270\" srcset=\"https:\/\/welovecinema.be\/wp-content\/uploads\/sites\/2\/2011\/09\/marie-k-405x270.jpg 405w, https:\/\/welovecinema.be\/wp-content\/uploads\/sites\/2\/2011\/09\/marie-k.jpg 720w\" sizes=\"auto, (max-width: 405px) 100vw, 405px\" \/><\/a>[31\/08\/2011] L&rsquo;art de la sieste<\/strong> &#8211; Parfois entre la mise en production d&rsquo;un projet et le d\u00e9marrage du tournage, il se passe quelques mois. Et au bout du compte, l&rsquo;histoire, l&rsquo;\u00e9quipe ou le casting ont subi de petites modifications. D\u00e8s le lancement de Cinevox, nous vous parlions d&rsquo;un sympathique projet : <em>La Sieste sous le Figuier<\/em> (lire <a href=\"http:\/\/www.cinevox.be\/emilie-et-jonathan-font-la-sieste-sous-le-figuier\/\">ici<\/a>). <strong>Si Jonathan Zacca\u00ef<\/strong> et <strong>Gis\u00e8le Casadesus<\/strong> sont toujours de la partie, Les deux autres r\u00f4les f\u00e9minins ont chang\u00e9 d&rsquo;interpr\u00e8tes: on sait depuis quelques semaines que <strong>Ludmilla Mikael<\/strong> est remplac\u00e9e par <strong>Anne Consigny<\/strong>, mais on vient tout juste d&rsquo;apprendre qu&rsquo;<strong>\u00c9milie Dequenne<\/strong> a jet\u00e9 l&rsquo;\u00e9ponge. C&rsquo;est une de ses\/nos compatriotes qui prend sa place : <strong>Marie Kreme<\/strong>r. La jeune actrice est omnipr\u00e9sente ces temps-ci puisqu&rsquo;on peut la voir dans <em><a href=\"http:\/\/www.cinevox.be\/le-brussels-film-festival-au-cul-du-loup\/\" target=\"_blank\">Au Cul du Loup<\/a><\/em>, <em><a href=\"http:\/\/www.cinevox.be\/francois-damiens-ni-a-vendre-ni-a-louer\/\" target=\"_blank\">Ni \u00e0 vendre, ni \u00e0 louer<\/a><\/em>, dans <em><a href=\"http:\/\/www.cinevox.be\/bxlusa-blind-woman-singing\/\" target=\"_blank\">BXL\/USA<\/a><\/em> et dans un de nos r\u00e9cents \u00ab\u00a0DVD de la semaine\u00a0\u00bb, <em><a href=\"http:\/\/www.cinevox.be\/legitime-defense\/\" target=\"_blank\">L\u00e9gitime D\u00e9fense<\/a><\/em>.<\/p>\n<p>Le tournage a d\u00e9but\u00e9 ce lundi au Luxembourg et immigrera ensuite \u00e0 Bruxelles o\u00f9 une grande partie de l&rsquo;intrigue se d\u00e9roule.<\/p>\n<p>&nbsp;<\/p>\n<p><a rel=\"attachment wp-att-7137\" href=\"http:\/\/www.cinevox.be\/telex-la-compile-en-belgovision-vol-10-08092011\/asterix\/\"><img loading=\"lazy\" decoding=\"async\" class=\"aligncenter size-full wp-image-7137\" title=\"asterix\" src=\"http:\/\/www.cinevox.be\/wp-content\/uploads\/sites\/2\/2011\/09\/asterix.png\" alt=\"\" width=\"1874\" height=\"959\" srcset=\"https:\/\/welovecinema.be\/wp-content\/uploads\/sites\/2\/2011\/09\/asterix.png 1874w, https:\/\/welovecinema.be\/wp-content\/uploads\/sites\/2\/2011\/09\/asterix-480x245.png 480w, https:\/\/welovecinema.be\/wp-content\/uploads\/sites\/2\/2011\/09\/asterix-800x409.png 800w\" sizes=\"auto, (max-width: 1874px) 100vw, 1874px\" \/><\/a><\/p>\n<p><strong>\u200e[05\/09\/2011] Ob\u00e9lix ne veut pas de sangle, mais un sanglier <\/strong>&#8211; On a tous entendu parler des petits soucis urinaires de <strong>G\u00e9rard Depardieu<\/strong> lors d&rsquo;un r\u00e9cent vol. L&rsquo;\u00e9quipe qui s&rsquo;occupe du marketing du 4e \u00e9pisode des aventures d&rsquo;Ast\u00e9rix (coproduit en Belgique par Scope) s&rsquo;est dit qu&rsquo;il fallait reprendre en mains la situation. Un coup de pub plein d&rsquo;autod\u00e9rision qui est aussi un coup de ma\u00eetre ! A voir <a href=\"http:\/\/www.dailymotion.com\/video\/xku37x_les-gaulois-dans-l-espace_shortfilms\">ici<\/a> !<\/p>\n<p>&nbsp;<\/p>\n<p><strong><a rel=\"attachment wp-att-7078\" href=\"http:\/\/www.cinevox.be\/nl\/publiek-uit-de-bol-op-belgische-premiere-van-hasta-la-vista\/hlv-ffo\/\"><img loading=\"lazy\" decoding=\"async\" class=\"alignright size-medium wp-image-7078\" title=\"HLV-FFO\" src=\"http:\/\/www.cinevox.be\/wp-content\/uploads\/sites\/2\/2011\/09\/HLV-FFO-480x243.jpg\" alt=\"\" width=\"480\" height=\"243\" srcset=\"https:\/\/welovecinema.be\/wp-content\/uploads\/sites\/2\/2011\/09\/HLV-FFO-480x243.jpg 480w, https:\/\/welovecinema.be\/wp-content\/uploads\/sites\/2\/2011\/09\/HLV-FFO.jpg 720w\" sizes=\"auto, (max-width: 480px) 100vw, 480px\" \/><\/a>[03\/11\/2011] <\/strong><strong>&#8211; Hasta la Vista, Ostende ! \u2013<\/strong> Hier soir, le Festival du film d&rsquo;Ostende a d\u00e9marr\u00e9 en fanfare avec une projection de <em><a href=\"http:\/\/www.cinevox.be\/35e-festival-des-films-du-monde-hasta-la-vista-montreal\/\" target=\"_blank\">Hasta La Vista<\/a><\/em> qui vient tout juste de d\u00e9crocher Le Prix des Am\u00e9riques, plus importante r\u00e9compenses octroy\u00e9e \u00e0 l&rsquo;issue du Festival des Films du Monde de Montr\u00e9al. Le buzz avait attir\u00e9 1750 (!) spectateurs si bien qu&rsquo;il a fallu que les organisateurs multiplient le nombre de salles. Pour combler encore un peu plus \u00a0les chanceux p\u00e8lerins, le festival proposait en avant-programme <em>Badpakje 46<\/em>, le court-m\u00e9trage de <strong>Wannes Destoop <\/strong>qui remporta le prix du jury au dernier Festival de Cannes. On s&rsquo;en doute, la s\u00e9ance a \u00e9t\u00e9 ponctu\u00e9e de longues ovations tr\u00e8s chaleureuses.<\/p>\n<p>Pour plus d&rsquo;infos, n&rsquo;h\u00e9sitez pas \u00e0 vous jeter sur <a href=\"http:\/\/www.cinevox.be\/nl\/publiek-uit-de-bol-op-belgische-premiere-van-hasta-la-vista\/\" target=\"_blank\">l&rsquo;article<\/a> publi\u00e9 sur l&rsquo;\u00e9dition flamande de Cinevox, <strong>Kurt Vandemaele<\/strong>, notre envoy\u00e9 tr\u00e8s sp\u00e9cial sur la C\u00f4te.<\/p>\n<p><strong> <\/strong><\/p>\n<p><strong> <\/strong><\/p>\n<p><strong> <\/strong><\/p>\n<p>&nbsp;<\/p>\n","protected":false},"excerpt":{"rendered":"<p>Tous les jours, nous vous proposons nos [Telex], des infos disponibles en primeur sur\u00a0notre page Facebook ! Pour ne rien louper de l&rsquo;actu du cin\u00e9ma belge, n&rsquo;oubliez donc pas de nous y rejoindre. Une fois par semaine, nous composons un best of sur le site. En Belgovision. Et, d\u00e9sormais, en mode extended. C&rsquo;est nouveau, c&rsquo;est &hellip;<\/p>\n","protected":false},"author":7,"featured_media":7133,"comment_status":"closed","ping_status":"closed","sticky":false,"template":"","format":"standard","meta":{"ngg_post_thumbnail":0,"footnotes":""},"categories":[1923,7],"tags":[],"class_list":["post-7128","post","type-post","status-publish","format-standard","has-post-thumbnail","","category-en-bref","category-actualites"],"yoast_head":"<!-- This site is optimized with the Yoast SEO plugin v20.4 - https:\/\/yoast.com\/wordpress\/plugins\/seo\/ -->\n<title>[Telex]  La compile en Belgovision Vol.10 : 05\/09\/2011 - We Love Cinema<\/title>\n<meta name=\"robots\" content=\"index, follow, max-snippet:-1, max-image-preview:large, max-video-preview:-1\" \/>\n<link rel=\"canonical\" href=\"https:\/\/welovecinema.be\/fr\/telex-la-compile-en-belgovision-vol-10-08092011\/\" \/>\n<meta property=\"og:locale\" content=\"fr_FR\" \/>\n<meta property=\"og:type\" content=\"article\" \/>\n<meta property=\"og:title\" content=\"[Telex]  La compile en Belgovision Vol.10 : 05\/09\/2011 - We Love Cinema\" \/>\n<meta property=\"og:description\" content=\"Tous les jours, nous vous proposons nos [Telex], des infos disponibles en primeur sur\u00a0notre page Facebook ! Pour ne rien louper de l&rsquo;actu du cin\u00e9ma belge, n&rsquo;oubliez donc pas de nous y rejoindre. Une fois par semaine, nous composons un best of sur le site. En Belgovision. Et, d\u00e9sormais, en mode extended. C&rsquo;est nouveau, c&rsquo;est &hellip;\" \/>\n<meta property=\"og:url\" content=\"https:\/\/welovecinema.be\/fr\/telex-la-compile-en-belgovision-vol-10-08092011\/\" \/>\n<meta property=\"og:site_name\" content=\"We Love Cinema\" \/>\n<meta property=\"article:publisher\" content=\"https:\/\/www.facebook.com\/welovecinema.be\" \/>\n<meta property=\"article:published_time\" content=\"2011-09-05T05:32:01+00:00\" \/>\n<meta property=\"article:modified_time\" content=\"2011-09-05T07:23:48+00:00\" \/>\n<meta property=\"og:image\" content=\"https:\/\/welovecinema.be\/wp-content\/uploads\/sites\/2\/2011\/09\/telex-belgovision.jpg\" \/>\n\t<meta property=\"og:image:width\" content=\"2834\" \/>\n\t<meta property=\"og:image:height\" content=\"1657\" \/>\n\t<meta property=\"og:image:type\" content=\"image\/jpeg\" \/>\n<meta name=\"author\" content=\"Philippe.Pierquin\" \/>\n<meta name=\"twitter:card\" content=\"summary_large_image\" \/>\n<meta name=\"twitter:label1\" content=\"\u00c9crit par\" \/>\n\t<meta name=\"twitter:data1\" content=\"Philippe.Pierquin\" \/>\n\t<meta name=\"twitter:label2\" content=\"Dur\u00e9e de lecture estim\u00e9e\" \/>\n\t<meta name=\"twitter:data2\" content=\"3 minutes\" \/>\n<script type=\"application\/ld+json\" class=\"yoast-schema-graph\">{\"@context\":\"https:\/\/schema.org\",\"@graph\":[{\"@type\":\"Article\",\"@id\":\"https:\/\/welovecinema.be\/fr\/telex-la-compile-en-belgovision-vol-10-08092011\/#article\",\"isPartOf\":{\"@id\":\"https:\/\/welovecinema.be\/fr\/telex-la-compile-en-belgovision-vol-10-08092011\/\"},\"author\":{\"name\":\"Philippe.Pierquin\",\"@id\":\"https:\/\/welovecinema.be\/nl\/#\/schema\/person\/4b9b1d857f0943453a38a7c2859ef756\"},\"headline\":\"[Telex] La compile en Belgovision Vol.10 : 05\/09\/2011\",\"datePublished\":\"2011-09-05T05:32:01+00:00\",\"dateModified\":\"2011-09-05T07:23:48+00:00\",\"mainEntityOfPage\":{\"@id\":\"https:\/\/welovecinema.be\/fr\/telex-la-compile-en-belgovision-vol-10-08092011\/\"},\"wordCount\":628,\"publisher\":{\"@id\":\"https:\/\/welovecinema.be\/nl\/#organization\"},\"articleSection\":[\"En bref\",\"News\"],\"inLanguage\":\"fr-FR\"},{\"@type\":\"WebPage\",\"@id\":\"https:\/\/welovecinema.be\/fr\/telex-la-compile-en-belgovision-vol-10-08092011\/\",\"url\":\"https:\/\/welovecinema.be\/fr\/telex-la-compile-en-belgovision-vol-10-08092011\/\",\"name\":\"[Telex] La compile en Belgovision Vol.10 : 05\/09\/2011 - We Love Cinema\",\"isPartOf\":{\"@id\":\"https:\/\/welovecinema.be\/nl\/#website\"},\"datePublished\":\"2011-09-05T05:32:01+00:00\",\"dateModified\":\"2011-09-05T07:23:48+00:00\",\"breadcrumb\":{\"@id\":\"https:\/\/welovecinema.be\/fr\/telex-la-compile-en-belgovision-vol-10-08092011\/#breadcrumb\"},\"inLanguage\":\"fr-FR\",\"potentialAction\":[{\"@type\":\"ReadAction\",\"target\":[\"https:\/\/welovecinema.be\/fr\/telex-la-compile-en-belgovision-vol-10-08092011\/\"]}]},{\"@type\":\"BreadcrumbList\",\"@id\":\"https:\/\/welovecinema.be\/fr\/telex-la-compile-en-belgovision-vol-10-08092011\/#breadcrumb\",\"itemListElement\":[{\"@type\":\"ListItem\",\"position\":1,\"name\":\"Accueil\",\"item\":\"https:\/\/welovecinema.be\/fr\/\"},{\"@type\":\"ListItem\",\"position\":2,\"name\":\"[Telex] La compile en Belgovision Vol.10 : 05\/09\/2011\"}]},{\"@type\":\"WebSite\",\"@id\":\"https:\/\/welovecinema.be\/nl\/#website\",\"url\":\"https:\/\/welovecinema.be\/nl\/\",\"name\":\"We Love Cinema\",\"description\":\"Toute l\u2019information du cin\u00e9ma en Belgique\",\"publisher\":{\"@id\":\"https:\/\/welovecinema.be\/nl\/#organization\"},\"potentialAction\":[{\"@type\":\"SearchAction\",\"target\":{\"@type\":\"EntryPoint\",\"urlTemplate\":\"https:\/\/welovecinema.be\/nl\/?s={search_term_string}\"},\"query-input\":\"required name=search_term_string\"}],\"inLanguage\":\"fr-FR\"},{\"@type\":\"Organization\",\"@id\":\"https:\/\/welovecinema.be\/nl\/#organization\",\"name\":\"We Love Cinema\",\"url\":\"https:\/\/welovecinema.be\/nl\/\",\"logo\":{\"@type\":\"ImageObject\",\"inLanguage\":\"fr-FR\",\"@id\":\"https:\/\/welovecinema.be\/nl\/#\/schema\/logo\/image\/\",\"url\":\"https:\/\/welovecinema.be\/wp-content\/uploads\/sites\/2\/2023\/03\/Logo-We-Love-Cinema305x128.jpg\",\"contentUrl\":\"https:\/\/welovecinema.be\/wp-content\/uploads\/sites\/2\/2023\/03\/Logo-We-Love-Cinema305x128.jpg\",\"width\":305,\"height\":128,\"caption\":\"We Love Cinema\"},\"image\":{\"@id\":\"https:\/\/welovecinema.be\/nl\/#\/schema\/logo\/image\/\"},\"sameAs\":[\"https:\/\/www.facebook.com\/welovecinema.be\",\"https:\/\/www.youtube.com\/channel\/UCX5LYGVhnKvYauW4Nta4HJA\",\"https:\/\/www.instagram.com\/welovecinema.be\/\"]},{\"@type\":\"Person\",\"@id\":\"https:\/\/welovecinema.be\/nl\/#\/schema\/person\/4b9b1d857f0943453a38a7c2859ef756\",\"name\":\"Philippe.Pierquin\",\"url\":\"https:\/\/welovecinema.be\/fr\/author\/philippe-pierquin\/\"}]}<\/script>\n<!-- \/ Yoast SEO plugin. -->","yoast_head_json":{"title":"[Telex]  La compile en Belgovision Vol.10 : 05\/09\/2011 - We Love Cinema","robots":{"index":"index","follow":"follow","max-snippet":"max-snippet:-1","max-image-preview":"max-image-preview:large","max-video-preview":"max-video-preview:-1"},"canonical":"https:\/\/welovecinema.be\/fr\/telex-la-compile-en-belgovision-vol-10-08092011\/","og_locale":"fr_FR","og_type":"article","og_title":"[Telex]  La compile en Belgovision Vol.10 : 05\/09\/2011 - We Love Cinema","og_description":"Tous les jours, nous vous proposons nos [Telex], des infos disponibles en primeur sur\u00a0notre page Facebook ! Pour ne rien louper de l&rsquo;actu du cin\u00e9ma belge, n&rsquo;oubliez donc pas de nous y rejoindre. Une fois par semaine, nous composons un best of sur le site. En Belgovision. Et, d\u00e9sormais, en mode extended. C&rsquo;est nouveau, c&rsquo;est &hellip;","og_url":"https:\/\/welovecinema.be\/fr\/telex-la-compile-en-belgovision-vol-10-08092011\/","og_site_name":"We Love Cinema","article_publisher":"https:\/\/www.facebook.com\/welovecinema.be","article_published_time":"2011-09-05T05:32:01+00:00","article_modified_time":"2011-09-05T07:23:48+00:00","og_image":[{"width":"2834","height":"1657","url":"https:\/\/welovecinema.be\/wp-content\/uploads\/sites\/2\/2011\/09\/telex-belgovision.jpg","type":"image\/jpeg"}],"author":"Philippe.Pierquin","twitter_card":"summary_large_image","twitter_misc":{"\u00c9crit par":"Philippe.Pierquin","Dur\u00e9e de lecture estim\u00e9e":"3 minutes"},"schema":{"@context":"https:\/\/schema.org","@graph":[{"@type":"Article","@id":"https:\/\/welovecinema.be\/fr\/telex-la-compile-en-belgovision-vol-10-08092011\/#article","isPartOf":{"@id":"https:\/\/welovecinema.be\/fr\/telex-la-compile-en-belgovision-vol-10-08092011\/"},"author":{"name":"Philippe.Pierquin","@id":"https:\/\/welovecinema.be\/nl\/#\/schema\/person\/4b9b1d857f0943453a38a7c2859ef756"},"headline":"[Telex] La compile en Belgovision Vol.10 : 05\/09\/2011","datePublished":"2011-09-05T05:32:01+00:00","dateModified":"2011-09-05T07:23:48+00:00","mainEntityOfPage":{"@id":"https:\/\/welovecinema.be\/fr\/telex-la-compile-en-belgovision-vol-10-08092011\/"},"wordCount":628,"publisher":{"@id":"https:\/\/welovecinema.be\/nl\/#organization"},"articleSection":["En bref","News"],"inLanguage":"fr-FR"},{"@type":"WebPage","@id":"https:\/\/welovecinema.be\/fr\/telex-la-compile-en-belgovision-vol-10-08092011\/","url":"https:\/\/welovecinema.be\/fr\/telex-la-compile-en-belgovision-vol-10-08092011\/","name":"[Telex] La compile en Belgovision Vol.10 : 05\/09\/2011 - We Love Cinema","isPartOf":{"@id":"https:\/\/welovecinema.be\/nl\/#website"},"datePublished":"2011-09-05T05:32:01+00:00","dateModified":"2011-09-05T07:23:48+00:00","breadcrumb":{"@id":"https:\/\/welovecinema.be\/fr\/telex-la-compile-en-belgovision-vol-10-08092011\/#breadcrumb"},"inLanguage":"fr-FR","potentialAction":[{"@type":"ReadAction","target":["https:\/\/welovecinema.be\/fr\/telex-la-compile-en-belgovision-vol-10-08092011\/"]}]},{"@type":"BreadcrumbList","@id":"https:\/\/welovecinema.be\/fr\/telex-la-compile-en-belgovision-vol-10-08092011\/#breadcrumb","itemListElement":[{"@type":"ListItem","position":1,"name":"Accueil","item":"https:\/\/welovecinema.be\/fr\/"},{"@type":"ListItem","position":2,"name":"[Telex] La compile en Belgovision Vol.10 : 05\/09\/2011"}]},{"@type":"WebSite","@id":"https:\/\/welovecinema.be\/nl\/#website","url":"https:\/\/welovecinema.be\/nl\/","name":"We Love Cinema","description":"Toute l\u2019information du cin\u00e9ma en Belgique","publisher":{"@id":"https:\/\/welovecinema.be\/nl\/#organization"},"potentialAction":[{"@type":"SearchAction","target":{"@type":"EntryPoint","urlTemplate":"https:\/\/welovecinema.be\/nl\/?s={search_term_string}"},"query-input":"required name=search_term_string"}],"inLanguage":"fr-FR"},{"@type":"Organization","@id":"https:\/\/welovecinema.be\/nl\/#organization","name":"We Love Cinema","url":"https:\/\/welovecinema.be\/nl\/","logo":{"@type":"ImageObject","inLanguage":"fr-FR","@id":"https:\/\/welovecinema.be\/nl\/#\/schema\/logo\/image\/","url":"https:\/\/welovecinema.be\/wp-content\/uploads\/sites\/2\/2023\/03\/Logo-We-Love-Cinema305x128.jpg","contentUrl":"https:\/\/welovecinema.be\/wp-content\/uploads\/sites\/2\/2023\/03\/Logo-We-Love-Cinema305x128.jpg","width":305,"height":128,"caption":"We Love Cinema"},"image":{"@id":"https:\/\/welovecinema.be\/nl\/#\/schema\/logo\/image\/"},"sameAs":["https:\/\/www.facebook.com\/welovecinema.be","https:\/\/www.youtube.com\/channel\/UCX5LYGVhnKvYauW4Nta4HJA","https:\/\/www.instagram.com\/welovecinema.be\/"]},{"@type":"Person","@id":"https:\/\/welovecinema.be\/nl\/#\/schema\/person\/4b9b1d857f0943453a38a7c2859ef756","name":"Philippe.Pierquin","url":"https:\/\/welovecinema.be\/fr\/author\/philippe-pierquin\/"}]}},"_links":{"self":[{"href":"https:\/\/welovecinema.be\/fr\/wp-json\/wp\/v2\/posts\/7128","targetHints":{"allow":["GET"]}}],"collection":[{"href":"https:\/\/welovecinema.be\/fr\/wp-json\/wp\/v2\/posts"}],"about":[{"href":"https:\/\/welovecinema.be\/fr\/wp-json\/wp\/v2\/types\/post"}],"author":[{"embeddable":true,"href":"https:\/\/welovecinema.be\/fr\/wp-json\/wp\/v2\/users\/7"}],"replies":[{"embeddable":true,"href":"https:\/\/welovecinema.be\/fr\/wp-json\/wp\/v2\/comments?post=7128"}],"version-history":[{"count":0,"href":"https:\/\/welovecinema.be\/fr\/wp-json\/wp\/v2\/posts\/7128\/revisions"}],"wp:featuredmedia":[{"embeddable":true,"href":"https:\/\/welovecinema.be\/fr\/wp-json\/wp\/v2\/media\/7133"}],"wp:attachment":[{"href":"https:\/\/welovecinema.be\/fr\/wp-json\/wp\/v2\/media?parent=7128"}],"wp:term":[{"taxonomy":"category","embeddable":true,"href":"https:\/\/welovecinema.be\/fr\/wp-json\/wp\/v2\/categories?post=7128"},{"taxonomy":"post_tag","embeddable":true,"href":"https:\/\/welovecinema.be\/fr\/wp-json\/wp\/v2\/tags?post=7128"}],"curies":[{"name":"wp","href":"https:\/\/api.w.org\/{rel}","templated":true}]}}