{"id":71045,"date":"2015-02-27T06:14:56","date_gmt":"2015-02-27T05:14:56","guid":{"rendered":"http:\/\/www.cinevox.be\/?p=71045"},"modified":"2015-02-28T08:11:46","modified_gmt":"2015-02-28T07:11:46","slug":"la-photo-du-jour-vendredi-27-fevrier-2015","status":"publish","type":"post","link":"https:\/\/welovecinema.be\/fr\/la-photo-du-jour-vendredi-27-fevrier-2015\/","title":{"rendered":"La photo du jour &#8211; vendredi 27 f\u00e9vrier 2015"},"content":{"rendered":"<p>Le FIFA montois est l&rsquo;occasion de moult projections, mais aussi de d\u00e9bats passionn\u00e9s et de rencontres fi\u00e9vreuses.<br \/>\nUne d&rsquo;entre elles \u00e9tait consacr\u00e9e \u00e0 la musique de film.<br \/>\nElle r\u00e9unissait Jerome Lemonnier, Daan, Eric Demarsan et Evgueni Galperine sous la houlette de <strong>Michel Duprez,<\/strong> talentueux compositeur montois de plus en plus pris\u00e9.<\/p>\n<p>(une photo de\u00a0Perrine Vanderhaeghen)<\/p>\n<p>&nbsp;<\/p>\n<p><!--more--><\/p>\n<p>&nbsp;<\/p>\n<p>&nbsp;<\/p>\n<p><a href=\"http:\/\/www.cinevox.be\/wp-content\/uploads\/sites\/2\/2015\/02\/10986874_10206022909471205_7771470594356967600_o.jpg\"><img loading=\"lazy\" decoding=\"async\" class=\"alignright size-large wp-image-71046\" src=\"http:\/\/www.cinevox.be\/wp-content\/uploads\/sites\/2\/2015\/02\/10986874_10206022909471205_7771470594356967600_o-800x449.jpg\" alt=\"\" width=\"640\" height=\"359\" srcset=\"https:\/\/welovecinema.be\/wp-content\/uploads\/sites\/2\/2015\/02\/10986874_10206022909471205_7771470594356967600_o-800x449.jpg 800w, https:\/\/welovecinema.be\/wp-content\/uploads\/sites\/2\/2015\/02\/10986874_10206022909471205_7771470594356967600_o-200x113.jpg 200w, https:\/\/welovecinema.be\/wp-content\/uploads\/sites\/2\/2015\/02\/10986874_10206022909471205_7771470594356967600_o-480x270.jpg 480w, https:\/\/welovecinema.be\/wp-content\/uploads\/sites\/2\/2015\/02\/10986874_10206022909471205_7771470594356967600_o-300x169.jpg 300w, https:\/\/welovecinema.be\/wp-content\/uploads\/sites\/2\/2015\/02\/10986874_10206022909471205_7771470594356967600_o.jpg 2048w\" sizes=\"auto, (max-width: 640px) 100vw, 640px\" \/><\/a><\/p>\n","protected":false},"excerpt":{"rendered":"<p>Le FIFA montois est l&rsquo;occasion de moult projections, mais aussi de d\u00e9bats passionn\u00e9s et de rencontres fi\u00e9vreuses. Une d&rsquo;entre elles \u00e9tait consacr\u00e9e \u00e0 la musique de film. Elle r\u00e9unissait Jerome Lemonnier, Daan, Eric Demarsan et Evgueni Galperine sous la houlette de Michel Duprez, talentueux compositeur montois de plus en plus pris\u00e9. (une photo de\u00a0Perrine Vanderhaeghen) &hellip;<\/p>\n","protected":false},"author":7,"featured_media":71048,"comment_status":"closed","ping_status":"closed","sticky":false,"template":"","format":"standard","meta":{"ngg_post_thumbnail":0,"footnotes":""},"categories":[7],"tags":[],"class_list":["post-71045","post","type-post","status-publish","format-standard","has-post-thumbnail","","category-actualites"],"yoast_head":"<!-- This site is optimized with the Yoast SEO plugin v20.4 - https:\/\/yoast.com\/wordpress\/plugins\/seo\/ -->\n<title>La photo du jour - vendredi 27 f\u00e9vrier 2015 - We Love Cinema<\/title>\n<meta name=\"robots\" content=\"index, follow, max-snippet:-1, max-image-preview:large, max-video-preview:-1\" \/>\n<link rel=\"canonical\" href=\"https:\/\/welovecinema.be\/fr\/la-photo-du-jour-vendredi-27-fevrier-2015\/\" \/>\n<meta property=\"og:locale\" content=\"fr_FR\" \/>\n<meta property=\"og:type\" content=\"article\" \/>\n<meta property=\"og:title\" content=\"La photo du jour - vendredi 27 f\u00e9vrier 2015 - We Love Cinema\" \/>\n<meta property=\"og:description\" content=\"Le FIFA montois est l&rsquo;occasion de moult projections, mais aussi de d\u00e9bats passionn\u00e9s et de rencontres fi\u00e9vreuses. Une d&rsquo;entre elles \u00e9tait consacr\u00e9e \u00e0 la musique de film. Elle r\u00e9unissait Jerome Lemonnier, Daan, Eric Demarsan et Evgueni Galperine sous la houlette de Michel Duprez, talentueux compositeur montois de plus en plus pris\u00e9. (une photo de\u00a0Perrine Vanderhaeghen) &hellip;\" \/>\n<meta property=\"og:url\" content=\"https:\/\/welovecinema.be\/fr\/la-photo-du-jour-vendredi-27-fevrier-2015\/\" \/>\n<meta property=\"og:site_name\" content=\"We Love Cinema\" \/>\n<meta property=\"article:publisher\" content=\"https:\/\/www.facebook.com\/welovecinema.be\" \/>\n<meta property=\"article:published_time\" content=\"2015-02-27T05:14:56+00:00\" \/>\n<meta property=\"article:modified_time\" content=\"2015-02-28T07:11:46+00:00\" \/>\n<meta property=\"og:image\" content=\"https:\/\/welovecinema.be\/wp-content\/uploads\/sites\/2\/2010\/02\/app12.jpg\" \/>\n\t<meta property=\"og:image:width\" content=\"1536\" \/>\n\t<meta property=\"og:image:height\" content=\"1024\" \/>\n\t<meta property=\"og:image:type\" content=\"image\/jpeg\" \/>\n<meta name=\"author\" content=\"Philippe.Pierquin\" \/>\n<meta name=\"twitter:card\" content=\"summary_large_image\" \/>\n<meta name=\"twitter:label1\" content=\"\u00c9crit par\" \/>\n\t<meta name=\"twitter:data1\" content=\"Philippe.Pierquin\" \/>\n<script type=\"application\/ld+json\" class=\"yoast-schema-graph\">{\"@context\":\"https:\/\/schema.org\",\"@graph\":[{\"@type\":\"Article\",\"@id\":\"https:\/\/welovecinema.be\/fr\/la-photo-du-jour-vendredi-27-fevrier-2015\/#article\",\"isPartOf\":{\"@id\":\"https:\/\/welovecinema.be\/fr\/la-photo-du-jour-vendredi-27-fevrier-2015\/\"},\"author\":{\"name\":\"Philippe.Pierquin\",\"@id\":\"https:\/\/welovecinema.be\/nl\/#\/schema\/person\/4b9b1d857f0943453a38a7c2859ef756\"},\"headline\":\"La photo du jour &#8211; vendredi 27 f\u00e9vrier 2015\",\"datePublished\":\"2015-02-27T05:14:56+00:00\",\"dateModified\":\"2015-02-28T07:11:46+00:00\",\"mainEntityOfPage\":{\"@id\":\"https:\/\/welovecinema.be\/fr\/la-photo-du-jour-vendredi-27-fevrier-2015\/\"},\"wordCount\":73,\"publisher\":{\"@id\":\"https:\/\/welovecinema.be\/nl\/#organization\"},\"articleSection\":[\"News\"],\"inLanguage\":\"fr-FR\"},{\"@type\":\"WebPage\",\"@id\":\"https:\/\/welovecinema.be\/fr\/la-photo-du-jour-vendredi-27-fevrier-2015\/\",\"url\":\"https:\/\/welovecinema.be\/fr\/la-photo-du-jour-vendredi-27-fevrier-2015\/\",\"name\":\"La photo du jour - vendredi 27 f\u00e9vrier 2015 - We Love Cinema\",\"isPartOf\":{\"@id\":\"https:\/\/welovecinema.be\/nl\/#website\"},\"datePublished\":\"2015-02-27T05:14:56+00:00\",\"dateModified\":\"2015-02-28T07:11:46+00:00\",\"breadcrumb\":{\"@id\":\"https:\/\/welovecinema.be\/fr\/la-photo-du-jour-vendredi-27-fevrier-2015\/#breadcrumb\"},\"inLanguage\":\"fr-FR\",\"potentialAction\":[{\"@type\":\"ReadAction\",\"target\":[\"https:\/\/welovecinema.be\/fr\/la-photo-du-jour-vendredi-27-fevrier-2015\/\"]}]},{\"@type\":\"BreadcrumbList\",\"@id\":\"https:\/\/welovecinema.be\/fr\/la-photo-du-jour-vendredi-27-fevrier-2015\/#breadcrumb\",\"itemListElement\":[{\"@type\":\"ListItem\",\"position\":1,\"name\":\"Accueil\",\"item\":\"https:\/\/welovecinema.be\/fr\/\"},{\"@type\":\"ListItem\",\"position\":2,\"name\":\"La photo du jour &#8211; vendredi 27 f\u00e9vrier 2015\"}]},{\"@type\":\"WebSite\",\"@id\":\"https:\/\/welovecinema.be\/nl\/#website\",\"url\":\"https:\/\/welovecinema.be\/nl\/\",\"name\":\"We Love Cinema\",\"description\":\"Toute l\u2019information du cin\u00e9ma en Belgique\",\"publisher\":{\"@id\":\"https:\/\/welovecinema.be\/nl\/#organization\"},\"potentialAction\":[{\"@type\":\"SearchAction\",\"target\":{\"@type\":\"EntryPoint\",\"urlTemplate\":\"https:\/\/welovecinema.be\/nl\/?s={search_term_string}\"},\"query-input\":\"required name=search_term_string\"}],\"inLanguage\":\"fr-FR\"},{\"@type\":\"Organization\",\"@id\":\"https:\/\/welovecinema.be\/nl\/#organization\",\"name\":\"We Love Cinema\",\"url\":\"https:\/\/welovecinema.be\/nl\/\",\"logo\":{\"@type\":\"ImageObject\",\"inLanguage\":\"fr-FR\",\"@id\":\"https:\/\/welovecinema.be\/nl\/#\/schema\/logo\/image\/\",\"url\":\"https:\/\/welovecinema.be\/wp-content\/uploads\/sites\/2\/2023\/03\/Logo-We-Love-Cinema305x128.jpg\",\"contentUrl\":\"https:\/\/welovecinema.be\/wp-content\/uploads\/sites\/2\/2023\/03\/Logo-We-Love-Cinema305x128.jpg\",\"width\":305,\"height\":128,\"caption\":\"We Love Cinema\"},\"image\":{\"@id\":\"https:\/\/welovecinema.be\/nl\/#\/schema\/logo\/image\/\"},\"sameAs\":[\"https:\/\/www.facebook.com\/welovecinema.be\",\"https:\/\/www.youtube.com\/channel\/UCX5LYGVhnKvYauW4Nta4HJA\",\"https:\/\/www.instagram.com\/welovecinema.be\/\"]},{\"@type\":\"Person\",\"@id\":\"https:\/\/welovecinema.be\/nl\/#\/schema\/person\/4b9b1d857f0943453a38a7c2859ef756\",\"name\":\"Philippe.Pierquin\",\"url\":\"https:\/\/welovecinema.be\/fr\/author\/philippe-pierquin\/\"}]}<\/script>\n<!-- \/ Yoast SEO plugin. -->","yoast_head_json":{"title":"La photo du jour - vendredi 27 f\u00e9vrier 2015 - We Love Cinema","robots":{"index":"index","follow":"follow","max-snippet":"max-snippet:-1","max-image-preview":"max-image-preview:large","max-video-preview":"max-video-preview:-1"},"canonical":"https:\/\/welovecinema.be\/fr\/la-photo-du-jour-vendredi-27-fevrier-2015\/","og_locale":"fr_FR","og_type":"article","og_title":"La photo du jour - vendredi 27 f\u00e9vrier 2015 - We Love Cinema","og_description":"Le FIFA montois est l&rsquo;occasion de moult projections, mais aussi de d\u00e9bats passionn\u00e9s et de rencontres fi\u00e9vreuses. Une d&rsquo;entre elles \u00e9tait consacr\u00e9e \u00e0 la musique de film. Elle r\u00e9unissait Jerome Lemonnier, Daan, Eric Demarsan et Evgueni Galperine sous la houlette de Michel Duprez, talentueux compositeur montois de plus en plus pris\u00e9. (une photo de\u00a0Perrine Vanderhaeghen) &hellip;","og_url":"https:\/\/welovecinema.be\/fr\/la-photo-du-jour-vendredi-27-fevrier-2015\/","og_site_name":"We Love Cinema","article_publisher":"https:\/\/www.facebook.com\/welovecinema.be","article_published_time":"2015-02-27T05:14:56+00:00","article_modified_time":"2015-02-28T07:11:46+00:00","og_image":[{"width":1536,"height":1024,"url":"https:\/\/welovecinema.be\/wp-content\/uploads\/sites\/2\/2010\/02\/app12.jpg","type":"image\/jpeg"}],"author":"Philippe.Pierquin","twitter_card":"summary_large_image","twitter_misc":{"\u00c9crit par":"Philippe.Pierquin"},"schema":{"@context":"https:\/\/schema.org","@graph":[{"@type":"Article","@id":"https:\/\/welovecinema.be\/fr\/la-photo-du-jour-vendredi-27-fevrier-2015\/#article","isPartOf":{"@id":"https:\/\/welovecinema.be\/fr\/la-photo-du-jour-vendredi-27-fevrier-2015\/"},"author":{"name":"Philippe.Pierquin","@id":"https:\/\/welovecinema.be\/nl\/#\/schema\/person\/4b9b1d857f0943453a38a7c2859ef756"},"headline":"La photo du jour &#8211; vendredi 27 f\u00e9vrier 2015","datePublished":"2015-02-27T05:14:56+00:00","dateModified":"2015-02-28T07:11:46+00:00","mainEntityOfPage":{"@id":"https:\/\/welovecinema.be\/fr\/la-photo-du-jour-vendredi-27-fevrier-2015\/"},"wordCount":73,"publisher":{"@id":"https:\/\/welovecinema.be\/nl\/#organization"},"articleSection":["News"],"inLanguage":"fr-FR"},{"@type":"WebPage","@id":"https:\/\/welovecinema.be\/fr\/la-photo-du-jour-vendredi-27-fevrier-2015\/","url":"https:\/\/welovecinema.be\/fr\/la-photo-du-jour-vendredi-27-fevrier-2015\/","name":"La photo du jour - vendredi 27 f\u00e9vrier 2015 - We Love Cinema","isPartOf":{"@id":"https:\/\/welovecinema.be\/nl\/#website"},"datePublished":"2015-02-27T05:14:56+00:00","dateModified":"2015-02-28T07:11:46+00:00","breadcrumb":{"@id":"https:\/\/welovecinema.be\/fr\/la-photo-du-jour-vendredi-27-fevrier-2015\/#breadcrumb"},"inLanguage":"fr-FR","potentialAction":[{"@type":"ReadAction","target":["https:\/\/welovecinema.be\/fr\/la-photo-du-jour-vendredi-27-fevrier-2015\/"]}]},{"@type":"BreadcrumbList","@id":"https:\/\/welovecinema.be\/fr\/la-photo-du-jour-vendredi-27-fevrier-2015\/#breadcrumb","itemListElement":[{"@type":"ListItem","position":1,"name":"Accueil","item":"https:\/\/welovecinema.be\/fr\/"},{"@type":"ListItem","position":2,"name":"La photo du jour &#8211; vendredi 27 f\u00e9vrier 2015"}]},{"@type":"WebSite","@id":"https:\/\/welovecinema.be\/nl\/#website","url":"https:\/\/welovecinema.be\/nl\/","name":"We Love Cinema","description":"Toute l\u2019information du cin\u00e9ma en Belgique","publisher":{"@id":"https:\/\/welovecinema.be\/nl\/#organization"},"potentialAction":[{"@type":"SearchAction","target":{"@type":"EntryPoint","urlTemplate":"https:\/\/welovecinema.be\/nl\/?s={search_term_string}"},"query-input":"required name=search_term_string"}],"inLanguage":"fr-FR"},{"@type":"Organization","@id":"https:\/\/welovecinema.be\/nl\/#organization","name":"We Love Cinema","url":"https:\/\/welovecinema.be\/nl\/","logo":{"@type":"ImageObject","inLanguage":"fr-FR","@id":"https:\/\/welovecinema.be\/nl\/#\/schema\/logo\/image\/","url":"https:\/\/welovecinema.be\/wp-content\/uploads\/sites\/2\/2023\/03\/Logo-We-Love-Cinema305x128.jpg","contentUrl":"https:\/\/welovecinema.be\/wp-content\/uploads\/sites\/2\/2023\/03\/Logo-We-Love-Cinema305x128.jpg","width":305,"height":128,"caption":"We Love Cinema"},"image":{"@id":"https:\/\/welovecinema.be\/nl\/#\/schema\/logo\/image\/"},"sameAs":["https:\/\/www.facebook.com\/welovecinema.be","https:\/\/www.youtube.com\/channel\/UCX5LYGVhnKvYauW4Nta4HJA","https:\/\/www.instagram.com\/welovecinema.be\/"]},{"@type":"Person","@id":"https:\/\/welovecinema.be\/nl\/#\/schema\/person\/4b9b1d857f0943453a38a7c2859ef756","name":"Philippe.Pierquin","url":"https:\/\/welovecinema.be\/fr\/author\/philippe-pierquin\/"}]}},"_links":{"self":[{"href":"https:\/\/welovecinema.be\/fr\/wp-json\/wp\/v2\/posts\/71045","targetHints":{"allow":["GET"]}}],"collection":[{"href":"https:\/\/welovecinema.be\/fr\/wp-json\/wp\/v2\/posts"}],"about":[{"href":"https:\/\/welovecinema.be\/fr\/wp-json\/wp\/v2\/types\/post"}],"author":[{"embeddable":true,"href":"https:\/\/welovecinema.be\/fr\/wp-json\/wp\/v2\/users\/7"}],"replies":[{"embeddable":true,"href":"https:\/\/welovecinema.be\/fr\/wp-json\/wp\/v2\/comments?post=71045"}],"version-history":[{"count":0,"href":"https:\/\/welovecinema.be\/fr\/wp-json\/wp\/v2\/posts\/71045\/revisions"}],"wp:featuredmedia":[{"embeddable":true,"href":"https:\/\/welovecinema.be\/fr\/wp-json\/wp\/v2\/media\/71048"}],"wp:attachment":[{"href":"https:\/\/welovecinema.be\/fr\/wp-json\/wp\/v2\/media?parent=71045"}],"wp:term":[{"taxonomy":"category","embeddable":true,"href":"https:\/\/welovecinema.be\/fr\/wp-json\/wp\/v2\/categories?post=71045"},{"taxonomy":"post_tag","embeddable":true,"href":"https:\/\/welovecinema.be\/fr\/wp-json\/wp\/v2\/tags?post=71045"}],"curies":[{"name":"wp","href":"https:\/\/api.w.org\/{rel}","templated":true}]}}