{"id":70910,"date":"2015-02-24T09:23:24","date_gmt":"2015-02-24T08:23:24","guid":{"rendered":"http:\/\/www.cinevox.be\/?p=70910"},"modified":"2015-02-23T14:36:52","modified_gmt":"2015-02-23T13:36:52","slug":"du-2-au-8-mars-le-cinema-dici-sans-chichi","status":"publish","type":"post","link":"https:\/\/welovecinema.be\/fr\/du-2-au-8-mars-le-cinema-dici-sans-chichi\/","title":{"rendered":"Du 2 au 8 mars : le cin\u00e9ma d&rsquo;ici sans chichi."},"content":{"rendered":"<p>Notre agenda (lire <a href=\"http:\/\/www.cinevox.be\/?p=70904\">ici<\/a>) en atteste : le nombre de festivals de cin\u00e9ma en Belgique est assez sid\u00e9rant. Trop de manifestations cin\u00e9philes pour un petit territoire?<\/p>\n<p>Ce n&rsquo;est pas ce que semble d\u00e9montrer l&rsquo;audience de ces \u00e9v\u00e9nements : les salles y sont souvent bien remplies pour d\u00e9couvrir des \u0153uvres qui, c\u2019est vrai, sont peu visibles dans le circuit commercial.<\/p>\n<p>&nbsp;<\/p>\n<p>Anima et le BIFFF, deux institutions pionni\u00e8res sont devenus chacun dans leur domaine, des r\u00e9f\u00e9rences internationales. Mais les autres organisations qui se concentrent sur des secteurs <em>a priori<\/em> moins populaires ne vivent pas forc\u00e9ment dans leur ombre.<\/p>\n<p>Qu&rsquo;elles se concentrent sur le court m\u00e9trage, le docu, l&rsquo;alternatif, le cin\u00e9ma m\u00e9diterran\u00e9en, social, l&rsquo;amour ou \u2026 le film belge, elles gardent le cap d&rsquo;ann\u00e9e en ann\u00e9e<\/p>\n<p><!--more--><\/p>\n<p>&nbsp;<\/p>\n<p>&nbsp;<\/p>\n<p><a href=\"http:\/\/www.cinevox.be\/wp-content\/uploads\/sites\/2\/2015\/02\/moustier-2.jpg\"><img loading=\"lazy\" decoding=\"async\" class=\"alignright size-large wp-image-70917\" src=\"http:\/\/www.cinevox.be\/wp-content\/uploads\/sites\/2\/2015\/02\/moustier-2-356x600.jpg\" alt=\"\" width=\"356\" height=\"600\" srcset=\"https:\/\/welovecinema.be\/wp-content\/uploads\/sites\/2\/2015\/02\/moustier-2-356x600.jpg 356w, https:\/\/welovecinema.be\/wp-content\/uploads\/sites\/2\/2015\/02\/moustier-2-160x270.jpg 160w, https:\/\/welovecinema.be\/wp-content\/uploads\/sites\/2\/2015\/02\/moustier-2.jpg 750w\" sizes=\"auto, (max-width: 356px) 100vw, 356px\" \/><\/a>Depuis deux ou trois ans ann\u00e9es, le public et surtout les m\u00e9dias s\u2019int\u00e9ressent de plus en plus au cin\u00e9ma belge. Cinevox n&rsquo;y est sans doute pas pour rien. Mais certains passionn\u00e9s ne nous avaient pas attendus pour braquer leurs projecteurs sur le 7<sup>e<\/sup> Art d\u2019ici.<\/p>\n<p>&nbsp;<\/p>\n<p>Le FIFF namurois et le Film festival Ghent ont toujours mis en valeur le travail de nos cin\u00e9astes. Plus r\u00e9cemment le Filmfestival Oostende a ouvert ses portes aux Ensors du cin\u00e9ma flamand et le Be Film festival en toute fin d\u2019ann\u00e9e \u00e0 Bruxelles concentre toute son \u00e9nergie sur les \u0153uvres r\u00e9alis\u00e9es dans nos r\u00e9gions.<\/p>\n<p>&nbsp;<\/p>\n<p>Les Magritte du Cin\u00e9ma ont concr\u00e9tis\u00e9 cet engouement en apportant au cin\u00e9ma d\u2019ici une visibilit\u00e9, suppl\u00e9mentaire, un peu de strass et des paillettes. Et un palmar\u00e8s, m\u00eame si ce n&rsquo;est pas l&rsquo;essentiel.<\/p>\n<p>&nbsp;<\/p>\n<p>Mais, quoi qu\u2019il en soit, le Festival du Cin\u00e9ma belge de Moustier reste le patriarche du genre, un patriarche qui garde bon pied bon \u0153il et draine d\u2019ann\u00e9e en ann\u00e9e, un public fid\u00e8le gr\u00e2ce \u00e0 une organisation bas\u00e9e sur la convivialit\u00e9 et la pr\u00e9sence de nombreux d\u2019invit\u00e9s toujours heureux de revenir l\u00e0. Si vous avez entendu dire du mal de cet \u00e9v\u00e9nement, c&rsquo;est que vous avez l&rsquo;ou\u00efe particuli\u00e8rement fine, car de notre c\u00f4t\u00e9, nous n&rsquo;en avons jamais entendu que des louanges.<br \/>\nFond\u00e9e en 1976, cette manifestation f\u00eate cette ann\u00e9e sa 27e \u00e9dition avec un line-up resserr\u00e9, mais fort all\u00e9chant qui fait le tour de notre production, amenant dans le Namurois des films qui n\u2019y ont pas \u00e9t\u00e9 beaucoup vus. Plus deux avant-premi\u00e8res de longs m\u00e9trages \u00e0 sortir en ce d\u00e9but de printemps.<\/p>\n<p>&nbsp;<\/p>\n<p><a href=\"http:\/\/www.cinevox.be\/wp-content\/uploads\/sites\/2\/2015\/02\/Melody-2014-Bernard-Bellefroid-1-photo-420.jpg\"><img loading=\"lazy\" decoding=\"async\" class=\"aligncenter  wp-image-70914\" src=\"http:\/\/www.cinevox.be\/wp-content\/uploads\/sites\/2\/2015\/02\/Melody-2014-Bernard-Bellefroid-1-photo-420.jpg\" alt=\"\" width=\"621\" height=\"349\" srcset=\"https:\/\/welovecinema.be\/wp-content\/uploads\/sites\/2\/2015\/02\/Melody-2014-Bernard-Bellefroid-1-photo-420.jpg 420w, https:\/\/welovecinema.be\/wp-content\/uploads\/sites\/2\/2015\/02\/Melody-2014-Bernard-Bellefroid-1-photo-420-200x113.jpg 200w, https:\/\/welovecinema.be\/wp-content\/uploads\/sites\/2\/2015\/02\/Melody-2014-Bernard-Bellefroid-1-photo-420-300x169.jpg 300w\" sizes=\"auto, (max-width: 621px) 100vw, 621px\" \/><\/a><\/p>\n<p>&nbsp;<\/p>\n<p>Couronn\u00e9 \u00e0 Namur du prix du public et du prix Cinevox du meilleur film belge,<em> Melody<\/em> sort en salles ce 25 mars. Il sera \u00e0 l&rsquo;affiche du Festival du cin\u00e9ma belge le mercredi 4 mars avec en avant-programme le fantastique court m\u00e9trage <em>babysitting<\/em> de Vincent Schmitz.<\/p>\n<p>Les deux films sont produits par Artemis. <strong>Patrick Quinet<\/strong> sera donc du voyage avec les deux \u00e9quipes: <strong>Bernard Bellefroid, Lucie Debay, Karin Zimmerlin<\/strong> compagne de Bernard et cosc\u00e9nariste pour Melody; <strong>Vincent Smitz<\/strong> et ses deux jeunes com\u00e9diennes, <strong>Sophie Breyer<\/strong> et <strong>Pauline Brisy<\/strong> pour <em>Babysitting Story.<\/em><br \/>\n<a href=\"http:\/\/www.cinevox.be\/wp-content\/uploads\/sites\/2\/2015\/02\/LAP_03.jpg\"><img loading=\"lazy\" decoding=\"async\" class=\"aligncenter size-large wp-image-70915\" src=\"http:\/\/www.cinevox.be\/wp-content\/uploads\/sites\/2\/2015\/02\/LAP_03-800x533.jpg\" alt=\"\" width=\"640\" height=\"426\" srcset=\"https:\/\/welovecinema.be\/wp-content\/uploads\/sites\/2\/2015\/02\/LAP_03-800x533.jpg 800w, https:\/\/welovecinema.be\/wp-content\/uploads\/sites\/2\/2015\/02\/LAP_03-405x270.jpg 405w\" sizes=\"auto, (max-width: 640px) 100vw, 640px\" \/><\/a><\/p>\n<p>&nbsp;<\/p>\n<p>L&rsquo;autre long m\u00e9trage en avant-premi\u00e8re sera <em>L&rsquo;Ann\u00e9e Prochaine<\/em> de <strong>Vania Leturcq<\/strong>. Comme Melody, on a vu ce tr\u00e8s joli premier film au FIFF et au Be Festival o\u00f9 il avait les honneurs de la cl\u00f4ture. La r\u00e9alisatrice sera du voyage avec la fid\u00e8le <strong>Anne Coesens<\/strong> qui nous avait fait l&rsquo;honneur d&rsquo;une visite au Cinevox Happening de <em>Tous les chats sont gris,<\/em> le soir des Magritte.<\/p>\n<p>En premi\u00e8re partie, un autre court m\u00e9trage \u00e9tonnant : <em>Solo Rex,<\/em> avec deux invit\u00e9s, <strong>Fran\u00e7ois Bierry<\/strong>, le r\u00e9alisateur et son acteur principal: <strong>Wim Willaert<\/strong>. Ambiance assur\u00e9e \u00e0 Jemeppe.<\/p>\n<p>&nbsp;<\/p>\n<p><a href=\"http:\/\/www.cinevox.be\/wp-content\/uploads\/sites\/2\/2015\/02\/tokyo_fiancee_09.jpg\"><img loading=\"lazy\" decoding=\"async\" class=\"aligncenter size-large wp-image-70916\" src=\"http:\/\/www.cinevox.be\/wp-content\/uploads\/sites\/2\/2015\/02\/tokyo_fiancee_09-800x473.jpg\" alt=\"\" width=\"640\" height=\"378\" srcset=\"https:\/\/welovecinema.be\/wp-content\/uploads\/sites\/2\/2015\/02\/tokyo_fiancee_09-800x473.jpg 800w, https:\/\/welovecinema.be\/wp-content\/uploads\/sites\/2\/2015\/02\/tokyo_fiancee_09-456x270.jpg 456w, https:\/\/welovecinema.be\/wp-content\/uploads\/sites\/2\/2015\/02\/tokyo_fiancee_09.jpg 1947w\" sizes=\"auto, (max-width: 640px) 100vw, 640px\" \/><\/a><\/p>\n<p>&nbsp;<\/p>\n<p>Les autres longs m\u00e9trages du festival seront des reprises, avec chaque soir de renomm\u00e9s visiteurs:<\/p>\n<p>Mardi 3 mars, <strong>Stefan Liberski<\/strong> et la future maman, <strong>Pauline \u00c9tienne,<\/strong> introduiront la projection Tokyo Fianc\u00e9e tandis qu&rsquo;<strong>\u00c9dith Depaule<\/strong>, <strong>Maxime Feyers<\/strong> et <strong>Fran\u00e7ois-Xavier Willems<\/strong> seront l\u00e0 pour \u00a0l&rsquo;excellent court <em>The Dancing.<\/em><\/p>\n<p><strong>Vincent Bal, Amaryllis Uitterlinden, Erika Sainte<\/strong> et <strong>Marc Weiss<\/strong> viendront pr\u00e9senter <em>Braban\u00e7onne<\/em>, le jeudi 6 avec <strong>Gabriel Vanderpas<\/strong> pour le court <em>Albertine.<\/em><\/p>\n<p>Pour conclure la manifestation sur une note tr\u00e8s locale: <strong>Xavier Diskeuve, Nicolas Buysse, Christelle Cornil <\/strong>et <strong>Alain Azarkadon<\/strong> accompagneront <em>Jacques a vu. <\/em>Nicolas fera d&rsquo;ailleurs coup double puisque le festival proposera ce jour-l\u00e0 son court m\u00e9trage <em>Une brume, un matin<\/em> cor\u00e9alis\u00e9 avec <strong>Joachim Weissmann.<\/strong><\/p>\n<p>&nbsp;<\/p>\n<p>&nbsp;<\/p>\n<p>Comme ces derni\u00e8res ann\u00e9es, cette \u00e9dition du Festival du Cin\u00e9ma belge de Moustier aura \u00e0 nouveau lieu \u00e0 la Salle de l\u2019Amical Solvay, Rue du Br\u00fbl\u00e9 n\u00b0\u00a032 \u00e0 Jemeppe-sur-Sambre du 2 au 8 mars donc<\/p>\n<p>Le programme d\u00e9taill\u00e9 est \u00e0 d\u00e9couvrir<a href=\"http:\/\/www.cinemabelge.be\/programme\/\"> ICI<\/a><\/p>\n","protected":false},"excerpt":{"rendered":"<p>Notre agenda (lire ici) en atteste : le nombre de festivals de cin\u00e9ma en Belgique est assez sid\u00e9rant. Trop de manifestations cin\u00e9philes pour un petit territoire? Ce n&rsquo;est pas ce que semble d\u00e9montrer l&rsquo;audience de ces \u00e9v\u00e9nements : les salles y sont souvent bien remplies pour d\u00e9couvrir des \u0153uvres qui, c\u2019est vrai, sont peu visibles &hellip;<\/p>\n","protected":false},"author":7,"featured_media":70919,"comment_status":"closed","ping_status":"closed","sticky":false,"template":"","format":"standard","meta":{"ngg_post_thumbnail":0,"footnotes":""},"categories":[12],"tags":[],"class_list":["post-70910","post","type-post","status-publish","format-standard","has-post-thumbnail","","category-awards"],"yoast_head":"<!-- This site is optimized with the Yoast SEO plugin v20.4 - https:\/\/yoast.com\/wordpress\/plugins\/seo\/ -->\n<title>Du 2 au 8 mars : le cin\u00e9ma d&#039;ici sans chichi. - We Love Cinema<\/title>\n<meta name=\"robots\" content=\"index, follow, max-snippet:-1, max-image-preview:large, max-video-preview:-1\" \/>\n<link rel=\"canonical\" href=\"https:\/\/welovecinema.be\/fr\/du-2-au-8-mars-le-cinema-dici-sans-chichi\/\" \/>\n<meta property=\"og:locale\" content=\"fr_FR\" \/>\n<meta property=\"og:type\" content=\"article\" \/>\n<meta property=\"og:title\" content=\"Du 2 au 8 mars : le cin\u00e9ma d&#039;ici sans chichi. - We Love Cinema\" \/>\n<meta property=\"og:description\" content=\"Notre agenda (lire ici) en atteste : le nombre de festivals de cin\u00e9ma en Belgique est assez sid\u00e9rant. Trop de manifestations cin\u00e9philes pour un petit territoire? Ce n&rsquo;est pas ce que semble d\u00e9montrer l&rsquo;audience de ces \u00e9v\u00e9nements : les salles y sont souvent bien remplies pour d\u00e9couvrir des \u0153uvres qui, c\u2019est vrai, sont peu visibles &hellip;\" \/>\n<meta property=\"og:url\" content=\"https:\/\/welovecinema.be\/fr\/du-2-au-8-mars-le-cinema-dici-sans-chichi\/\" \/>\n<meta property=\"og:site_name\" content=\"We Love Cinema\" \/>\n<meta property=\"article:publisher\" content=\"https:\/\/www.facebook.com\/welovecinema.be\" \/>\n<meta property=\"article:published_time\" content=\"2015-02-24T08:23:24+00:00\" \/>\n<meta property=\"article:modified_time\" content=\"2015-02-23T13:36:52+00:00\" \/>\n<meta property=\"og:image\" content=\"https:\/\/welovecinema.be\/wp-content\/uploads\/sites\/2\/2010\/02\/moustier.jpg\" \/>\n\t<meta property=\"og:image:width\" content=\"1500\" \/>\n\t<meta property=\"og:image:height\" content=\"1000\" \/>\n\t<meta property=\"og:image:type\" content=\"image\/jpeg\" \/>\n<meta name=\"author\" content=\"Philippe.Pierquin\" \/>\n<meta name=\"twitter:card\" content=\"summary_large_image\" \/>\n<meta name=\"twitter:label1\" content=\"\u00c9crit par\" \/>\n\t<meta name=\"twitter:data1\" content=\"Philippe.Pierquin\" \/>\n\t<meta name=\"twitter:label2\" content=\"Dur\u00e9e de lecture estim\u00e9e\" \/>\n\t<meta name=\"twitter:data2\" content=\"4 minutes\" \/>\n<script type=\"application\/ld+json\" class=\"yoast-schema-graph\">{\"@context\":\"https:\/\/schema.org\",\"@graph\":[{\"@type\":\"Article\",\"@id\":\"https:\/\/welovecinema.be\/fr\/du-2-au-8-mars-le-cinema-dici-sans-chichi\/#article\",\"isPartOf\":{\"@id\":\"https:\/\/welovecinema.be\/fr\/du-2-au-8-mars-le-cinema-dici-sans-chichi\/\"},\"author\":{\"name\":\"Philippe.Pierquin\",\"@id\":\"https:\/\/welovecinema.be\/nl\/#\/schema\/person\/4b9b1d857f0943453a38a7c2859ef756\"},\"headline\":\"Du 2 au 8 mars : le cin\u00e9ma d&rsquo;ici sans chichi.\",\"datePublished\":\"2015-02-24T08:23:24+00:00\",\"dateModified\":\"2015-02-23T13:36:52+00:00\",\"mainEntityOfPage\":{\"@id\":\"https:\/\/welovecinema.be\/fr\/du-2-au-8-mars-le-cinema-dici-sans-chichi\/\"},\"wordCount\":841,\"publisher\":{\"@id\":\"https:\/\/welovecinema.be\/nl\/#organization\"},\"articleSection\":[\"Evenements\"],\"inLanguage\":\"fr-FR\"},{\"@type\":\"WebPage\",\"@id\":\"https:\/\/welovecinema.be\/fr\/du-2-au-8-mars-le-cinema-dici-sans-chichi\/\",\"url\":\"https:\/\/welovecinema.be\/fr\/du-2-au-8-mars-le-cinema-dici-sans-chichi\/\",\"name\":\"Du 2 au 8 mars : le cin\u00e9ma d'ici sans chichi. - We Love Cinema\",\"isPartOf\":{\"@id\":\"https:\/\/welovecinema.be\/nl\/#website\"},\"datePublished\":\"2015-02-24T08:23:24+00:00\",\"dateModified\":\"2015-02-23T13:36:52+00:00\",\"breadcrumb\":{\"@id\":\"https:\/\/welovecinema.be\/fr\/du-2-au-8-mars-le-cinema-dici-sans-chichi\/#breadcrumb\"},\"inLanguage\":\"fr-FR\",\"potentialAction\":[{\"@type\":\"ReadAction\",\"target\":[\"https:\/\/welovecinema.be\/fr\/du-2-au-8-mars-le-cinema-dici-sans-chichi\/\"]}]},{\"@type\":\"BreadcrumbList\",\"@id\":\"https:\/\/welovecinema.be\/fr\/du-2-au-8-mars-le-cinema-dici-sans-chichi\/#breadcrumb\",\"itemListElement\":[{\"@type\":\"ListItem\",\"position\":1,\"name\":\"Accueil\",\"item\":\"https:\/\/welovecinema.be\/fr\/\"},{\"@type\":\"ListItem\",\"position\":2,\"name\":\"Du 2 au 8 mars : le cin\u00e9ma d&rsquo;ici sans chichi.\"}]},{\"@type\":\"WebSite\",\"@id\":\"https:\/\/welovecinema.be\/nl\/#website\",\"url\":\"https:\/\/welovecinema.be\/nl\/\",\"name\":\"We Love Cinema\",\"description\":\"Toute l\u2019information du cin\u00e9ma en Belgique\",\"publisher\":{\"@id\":\"https:\/\/welovecinema.be\/nl\/#organization\"},\"potentialAction\":[{\"@type\":\"SearchAction\",\"target\":{\"@type\":\"EntryPoint\",\"urlTemplate\":\"https:\/\/welovecinema.be\/nl\/?s={search_term_string}\"},\"query-input\":\"required name=search_term_string\"}],\"inLanguage\":\"fr-FR\"},{\"@type\":\"Organization\",\"@id\":\"https:\/\/welovecinema.be\/nl\/#organization\",\"name\":\"We Love Cinema\",\"url\":\"https:\/\/welovecinema.be\/nl\/\",\"logo\":{\"@type\":\"ImageObject\",\"inLanguage\":\"fr-FR\",\"@id\":\"https:\/\/welovecinema.be\/nl\/#\/schema\/logo\/image\/\",\"url\":\"https:\/\/welovecinema.be\/wp-content\/uploads\/sites\/2\/2023\/03\/Logo-We-Love-Cinema305x128.jpg\",\"contentUrl\":\"https:\/\/welovecinema.be\/wp-content\/uploads\/sites\/2\/2023\/03\/Logo-We-Love-Cinema305x128.jpg\",\"width\":305,\"height\":128,\"caption\":\"We Love Cinema\"},\"image\":{\"@id\":\"https:\/\/welovecinema.be\/nl\/#\/schema\/logo\/image\/\"},\"sameAs\":[\"https:\/\/www.facebook.com\/welovecinema.be\",\"https:\/\/www.youtube.com\/channel\/UCX5LYGVhnKvYauW4Nta4HJA\",\"https:\/\/www.instagram.com\/welovecinema.be\/\"]},{\"@type\":\"Person\",\"@id\":\"https:\/\/welovecinema.be\/nl\/#\/schema\/person\/4b9b1d857f0943453a38a7c2859ef756\",\"name\":\"Philippe.Pierquin\",\"url\":\"https:\/\/welovecinema.be\/fr\/author\/philippe-pierquin\/\"}]}<\/script>\n<!-- \/ Yoast SEO plugin. -->","yoast_head_json":{"title":"Du 2 au 8 mars : le cin\u00e9ma d'ici sans chichi. - We Love Cinema","robots":{"index":"index","follow":"follow","max-snippet":"max-snippet:-1","max-image-preview":"max-image-preview:large","max-video-preview":"max-video-preview:-1"},"canonical":"https:\/\/welovecinema.be\/fr\/du-2-au-8-mars-le-cinema-dici-sans-chichi\/","og_locale":"fr_FR","og_type":"article","og_title":"Du 2 au 8 mars : le cin\u00e9ma d'ici sans chichi. - We Love Cinema","og_description":"Notre agenda (lire ici) en atteste : le nombre de festivals de cin\u00e9ma en Belgique est assez sid\u00e9rant. Trop de manifestations cin\u00e9philes pour un petit territoire? Ce n&rsquo;est pas ce que semble d\u00e9montrer l&rsquo;audience de ces \u00e9v\u00e9nements : les salles y sont souvent bien remplies pour d\u00e9couvrir des \u0153uvres qui, c\u2019est vrai, sont peu visibles &hellip;","og_url":"https:\/\/welovecinema.be\/fr\/du-2-au-8-mars-le-cinema-dici-sans-chichi\/","og_site_name":"We Love Cinema","article_publisher":"https:\/\/www.facebook.com\/welovecinema.be","article_published_time":"2015-02-24T08:23:24+00:00","article_modified_time":"2015-02-23T13:36:52+00:00","og_image":[{"width":1500,"height":1000,"url":"https:\/\/welovecinema.be\/wp-content\/uploads\/sites\/2\/2010\/02\/moustier.jpg","type":"image\/jpeg"}],"author":"Philippe.Pierquin","twitter_card":"summary_large_image","twitter_misc":{"\u00c9crit par":"Philippe.Pierquin","Dur\u00e9e de lecture estim\u00e9e":"4 minutes"},"schema":{"@context":"https:\/\/schema.org","@graph":[{"@type":"Article","@id":"https:\/\/welovecinema.be\/fr\/du-2-au-8-mars-le-cinema-dici-sans-chichi\/#article","isPartOf":{"@id":"https:\/\/welovecinema.be\/fr\/du-2-au-8-mars-le-cinema-dici-sans-chichi\/"},"author":{"name":"Philippe.Pierquin","@id":"https:\/\/welovecinema.be\/nl\/#\/schema\/person\/4b9b1d857f0943453a38a7c2859ef756"},"headline":"Du 2 au 8 mars : le cin\u00e9ma d&rsquo;ici sans chichi.","datePublished":"2015-02-24T08:23:24+00:00","dateModified":"2015-02-23T13:36:52+00:00","mainEntityOfPage":{"@id":"https:\/\/welovecinema.be\/fr\/du-2-au-8-mars-le-cinema-dici-sans-chichi\/"},"wordCount":841,"publisher":{"@id":"https:\/\/welovecinema.be\/nl\/#organization"},"articleSection":["Evenements"],"inLanguage":"fr-FR"},{"@type":"WebPage","@id":"https:\/\/welovecinema.be\/fr\/du-2-au-8-mars-le-cinema-dici-sans-chichi\/","url":"https:\/\/welovecinema.be\/fr\/du-2-au-8-mars-le-cinema-dici-sans-chichi\/","name":"Du 2 au 8 mars : le cin\u00e9ma d'ici sans chichi. - We Love Cinema","isPartOf":{"@id":"https:\/\/welovecinema.be\/nl\/#website"},"datePublished":"2015-02-24T08:23:24+00:00","dateModified":"2015-02-23T13:36:52+00:00","breadcrumb":{"@id":"https:\/\/welovecinema.be\/fr\/du-2-au-8-mars-le-cinema-dici-sans-chichi\/#breadcrumb"},"inLanguage":"fr-FR","potentialAction":[{"@type":"ReadAction","target":["https:\/\/welovecinema.be\/fr\/du-2-au-8-mars-le-cinema-dici-sans-chichi\/"]}]},{"@type":"BreadcrumbList","@id":"https:\/\/welovecinema.be\/fr\/du-2-au-8-mars-le-cinema-dici-sans-chichi\/#breadcrumb","itemListElement":[{"@type":"ListItem","position":1,"name":"Accueil","item":"https:\/\/welovecinema.be\/fr\/"},{"@type":"ListItem","position":2,"name":"Du 2 au 8 mars : le cin\u00e9ma d&rsquo;ici sans chichi."}]},{"@type":"WebSite","@id":"https:\/\/welovecinema.be\/nl\/#website","url":"https:\/\/welovecinema.be\/nl\/","name":"We Love Cinema","description":"Toute l\u2019information du cin\u00e9ma en Belgique","publisher":{"@id":"https:\/\/welovecinema.be\/nl\/#organization"},"potentialAction":[{"@type":"SearchAction","target":{"@type":"EntryPoint","urlTemplate":"https:\/\/welovecinema.be\/nl\/?s={search_term_string}"},"query-input":"required name=search_term_string"}],"inLanguage":"fr-FR"},{"@type":"Organization","@id":"https:\/\/welovecinema.be\/nl\/#organization","name":"We Love Cinema","url":"https:\/\/welovecinema.be\/nl\/","logo":{"@type":"ImageObject","inLanguage":"fr-FR","@id":"https:\/\/welovecinema.be\/nl\/#\/schema\/logo\/image\/","url":"https:\/\/welovecinema.be\/wp-content\/uploads\/sites\/2\/2023\/03\/Logo-We-Love-Cinema305x128.jpg","contentUrl":"https:\/\/welovecinema.be\/wp-content\/uploads\/sites\/2\/2023\/03\/Logo-We-Love-Cinema305x128.jpg","width":305,"height":128,"caption":"We Love Cinema"},"image":{"@id":"https:\/\/welovecinema.be\/nl\/#\/schema\/logo\/image\/"},"sameAs":["https:\/\/www.facebook.com\/welovecinema.be","https:\/\/www.youtube.com\/channel\/UCX5LYGVhnKvYauW4Nta4HJA","https:\/\/www.instagram.com\/welovecinema.be\/"]},{"@type":"Person","@id":"https:\/\/welovecinema.be\/nl\/#\/schema\/person\/4b9b1d857f0943453a38a7c2859ef756","name":"Philippe.Pierquin","url":"https:\/\/welovecinema.be\/fr\/author\/philippe-pierquin\/"}]}},"_links":{"self":[{"href":"https:\/\/welovecinema.be\/fr\/wp-json\/wp\/v2\/posts\/70910","targetHints":{"allow":["GET"]}}],"collection":[{"href":"https:\/\/welovecinema.be\/fr\/wp-json\/wp\/v2\/posts"}],"about":[{"href":"https:\/\/welovecinema.be\/fr\/wp-json\/wp\/v2\/types\/post"}],"author":[{"embeddable":true,"href":"https:\/\/welovecinema.be\/fr\/wp-json\/wp\/v2\/users\/7"}],"replies":[{"embeddable":true,"href":"https:\/\/welovecinema.be\/fr\/wp-json\/wp\/v2\/comments?post=70910"}],"version-history":[{"count":0,"href":"https:\/\/welovecinema.be\/fr\/wp-json\/wp\/v2\/posts\/70910\/revisions"}],"wp:featuredmedia":[{"embeddable":true,"href":"https:\/\/welovecinema.be\/fr\/wp-json\/wp\/v2\/media\/70919"}],"wp:attachment":[{"href":"https:\/\/welovecinema.be\/fr\/wp-json\/wp\/v2\/media?parent=70910"}],"wp:term":[{"taxonomy":"category","embeddable":true,"href":"https:\/\/welovecinema.be\/fr\/wp-json\/wp\/v2\/categories?post=70910"},{"taxonomy":"post_tag","embeddable":true,"href":"https:\/\/welovecinema.be\/fr\/wp-json\/wp\/v2\/tags?post=70910"}],"curies":[{"name":"wp","href":"https:\/\/api.w.org\/{rel}","templated":true}]}}