{"id":70798,"date":"2015-02-20T14:26:12","date_gmt":"2015-02-20T13:26:12","guid":{"rendered":"http:\/\/www.cinevox.be\/?p=70798"},"modified":"2015-02-20T14:26:12","modified_gmt":"2015-02-20T13:26:12","slug":"la-photo-du-jour-vendredi-20-fevrier-2015","status":"publish","type":"post","link":"https:\/\/welovecinema.be\/fr\/la-photo-du-jour-vendredi-20-fevrier-2015\/","title":{"rendered":"La photo du jour &#8211; vendredi 20 f\u00e9vrier 2015"},"content":{"rendered":"<p>Jeudi 26 f\u00e9vrier, au Th\u00e9\u00e2tre Royal de Mons, le FIFA propose \u00e0 la Premi\u00e8re d&rsquo;un film dont nous vous entretenons depuis une petite ann\u00e9e: <em>Deux au carr\u00e9<\/em> de Philippe Dajoux permettra en effet de retrouver sur le m\u00eame \u00e9cran, pour la premi\u00e8re fois r\u00e9uni dans des r\u00f4les principaux, le couple glamour du cin\u00e9ma belge (chabadabada).<br \/>\nElle est \u00ab\u00a0la r\u00e9incarnation de Jacqueline Maillan dans le corps de Penelope Cruz, ce qui est mieux que l&rsquo;inverse\u00a0\u00bb, dit son mari tr\u00e8s amoureux sur la sc\u00e8ne des Magritte.Il est l&rsquo;avocat le plus fameux du Royaume, surtout parce qu&rsquo;il a choisi de plaider sa cause sur les plateaux de cin\u00e9ma, les sc\u00e8nes de th\u00e9\u00e2tre, et les \u00e9crans de t\u00e9l\u00e9.<\/p>\n<p>&nbsp;<\/p>\n<p>Dans <em>Deux au carr\u00e9,<\/em> <strong>Tania Garbarski<\/strong> et <strong>Charlie Dupont<\/strong> sont \u00c9lise et William, de gentils provinciaux qui vont passer le week-end en amoureux \u00e0 Cannes.<br \/>\nC&rsquo;est l\u00e0 qu&rsquo;ils croiseront Annabelle et Thierry (Elodie Frenck et Olivier Sitruk) couple tr\u00e8s \u00ab\u00a0people\u00a0\u00bb. Elle est pr\u00e9sentatrice m\u00e9t\u00e9o et lui ex-footballeur. Ils aiment se la p\u00e9ter mais la rencontre de ces quatre beaux jeunes gens va bouleverser les donn\u00e9es du probl\u00e8me.<br \/>\nEt si tout cela n&rsquo;\u00e9tait pas le produit du hasard?<\/p>\n<p>Le sc\u00e9nario \u00e9tait tr\u00e8s dr\u00f4le, le tournage semble s&rsquo;\u00eatre merveilleusement d\u00e9roul\u00e9. Que nous r\u00e9serve le film? Myst\u00e8re et boule de gomme. Mais on est curieux, c&rsquo;est certain.<\/p>\n<p>Mais maintenant, on a l&rsquo;affiche entre les mains<\/p>\n<p><!--more--><\/p>\n<p>&nbsp;<\/p>\n<p>&nbsp;<\/p>\n<p><a href=\"http:\/\/www.cinevox.be\/wp-content\/uploads\/sites\/2\/2015\/02\/10368234_10152918914657745_4169372153646591116_n.jpg\"><img loading=\"lazy\" decoding=\"async\" class=\"aligncenter  wp-image-70799\" src=\"http:\/\/www.cinevox.be\/wp-content\/uploads\/sites\/2\/2015\/02\/10368234_10152918914657745_4169372153646591116_n-458x600.jpg\" alt=\"\" width=\"532\" height=\"697\" srcset=\"https:\/\/welovecinema.be\/wp-content\/uploads\/sites\/2\/2015\/02\/10368234_10152918914657745_4169372153646591116_n-458x600.jpg 458w, https:\/\/welovecinema.be\/wp-content\/uploads\/sites\/2\/2015\/02\/10368234_10152918914657745_4169372153646591116_n-206x270.jpg 206w, https:\/\/welovecinema.be\/wp-content\/uploads\/sites\/2\/2015\/02\/10368234_10152918914657745_4169372153646591116_n.jpg 733w\" sizes=\"auto, (max-width: 532px) 100vw, 532px\" \/><\/a><\/p>\n","protected":false},"excerpt":{"rendered":"<p>Jeudi 26 f\u00e9vrier, au Th\u00e9\u00e2tre Royal de Mons, le FIFA propose \u00e0 la Premi\u00e8re d&rsquo;un film dont nous vous entretenons depuis une petite ann\u00e9e: Deux au carr\u00e9 de Philippe Dajoux permettra en effet de retrouver sur le m\u00eame \u00e9cran, pour la premi\u00e8re fois r\u00e9uni dans des r\u00f4les principaux, le couple glamour du cin\u00e9ma belge (chabadabada). &hellip;<\/p>\n","protected":false},"author":7,"featured_media":70801,"comment_status":"closed","ping_status":"closed","sticky":false,"template":"","format":"standard","meta":{"ngg_post_thumbnail":0,"footnotes":""},"categories":[1923],"tags":[],"class_list":["post-70798","post","type-post","status-publish","format-standard","has-post-thumbnail","","category-en-bref"],"yoast_head":"<!-- This site is optimized with the Yoast SEO plugin v20.4 - https:\/\/yoast.com\/wordpress\/plugins\/seo\/ -->\n<title>La photo du jour - vendredi 20 f\u00e9vrier 2015 - We Love Cinema<\/title>\n<meta name=\"robots\" content=\"index, follow, max-snippet:-1, max-image-preview:large, max-video-preview:-1\" \/>\n<link rel=\"canonical\" href=\"https:\/\/welovecinema.be\/fr\/la-photo-du-jour-vendredi-20-fevrier-2015\/\" \/>\n<meta property=\"og:locale\" content=\"fr_FR\" \/>\n<meta property=\"og:type\" content=\"article\" \/>\n<meta property=\"og:title\" content=\"La photo du jour - vendredi 20 f\u00e9vrier 2015 - We Love Cinema\" \/>\n<meta property=\"og:description\" content=\"Jeudi 26 f\u00e9vrier, au Th\u00e9\u00e2tre Royal de Mons, le FIFA propose \u00e0 la Premi\u00e8re d&rsquo;un film dont nous vous entretenons depuis une petite ann\u00e9e: Deux au carr\u00e9 de Philippe Dajoux permettra en effet de retrouver sur le m\u00eame \u00e9cran, pour la premi\u00e8re fois r\u00e9uni dans des r\u00f4les principaux, le couple glamour du cin\u00e9ma belge (chabadabada). &hellip;\" \/>\n<meta property=\"og:url\" content=\"https:\/\/welovecinema.be\/fr\/la-photo-du-jour-vendredi-20-fevrier-2015\/\" \/>\n<meta property=\"og:site_name\" content=\"We Love Cinema\" \/>\n<meta property=\"article:publisher\" content=\"https:\/\/www.facebook.com\/welovecinema.be\" \/>\n<meta property=\"article:published_time\" content=\"2015-02-20T13:26:12+00:00\" \/>\n<meta property=\"og:image\" content=\"https:\/\/welovecinema.be\/wp-content\/uploads\/sites\/2\/2015\/02\/app8.jpg\" \/>\n\t<meta property=\"og:image:width\" content=\"1536\" \/>\n\t<meta property=\"og:image:height\" content=\"1024\" \/>\n\t<meta property=\"og:image:type\" content=\"image\/jpeg\" \/>\n<meta name=\"author\" content=\"Philippe.Pierquin\" \/>\n<meta name=\"twitter:card\" content=\"summary_large_image\" \/>\n<meta name=\"twitter:label1\" content=\"\u00c9crit par\" \/>\n\t<meta name=\"twitter:data1\" content=\"Philippe.Pierquin\" \/>\n\t<meta name=\"twitter:label2\" content=\"Dur\u00e9e de lecture estim\u00e9e\" \/>\n\t<meta name=\"twitter:data2\" content=\"1 minute\" \/>\n<script type=\"application\/ld+json\" class=\"yoast-schema-graph\">{\"@context\":\"https:\/\/schema.org\",\"@graph\":[{\"@type\":\"Article\",\"@id\":\"https:\/\/welovecinema.be\/fr\/la-photo-du-jour-vendredi-20-fevrier-2015\/#article\",\"isPartOf\":{\"@id\":\"https:\/\/welovecinema.be\/fr\/la-photo-du-jour-vendredi-20-fevrier-2015\/\"},\"author\":{\"name\":\"Philippe.Pierquin\",\"@id\":\"https:\/\/welovecinema.be\/nl\/#\/schema\/person\/4b9b1d857f0943453a38a7c2859ef756\"},\"headline\":\"La photo du jour &#8211; vendredi 20 f\u00e9vrier 2015\",\"datePublished\":\"2015-02-20T13:26:12+00:00\",\"dateModified\":\"2015-02-20T13:26:12+00:00\",\"mainEntityOfPage\":{\"@id\":\"https:\/\/welovecinema.be\/fr\/la-photo-du-jour-vendredi-20-fevrier-2015\/\"},\"wordCount\":274,\"publisher\":{\"@id\":\"https:\/\/welovecinema.be\/nl\/#organization\"},\"articleSection\":[\"En bref\"],\"inLanguage\":\"fr-FR\"},{\"@type\":\"WebPage\",\"@id\":\"https:\/\/welovecinema.be\/fr\/la-photo-du-jour-vendredi-20-fevrier-2015\/\",\"url\":\"https:\/\/welovecinema.be\/fr\/la-photo-du-jour-vendredi-20-fevrier-2015\/\",\"name\":\"La photo du jour - vendredi 20 f\u00e9vrier 2015 - We Love Cinema\",\"isPartOf\":{\"@id\":\"https:\/\/welovecinema.be\/nl\/#website\"},\"datePublished\":\"2015-02-20T13:26:12+00:00\",\"dateModified\":\"2015-02-20T13:26:12+00:00\",\"breadcrumb\":{\"@id\":\"https:\/\/welovecinema.be\/fr\/la-photo-du-jour-vendredi-20-fevrier-2015\/#breadcrumb\"},\"inLanguage\":\"fr-FR\",\"potentialAction\":[{\"@type\":\"ReadAction\",\"target\":[\"https:\/\/welovecinema.be\/fr\/la-photo-du-jour-vendredi-20-fevrier-2015\/\"]}]},{\"@type\":\"BreadcrumbList\",\"@id\":\"https:\/\/welovecinema.be\/fr\/la-photo-du-jour-vendredi-20-fevrier-2015\/#breadcrumb\",\"itemListElement\":[{\"@type\":\"ListItem\",\"position\":1,\"name\":\"Accueil\",\"item\":\"https:\/\/welovecinema.be\/fr\/\"},{\"@type\":\"ListItem\",\"position\":2,\"name\":\"La photo du jour &#8211; vendredi 20 f\u00e9vrier 2015\"}]},{\"@type\":\"WebSite\",\"@id\":\"https:\/\/welovecinema.be\/nl\/#website\",\"url\":\"https:\/\/welovecinema.be\/nl\/\",\"name\":\"We Love Cinema\",\"description\":\"Toute l\u2019information du cin\u00e9ma en Belgique\",\"publisher\":{\"@id\":\"https:\/\/welovecinema.be\/nl\/#organization\"},\"potentialAction\":[{\"@type\":\"SearchAction\",\"target\":{\"@type\":\"EntryPoint\",\"urlTemplate\":\"https:\/\/welovecinema.be\/nl\/?s={search_term_string}\"},\"query-input\":\"required name=search_term_string\"}],\"inLanguage\":\"fr-FR\"},{\"@type\":\"Organization\",\"@id\":\"https:\/\/welovecinema.be\/nl\/#organization\",\"name\":\"We Love Cinema\",\"url\":\"https:\/\/welovecinema.be\/nl\/\",\"logo\":{\"@type\":\"ImageObject\",\"inLanguage\":\"fr-FR\",\"@id\":\"https:\/\/welovecinema.be\/nl\/#\/schema\/logo\/image\/\",\"url\":\"https:\/\/welovecinema.be\/wp-content\/uploads\/sites\/2\/2023\/03\/Logo-We-Love-Cinema305x128.jpg\",\"contentUrl\":\"https:\/\/welovecinema.be\/wp-content\/uploads\/sites\/2\/2023\/03\/Logo-We-Love-Cinema305x128.jpg\",\"width\":305,\"height\":128,\"caption\":\"We Love Cinema\"},\"image\":{\"@id\":\"https:\/\/welovecinema.be\/nl\/#\/schema\/logo\/image\/\"},\"sameAs\":[\"https:\/\/www.facebook.com\/welovecinema.be\",\"https:\/\/www.youtube.com\/channel\/UCX5LYGVhnKvYauW4Nta4HJA\",\"https:\/\/www.instagram.com\/welovecinema.be\/\"]},{\"@type\":\"Person\",\"@id\":\"https:\/\/welovecinema.be\/nl\/#\/schema\/person\/4b9b1d857f0943453a38a7c2859ef756\",\"name\":\"Philippe.Pierquin\",\"url\":\"https:\/\/welovecinema.be\/fr\/author\/philippe-pierquin\/\"}]}<\/script>\n<!-- \/ Yoast SEO plugin. -->","yoast_head_json":{"title":"La photo du jour - vendredi 20 f\u00e9vrier 2015 - We Love Cinema","robots":{"index":"index","follow":"follow","max-snippet":"max-snippet:-1","max-image-preview":"max-image-preview:large","max-video-preview":"max-video-preview:-1"},"canonical":"https:\/\/welovecinema.be\/fr\/la-photo-du-jour-vendredi-20-fevrier-2015\/","og_locale":"fr_FR","og_type":"article","og_title":"La photo du jour - vendredi 20 f\u00e9vrier 2015 - We Love Cinema","og_description":"Jeudi 26 f\u00e9vrier, au Th\u00e9\u00e2tre Royal de Mons, le FIFA propose \u00e0 la Premi\u00e8re d&rsquo;un film dont nous vous entretenons depuis une petite ann\u00e9e: Deux au carr\u00e9 de Philippe Dajoux permettra en effet de retrouver sur le m\u00eame \u00e9cran, pour la premi\u00e8re fois r\u00e9uni dans des r\u00f4les principaux, le couple glamour du cin\u00e9ma belge (chabadabada). &hellip;","og_url":"https:\/\/welovecinema.be\/fr\/la-photo-du-jour-vendredi-20-fevrier-2015\/","og_site_name":"We Love Cinema","article_publisher":"https:\/\/www.facebook.com\/welovecinema.be","article_published_time":"2015-02-20T13:26:12+00:00","og_image":[{"width":1536,"height":1024,"url":"https:\/\/welovecinema.be\/wp-content\/uploads\/sites\/2\/2015\/02\/app8.jpg","type":"image\/jpeg"}],"author":"Philippe.Pierquin","twitter_card":"summary_large_image","twitter_misc":{"\u00c9crit par":"Philippe.Pierquin","Dur\u00e9e de lecture estim\u00e9e":"1 minute"},"schema":{"@context":"https:\/\/schema.org","@graph":[{"@type":"Article","@id":"https:\/\/welovecinema.be\/fr\/la-photo-du-jour-vendredi-20-fevrier-2015\/#article","isPartOf":{"@id":"https:\/\/welovecinema.be\/fr\/la-photo-du-jour-vendredi-20-fevrier-2015\/"},"author":{"name":"Philippe.Pierquin","@id":"https:\/\/welovecinema.be\/nl\/#\/schema\/person\/4b9b1d857f0943453a38a7c2859ef756"},"headline":"La photo du jour &#8211; vendredi 20 f\u00e9vrier 2015","datePublished":"2015-02-20T13:26:12+00:00","dateModified":"2015-02-20T13:26:12+00:00","mainEntityOfPage":{"@id":"https:\/\/welovecinema.be\/fr\/la-photo-du-jour-vendredi-20-fevrier-2015\/"},"wordCount":274,"publisher":{"@id":"https:\/\/welovecinema.be\/nl\/#organization"},"articleSection":["En bref"],"inLanguage":"fr-FR"},{"@type":"WebPage","@id":"https:\/\/welovecinema.be\/fr\/la-photo-du-jour-vendredi-20-fevrier-2015\/","url":"https:\/\/welovecinema.be\/fr\/la-photo-du-jour-vendredi-20-fevrier-2015\/","name":"La photo du jour - vendredi 20 f\u00e9vrier 2015 - We Love Cinema","isPartOf":{"@id":"https:\/\/welovecinema.be\/nl\/#website"},"datePublished":"2015-02-20T13:26:12+00:00","dateModified":"2015-02-20T13:26:12+00:00","breadcrumb":{"@id":"https:\/\/welovecinema.be\/fr\/la-photo-du-jour-vendredi-20-fevrier-2015\/#breadcrumb"},"inLanguage":"fr-FR","potentialAction":[{"@type":"ReadAction","target":["https:\/\/welovecinema.be\/fr\/la-photo-du-jour-vendredi-20-fevrier-2015\/"]}]},{"@type":"BreadcrumbList","@id":"https:\/\/welovecinema.be\/fr\/la-photo-du-jour-vendredi-20-fevrier-2015\/#breadcrumb","itemListElement":[{"@type":"ListItem","position":1,"name":"Accueil","item":"https:\/\/welovecinema.be\/fr\/"},{"@type":"ListItem","position":2,"name":"La photo du jour &#8211; vendredi 20 f\u00e9vrier 2015"}]},{"@type":"WebSite","@id":"https:\/\/welovecinema.be\/nl\/#website","url":"https:\/\/welovecinema.be\/nl\/","name":"We Love Cinema","description":"Toute l\u2019information du cin\u00e9ma en Belgique","publisher":{"@id":"https:\/\/welovecinema.be\/nl\/#organization"},"potentialAction":[{"@type":"SearchAction","target":{"@type":"EntryPoint","urlTemplate":"https:\/\/welovecinema.be\/nl\/?s={search_term_string}"},"query-input":"required name=search_term_string"}],"inLanguage":"fr-FR"},{"@type":"Organization","@id":"https:\/\/welovecinema.be\/nl\/#organization","name":"We Love Cinema","url":"https:\/\/welovecinema.be\/nl\/","logo":{"@type":"ImageObject","inLanguage":"fr-FR","@id":"https:\/\/welovecinema.be\/nl\/#\/schema\/logo\/image\/","url":"https:\/\/welovecinema.be\/wp-content\/uploads\/sites\/2\/2023\/03\/Logo-We-Love-Cinema305x128.jpg","contentUrl":"https:\/\/welovecinema.be\/wp-content\/uploads\/sites\/2\/2023\/03\/Logo-We-Love-Cinema305x128.jpg","width":305,"height":128,"caption":"We Love Cinema"},"image":{"@id":"https:\/\/welovecinema.be\/nl\/#\/schema\/logo\/image\/"},"sameAs":["https:\/\/www.facebook.com\/welovecinema.be","https:\/\/www.youtube.com\/channel\/UCX5LYGVhnKvYauW4Nta4HJA","https:\/\/www.instagram.com\/welovecinema.be\/"]},{"@type":"Person","@id":"https:\/\/welovecinema.be\/nl\/#\/schema\/person\/4b9b1d857f0943453a38a7c2859ef756","name":"Philippe.Pierquin","url":"https:\/\/welovecinema.be\/fr\/author\/philippe-pierquin\/"}]}},"_links":{"self":[{"href":"https:\/\/welovecinema.be\/fr\/wp-json\/wp\/v2\/posts\/70798","targetHints":{"allow":["GET"]}}],"collection":[{"href":"https:\/\/welovecinema.be\/fr\/wp-json\/wp\/v2\/posts"}],"about":[{"href":"https:\/\/welovecinema.be\/fr\/wp-json\/wp\/v2\/types\/post"}],"author":[{"embeddable":true,"href":"https:\/\/welovecinema.be\/fr\/wp-json\/wp\/v2\/users\/7"}],"replies":[{"embeddable":true,"href":"https:\/\/welovecinema.be\/fr\/wp-json\/wp\/v2\/comments?post=70798"}],"version-history":[{"count":0,"href":"https:\/\/welovecinema.be\/fr\/wp-json\/wp\/v2\/posts\/70798\/revisions"}],"wp:featuredmedia":[{"embeddable":true,"href":"https:\/\/welovecinema.be\/fr\/wp-json\/wp\/v2\/media\/70801"}],"wp:attachment":[{"href":"https:\/\/welovecinema.be\/fr\/wp-json\/wp\/v2\/media?parent=70798"}],"wp:term":[{"taxonomy":"category","embeddable":true,"href":"https:\/\/welovecinema.be\/fr\/wp-json\/wp\/v2\/categories?post=70798"},{"taxonomy":"post_tag","embeddable":true,"href":"https:\/\/welovecinema.be\/fr\/wp-json\/wp\/v2\/tags?post=70798"}],"curies":[{"name":"wp","href":"https:\/\/api.w.org\/{rel}","templated":true}]}}