{"id":70724,"date":"2015-02-19T06:55:26","date_gmt":"2015-02-19T05:55:26","guid":{"rendered":"http:\/\/www.cinevox.be\/?p=70724"},"modified":"2015-02-19T08:57:35","modified_gmt":"2015-02-19T07:57:35","slug":"au-pied-du-terril","status":"publish","type":"post","link":"https:\/\/welovecinema.be\/fr\/au-pied-du-terril\/","title":{"rendered":"Hollywood, au pied du terril\u2026"},"content":{"rendered":"<p>Durant son s\u00e9jour au Borinage, de d\u00e9cembre 1878 \u00e0 octobre 1880, Vincent Van Gogh renonce \u00e0 sa carri\u00e8re d\u2019\u00e9vang\u00e9liste et d\u00e9cide de devenir artiste. C\u2019est le d\u00e9but d\u2019une vocation qui va changer l\u2019histoire de l\u2019art pour toujours.<\/p>\n<p>&nbsp;<\/p>\n<p>Jusqu\u2019en 2015 o\u00f9 la ville de Mons, capitale de la culture pour une ann\u00e9e enti\u00e8re, d\u00e9cide de se pencher sur la vie et l\u2019\u0153uvre de ce peintre dont la vocation est r\u00e9ellement n\u00e9e dans le Hainaut.<\/p>\n<p><!--more--><\/p>\n<p>Le saviez-vous? Cette page d\u2019histoire a \u00e9t\u00e9 immortalis\u00e9e au cin\u00e9ma.<br \/>\nEn 1955, le grand r\u00e9alisateur Vincente Minnelli planta sa cam\u00e9ra dans les ruelles de Wasmes, \u00e0 deux pas du Grand Hornu.<\/p>\n<p>&nbsp;<\/p>\n<p><a href=\"http:\/\/www.cinevox.be\/wp-content\/uploads\/sites\/2\/2015\/02\/Lust-for-LIfe-vanGogh-.png\"><img loading=\"lazy\" decoding=\"async\" class=\"aligncenter size-full wp-image-70725\" src=\"http:\/\/www.cinevox.be\/wp-content\/uploads\/sites\/2\/2015\/02\/Lust-for-LIfe-vanGogh-.png\" alt=\"\" width=\"704\" height=\"304\" srcset=\"https:\/\/welovecinema.be\/wp-content\/uploads\/sites\/2\/2015\/02\/Lust-for-LIfe-vanGogh-.png 704w, https:\/\/welovecinema.be\/wp-content\/uploads\/sites\/2\/2015\/02\/Lust-for-LIfe-vanGogh--480x207.png 480w\" sizes=\"auto, (max-width: 704px) 100vw, 704px\" \/><\/a><\/p>\n<p>&nbsp;<\/p>\n<p>Pour la tr\u00e8s puissante Metro Goldwyn Meyer, il avait entrepris de porter \u00e0 l\u2019\u00e9cran <em>La vie Passionn\u00e9e de Vincent van Gogh<\/em> ( <em>Lust for life<\/em> pour la version am\u00e9ricaine) et choisi de tourner dans les d\u00e9cors r\u00e9els qui avaient vu \u00e9voluer le peintre<\/p>\n<p>&nbsp;<\/p>\n<p>Ce jeudi soir, le Th\u00e9\u00e2tre royal de Mons consacrera une soir\u00e9e de gala (sold out, h\u00e9las) \u00e0 la pr\u00e9sentation de la copie remasteris\u00e9e de ce film en partenariat avec Warner Bros, la Cinematek et Brightfish.<\/p>\n<p>&nbsp;<\/p>\n<p><a href=\"http:\/\/www.cinevox.be\/wp-content\/uploads\/sites\/2\/2015\/02\/10995837_10153180926682033_7751305933025958059_n.jpg\"><img loading=\"lazy\" decoding=\"async\" class=\"aligncenter size-large wp-image-70726\" src=\"http:\/\/www.cinevox.be\/wp-content\/uploads\/sites\/2\/2015\/02\/10995837_10153180926682033_7751305933025958059_n-800x534.jpg\" alt=\"\" width=\"640\" height=\"427\" srcset=\"https:\/\/welovecinema.be\/wp-content\/uploads\/sites\/2\/2015\/02\/10995837_10153180926682033_7751305933025958059_n-800x534.jpg 800w, https:\/\/welovecinema.be\/wp-content\/uploads\/sites\/2\/2015\/02\/10995837_10153180926682033_7751305933025958059_n-404x270.jpg 404w, https:\/\/welovecinema.be\/wp-content\/uploads\/sites\/2\/2015\/02\/10995837_10153180926682033_7751305933025958059_n.jpg 960w\" sizes=\"auto, (max-width: 640px) 100vw, 640px\" \/><\/a><br \/>\nLa projection sera pr\u00e9c\u00e9d\u00e9e de <em>Hollywood au pied du Terril,<\/em> documentaire retra\u00e7ant cette fabuleuse aventure cin\u00e9matographique. Le document est cosign\u00e9 par <strong>Henri de Gerlache<\/strong> et <strong>Philippe Reynaert.<\/strong> Sacr\u00e9 duo pour un voyage dans le temps \u00e0 la rencontre d\u2019une \u00e9poque du cin\u00e9ma et d\u2019une r\u00e9gion qui se souvient de cette folle semaine o\u00f9 les projecteurs am\u00e9ricains ont \u00e9clair\u00e9 le pays noir.<br \/>\nOnt \u00e9t\u00e9 retrouv\u00e9s un film 8mm tourn\u00e9 par un amateur, des photos de tournage, ainsi qu\u2019un making of en 35 mm tourn\u00e9 par la Warner, dont 21 minutes sont consacr\u00e9es au Borinage.<\/p>\n<p>&nbsp;<\/p>\n<p><a href=\"http:\/\/www.cinevox.be\/wp-content\/uploads\/sites\/2\/2015\/02\/10359496_10153180930457033_4351800139367504477_n.jpg\"><img loading=\"lazy\" decoding=\"async\" class=\"aligncenter size-large wp-image-70727\" src=\"http:\/\/www.cinevox.be\/wp-content\/uploads\/sites\/2\/2015\/02\/10359496_10153180930457033_4351800139367504477_n-800x534.jpg\" alt=\"\" width=\"640\" height=\"427\" srcset=\"https:\/\/welovecinema.be\/wp-content\/uploads\/sites\/2\/2015\/02\/10359496_10153180930457033_4351800139367504477_n-800x534.jpg 800w, https:\/\/welovecinema.be\/wp-content\/uploads\/sites\/2\/2015\/02\/10359496_10153180930457033_4351800139367504477_n-404x270.jpg 404w, https:\/\/welovecinema.be\/wp-content\/uploads\/sites\/2\/2015\/02\/10359496_10153180930457033_4351800139367504477_n.jpg 960w\" sizes=\"auto, (max-width: 640px) 100vw, 640px\" \/><\/a><\/p>\n<p>&nbsp;<\/p>\n<p>En compl\u00e9ment \u00e0 cette projection, une exposition \u00ab\u00a0Hollywood au pied du terril\u00a0\u00bb se tiendra aux anciens abattoirs de Mons, du 21 f\u00e9vrier au 17 mai 2015.<\/p>\n<p>&nbsp;<\/p>\n<p>Notez que si vous n\u2019avez pas d\u00e9j\u00e0 vos pr\u00e9cieux s\u00e9sames en poche pour ce soir, le documentaire et le long m\u00e9trage restaur\u00e9 seront diffus\u00e9s samedi \u00e0 partir de 21h sur la Trois et lundi soir sur Arte.<\/p>\n<p>&nbsp;<\/p>\n<p><a href=\"http:\/\/www.cinevox.be\/wp-content\/uploads\/sites\/2\/2015\/02\/le-choix-de-peindre.jpg\"><img loading=\"lazy\" decoding=\"async\" class=\"aligncenter size-full wp-image-70728\" src=\"http:\/\/www.cinevox.be\/wp-content\/uploads\/sites\/2\/2015\/02\/le-choix-de-peindre.jpg\" alt=\"\" width=\"624\" height=\"351\" srcset=\"https:\/\/welovecinema.be\/wp-content\/uploads\/sites\/2\/2015\/02\/le-choix-de-peindre.jpg 624w, https:\/\/welovecinema.be\/wp-content\/uploads\/sites\/2\/2015\/02\/le-choix-de-peindre-200x113.jpg 200w, https:\/\/welovecinema.be\/wp-content\/uploads\/sites\/2\/2015\/02\/le-choix-de-peindre-480x270.jpg 480w, https:\/\/welovecinema.be\/wp-content\/uploads\/sites\/2\/2015\/02\/le-choix-de-peindre-300x169.jpg 300w, https:\/\/welovecinema.be\/wp-content\/uploads\/sites\/2\/2015\/02\/le-choix-de-peindre-620x350.jpg 620w\" sizes=\"auto, (max-width: 624px) 100vw, 624px\" \/><\/a><br \/>\nDimanche \u00e0 17h35, Arte rediffuse aussi <em>Le Choix de peindre, Vincent Van Gogh,<\/em> autre documentaire d\u2019Henri de Gerlache produit par Alize avec <strong>Tom Barman.<\/strong><\/p>\n<p>&nbsp;<\/p>\n<p>&nbsp;<\/p>\n","protected":false},"excerpt":{"rendered":"<p>Durant son s\u00e9jour au Borinage, de d\u00e9cembre 1878 \u00e0 octobre 1880, Vincent Van Gogh renonce \u00e0 sa carri\u00e8re d\u2019\u00e9vang\u00e9liste et d\u00e9cide de devenir artiste. C\u2019est le d\u00e9but d\u2019une vocation qui va changer l\u2019histoire de l\u2019art pour toujours. &nbsp; Jusqu\u2019en 2015 o\u00f9 la ville de Mons, capitale de la culture pour une ann\u00e9e enti\u00e8re, d\u00e9cide de &hellip;<\/p>\n","protected":false},"author":7,"featured_media":70730,"comment_status":"closed","ping_status":"closed","sticky":false,"template":"","format":"standard","meta":{"ngg_post_thumbnail":0,"footnotes":""},"categories":[10],"tags":[],"class_list":["post-70724","post","type-post","status-publish","format-standard","has-post-thumbnail","","category-a-l-affiche"],"yoast_head":"<!-- This site is optimized with the Yoast SEO plugin v20.4 - https:\/\/yoast.com\/wordpress\/plugins\/seo\/ -->\n<title>Hollywood, au pied du terril\u2026 - We Love Cinema<\/title>\n<meta name=\"robots\" content=\"index, follow, max-snippet:-1, max-image-preview:large, max-video-preview:-1\" \/>\n<link rel=\"canonical\" href=\"https:\/\/welovecinema.be\/fr\/au-pied-du-terril\/\" \/>\n<meta property=\"og:locale\" content=\"fr_FR\" \/>\n<meta property=\"og:type\" content=\"article\" \/>\n<meta property=\"og:title\" content=\"Hollywood, au pied du terril\u2026 - We Love Cinema\" \/>\n<meta property=\"og:description\" content=\"Durant son s\u00e9jour au Borinage, de d\u00e9cembre 1878 \u00e0 octobre 1880, Vincent Van Gogh renonce \u00e0 sa carri\u00e8re d\u2019\u00e9vang\u00e9liste et d\u00e9cide de devenir artiste. C\u2019est le d\u00e9but d\u2019une vocation qui va changer l\u2019histoire de l\u2019art pour toujours. &nbsp; Jusqu\u2019en 2015 o\u00f9 la ville de Mons, capitale de la culture pour une ann\u00e9e enti\u00e8re, d\u00e9cide de &hellip;\" \/>\n<meta property=\"og:url\" content=\"https:\/\/welovecinema.be\/fr\/au-pied-du-terril\/\" \/>\n<meta property=\"og:site_name\" content=\"We Love Cinema\" \/>\n<meta property=\"article:publisher\" content=\"https:\/\/www.facebook.com\/welovecinema.be\" \/>\n<meta property=\"article:published_time\" content=\"2015-02-19T05:55:26+00:00\" \/>\n<meta property=\"article:modified_time\" content=\"2015-02-19T07:57:35+00:00\" \/>\n<meta property=\"og:image\" content=\"https:\/\/welovecinema.be\/wp-content\/uploads\/sites\/2\/2015\/02\/10960245_10153103877404106_22250679868135568_o.jpg\" \/>\n\t<meta property=\"og:image:width\" content=\"2048\" \/>\n\t<meta property=\"og:image:height\" content=\"1152\" \/>\n\t<meta property=\"og:image:type\" content=\"image\/jpeg\" \/>\n<meta name=\"author\" content=\"Philippe.Pierquin\" \/>\n<meta name=\"twitter:card\" content=\"summary_large_image\" \/>\n<meta name=\"twitter:label1\" content=\"\u00c9crit par\" \/>\n\t<meta name=\"twitter:data1\" content=\"Philippe.Pierquin\" \/>\n\t<meta name=\"twitter:label2\" content=\"Dur\u00e9e de lecture estim\u00e9e\" \/>\n\t<meta name=\"twitter:data2\" content=\"2 minutes\" \/>\n<script type=\"application\/ld+json\" class=\"yoast-schema-graph\">{\"@context\":\"https:\/\/schema.org\",\"@graph\":[{\"@type\":\"Article\",\"@id\":\"https:\/\/welovecinema.be\/fr\/au-pied-du-terril\/#article\",\"isPartOf\":{\"@id\":\"https:\/\/welovecinema.be\/fr\/au-pied-du-terril\/\"},\"author\":{\"name\":\"Philippe.Pierquin\",\"@id\":\"https:\/\/welovecinema.be\/nl\/#\/schema\/person\/4b9b1d857f0943453a38a7c2859ef756\"},\"headline\":\"Hollywood, au pied du terril\u2026\",\"datePublished\":\"2015-02-19T05:55:26+00:00\",\"dateModified\":\"2015-02-19T07:57:35+00:00\",\"mainEntityOfPage\":{\"@id\":\"https:\/\/welovecinema.be\/fr\/au-pied-du-terril\/\"},\"wordCount\":415,\"publisher\":{\"@id\":\"https:\/\/welovecinema.be\/nl\/#organization\"},\"articleSection\":[\"A l'affiche\"],\"inLanguage\":\"fr-FR\"},{\"@type\":\"WebPage\",\"@id\":\"https:\/\/welovecinema.be\/fr\/au-pied-du-terril\/\",\"url\":\"https:\/\/welovecinema.be\/fr\/au-pied-du-terril\/\",\"name\":\"Hollywood, au pied du terril\u2026 - We Love Cinema\",\"isPartOf\":{\"@id\":\"https:\/\/welovecinema.be\/nl\/#website\"},\"datePublished\":\"2015-02-19T05:55:26+00:00\",\"dateModified\":\"2015-02-19T07:57:35+00:00\",\"breadcrumb\":{\"@id\":\"https:\/\/welovecinema.be\/fr\/au-pied-du-terril\/#breadcrumb\"},\"inLanguage\":\"fr-FR\",\"potentialAction\":[{\"@type\":\"ReadAction\",\"target\":[\"https:\/\/welovecinema.be\/fr\/au-pied-du-terril\/\"]}]},{\"@type\":\"BreadcrumbList\",\"@id\":\"https:\/\/welovecinema.be\/fr\/au-pied-du-terril\/#breadcrumb\",\"itemListElement\":[{\"@type\":\"ListItem\",\"position\":1,\"name\":\"Accueil\",\"item\":\"https:\/\/welovecinema.be\/fr\/\"},{\"@type\":\"ListItem\",\"position\":2,\"name\":\"Hollywood, au pied du terril\u2026\"}]},{\"@type\":\"WebSite\",\"@id\":\"https:\/\/welovecinema.be\/nl\/#website\",\"url\":\"https:\/\/welovecinema.be\/nl\/\",\"name\":\"We Love Cinema\",\"description\":\"Toute l\u2019information du cin\u00e9ma en Belgique\",\"publisher\":{\"@id\":\"https:\/\/welovecinema.be\/nl\/#organization\"},\"potentialAction\":[{\"@type\":\"SearchAction\",\"target\":{\"@type\":\"EntryPoint\",\"urlTemplate\":\"https:\/\/welovecinema.be\/nl\/?s={search_term_string}\"},\"query-input\":\"required name=search_term_string\"}],\"inLanguage\":\"fr-FR\"},{\"@type\":\"Organization\",\"@id\":\"https:\/\/welovecinema.be\/nl\/#organization\",\"name\":\"We Love Cinema\",\"url\":\"https:\/\/welovecinema.be\/nl\/\",\"logo\":{\"@type\":\"ImageObject\",\"inLanguage\":\"fr-FR\",\"@id\":\"https:\/\/welovecinema.be\/nl\/#\/schema\/logo\/image\/\",\"url\":\"https:\/\/welovecinema.be\/wp-content\/uploads\/sites\/2\/2023\/03\/Logo-We-Love-Cinema305x128.jpg\",\"contentUrl\":\"https:\/\/welovecinema.be\/wp-content\/uploads\/sites\/2\/2023\/03\/Logo-We-Love-Cinema305x128.jpg\",\"width\":305,\"height\":128,\"caption\":\"We Love Cinema\"},\"image\":{\"@id\":\"https:\/\/welovecinema.be\/nl\/#\/schema\/logo\/image\/\"},\"sameAs\":[\"https:\/\/www.facebook.com\/welovecinema.be\",\"https:\/\/www.youtube.com\/channel\/UCX5LYGVhnKvYauW4Nta4HJA\",\"https:\/\/www.instagram.com\/welovecinema.be\/\"]},{\"@type\":\"Person\",\"@id\":\"https:\/\/welovecinema.be\/nl\/#\/schema\/person\/4b9b1d857f0943453a38a7c2859ef756\",\"name\":\"Philippe.Pierquin\",\"url\":\"https:\/\/welovecinema.be\/fr\/author\/philippe-pierquin\/\"}]}<\/script>\n<!-- \/ Yoast SEO plugin. -->","yoast_head_json":{"title":"Hollywood, au pied du terril\u2026 - We Love Cinema","robots":{"index":"index","follow":"follow","max-snippet":"max-snippet:-1","max-image-preview":"max-image-preview:large","max-video-preview":"max-video-preview:-1"},"canonical":"https:\/\/welovecinema.be\/fr\/au-pied-du-terril\/","og_locale":"fr_FR","og_type":"article","og_title":"Hollywood, au pied du terril\u2026 - We Love Cinema","og_description":"Durant son s\u00e9jour au Borinage, de d\u00e9cembre 1878 \u00e0 octobre 1880, Vincent Van Gogh renonce \u00e0 sa carri\u00e8re d\u2019\u00e9vang\u00e9liste et d\u00e9cide de devenir artiste. C\u2019est le d\u00e9but d\u2019une vocation qui va changer l\u2019histoire de l\u2019art pour toujours. &nbsp; Jusqu\u2019en 2015 o\u00f9 la ville de Mons, capitale de la culture pour une ann\u00e9e enti\u00e8re, d\u00e9cide de &hellip;","og_url":"https:\/\/welovecinema.be\/fr\/au-pied-du-terril\/","og_site_name":"We Love Cinema","article_publisher":"https:\/\/www.facebook.com\/welovecinema.be","article_published_time":"2015-02-19T05:55:26+00:00","article_modified_time":"2015-02-19T07:57:35+00:00","og_image":[{"width":2048,"height":1152,"url":"https:\/\/welovecinema.be\/wp-content\/uploads\/sites\/2\/2015\/02\/10960245_10153103877404106_22250679868135568_o.jpg","type":"image\/jpeg"}],"author":"Philippe.Pierquin","twitter_card":"summary_large_image","twitter_misc":{"\u00c9crit par":"Philippe.Pierquin","Dur\u00e9e de lecture estim\u00e9e":"2 minutes"},"schema":{"@context":"https:\/\/schema.org","@graph":[{"@type":"Article","@id":"https:\/\/welovecinema.be\/fr\/au-pied-du-terril\/#article","isPartOf":{"@id":"https:\/\/welovecinema.be\/fr\/au-pied-du-terril\/"},"author":{"name":"Philippe.Pierquin","@id":"https:\/\/welovecinema.be\/nl\/#\/schema\/person\/4b9b1d857f0943453a38a7c2859ef756"},"headline":"Hollywood, au pied du terril\u2026","datePublished":"2015-02-19T05:55:26+00:00","dateModified":"2015-02-19T07:57:35+00:00","mainEntityOfPage":{"@id":"https:\/\/welovecinema.be\/fr\/au-pied-du-terril\/"},"wordCount":415,"publisher":{"@id":"https:\/\/welovecinema.be\/nl\/#organization"},"articleSection":["A l'affiche"],"inLanguage":"fr-FR"},{"@type":"WebPage","@id":"https:\/\/welovecinema.be\/fr\/au-pied-du-terril\/","url":"https:\/\/welovecinema.be\/fr\/au-pied-du-terril\/","name":"Hollywood, au pied du terril\u2026 - We Love Cinema","isPartOf":{"@id":"https:\/\/welovecinema.be\/nl\/#website"},"datePublished":"2015-02-19T05:55:26+00:00","dateModified":"2015-02-19T07:57:35+00:00","breadcrumb":{"@id":"https:\/\/welovecinema.be\/fr\/au-pied-du-terril\/#breadcrumb"},"inLanguage":"fr-FR","potentialAction":[{"@type":"ReadAction","target":["https:\/\/welovecinema.be\/fr\/au-pied-du-terril\/"]}]},{"@type":"BreadcrumbList","@id":"https:\/\/welovecinema.be\/fr\/au-pied-du-terril\/#breadcrumb","itemListElement":[{"@type":"ListItem","position":1,"name":"Accueil","item":"https:\/\/welovecinema.be\/fr\/"},{"@type":"ListItem","position":2,"name":"Hollywood, au pied du terril\u2026"}]},{"@type":"WebSite","@id":"https:\/\/welovecinema.be\/nl\/#website","url":"https:\/\/welovecinema.be\/nl\/","name":"We Love Cinema","description":"Toute l\u2019information du cin\u00e9ma en Belgique","publisher":{"@id":"https:\/\/welovecinema.be\/nl\/#organization"},"potentialAction":[{"@type":"SearchAction","target":{"@type":"EntryPoint","urlTemplate":"https:\/\/welovecinema.be\/nl\/?s={search_term_string}"},"query-input":"required name=search_term_string"}],"inLanguage":"fr-FR"},{"@type":"Organization","@id":"https:\/\/welovecinema.be\/nl\/#organization","name":"We Love Cinema","url":"https:\/\/welovecinema.be\/nl\/","logo":{"@type":"ImageObject","inLanguage":"fr-FR","@id":"https:\/\/welovecinema.be\/nl\/#\/schema\/logo\/image\/","url":"https:\/\/welovecinema.be\/wp-content\/uploads\/sites\/2\/2023\/03\/Logo-We-Love-Cinema305x128.jpg","contentUrl":"https:\/\/welovecinema.be\/wp-content\/uploads\/sites\/2\/2023\/03\/Logo-We-Love-Cinema305x128.jpg","width":305,"height":128,"caption":"We Love Cinema"},"image":{"@id":"https:\/\/welovecinema.be\/nl\/#\/schema\/logo\/image\/"},"sameAs":["https:\/\/www.facebook.com\/welovecinema.be","https:\/\/www.youtube.com\/channel\/UCX5LYGVhnKvYauW4Nta4HJA","https:\/\/www.instagram.com\/welovecinema.be\/"]},{"@type":"Person","@id":"https:\/\/welovecinema.be\/nl\/#\/schema\/person\/4b9b1d857f0943453a38a7c2859ef756","name":"Philippe.Pierquin","url":"https:\/\/welovecinema.be\/fr\/author\/philippe-pierquin\/"}]}},"_links":{"self":[{"href":"https:\/\/welovecinema.be\/fr\/wp-json\/wp\/v2\/posts\/70724","targetHints":{"allow":["GET"]}}],"collection":[{"href":"https:\/\/welovecinema.be\/fr\/wp-json\/wp\/v2\/posts"}],"about":[{"href":"https:\/\/welovecinema.be\/fr\/wp-json\/wp\/v2\/types\/post"}],"author":[{"embeddable":true,"href":"https:\/\/welovecinema.be\/fr\/wp-json\/wp\/v2\/users\/7"}],"replies":[{"embeddable":true,"href":"https:\/\/welovecinema.be\/fr\/wp-json\/wp\/v2\/comments?post=70724"}],"version-history":[{"count":0,"href":"https:\/\/welovecinema.be\/fr\/wp-json\/wp\/v2\/posts\/70724\/revisions"}],"wp:featuredmedia":[{"embeddable":true,"href":"https:\/\/welovecinema.be\/fr\/wp-json\/wp\/v2\/media\/70730"}],"wp:attachment":[{"href":"https:\/\/welovecinema.be\/fr\/wp-json\/wp\/v2\/media?parent=70724"}],"wp:term":[{"taxonomy":"category","embeddable":true,"href":"https:\/\/welovecinema.be\/fr\/wp-json\/wp\/v2\/categories?post=70724"},{"taxonomy":"post_tag","embeddable":true,"href":"https:\/\/welovecinema.be\/fr\/wp-json\/wp\/v2\/tags?post=70724"}],"curies":[{"name":"wp","href":"https:\/\/api.w.org\/{rel}","templated":true}]}}