{"id":70132,"date":"2015-02-09T07:53:10","date_gmt":"2015-02-09T06:53:10","guid":{"rendered":"http:\/\/www.cinevox.be\/?p=70132"},"modified":"2015-02-09T13:12:21","modified_gmt":"2015-02-09T12:12:21","slug":"magritte-2015-en-bas-des-marches-3","status":"publish","type":"post","link":"https:\/\/welovecinema.be\/fr\/magritte-2015-en-bas-des-marches-3\/","title":{"rendered":"Magritte 2015 : en bas des marches (3)"},"content":{"rendered":"<p>Toujours plus bas sur les marches. Et donc toujours plus haut sur l&rsquo;affiche?<br \/>\nParadoxal? Mais non, c&rsquo;est juste belge !<\/p>\n<p>Troisi\u00e8me \u00e9pisode de notre descente au paradis<\/p>\n<p>Bleu bleu le sol de Bruxelles&#8230;<\/p>\n<p>&nbsp;<\/p>\n<p style=\"text-align: right;\"><em>[Toutes les photos\u00a0\u00a9 Philippe Pierquin 2015]<\/em><\/p>\n<p><!--more--><\/p>\n<p>&nbsp;<\/p>\n<p><a href=\"http:\/\/www.cinevox.be\/wp-content\/uploads\/sites\/2\/2015\/02\/IMG_0946.jpg\"><img loading=\"lazy\" decoding=\"async\" class=\"aligncenter size-large wp-image-70133\" src=\"http:\/\/www.cinevox.be\/wp-content\/uploads\/sites\/2\/2015\/02\/IMG_0946-800x533.jpg\" alt=\"\" width=\"640\" height=\"426\" srcset=\"https:\/\/welovecinema.be\/wp-content\/uploads\/sites\/2\/2015\/02\/IMG_0946-800x533.jpg 800w, https:\/\/welovecinema.be\/wp-content\/uploads\/sites\/2\/2015\/02\/IMG_0946-404x270.jpg 404w, https:\/\/welovecinema.be\/wp-content\/uploads\/sites\/2\/2015\/02\/IMG_0946.jpg 1024w\" sizes=\"auto, (max-width: 640px) 100vw, 640px\" \/><\/a><\/p>\n<p>Pauline Brisy, tout sourire&#8230; Comme d&rsquo;habitude<\/p>\n<p>&nbsp;<\/p>\n<p><a href=\"http:\/\/www.cinevox.be\/wp-content\/uploads\/sites\/2\/2015\/02\/IMG_0948.jpg\"><img loading=\"lazy\" decoding=\"async\" class=\"aligncenter size-large wp-image-70134\" src=\"http:\/\/www.cinevox.be\/wp-content\/uploads\/sites\/2\/2015\/02\/IMG_0948-800x525.jpg\" alt=\"\" width=\"640\" height=\"420\" srcset=\"https:\/\/welovecinema.be\/wp-content\/uploads\/sites\/2\/2015\/02\/IMG_0948-800x525.jpg 800w, https:\/\/welovecinema.be\/wp-content\/uploads\/sites\/2\/2015\/02\/IMG_0948-410x270.jpg 410w, https:\/\/welovecinema.be\/wp-content\/uploads\/sites\/2\/2015\/02\/IMG_0948.jpg 1024w\" sizes=\"auto, (max-width: 640px) 100vw, 640px\" \/><\/a><\/p>\n<p>Le chef op\u00e9rateur le plus cool du cin\u00e9ma belge: Vincent Van Gelder (<em>Au nom du fils, Les \u00c2mes de papier<\/em>)<\/p>\n<p>&nbsp;<\/p>\n<p><a href=\"http:\/\/www.cinevox.be\/wp-content\/uploads\/sites\/2\/2015\/02\/IMG_0957.jpg\"><img loading=\"lazy\" decoding=\"async\" class=\"aligncenter size-large wp-image-70135\" src=\"http:\/\/www.cinevox.be\/wp-content\/uploads\/sites\/2\/2015\/02\/IMG_0957-800x533.jpg\" alt=\"\" width=\"640\" height=\"426\" srcset=\"https:\/\/welovecinema.be\/wp-content\/uploads\/sites\/2\/2015\/02\/IMG_0957-800x533.jpg 800w, https:\/\/welovecinema.be\/wp-content\/uploads\/sites\/2\/2015\/02\/IMG_0957-404x270.jpg 404w, https:\/\/welovecinema.be\/wp-content\/uploads\/sites\/2\/2015\/02\/IMG_0957.jpg 1024w\" sizes=\"auto, (max-width: 640px) 100vw, 640px\" \/><\/a><\/p>\n<p>Val\u00e9rie Bournonville productrice pour\u00a0Tarantula de <em>Tous les Chats sont gris<\/em> avec Manon Capelle, la jeune actrice-vedette du film. Quatre heures plus tard, on filera tous ensemble pr\u00e9senter la Premi\u00e8re du film \u00e0 l&rsquo;UGC de Brouck\u00e8re. Cinevox Happening oblige.<\/p>\n<p>&nbsp;<\/p>\n<p><a href=\"http:\/\/www.cinevox.be\/wp-content\/uploads\/sites\/2\/2015\/02\/IMG_0956.jpg\"><img loading=\"lazy\" decoding=\"async\" class=\"aligncenter size-large wp-image-70136\" src=\"http:\/\/www.cinevox.be\/wp-content\/uploads\/sites\/2\/2015\/02\/IMG_0956-800x496.jpg\" alt=\"\" width=\"640\" height=\"396\" srcset=\"https:\/\/welovecinema.be\/wp-content\/uploads\/sites\/2\/2015\/02\/IMG_0956-800x496.jpg 800w, https:\/\/welovecinema.be\/wp-content\/uploads\/sites\/2\/2015\/02\/IMG_0956-434x270.jpg 434w\" sizes=\"auto, (max-width: 640px) 100vw, 640px\" \/><\/a><\/p>\n<p>Delphine Lehericey venue supporter Soldout qui a sign\u00e9 la bande-son de son film <em>Puppylove.<\/em> Smells like a Magritte.<\/p>\n<p>Si vous \u00eates branch\u00e9s sur Spotify, vous pouvez l&rsquo;\u00e9couter ici :<br \/>\n<iframe loading=\"lazy\" src=\"https:\/\/embed.spotify.com\/?uri=spotify:album:6E9qeeVog6JriTWcSUs545\" width=\"300\" height=\"380\" frameborder=\"0\"><\/iframe><\/p>\n<p>&nbsp;<\/p>\n<p>&nbsp;<\/p>\n<p><a href=\"http:\/\/www.cinevox.be\/wp-content\/uploads\/sites\/2\/2015\/02\/IMG_0968.jpg\"><img loading=\"lazy\" decoding=\"async\" class=\"aligncenter size-large wp-image-70137\" src=\"http:\/\/www.cinevox.be\/wp-content\/uploads\/sites\/2\/2015\/02\/IMG_0968-800x533.jpg\" alt=\"\" width=\"640\" height=\"426\" srcset=\"https:\/\/welovecinema.be\/wp-content\/uploads\/sites\/2\/2015\/02\/IMG_0968-800x533.jpg 800w, https:\/\/welovecinema.be\/wp-content\/uploads\/sites\/2\/2015\/02\/IMG_0968-404x270.jpg 404w, https:\/\/welovecinema.be\/wp-content\/uploads\/sites\/2\/2015\/02\/IMG_0968.jpg 1024w\" sizes=\"auto, (max-width: 640px) 100vw, 640px\" \/><\/a><\/p>\n<p>L&rsquo;arriv\u00e9e de l&rsquo;\u00e9quipe de Wallimage sur les marches bleues n&rsquo;est pas pass\u00e9e inaper\u00e7ue. Philippe Reynaert se fait tout petit devant Ramzy Bedia, un des acteurs-phares de <em>L&rsquo;Ar\u00e9oport<\/em>, que le fonds wallon cofinance.<\/p>\n<p>&nbsp;<\/p>\n<p><a href=\"http:\/\/www.cinevox.be\/wp-content\/uploads\/sites\/2\/2015\/02\/IMG_0975.jpg\"><img loading=\"lazy\" decoding=\"async\" class=\"aligncenter size-large wp-image-70138\" src=\"http:\/\/www.cinevox.be\/wp-content\/uploads\/sites\/2\/2015\/02\/IMG_0975-800x533.jpg\" alt=\"\" width=\"640\" height=\"426\" srcset=\"https:\/\/welovecinema.be\/wp-content\/uploads\/sites\/2\/2015\/02\/IMG_0975-800x533.jpg 800w, https:\/\/welovecinema.be\/wp-content\/uploads\/sites\/2\/2015\/02\/IMG_0975-404x270.jpg 404w, https:\/\/welovecinema.be\/wp-content\/uploads\/sites\/2\/2015\/02\/IMG_0975.jpg 1024w\" sizes=\"auto, (max-width: 640px) 100vw, 640px\" \/><\/a><\/p>\n<p>Wallimage (ici St\u00e9phanie Hug\u00e9 et Philippe Reynaert) est\u00a0aussi accompagn\u00e9 par Eric Judor, le futur r\u00e9alisateur de<em> l&rsquo;Ar\u00e9oport<\/em> et des deux boss de Nexus factory qui produisent le film en Belgique: Serge de Poucques (le grand) et Sylvain Goldberg (le bisouteur)<\/p>\n<p>&nbsp;<\/p>\n<p><a href=\"http:\/\/www.cinevox.be\/wp-content\/uploads\/sites\/2\/2015\/02\/IMG_0982.jpg\"><img loading=\"lazy\" decoding=\"async\" class=\"aligncenter size-large wp-image-70139\" src=\"http:\/\/www.cinevox.be\/wp-content\/uploads\/sites\/2\/2015\/02\/IMG_0982-800x533.jpg\" alt=\"\" width=\"640\" height=\"426\" srcset=\"https:\/\/welovecinema.be\/wp-content\/uploads\/sites\/2\/2015\/02\/IMG_0982-800x533.jpg 800w, https:\/\/welovecinema.be\/wp-content\/uploads\/sites\/2\/2015\/02\/IMG_0982-404x270.jpg 404w, https:\/\/welovecinema.be\/wp-content\/uploads\/sites\/2\/2015\/02\/IMG_0982.jpg 1024w\" sizes=\"auto, (max-width: 640px) 100vw, 640px\" \/><\/a><\/p>\n<p>Non, Laurence Bibot ne prie pas. Elle discute avec\u00a0ses amis du mouvement Hors Champ qui manifestent&#8230; hors champ.<\/p>\n<p>&nbsp;<\/p>\n<p><a href=\"http:\/\/www.cinevox.be\/wp-content\/uploads\/sites\/2\/2015\/02\/IMG_0995.jpg\"><img loading=\"lazy\" decoding=\"async\" class=\"aligncenter size-large wp-image-70141\" src=\"http:\/\/www.cinevox.be\/wp-content\/uploads\/sites\/2\/2015\/02\/IMG_0995-800x533.jpg\" alt=\"\" width=\"640\" height=\"426\" srcset=\"https:\/\/welovecinema.be\/wp-content\/uploads\/sites\/2\/2015\/02\/IMG_0995-800x533.jpg 800w, https:\/\/welovecinema.be\/wp-content\/uploads\/sites\/2\/2015\/02\/IMG_0995-404x270.jpg 404w, https:\/\/welovecinema.be\/wp-content\/uploads\/sites\/2\/2015\/02\/IMG_0995.jpg 1024w\" sizes=\"auto, (max-width: 640px) 100vw, 640px\" \/><\/a><\/p>\n<p>L&rsquo;an dernier, Joel Franka raflait le Magritte du premier film. Cette ann\u00e9e, il vient juste montrer sa tr\u00e8s jolie \u00e9charpe anderlechtoise. Et passer une bonne soir\u00e9e.<\/p>\n<p>&nbsp;<\/p>\n<p><a href=\"http:\/\/www.cinevox.be\/wp-content\/uploads\/sites\/2\/2015\/02\/IMG_1012.jpg\"><img loading=\"lazy\" decoding=\"async\" class=\"aligncenter size-large wp-image-70142\" src=\"http:\/\/www.cinevox.be\/wp-content\/uploads\/sites\/2\/2015\/02\/IMG_1012-800x533.jpg\" alt=\"\" width=\"640\" height=\"426\" srcset=\"https:\/\/welovecinema.be\/wp-content\/uploads\/sites\/2\/2015\/02\/IMG_1012-800x533.jpg 800w, https:\/\/welovecinema.be\/wp-content\/uploads\/sites\/2\/2015\/02\/IMG_1012-404x270.jpg 404w, https:\/\/welovecinema.be\/wp-content\/uploads\/sites\/2\/2015\/02\/IMG_1012.jpg 1024w\" sizes=\"auto, (max-width: 640px) 100vw, 640px\" \/><\/a><\/p>\n<p><em>Welkom<\/em> \u00e0\u00a0Pablo Munoz Gomez, vainqueur l&rsquo;an dernier du Magritte du meilleur court m\u00e9trage.<\/p>\n<p>&nbsp;<\/p>\n<p><a href=\"http:\/\/www.cinevox.be\/wp-content\/uploads\/sites\/2\/2015\/02\/IMG_1014.jpg\"><img loading=\"lazy\" decoding=\"async\" class=\"aligncenter size-large wp-image-70143\" src=\"http:\/\/www.cinevox.be\/wp-content\/uploads\/sites\/2\/2015\/02\/IMG_1014-800x475.jpg\" alt=\"\" width=\"640\" height=\"380\" srcset=\"https:\/\/welovecinema.be\/wp-content\/uploads\/sites\/2\/2015\/02\/IMG_1014-800x475.jpg 800w, https:\/\/welovecinema.be\/wp-content\/uploads\/sites\/2\/2015\/02\/IMG_1014-454x270.jpg 454w, https:\/\/welovecinema.be\/wp-content\/uploads\/sites\/2\/2015\/02\/IMG_1014.jpg 1024w\" sizes=\"auto, (max-width: 640px) 100vw, 640px\" \/><\/a><\/p>\n<p>Une arriv\u00e9e qui n&rsquo;est pas pass\u00e9e inaper\u00e7ue, celle de Patrick Quinet et son \u00e9pouse. Le pr\u00e9sident de l&rsquo;UPFF a \u00e9t\u00e9 honor\u00e9 \u00e0 plusieurs reprises durant la soir\u00e9e et il en fut visiblement fort \u00e9mu Il est ici \u00e9galement accompagn\u00e9 \u00a0par le g\u00e9ant Vincent Lannoo dont il a produit <em>Les \u00c2mes de Papier.\u00a0<\/em><\/p>\n<p>&nbsp;<\/p>\n<p><a href=\"http:\/\/www.cinevox.be\/wp-content\/uploads\/sites\/2\/2015\/02\/IMG_1027.jpg\"><img loading=\"lazy\" decoding=\"async\" class=\"aligncenter size-large wp-image-70144\" src=\"http:\/\/www.cinevox.be\/wp-content\/uploads\/sites\/2\/2015\/02\/IMG_1027-800x533.jpg\" alt=\"\" width=\"640\" height=\"426\" srcset=\"https:\/\/welovecinema.be\/wp-content\/uploads\/sites\/2\/2015\/02\/IMG_1027-800x533.jpg 800w, https:\/\/welovecinema.be\/wp-content\/uploads\/sites\/2\/2015\/02\/IMG_1027-404x270.jpg 404w, https:\/\/welovecinema.be\/wp-content\/uploads\/sites\/2\/2015\/02\/IMG_1027.jpg 1024w\" sizes=\"auto, (max-width: 640px) 100vw, 640px\" \/><\/a><\/p>\n<p>Isabelle de Hertogh, inoubliable interpr\u00e8te d&rsquo;<em>Hasta La Vista,<\/em> qu&rsquo;on a revu dans <em>Salaud, on t&rsquo;aime<\/em> de Claude Lelouch. Tr\u00e8s sensible aux vannes de Charlie Dupont, elle nous fera entendre son rire inimitable d\u00e8s l&rsquo;ouverture de la soir\u00e9e.<\/p>\n<p>&nbsp;<\/p>\n<p><a href=\"http:\/\/www.cinevox.be\/wp-content\/uploads\/sites\/2\/2015\/02\/IMG_1030.jpg\"><img loading=\"lazy\" decoding=\"async\" class=\"aligncenter size-large wp-image-70145\" src=\"http:\/\/www.cinevox.be\/wp-content\/uploads\/sites\/2\/2015\/02\/IMG_1030-800x533.jpg\" alt=\"\" width=\"640\" height=\"426\" srcset=\"https:\/\/welovecinema.be\/wp-content\/uploads\/sites\/2\/2015\/02\/IMG_1030-800x533.jpg 800w, https:\/\/welovecinema.be\/wp-content\/uploads\/sites\/2\/2015\/02\/IMG_1030-404x270.jpg 404w, https:\/\/welovecinema.be\/wp-content\/uploads\/sites\/2\/2015\/02\/IMG_1030.jpg 1024w\" sizes=\"auto, (max-width: 640px) 100vw, 640px\" \/><\/a><\/p>\n<p>Luc Dardenne et madame. A ce moment, on ne sait pas encore si cette 5e \u00e9dition sera celle du triomphe ou de la d\u00e9chirure.<\/p>\n<p>&nbsp;<\/p>\n<p><a href=\"http:\/\/www.cinevox.be\/wp-content\/uploads\/sites\/2\/2015\/02\/IMG_1049.jpg\"><img loading=\"lazy\" decoding=\"async\" class=\"aligncenter size-large wp-image-70146\" src=\"http:\/\/www.cinevox.be\/wp-content\/uploads\/sites\/2\/2015\/02\/IMG_1049-800x509.jpg\" alt=\"\" width=\"640\" height=\"407\" srcset=\"https:\/\/welovecinema.be\/wp-content\/uploads\/sites\/2\/2015\/02\/IMG_1049-800x509.jpg 800w, https:\/\/welovecinema.be\/wp-content\/uploads\/sites\/2\/2015\/02\/IMG_1049-424x270.jpg 424w, https:\/\/welovecinema.be\/wp-content\/uploads\/sites\/2\/2015\/02\/IMG_1049.jpg 1024w\" sizes=\"auto, (max-width: 640px) 100vw, 640px\" \/><\/a><\/p>\n<p>\u00c9loquent le geste de Stefan Liberski qui nous montre que oui, sa petite prot\u00e9g\u00e9e Pauline Etienne a le ventre rond.<\/p>\n<p>&nbsp;<\/p>\n<p><a href=\"http:\/\/www.cinevox.be\/wp-content\/uploads\/sites\/2\/2015\/02\/IMG_1059.jpg\"><img loading=\"lazy\" decoding=\"async\" class=\"aligncenter size-large wp-image-70147\" src=\"http:\/\/www.cinevox.be\/wp-content\/uploads\/sites\/2\/2015\/02\/IMG_1059-800x533.jpg\" alt=\"\" width=\"640\" height=\"426\" srcset=\"https:\/\/welovecinema.be\/wp-content\/uploads\/sites\/2\/2015\/02\/IMG_1059-800x533.jpg 800w, https:\/\/welovecinema.be\/wp-content\/uploads\/sites\/2\/2015\/02\/IMG_1059-404x270.jpg 404w, https:\/\/welovecinema.be\/wp-content\/uploads\/sites\/2\/2015\/02\/IMG_1059.jpg 1024w\" sizes=\"auto, (max-width: 640px) 100vw, 640px\" \/><\/a><\/p>\n<p>La Mariage team. Benoit avec sa compagne et ses producteurs \u00a0Boris Van Gils et Michael Goldberg (aussi producteurs de Stephan Streker).<br \/>\nL\u2019homme au bonnet n&rsquo;a pas particip\u00e9 aux <em>Rayures du Z\u00e8bre : c<\/em>&lsquo;est le chef op\u00e9rateur nomin\u00e9 de <em>Tokyo Fianc\u00e9e,<\/em> titulaire des deux derniers Magritte de la meilleure image : Hichame Allaoui\u00e9.<\/p>\n<p>&nbsp;<\/p>\n<p><a href=\"http:\/\/www.cinevox.be\/wp-content\/uploads\/sites\/2\/2015\/02\/IMG_1067.jpg\"><img loading=\"lazy\" decoding=\"async\" class=\"aligncenter size-large wp-image-70148\" src=\"http:\/\/www.cinevox.be\/wp-content\/uploads\/sites\/2\/2015\/02\/IMG_1067-800x445.jpg\" alt=\"\" width=\"640\" height=\"356\" srcset=\"https:\/\/welovecinema.be\/wp-content\/uploads\/sites\/2\/2015\/02\/IMG_1067-800x445.jpg 800w, https:\/\/welovecinema.be\/wp-content\/uploads\/sites\/2\/2015\/02\/IMG_1067-480x267.jpg 480w, https:\/\/welovecinema.be\/wp-content\/uploads\/sites\/2\/2015\/02\/IMG_1067.jpg 1024w\" sizes=\"auto, (max-width: 640px) 100vw, 640px\" \/><\/a><\/p>\n<p>Nicole Gillet, directrice du FIFF, \u00e9galement tr\u00e8s active sur l&rsquo;organisation des Magritte du Cin\u00e9ma.<\/p>\n<p>&nbsp;<\/p>\n<p><strong>L&rsquo;int\u00e9grale<\/strong><\/p>\n<p>No comment : balade dans les coulisses des Magritte : <a href=\"http:\/\/www.cinevox.be\/?p=70153\" target=\"_blank\">http:\/\/www.cinevox.be\/?p=70153<\/a><\/p>\n<p>Magritte 2015 : en bas des marches (4) : http:\/\/www.cinevox.be\/?p=70183<\/p>\n<p>Magritte 2015 : en bas des marches (3) &#8211; <a href=\"http:\/\/www.cinevox.be\/?p=70132\" target=\"_blank\">http:\/\/www.cinevox.be\/?p=70132<\/a><\/p>\n<p>Magritte 2015 : en bas des marches (2) &#8211; <a href=\"http:\/\/www.cinevox.be\/?p=70068\" target=\"_blank\">http:\/\/www.cinevox.be\/?p=70068<\/a><\/p>\n<p>Magritte 2015 : en bas des marches (1) &#8211; <a href=\"http:\/\/www.cinevox.be\/?p=70022\" target=\"_blank\">http:\/\/www.cinevox.be\/?p=70022<\/a><\/p>\n","protected":false},"excerpt":{"rendered":"<p>Toujours plus bas sur les marches. Et donc toujours plus haut sur l&rsquo;affiche? Paradoxal? Mais non, c&rsquo;est juste belge ! Troisi\u00e8me \u00e9pisode de notre descente au paradis Bleu bleu le sol de Bruxelles&#8230; &nbsp; [Toutes les photos\u00a0\u00a9 Philippe Pierquin 2015]<\/p>\n","protected":false},"author":7,"featured_media":70150,"comment_status":"closed","ping_status":"closed","sticky":false,"template":"","format":"standard","meta":{"ngg_post_thumbnail":0,"footnotes":""},"categories":[1923,7],"tags":[],"class_list":["post-70132","post","type-post","status-publish","format-standard","has-post-thumbnail","","category-en-bref","category-actualites"],"yoast_head":"<!-- This site is optimized with the Yoast SEO plugin v20.4 - https:\/\/yoast.com\/wordpress\/plugins\/seo\/ -->\n<title>Magritte 2015 : en bas des marches (3) - We Love Cinema<\/title>\n<meta name=\"robots\" content=\"index, follow, max-snippet:-1, max-image-preview:large, max-video-preview:-1\" \/>\n<link rel=\"canonical\" href=\"https:\/\/welovecinema.be\/fr\/magritte-2015-en-bas-des-marches-3\/\" \/>\n<meta property=\"og:locale\" content=\"fr_FR\" \/>\n<meta property=\"og:type\" content=\"article\" \/>\n<meta property=\"og:title\" content=\"Magritte 2015 : en bas des marches (3) - We Love Cinema\" \/>\n<meta property=\"og:description\" content=\"Toujours plus bas sur les marches. Et donc toujours plus haut sur l&rsquo;affiche? Paradoxal? Mais non, c&rsquo;est juste belge ! Troisi\u00e8me \u00e9pisode de notre descente au paradis Bleu bleu le sol de Bruxelles&#8230; &nbsp; [Toutes les photos\u00a0\u00a9 Philippe Pierquin 2015]\" \/>\n<meta property=\"og:url\" content=\"https:\/\/welovecinema.be\/fr\/magritte-2015-en-bas-des-marches-3\/\" \/>\n<meta property=\"og:site_name\" content=\"We Love Cinema\" \/>\n<meta property=\"article:publisher\" content=\"https:\/\/www.facebook.com\/welovecinema.be\" \/>\n<meta property=\"article:published_time\" content=\"2015-02-09T06:53:10+00:00\" \/>\n<meta property=\"article:modified_time\" content=\"2015-02-09T12:12:21+00:00\" \/>\n<meta property=\"og:image\" content=\"https:\/\/welovecinema.be\/wp-content\/uploads\/sites\/2\/2015\/02\/IMG_10141.jpg\" \/>\n\t<meta property=\"og:image:width\" content=\"1024\" \/>\n\t<meta property=\"og:image:height\" content=\"608\" \/>\n\t<meta property=\"og:image:type\" content=\"image\/jpeg\" \/>\n<meta name=\"author\" content=\"Philippe.Pierquin\" \/>\n<meta name=\"twitter:card\" content=\"summary_large_image\" \/>\n<meta name=\"twitter:label1\" content=\"\u00c9crit par\" \/>\n\t<meta name=\"twitter:data1\" content=\"Philippe.Pierquin\" \/>\n\t<meta name=\"twitter:label2\" content=\"Dur\u00e9e de lecture estim\u00e9e\" \/>\n\t<meta name=\"twitter:data2\" content=\"3 minutes\" \/>\n<script type=\"application\/ld+json\" class=\"yoast-schema-graph\">{\"@context\":\"https:\/\/schema.org\",\"@graph\":[{\"@type\":\"Article\",\"@id\":\"https:\/\/welovecinema.be\/fr\/magritte-2015-en-bas-des-marches-3\/#article\",\"isPartOf\":{\"@id\":\"https:\/\/welovecinema.be\/fr\/magritte-2015-en-bas-des-marches-3\/\"},\"author\":{\"name\":\"Philippe.Pierquin\",\"@id\":\"https:\/\/welovecinema.be\/nl\/#\/schema\/person\/4b9b1d857f0943453a38a7c2859ef756\"},\"headline\":\"Magritte 2015 : en bas des marches (3)\",\"datePublished\":\"2015-02-09T06:53:10+00:00\",\"dateModified\":\"2015-02-09T12:12:21+00:00\",\"mainEntityOfPage\":{\"@id\":\"https:\/\/welovecinema.be\/fr\/magritte-2015-en-bas-des-marches-3\/\"},\"wordCount\":597,\"publisher\":{\"@id\":\"https:\/\/welovecinema.be\/nl\/#organization\"},\"articleSection\":[\"En bref\",\"News\"],\"inLanguage\":\"fr-FR\"},{\"@type\":\"WebPage\",\"@id\":\"https:\/\/welovecinema.be\/fr\/magritte-2015-en-bas-des-marches-3\/\",\"url\":\"https:\/\/welovecinema.be\/fr\/magritte-2015-en-bas-des-marches-3\/\",\"name\":\"Magritte 2015 : en bas des marches (3) - We Love Cinema\",\"isPartOf\":{\"@id\":\"https:\/\/welovecinema.be\/nl\/#website\"},\"datePublished\":\"2015-02-09T06:53:10+00:00\",\"dateModified\":\"2015-02-09T12:12:21+00:00\",\"breadcrumb\":{\"@id\":\"https:\/\/welovecinema.be\/fr\/magritte-2015-en-bas-des-marches-3\/#breadcrumb\"},\"inLanguage\":\"fr-FR\",\"potentialAction\":[{\"@type\":\"ReadAction\",\"target\":[\"https:\/\/welovecinema.be\/fr\/magritte-2015-en-bas-des-marches-3\/\"]}]},{\"@type\":\"BreadcrumbList\",\"@id\":\"https:\/\/welovecinema.be\/fr\/magritte-2015-en-bas-des-marches-3\/#breadcrumb\",\"itemListElement\":[{\"@type\":\"ListItem\",\"position\":1,\"name\":\"Accueil\",\"item\":\"https:\/\/welovecinema.be\/fr\/\"},{\"@type\":\"ListItem\",\"position\":2,\"name\":\"Magritte 2015 : en bas des marches (3)\"}]},{\"@type\":\"WebSite\",\"@id\":\"https:\/\/welovecinema.be\/nl\/#website\",\"url\":\"https:\/\/welovecinema.be\/nl\/\",\"name\":\"We Love Cinema\",\"description\":\"Toute l\u2019information du cin\u00e9ma en Belgique\",\"publisher\":{\"@id\":\"https:\/\/welovecinema.be\/nl\/#organization\"},\"potentialAction\":[{\"@type\":\"SearchAction\",\"target\":{\"@type\":\"EntryPoint\",\"urlTemplate\":\"https:\/\/welovecinema.be\/nl\/?s={search_term_string}\"},\"query-input\":\"required name=search_term_string\"}],\"inLanguage\":\"fr-FR\"},{\"@type\":\"Organization\",\"@id\":\"https:\/\/welovecinema.be\/nl\/#organization\",\"name\":\"We Love Cinema\",\"url\":\"https:\/\/welovecinema.be\/nl\/\",\"logo\":{\"@type\":\"ImageObject\",\"inLanguage\":\"fr-FR\",\"@id\":\"https:\/\/welovecinema.be\/nl\/#\/schema\/logo\/image\/\",\"url\":\"https:\/\/welovecinema.be\/wp-content\/uploads\/sites\/2\/2023\/03\/Logo-We-Love-Cinema305x128.jpg\",\"contentUrl\":\"https:\/\/welovecinema.be\/wp-content\/uploads\/sites\/2\/2023\/03\/Logo-We-Love-Cinema305x128.jpg\",\"width\":305,\"height\":128,\"caption\":\"We Love Cinema\"},\"image\":{\"@id\":\"https:\/\/welovecinema.be\/nl\/#\/schema\/logo\/image\/\"},\"sameAs\":[\"https:\/\/www.facebook.com\/welovecinema.be\",\"https:\/\/www.youtube.com\/channel\/UCX5LYGVhnKvYauW4Nta4HJA\",\"https:\/\/www.instagram.com\/welovecinema.be\/\"]},{\"@type\":\"Person\",\"@id\":\"https:\/\/welovecinema.be\/nl\/#\/schema\/person\/4b9b1d857f0943453a38a7c2859ef756\",\"name\":\"Philippe.Pierquin\",\"url\":\"https:\/\/welovecinema.be\/fr\/author\/philippe-pierquin\/\"}]}<\/script>\n<!-- \/ Yoast SEO plugin. -->","yoast_head_json":{"title":"Magritte 2015 : en bas des marches (3) - We Love Cinema","robots":{"index":"index","follow":"follow","max-snippet":"max-snippet:-1","max-image-preview":"max-image-preview:large","max-video-preview":"max-video-preview:-1"},"canonical":"https:\/\/welovecinema.be\/fr\/magritte-2015-en-bas-des-marches-3\/","og_locale":"fr_FR","og_type":"article","og_title":"Magritte 2015 : en bas des marches (3) - We Love Cinema","og_description":"Toujours plus bas sur les marches. Et donc toujours plus haut sur l&rsquo;affiche? Paradoxal? Mais non, c&rsquo;est juste belge ! Troisi\u00e8me \u00e9pisode de notre descente au paradis Bleu bleu le sol de Bruxelles&#8230; &nbsp; [Toutes les photos\u00a0\u00a9 Philippe Pierquin 2015]","og_url":"https:\/\/welovecinema.be\/fr\/magritte-2015-en-bas-des-marches-3\/","og_site_name":"We Love Cinema","article_publisher":"https:\/\/www.facebook.com\/welovecinema.be","article_published_time":"2015-02-09T06:53:10+00:00","article_modified_time":"2015-02-09T12:12:21+00:00","og_image":[{"width":1024,"height":608,"url":"https:\/\/welovecinema.be\/wp-content\/uploads\/sites\/2\/2015\/02\/IMG_10141.jpg","type":"image\/jpeg"}],"author":"Philippe.Pierquin","twitter_card":"summary_large_image","twitter_misc":{"\u00c9crit par":"Philippe.Pierquin","Dur\u00e9e de lecture estim\u00e9e":"3 minutes"},"schema":{"@context":"https:\/\/schema.org","@graph":[{"@type":"Article","@id":"https:\/\/welovecinema.be\/fr\/magritte-2015-en-bas-des-marches-3\/#article","isPartOf":{"@id":"https:\/\/welovecinema.be\/fr\/magritte-2015-en-bas-des-marches-3\/"},"author":{"name":"Philippe.Pierquin","@id":"https:\/\/welovecinema.be\/nl\/#\/schema\/person\/4b9b1d857f0943453a38a7c2859ef756"},"headline":"Magritte 2015 : en bas des marches (3)","datePublished":"2015-02-09T06:53:10+00:00","dateModified":"2015-02-09T12:12:21+00:00","mainEntityOfPage":{"@id":"https:\/\/welovecinema.be\/fr\/magritte-2015-en-bas-des-marches-3\/"},"wordCount":597,"publisher":{"@id":"https:\/\/welovecinema.be\/nl\/#organization"},"articleSection":["En bref","News"],"inLanguage":"fr-FR"},{"@type":"WebPage","@id":"https:\/\/welovecinema.be\/fr\/magritte-2015-en-bas-des-marches-3\/","url":"https:\/\/welovecinema.be\/fr\/magritte-2015-en-bas-des-marches-3\/","name":"Magritte 2015 : en bas des marches (3) - We Love Cinema","isPartOf":{"@id":"https:\/\/welovecinema.be\/nl\/#website"},"datePublished":"2015-02-09T06:53:10+00:00","dateModified":"2015-02-09T12:12:21+00:00","breadcrumb":{"@id":"https:\/\/welovecinema.be\/fr\/magritte-2015-en-bas-des-marches-3\/#breadcrumb"},"inLanguage":"fr-FR","potentialAction":[{"@type":"ReadAction","target":["https:\/\/welovecinema.be\/fr\/magritte-2015-en-bas-des-marches-3\/"]}]},{"@type":"BreadcrumbList","@id":"https:\/\/welovecinema.be\/fr\/magritte-2015-en-bas-des-marches-3\/#breadcrumb","itemListElement":[{"@type":"ListItem","position":1,"name":"Accueil","item":"https:\/\/welovecinema.be\/fr\/"},{"@type":"ListItem","position":2,"name":"Magritte 2015 : en bas des marches (3)"}]},{"@type":"WebSite","@id":"https:\/\/welovecinema.be\/nl\/#website","url":"https:\/\/welovecinema.be\/nl\/","name":"We Love Cinema","description":"Toute l\u2019information du cin\u00e9ma en Belgique","publisher":{"@id":"https:\/\/welovecinema.be\/nl\/#organization"},"potentialAction":[{"@type":"SearchAction","target":{"@type":"EntryPoint","urlTemplate":"https:\/\/welovecinema.be\/nl\/?s={search_term_string}"},"query-input":"required name=search_term_string"}],"inLanguage":"fr-FR"},{"@type":"Organization","@id":"https:\/\/welovecinema.be\/nl\/#organization","name":"We Love Cinema","url":"https:\/\/welovecinema.be\/nl\/","logo":{"@type":"ImageObject","inLanguage":"fr-FR","@id":"https:\/\/welovecinema.be\/nl\/#\/schema\/logo\/image\/","url":"https:\/\/welovecinema.be\/wp-content\/uploads\/sites\/2\/2023\/03\/Logo-We-Love-Cinema305x128.jpg","contentUrl":"https:\/\/welovecinema.be\/wp-content\/uploads\/sites\/2\/2023\/03\/Logo-We-Love-Cinema305x128.jpg","width":305,"height":128,"caption":"We Love Cinema"},"image":{"@id":"https:\/\/welovecinema.be\/nl\/#\/schema\/logo\/image\/"},"sameAs":["https:\/\/www.facebook.com\/welovecinema.be","https:\/\/www.youtube.com\/channel\/UCX5LYGVhnKvYauW4Nta4HJA","https:\/\/www.instagram.com\/welovecinema.be\/"]},{"@type":"Person","@id":"https:\/\/welovecinema.be\/nl\/#\/schema\/person\/4b9b1d857f0943453a38a7c2859ef756","name":"Philippe.Pierquin","url":"https:\/\/welovecinema.be\/fr\/author\/philippe-pierquin\/"}]}},"_links":{"self":[{"href":"https:\/\/welovecinema.be\/fr\/wp-json\/wp\/v2\/posts\/70132","targetHints":{"allow":["GET"]}}],"collection":[{"href":"https:\/\/welovecinema.be\/fr\/wp-json\/wp\/v2\/posts"}],"about":[{"href":"https:\/\/welovecinema.be\/fr\/wp-json\/wp\/v2\/types\/post"}],"author":[{"embeddable":true,"href":"https:\/\/welovecinema.be\/fr\/wp-json\/wp\/v2\/users\/7"}],"replies":[{"embeddable":true,"href":"https:\/\/welovecinema.be\/fr\/wp-json\/wp\/v2\/comments?post=70132"}],"version-history":[{"count":0,"href":"https:\/\/welovecinema.be\/fr\/wp-json\/wp\/v2\/posts\/70132\/revisions"}],"wp:featuredmedia":[{"embeddable":true,"href":"https:\/\/welovecinema.be\/fr\/wp-json\/wp\/v2\/media\/70150"}],"wp:attachment":[{"href":"https:\/\/welovecinema.be\/fr\/wp-json\/wp\/v2\/media?parent=70132"}],"wp:term":[{"taxonomy":"category","embeddable":true,"href":"https:\/\/welovecinema.be\/fr\/wp-json\/wp\/v2\/categories?post=70132"},{"taxonomy":"post_tag","embeddable":true,"href":"https:\/\/welovecinema.be\/fr\/wp-json\/wp\/v2\/tags?post=70132"}],"curies":[{"name":"wp","href":"https:\/\/api.w.org\/{rel}","templated":true}]}}