{"id":70068,"date":"2015-02-08T16:00:18","date_gmt":"2015-02-08T15:00:18","guid":{"rendered":"http:\/\/www.cinevox.be\/?p=70068"},"modified":"2015-02-09T13:12:24","modified_gmt":"2015-02-09T12:12:24","slug":"magritte-2015-en-bas-des-marches-2","status":"publish","type":"post","link":"https:\/\/welovecinema.be\/fr\/magritte-2015-en-bas-des-marches-2\/","title":{"rendered":"Magritte 2015 : en bas des marches (2)"},"content":{"rendered":"<p>On continue \u00e0 descendre les marches. Parce que dans le cin\u00e9ma belge, plus tu descends, plus tu montes. C&rsquo;est comme \u00e7a. C&rsquo;est belge, quoi&#8230;<\/p>\n<p>&nbsp;<\/p>\n<p style=\"text-align: right;\"><em>[Toutes les photos\u00a0\u00a9 Philippe Pierquin 2015]<\/em><\/p>\n<p><!--more--><\/p>\n<p>&nbsp;<\/p>\n<p>&nbsp;<\/p>\n<p>&nbsp;<\/p>\n<p>&nbsp;<\/p>\n<p>&nbsp;<\/p>\n<p>&nbsp;<\/p>\n<p><a href=\"http:\/\/www.cinevox.be\/wp-content\/uploads\/sites\/2\/2015\/02\/IMG_0859.jpg\"><img loading=\"lazy\" decoding=\"async\" class=\"aligncenter size-large wp-image-70069\" src=\"http:\/\/www.cinevox.be\/wp-content\/uploads\/sites\/2\/2015\/02\/IMG_0859-800x533.jpg\" alt=\"\" width=\"640\" height=\"426\" srcset=\"https:\/\/welovecinema.be\/wp-content\/uploads\/sites\/2\/2015\/02\/IMG_0859-800x533.jpg 800w, https:\/\/welovecinema.be\/wp-content\/uploads\/sites\/2\/2015\/02\/IMG_0859-404x270.jpg 404w, https:\/\/welovecinema.be\/wp-content\/uploads\/sites\/2\/2015\/02\/IMG_0859.jpg 1024w\" sizes=\"auto, (max-width: 640px) 100vw, 640px\" \/><\/a><\/p>\n<p>Benjamin Ramon et\u00a0Emilie Mar\u00e9chal<span style=\"color: #000000;\"><b>, <\/b>deux des acteurs de <em>Tokyo Anyway<\/em>, nomin\u00e9s pour le Magritte du meilleur espoir<\/span><\/p>\n<p><a href=\"http:\/\/www.cinevox.be\/wp-content\/uploads\/sites\/2\/2015\/02\/IMG_0867.jpg\"><img loading=\"lazy\" decoding=\"async\" class=\"aligncenter size-large wp-image-70070\" src=\"http:\/\/www.cinevox.be\/wp-content\/uploads\/sites\/2\/2015\/02\/IMG_0867-800x533.jpg\" alt=\"\" width=\"640\" height=\"426\" srcset=\"https:\/\/welovecinema.be\/wp-content\/uploads\/sites\/2\/2015\/02\/IMG_0867-800x533.jpg 800w, https:\/\/welovecinema.be\/wp-content\/uploads\/sites\/2\/2015\/02\/IMG_0867-404x270.jpg 404w, https:\/\/welovecinema.be\/wp-content\/uploads\/sites\/2\/2015\/02\/IMG_0867.jpg 1024w\" sizes=\"auto, (max-width: 640px) 100vw, 640px\" \/><\/a><\/p>\n<p>Jaco Van Dormael, pr\u00e9c\u00e8de Pierre Krol et Dominique Demoulin<\/p>\n<p>&nbsp;<\/p>\n<p><a href=\"http:\/\/www.cinevox.be\/wp-content\/uploads\/sites\/2\/2015\/02\/IMG_0870.jpg\"><img loading=\"lazy\" decoding=\"async\" class=\"aligncenter size-large wp-image-70071\" src=\"http:\/\/www.cinevox.be\/wp-content\/uploads\/sites\/2\/2015\/02\/IMG_0870-800x533.jpg\" alt=\"\" width=\"640\" height=\"426\" srcset=\"https:\/\/welovecinema.be\/wp-content\/uploads\/sites\/2\/2015\/02\/IMG_0870-800x533.jpg 800w, https:\/\/welovecinema.be\/wp-content\/uploads\/sites\/2\/2015\/02\/IMG_0870-404x270.jpg 404w, https:\/\/welovecinema.be\/wp-content\/uploads\/sites\/2\/2015\/02\/IMG_0870.jpg 1024w\" sizes=\"auto, (max-width: 640px) 100vw, 640px\" \/><\/a><\/p>\n<p>Jose-Luis Panafuerte, 1er Magritte du meilleur documentaire<\/p>\n<p>&nbsp;<\/p>\n<p><a href=\"http:\/\/www.cinevox.be\/wp-content\/uploads\/sites\/2\/2015\/02\/IMG_0874.jpg\"><img loading=\"lazy\" decoding=\"async\" class=\"aligncenter size-large wp-image-70072\" src=\"http:\/\/www.cinevox.be\/wp-content\/uploads\/sites\/2\/2015\/02\/IMG_0874-800x533.jpg\" alt=\"\" width=\"640\" height=\"426\" srcset=\"https:\/\/welovecinema.be\/wp-content\/uploads\/sites\/2\/2015\/02\/IMG_0874-800x533.jpg 800w, https:\/\/welovecinema.be\/wp-content\/uploads\/sites\/2\/2015\/02\/IMG_0874-404x270.jpg 404w, https:\/\/welovecinema.be\/wp-content\/uploads\/sites\/2\/2015\/02\/IMG_0874.jpg 1024w\" sizes=\"auto, (max-width: 640px) 100vw, 640px\" \/><\/a><\/p>\n<p>Vivian Goffette, r\u00e9alisateur de l&rsquo;excellent Yam dam, prix Cinevox au FIFF en 2013<\/p>\n<p>&nbsp;<\/p>\n<p><a href=\"http:\/\/www.cinevox.be\/wp-content\/uploads\/sites\/2\/2015\/02\/IMG_0881.jpg\"><img loading=\"lazy\" decoding=\"async\" class=\"aligncenter size-large wp-image-70073\" src=\"http:\/\/www.cinevox.be\/wp-content\/uploads\/sites\/2\/2015\/02\/IMG_0881-800x533.jpg\" alt=\"\" width=\"640\" height=\"426\" srcset=\"https:\/\/welovecinema.be\/wp-content\/uploads\/sites\/2\/2015\/02\/IMG_0881-800x533.jpg 800w, https:\/\/welovecinema.be\/wp-content\/uploads\/sites\/2\/2015\/02\/IMG_0881-404x270.jpg 404w, https:\/\/welovecinema.be\/wp-content\/uploads\/sites\/2\/2015\/02\/IMG_0881.jpg 1024w\" sizes=\"auto, (max-width: 640px) 100vw, 640px\" \/><\/a><\/p>\n<p>Fiona Gordon et Dominique Abel, lost in Brussels: une visite aux Magritte avant le festival de Cannes?<\/p>\n<p>&nbsp;<\/p>\n<p><a href=\"http:\/\/www.cinevox.be\/wp-content\/uploads\/sites\/2\/2015\/02\/IMG_0885.jpg\"><img loading=\"lazy\" decoding=\"async\" class=\"aligncenter size-large wp-image-70074\" src=\"http:\/\/www.cinevox.be\/wp-content\/uploads\/sites\/2\/2015\/02\/IMG_0885-800x533.jpg\" alt=\"\" width=\"640\" height=\"426\" srcset=\"https:\/\/welovecinema.be\/wp-content\/uploads\/sites\/2\/2015\/02\/IMG_0885-800x533.jpg 800w, https:\/\/welovecinema.be\/wp-content\/uploads\/sites\/2\/2015\/02\/IMG_0885-404x270.jpg 404w, https:\/\/welovecinema.be\/wp-content\/uploads\/sites\/2\/2015\/02\/IMG_0885.jpg 1024w\" sizes=\"auto, (max-width: 640px) 100vw, 640px\" \/><\/a><\/p>\n<p>Louis H\u00e9liot du Centre Wallonie Bruxelles, tr\u00e8s alerte<\/p>\n<p><a href=\"http:\/\/www.cinevox.be\/wp-content\/uploads\/sites\/2\/2015\/02\/IMG_0891.jpg\"><img loading=\"lazy\" decoding=\"async\" class=\"aligncenter size-large wp-image-70076\" src=\"http:\/\/www.cinevox.be\/wp-content\/uploads\/sites\/2\/2015\/02\/IMG_0891-800x533.jpg\" alt=\"\" width=\"640\" height=\"426\" srcset=\"https:\/\/welovecinema.be\/wp-content\/uploads\/sites\/2\/2015\/02\/IMG_0891-800x533.jpg 800w, https:\/\/welovecinema.be\/wp-content\/uploads\/sites\/2\/2015\/02\/IMG_0891-404x270.jpg 404w, https:\/\/welovecinema.be\/wp-content\/uploads\/sites\/2\/2015\/02\/IMG_0891.jpg 1024w\" sizes=\"auto, (max-width: 640px) 100vw, 640px\" \/><\/a><\/p>\n<p>&nbsp;<\/p>\n<p>La Streker team avec Ozark Henry<\/p>\n<p>&nbsp;<\/p>\n<p><a href=\"http:\/\/www.cinevox.be\/wp-content\/uploads\/sites\/2\/2015\/02\/IMG_0893.jpg\"><img loading=\"lazy\" decoding=\"async\" class=\"aligncenter size-large wp-image-70077\" src=\"http:\/\/www.cinevox.be\/wp-content\/uploads\/sites\/2\/2015\/02\/IMG_0893-800x533.jpg\" alt=\"\" width=\"640\" height=\"426\" srcset=\"https:\/\/welovecinema.be\/wp-content\/uploads\/sites\/2\/2015\/02\/IMG_0893-800x533.jpg 800w, https:\/\/welovecinema.be\/wp-content\/uploads\/sites\/2\/2015\/02\/IMG_0893-404x270.jpg 404w, https:\/\/welovecinema.be\/wp-content\/uploads\/sites\/2\/2015\/02\/IMG_0893.jpg 1024w\" sizes=\"auto, (max-width: 640px) 100vw, 640px\" \/><\/a><\/p>\n<p>&nbsp;<\/p>\n<p>D\u00e9borah Fran\u00e7ois. Toujours tr\u00e8s populaire.<\/p>\n<p>&nbsp;<\/p>\n<p><a href=\"http:\/\/www.cinevox.be\/wp-content\/uploads\/sites\/2\/2015\/02\/IMG_0898.jpg\"><img loading=\"lazy\" decoding=\"async\" class=\"aligncenter size-large wp-image-70078\" src=\"http:\/\/www.cinevox.be\/wp-content\/uploads\/sites\/2\/2015\/02\/IMG_0898-800x533.jpg\" alt=\"\" width=\"640\" height=\"426\" srcset=\"https:\/\/welovecinema.be\/wp-content\/uploads\/sites\/2\/2015\/02\/IMG_0898-800x533.jpg 800w, https:\/\/welovecinema.be\/wp-content\/uploads\/sites\/2\/2015\/02\/IMG_0898-404x270.jpg 404w, https:\/\/welovecinema.be\/wp-content\/uploads\/sites\/2\/2015\/02\/IMG_0898.jpg 1024w\" sizes=\"auto, (max-width: 640px) 100vw, 640px\" \/><\/a><\/p>\n<p>Jean-Jacques Rausin, le pape des courts m\u00e9trages belges.<\/p>\n<p>&nbsp;<\/p>\n<p><a href=\"http:\/\/www.cinevox.be\/wp-content\/uploads\/sites\/2\/2015\/02\/IMG_0907.jpg\"><img loading=\"lazy\" decoding=\"async\" class=\"aligncenter size-large wp-image-70079\" src=\"http:\/\/www.cinevox.be\/wp-content\/uploads\/sites\/2\/2015\/02\/IMG_0907-800x533.jpg\" alt=\"\" width=\"640\" height=\"426\" srcset=\"https:\/\/welovecinema.be\/wp-content\/uploads\/sites\/2\/2015\/02\/IMG_0907-800x533.jpg 800w, https:\/\/welovecinema.be\/wp-content\/uploads\/sites\/2\/2015\/02\/IMG_0907-404x270.jpg 404w, https:\/\/welovecinema.be\/wp-content\/uploads\/sites\/2\/2015\/02\/IMG_0907.jpg 1024w\" sizes=\"auto, (max-width: 640px) 100vw, 640px\" \/><\/a><\/p>\n<p>Tom Audenaert, entre <em>Hasta la Vista<\/em> et<em> les Rayures du Z\u00e8bre,<\/em> hilarant sur sc\u00e8ne un peu plus tard dans la soir\u00e9e.<\/p>\n<p>&nbsp;<\/p>\n<p><a href=\"http:\/\/www.cinevox.be\/wp-content\/uploads\/sites\/2\/2015\/02\/IMG_0916.jpg\"><img loading=\"lazy\" decoding=\"async\" class=\"aligncenter size-large wp-image-70080\" src=\"http:\/\/www.cinevox.be\/wp-content\/uploads\/sites\/2\/2015\/02\/IMG_0916-800x533.jpg\" alt=\"\" width=\"640\" height=\"426\" srcset=\"https:\/\/welovecinema.be\/wp-content\/uploads\/sites\/2\/2015\/02\/IMG_0916-800x533.jpg 800w, https:\/\/welovecinema.be\/wp-content\/uploads\/sites\/2\/2015\/02\/IMG_0916-404x270.jpg 404w, https:\/\/welovecinema.be\/wp-content\/uploads\/sites\/2\/2015\/02\/IMG_0916.jpg 1024w\" sizes=\"auto, (max-width: 640px) 100vw, 640px\" \/><\/a><\/p>\n<p>Lucas Belvaux confiant. Il a raison !<\/p>\n<p>&nbsp;<\/p>\n<p><a href=\"http:\/\/www.cinevox.be\/wp-content\/uploads\/sites\/2\/2015\/02\/IMG_0928.jpg\"><img loading=\"lazy\" decoding=\"async\" class=\"aligncenter size-large wp-image-70081\" src=\"http:\/\/www.cinevox.be\/wp-content\/uploads\/sites\/2\/2015\/02\/IMG_0928-800x533.jpg\" alt=\"\" width=\"640\" height=\"426\" srcset=\"https:\/\/welovecinema.be\/wp-content\/uploads\/sites\/2\/2015\/02\/IMG_0928-800x533.jpg 800w, https:\/\/welovecinema.be\/wp-content\/uploads\/sites\/2\/2015\/02\/IMG_0928-404x270.jpg 404w, https:\/\/welovecinema.be\/wp-content\/uploads\/sites\/2\/2015\/02\/IMG_0928.jpg 1024w\" sizes=\"auto, (max-width: 640px) 100vw, 640px\" \/><\/a><\/p>\n<p>Christelle Cornil tr\u00e8s en beaut\u00e9 : elle va vivre de pr\u00e8s le triomphe de <em>Deux jours, une nuit.<\/em><\/p>\n<p>&nbsp;<\/p>\n<p><a href=\"http:\/\/www.cinevox.be\/wp-content\/uploads\/sites\/2\/2015\/02\/IMG_0935.jpg\"><img loading=\"lazy\" decoding=\"async\" class=\"aligncenter size-large wp-image-70082\" src=\"http:\/\/www.cinevox.be\/wp-content\/uploads\/sites\/2\/2015\/02\/IMG_0935-800x533.jpg\" alt=\"\" width=\"640\" height=\"426\" srcset=\"https:\/\/welovecinema.be\/wp-content\/uploads\/sites\/2\/2015\/02\/IMG_0935-800x533.jpg 800w, https:\/\/welovecinema.be\/wp-content\/uploads\/sites\/2\/2015\/02\/IMG_0935-404x270.jpg 404w, https:\/\/welovecinema.be\/wp-content\/uploads\/sites\/2\/2015\/02\/IMG_0935.jpg 1024w\" sizes=\"auto, (max-width: 640px) 100vw, 640px\" \/><\/a><\/p>\n<p>Henri de Gerlache producteur d&rsquo;<em>Une chanson pour ma m\u00e8re e<\/em>t r\u00e9alisateur cette ann\u00e9e de deux documentaires consacr\u00e9s \u00e0\u00a0Van Gogh.<\/p>\n<p>&nbsp;<\/p>\n<p><a href=\"http:\/\/www.cinevox.be\/wp-content\/uploads\/sites\/2\/2015\/02\/IMG_0940.jpg\"><img loading=\"lazy\" decoding=\"async\" class=\"aligncenter size-large wp-image-70083\" src=\"http:\/\/www.cinevox.be\/wp-content\/uploads\/sites\/2\/2015\/02\/IMG_0940-800x533.jpg\" alt=\"\" width=\"640\" height=\"426\" srcset=\"https:\/\/welovecinema.be\/wp-content\/uploads\/sites\/2\/2015\/02\/IMG_0940-800x533.jpg 800w, https:\/\/welovecinema.be\/wp-content\/uploads\/sites\/2\/2015\/02\/IMG_0940-404x270.jpg 404w, https:\/\/welovecinema.be\/wp-content\/uploads\/sites\/2\/2015\/02\/IMG_0940.jpg 1024w\" sizes=\"auto, (max-width: 640px) 100vw, 640px\" \/><\/a><\/p>\n<p>Anne Paulicevich et Fr\u00e9d\u00e9ric Fonteyne : pom pom pom.<\/p>\n<p>&nbsp;<\/p>\n<p>&nbsp;<\/p>\n<p>&nbsp;<\/p>\n<p><strong>L&rsquo;int\u00e9grale<\/strong><\/p>\n<p>No comment : balade dans les coulisses des Magritte : <a href=\"http:\/\/www.cinevox.be\/?p=70153\" target=\"_blank\">http:\/\/www.cinevox.be\/?p=70153<\/a><\/p>\n<p>Magritte 2015 : en bas des marches (4) : http:\/\/www.cinevox.be\/?p=70183<\/p>\n<p>Magritte 2015 : en bas des marches (3) &#8211; <a href=\"http:\/\/www.cinevox.be\/?p=70132\" target=\"_blank\">http:\/\/www.cinevox.be\/?p=70132<\/a><\/p>\n<p>Magritte 2015 : en bas des marches (2) &#8211; <a href=\"http:\/\/www.cinevox.be\/?p=70068\" target=\"_blank\">http:\/\/www.cinevox.be\/?p=70068<\/a><\/p>\n<p>Magritte 2015 : en bas des marches (1) &#8211; <a href=\"http:\/\/www.cinevox.be\/?p=70022\" target=\"_blank\">http:\/\/www.cinevox.be\/?p=70022<\/a><\/p>\n<p>&nbsp;<\/p>\n<p>&nbsp;<\/p>\n","protected":false},"excerpt":{"rendered":"<p>On continue \u00e0 descendre les marches. Parce que dans le cin\u00e9ma belge, plus tu descends, plus tu montes. C&rsquo;est comme \u00e7a. C&rsquo;est belge, quoi&#8230; &nbsp; [Toutes les photos\u00a0\u00a9 Philippe Pierquin 2015]<\/p>\n","protected":false},"author":7,"featured_media":70085,"comment_status":"closed","ping_status":"closed","sticky":false,"template":"","format":"standard","meta":{"ngg_post_thumbnail":0,"footnotes":""},"categories":[1923],"tags":[],"class_list":["post-70068","post","type-post","status-publish","format-standard","has-post-thumbnail","","category-en-bref"],"yoast_head":"<!-- This site is optimized with the Yoast SEO plugin v20.4 - https:\/\/yoast.com\/wordpress\/plugins\/seo\/ -->\n<title>Magritte 2015 : en bas des marches (2) - We Love Cinema<\/title>\n<meta name=\"robots\" content=\"index, follow, max-snippet:-1, max-image-preview:large, max-video-preview:-1\" \/>\n<link rel=\"canonical\" href=\"https:\/\/welovecinema.be\/fr\/magritte-2015-en-bas-des-marches-2\/\" \/>\n<meta property=\"og:locale\" content=\"fr_FR\" \/>\n<meta property=\"og:type\" content=\"article\" \/>\n<meta property=\"og:title\" content=\"Magritte 2015 : en bas des marches (2) - We Love Cinema\" \/>\n<meta property=\"og:description\" content=\"On continue \u00e0 descendre les marches. Parce que dans le cin\u00e9ma belge, plus tu descends, plus tu montes. C&rsquo;est comme \u00e7a. C&rsquo;est belge, quoi&#8230; &nbsp; [Toutes les photos\u00a0\u00a9 Philippe Pierquin 2015]\" \/>\n<meta property=\"og:url\" content=\"https:\/\/welovecinema.be\/fr\/magritte-2015-en-bas-des-marches-2\/\" \/>\n<meta property=\"og:site_name\" content=\"We Love Cinema\" \/>\n<meta property=\"article:publisher\" content=\"https:\/\/www.facebook.com\/welovecinema.be\" \/>\n<meta property=\"article:published_time\" content=\"2015-02-08T15:00:18+00:00\" \/>\n<meta property=\"article:modified_time\" content=\"2015-02-09T12:12:24+00:00\" \/>\n<meta property=\"og:image\" content=\"https:\/\/welovecinema.be\/wp-content\/uploads\/sites\/2\/2015\/02\/IMG_08811.jpg\" \/>\n\t<meta property=\"og:image:width\" content=\"1024\" \/>\n\t<meta property=\"og:image:height\" content=\"683\" \/>\n\t<meta property=\"og:image:type\" content=\"image\/jpeg\" \/>\n<meta name=\"author\" content=\"Philippe.Pierquin\" \/>\n<meta name=\"twitter:card\" content=\"summary_large_image\" \/>\n<meta name=\"twitter:label1\" content=\"\u00c9crit par\" \/>\n\t<meta name=\"twitter:data1\" content=\"Philippe.Pierquin\" \/>\n\t<meta name=\"twitter:label2\" content=\"Dur\u00e9e de lecture estim\u00e9e\" \/>\n\t<meta name=\"twitter:data2\" content=\"1 minute\" \/>\n<script type=\"application\/ld+json\" class=\"yoast-schema-graph\">{\"@context\":\"https:\/\/schema.org\",\"@graph\":[{\"@type\":\"Article\",\"@id\":\"https:\/\/welovecinema.be\/fr\/magritte-2015-en-bas-des-marches-2\/#article\",\"isPartOf\":{\"@id\":\"https:\/\/welovecinema.be\/fr\/magritte-2015-en-bas-des-marches-2\/\"},\"author\":{\"name\":\"Philippe.Pierquin\",\"@id\":\"https:\/\/welovecinema.be\/nl\/#\/schema\/person\/4b9b1d857f0943453a38a7c2859ef756\"},\"headline\":\"Magritte 2015 : en bas des marches (2)\",\"datePublished\":\"2015-02-08T15:00:18+00:00\",\"dateModified\":\"2015-02-09T12:12:24+00:00\",\"mainEntityOfPage\":{\"@id\":\"https:\/\/welovecinema.be\/fr\/magritte-2015-en-bas-des-marches-2\/\"},\"wordCount\":305,\"publisher\":{\"@id\":\"https:\/\/welovecinema.be\/nl\/#organization\"},\"articleSection\":[\"En bref\"],\"inLanguage\":\"fr-FR\"},{\"@type\":\"WebPage\",\"@id\":\"https:\/\/welovecinema.be\/fr\/magritte-2015-en-bas-des-marches-2\/\",\"url\":\"https:\/\/welovecinema.be\/fr\/magritte-2015-en-bas-des-marches-2\/\",\"name\":\"Magritte 2015 : en bas des marches (2) - We Love Cinema\",\"isPartOf\":{\"@id\":\"https:\/\/welovecinema.be\/nl\/#website\"},\"datePublished\":\"2015-02-08T15:00:18+00:00\",\"dateModified\":\"2015-02-09T12:12:24+00:00\",\"breadcrumb\":{\"@id\":\"https:\/\/welovecinema.be\/fr\/magritte-2015-en-bas-des-marches-2\/#breadcrumb\"},\"inLanguage\":\"fr-FR\",\"potentialAction\":[{\"@type\":\"ReadAction\",\"target\":[\"https:\/\/welovecinema.be\/fr\/magritte-2015-en-bas-des-marches-2\/\"]}]},{\"@type\":\"BreadcrumbList\",\"@id\":\"https:\/\/welovecinema.be\/fr\/magritte-2015-en-bas-des-marches-2\/#breadcrumb\",\"itemListElement\":[{\"@type\":\"ListItem\",\"position\":1,\"name\":\"Accueil\",\"item\":\"https:\/\/welovecinema.be\/fr\/\"},{\"@type\":\"ListItem\",\"position\":2,\"name\":\"Magritte 2015 : en bas des marches (2)\"}]},{\"@type\":\"WebSite\",\"@id\":\"https:\/\/welovecinema.be\/nl\/#website\",\"url\":\"https:\/\/welovecinema.be\/nl\/\",\"name\":\"We Love Cinema\",\"description\":\"Toute l\u2019information du cin\u00e9ma en Belgique\",\"publisher\":{\"@id\":\"https:\/\/welovecinema.be\/nl\/#organization\"},\"potentialAction\":[{\"@type\":\"SearchAction\",\"target\":{\"@type\":\"EntryPoint\",\"urlTemplate\":\"https:\/\/welovecinema.be\/nl\/?s={search_term_string}\"},\"query-input\":\"required name=search_term_string\"}],\"inLanguage\":\"fr-FR\"},{\"@type\":\"Organization\",\"@id\":\"https:\/\/welovecinema.be\/nl\/#organization\",\"name\":\"We Love Cinema\",\"url\":\"https:\/\/welovecinema.be\/nl\/\",\"logo\":{\"@type\":\"ImageObject\",\"inLanguage\":\"fr-FR\",\"@id\":\"https:\/\/welovecinema.be\/nl\/#\/schema\/logo\/image\/\",\"url\":\"https:\/\/welovecinema.be\/wp-content\/uploads\/sites\/2\/2023\/03\/Logo-We-Love-Cinema305x128.jpg\",\"contentUrl\":\"https:\/\/welovecinema.be\/wp-content\/uploads\/sites\/2\/2023\/03\/Logo-We-Love-Cinema305x128.jpg\",\"width\":305,\"height\":128,\"caption\":\"We Love Cinema\"},\"image\":{\"@id\":\"https:\/\/welovecinema.be\/nl\/#\/schema\/logo\/image\/\"},\"sameAs\":[\"https:\/\/www.facebook.com\/welovecinema.be\",\"https:\/\/www.youtube.com\/channel\/UCX5LYGVhnKvYauW4Nta4HJA\",\"https:\/\/www.instagram.com\/welovecinema.be\/\"]},{\"@type\":\"Person\",\"@id\":\"https:\/\/welovecinema.be\/nl\/#\/schema\/person\/4b9b1d857f0943453a38a7c2859ef756\",\"name\":\"Philippe.Pierquin\",\"url\":\"https:\/\/welovecinema.be\/fr\/author\/philippe-pierquin\/\"}]}<\/script>\n<!-- \/ Yoast SEO plugin. -->","yoast_head_json":{"title":"Magritte 2015 : en bas des marches (2) - We Love Cinema","robots":{"index":"index","follow":"follow","max-snippet":"max-snippet:-1","max-image-preview":"max-image-preview:large","max-video-preview":"max-video-preview:-1"},"canonical":"https:\/\/welovecinema.be\/fr\/magritte-2015-en-bas-des-marches-2\/","og_locale":"fr_FR","og_type":"article","og_title":"Magritte 2015 : en bas des marches (2) - We Love Cinema","og_description":"On continue \u00e0 descendre les marches. Parce que dans le cin\u00e9ma belge, plus tu descends, plus tu montes. C&rsquo;est comme \u00e7a. C&rsquo;est belge, quoi&#8230; &nbsp; [Toutes les photos\u00a0\u00a9 Philippe Pierquin 2015]","og_url":"https:\/\/welovecinema.be\/fr\/magritte-2015-en-bas-des-marches-2\/","og_site_name":"We Love Cinema","article_publisher":"https:\/\/www.facebook.com\/welovecinema.be","article_published_time":"2015-02-08T15:00:18+00:00","article_modified_time":"2015-02-09T12:12:24+00:00","og_image":[{"width":1024,"height":683,"url":"https:\/\/welovecinema.be\/wp-content\/uploads\/sites\/2\/2015\/02\/IMG_08811.jpg","type":"image\/jpeg"}],"author":"Philippe.Pierquin","twitter_card":"summary_large_image","twitter_misc":{"\u00c9crit par":"Philippe.Pierquin","Dur\u00e9e de lecture estim\u00e9e":"1 minute"},"schema":{"@context":"https:\/\/schema.org","@graph":[{"@type":"Article","@id":"https:\/\/welovecinema.be\/fr\/magritte-2015-en-bas-des-marches-2\/#article","isPartOf":{"@id":"https:\/\/welovecinema.be\/fr\/magritte-2015-en-bas-des-marches-2\/"},"author":{"name":"Philippe.Pierquin","@id":"https:\/\/welovecinema.be\/nl\/#\/schema\/person\/4b9b1d857f0943453a38a7c2859ef756"},"headline":"Magritte 2015 : en bas des marches (2)","datePublished":"2015-02-08T15:00:18+00:00","dateModified":"2015-02-09T12:12:24+00:00","mainEntityOfPage":{"@id":"https:\/\/welovecinema.be\/fr\/magritte-2015-en-bas-des-marches-2\/"},"wordCount":305,"publisher":{"@id":"https:\/\/welovecinema.be\/nl\/#organization"},"articleSection":["En bref"],"inLanguage":"fr-FR"},{"@type":"WebPage","@id":"https:\/\/welovecinema.be\/fr\/magritte-2015-en-bas-des-marches-2\/","url":"https:\/\/welovecinema.be\/fr\/magritte-2015-en-bas-des-marches-2\/","name":"Magritte 2015 : en bas des marches (2) - We Love Cinema","isPartOf":{"@id":"https:\/\/welovecinema.be\/nl\/#website"},"datePublished":"2015-02-08T15:00:18+00:00","dateModified":"2015-02-09T12:12:24+00:00","breadcrumb":{"@id":"https:\/\/welovecinema.be\/fr\/magritte-2015-en-bas-des-marches-2\/#breadcrumb"},"inLanguage":"fr-FR","potentialAction":[{"@type":"ReadAction","target":["https:\/\/welovecinema.be\/fr\/magritte-2015-en-bas-des-marches-2\/"]}]},{"@type":"BreadcrumbList","@id":"https:\/\/welovecinema.be\/fr\/magritte-2015-en-bas-des-marches-2\/#breadcrumb","itemListElement":[{"@type":"ListItem","position":1,"name":"Accueil","item":"https:\/\/welovecinema.be\/fr\/"},{"@type":"ListItem","position":2,"name":"Magritte 2015 : en bas des marches (2)"}]},{"@type":"WebSite","@id":"https:\/\/welovecinema.be\/nl\/#website","url":"https:\/\/welovecinema.be\/nl\/","name":"We Love Cinema","description":"Toute l\u2019information du cin\u00e9ma en Belgique","publisher":{"@id":"https:\/\/welovecinema.be\/nl\/#organization"},"potentialAction":[{"@type":"SearchAction","target":{"@type":"EntryPoint","urlTemplate":"https:\/\/welovecinema.be\/nl\/?s={search_term_string}"},"query-input":"required name=search_term_string"}],"inLanguage":"fr-FR"},{"@type":"Organization","@id":"https:\/\/welovecinema.be\/nl\/#organization","name":"We Love Cinema","url":"https:\/\/welovecinema.be\/nl\/","logo":{"@type":"ImageObject","inLanguage":"fr-FR","@id":"https:\/\/welovecinema.be\/nl\/#\/schema\/logo\/image\/","url":"https:\/\/welovecinema.be\/wp-content\/uploads\/sites\/2\/2023\/03\/Logo-We-Love-Cinema305x128.jpg","contentUrl":"https:\/\/welovecinema.be\/wp-content\/uploads\/sites\/2\/2023\/03\/Logo-We-Love-Cinema305x128.jpg","width":305,"height":128,"caption":"We Love Cinema"},"image":{"@id":"https:\/\/welovecinema.be\/nl\/#\/schema\/logo\/image\/"},"sameAs":["https:\/\/www.facebook.com\/welovecinema.be","https:\/\/www.youtube.com\/channel\/UCX5LYGVhnKvYauW4Nta4HJA","https:\/\/www.instagram.com\/welovecinema.be\/"]},{"@type":"Person","@id":"https:\/\/welovecinema.be\/nl\/#\/schema\/person\/4b9b1d857f0943453a38a7c2859ef756","name":"Philippe.Pierquin","url":"https:\/\/welovecinema.be\/fr\/author\/philippe-pierquin\/"}]}},"_links":{"self":[{"href":"https:\/\/welovecinema.be\/fr\/wp-json\/wp\/v2\/posts\/70068","targetHints":{"allow":["GET"]}}],"collection":[{"href":"https:\/\/welovecinema.be\/fr\/wp-json\/wp\/v2\/posts"}],"about":[{"href":"https:\/\/welovecinema.be\/fr\/wp-json\/wp\/v2\/types\/post"}],"author":[{"embeddable":true,"href":"https:\/\/welovecinema.be\/fr\/wp-json\/wp\/v2\/users\/7"}],"replies":[{"embeddable":true,"href":"https:\/\/welovecinema.be\/fr\/wp-json\/wp\/v2\/comments?post=70068"}],"version-history":[{"count":0,"href":"https:\/\/welovecinema.be\/fr\/wp-json\/wp\/v2\/posts\/70068\/revisions"}],"wp:featuredmedia":[{"embeddable":true,"href":"https:\/\/welovecinema.be\/fr\/wp-json\/wp\/v2\/media\/70085"}],"wp:attachment":[{"href":"https:\/\/welovecinema.be\/fr\/wp-json\/wp\/v2\/media?parent=70068"}],"wp:term":[{"taxonomy":"category","embeddable":true,"href":"https:\/\/welovecinema.be\/fr\/wp-json\/wp\/v2\/categories?post=70068"},{"taxonomy":"post_tag","embeddable":true,"href":"https:\/\/welovecinema.be\/fr\/wp-json\/wp\/v2\/tags?post=70068"}],"curies":[{"name":"wp","href":"https:\/\/api.w.org\/{rel}","templated":true}]}}