{"id":69651,"date":"2016-02-04T08:10:52","date_gmt":"2016-02-04T07:10:52","guid":{"rendered":"http:\/\/www.cinevox.be\/?p=69651"},"modified":"2016-01-30T13:54:40","modified_gmt":"2016-01-30T12:54:40","slug":"tonton-rene-se-souvient-des-magritte-2014","status":"publish","type":"post","link":"https:\/\/welovecinema.be\/fr\/tonton-rene-se-souvient-des-magritte-2014\/","title":{"rendered":"Tonton Ren\u00e9 vous raconte les Magritte 2014"},"content":{"rendered":"<p>On ne change pas une formule qui a fait ses preuves et s&rsquo;am\u00e9liore d&rsquo;ann\u00e9e en ann\u00e9e : la 4e c\u00e9r\u00e9monie des Magritte du Cin\u00e9ma se d\u00e9roulera au Mont des Arts le premier samedi de f\u00e9vrier.<br \/>\nD\u00e8s l&rsquo;annonce des nomin\u00e9s, il est assez \u00e9vident qu&rsquo;elle promet de proposer un palmar\u00e8s un peu diff\u00e9rent. Dans une \u00e9dition sans favori \u00e9vident, les pr\u00e9tendants sont nombreux. Et comme ils sont peu consensuels, on risque de s&rsquo;amuser.<!--more--><\/p>\n<p>&nbsp;<\/p>\n<p>Le r\u00e9sultat du premier tour de vote (secret, unique, individuel et informatis\u00e9, rappelons-le) a mis plusieurs films en \u00e9vidence et r\u00e9solument tourn\u00e9 le dos \u00e0 une s\u00e9rie de longs m\u00e9trages qu\u2019on s\u2019attendait \u00e0 retrouver d\u2019une fa\u00e7on ou d\u2019un autre dans quelques quatuors finaux. <em>Hors les Murs<\/em> de David Lambert et <em>la Tendresse<\/em> de Marion H\u00e4nsel ne sont pas cit\u00e9s une seule fois. Rude\u2026<\/p>\n<p>&nbsp;<\/p>\n<p><a href=\"http:\/\/www.cinevox.be\/tonton-rene-se-souvient-des-magritte-2014\/tango-libre_447286_38582\/\" rel=\"attachment wp-att-69652\"><img loading=\"lazy\" decoding=\"async\" class=\"aligncenter size-large wp-image-69652\" src=\"http:\/\/www.cinevox.be\/wp-content\/uploads\/sites\/2\/2015\/02\/tango-libre_447286_38582-800x533.jpg\" alt=\"\" width=\"640\" height=\"426\" srcset=\"https:\/\/welovecinema.be\/wp-content\/uploads\/sites\/2\/2015\/02\/tango-libre_447286_38582-800x533.jpg 800w, https:\/\/welovecinema.be\/wp-content\/uploads\/sites\/2\/2015\/02\/tango-libre_447286_38582-405x270.jpg 405w, https:\/\/welovecinema.be\/wp-content\/uploads\/sites\/2\/2015\/02\/tango-libre_447286_38582.jpg 1200w\" sizes=\"auto, (max-width: 640px) 100vw, 640px\" \/><\/a><\/p>\n<p>&nbsp;<\/p>\n<h1><strong>TANGO LIBRE POUR LES NOMINES<\/strong><\/h1>\n<p>&nbsp;<\/p>\n<p>Ce premier tour de scrutin a \u00e9t\u00e9 domin\u00e9 par <em>Tango Libre.<\/em> Le quatri\u00e8me long m\u00e9trage de <strong>Fr\u00e9d\u00e9ric Fonteyne<\/strong> est repris dans la section meilleur film, meilleur r\u00e9alisateur, meilleur acteur (2X), meilleur sc\u00e9nario et dans une s\u00e9rie de cat\u00e9gories techniques. Seule absente de marque, <strong>Anne Paulicevich<\/strong> n\u2019est pas en course pour le titre de meilleure actrice \u2026 mais elle est en lice pour celui de meilleur espoir et de meilleur sc\u00e9nariste, un joli doubl\u00e9, tr\u00e8s inhabituel.<\/p>\n<p>&nbsp;<\/p>\n<p>Avant m\u00eame les votes, on consid\u00e9rait g\u00e9n\u00e9ralement que la com\u00e9die dramatique dansante et musicale produite par Art\u00e9mis \u00e9tait le favori des Magritte 2014\u2026 et que son concurrent le plus dangereux serait <em>Ernest et C\u00e9lestine<\/em>\u2026 ce que, contrairement aux apparences, ne d\u00e9ment pas ce premier tour.<\/p>\n<p>&nbsp;<\/p>\n<p><a href=\"http:\/\/www.cinevox.be\/tonton-rene-se-souvient-des-magritte-2014\/_398fjzjkfvh1drt1r1wszbsltabieqllsxt2aih4mi-4\/\" rel=\"attachment wp-att-69653\"><img loading=\"lazy\" decoding=\"async\" class=\"aligncenter size-large wp-image-69653\" src=\"http:\/\/www.cinevox.be\/wp-content\/uploads\/sites\/2\/2015\/02\/398fjZjkfVh1drt1r1wsZBsltaBiEqlLSXT2aih4mI-800x450.jpg\" alt=\"\" width=\"640\" height=\"360\" srcset=\"https:\/\/welovecinema.be\/wp-content\/uploads\/sites\/2\/2015\/02\/398fjZjkfVh1drt1r1wsZBsltaBiEqlLSXT2aih4mI-800x450.jpg 800w, https:\/\/welovecinema.be\/wp-content\/uploads\/sites\/2\/2015\/02\/398fjZjkfVh1drt1r1wsZBsltaBiEqlLSXT2aih4mI-200x113.jpg 200w, https:\/\/welovecinema.be\/wp-content\/uploads\/sites\/2\/2015\/02\/398fjZjkfVh1drt1r1wsZBsltaBiEqlLSXT2aih4mI-480x270.jpg 480w, https:\/\/welovecinema.be\/wp-content\/uploads\/sites\/2\/2015\/02\/398fjZjkfVh1drt1r1wsZBsltaBiEqlLSXT2aih4mI-300x169.jpg 300w, https:\/\/welovecinema.be\/wp-content\/uploads\/sites\/2\/2015\/02\/398fjZjkfVh1drt1r1wsZBsltaBiEqlLSXT2aih4mI-620x350.jpg 620w, https:\/\/welovecinema.be\/wp-content\/uploads\/sites\/2\/2015\/02\/398fjZjkfVh1drt1r1wsZBsltaBiEqlLSXT2aih4mI.jpg 1280w\" sizes=\"auto, (max-width: 640px) 100vw, 640px\" \/><\/a><\/p>\n<p>&nbsp;<\/p>\n<p>Bien s\u00fbr, le formidable dessin anim\u00e9 de <strong>Patar, Aubier<\/strong> (et Renner puisque le projet a \u00e9t\u00e9 port\u00e9 d\u00e8s l\u2019origine par un r\u00e9alisateur fran\u00e7ais) n\u2019obtient ici que trois nominations. Mais il ne pouvait pas faire mieux ! Financi\u00e8rement, il s\u2019agit d\u2019une coproduction minoritaire et seule l\u2019\u00e9quipe son en plus des r\u00e9alisateurs \u00e9tait belge. <em>Ernest et C\u00e9lestine<\/em> a donc r\u00e9alis\u00e9 un carton plein.<\/p>\n<p>&nbsp;<\/p>\n<p><a href=\"http:\/\/www.cinevox.be\/tonton-rene-se-souvient-des-magritte-2014\/10513_447798648610405_2111946044_n-6\/\" rel=\"attachment wp-att-69654\"><img loading=\"lazy\" decoding=\"async\" class=\"aligncenter size-large wp-image-69654\" src=\"http:\/\/www.cinevox.be\/wp-content\/uploads\/sites\/2\/2015\/02\/10513_447798648610405_2111946044_n-800x366.jpg\" alt=\"\" width=\"640\" height=\"292\" srcset=\"https:\/\/welovecinema.be\/wp-content\/uploads\/sites\/2\/2015\/02\/10513_447798648610405_2111946044_n-800x366.jpg 800w, https:\/\/welovecinema.be\/wp-content\/uploads\/sites\/2\/2015\/02\/10513_447798648610405_2111946044_n-480x219.jpg 480w, https:\/\/welovecinema.be\/wp-content\/uploads\/sites\/2\/2015\/02\/10513_447798648610405_2111946044_n.jpg 889w\" sizes=\"auto, (max-width: 640px) 100vw, 640px\" \/><\/a><\/p>\n<p>&nbsp;<\/p>\n<p>Si ces deux films \u00e9taient attendus, il n\u2019en \u00e9tait pas forc\u00e9ment de m\u00eame d\u2019<em>Au Nom du Fils<\/em>. Produit et distribu\u00e9 \u00e0 l\u2019arrache avec un culot extraordinaire par <strong>Lionel Jadot,<\/strong> la douloureuse crise de foi de <strong>Vincent Lannoo<\/strong> h\u00e9rite de sept nominations. Vu son statut de \u00ab\u00a0film ind\u00e9\u00a0\u00bb rebelle, encens\u00e9 par ses fans, vilipend\u00e9 par quelques rigoristes, \u00e0 peine distribu\u00e9 en Belgique malgr\u00e9 une incroyable carri\u00e8re dans les festivals \u00e9trangers, <em>Au Nom du fils<\/em> a de toute \u00e9vidence frapp\u00e9 les imaginations.<\/p>\n<p>&nbsp;<\/p>\n<p>Outre le film lui-m\u00eame et Vincent Lannoo, un cin\u00e9aste parmi les plus passionnants du Royaume, la d\u00e9licieuse <strong>Astrid Whettnall<\/strong> s\u2019est fray\u00e9 un chemin au sein du quatuor d\u2019actrices en course pour le Magritte de la meilleure com\u00e9dienne de l\u2019ann\u00e9e. Une nomination d\u2019autant plus excitante (mais 100X m\u00e9rit\u00e9e) que des com\u00e9diennes du calibre de Marie Gillain, Marie Kr\u00e9mer, C\u00e9cile de France ou Virginie Efira n\u2019ont pas r\u00e9ussi \u00e0 passer le cap du premier tour.<\/p>\n<p><strong>Dominique Baeyens <\/strong>et <strong>Achille Ridolfi<\/strong> ont \u00e9galement \u00e9t\u00e9 retenus, en tant que meilleure com\u00e9dienne dans un second r\u00f4le et meilleur espoir masculin.<\/p>\n<p>&nbsp;<\/p>\n<p>Chez les acteurs, on va assister \u00e0 une inhabituelle lutte nord\/sud avec un axe commun : <em>Tango libre<\/em>. <strong>Fran\u00e7ois Damiens<\/strong> et <strong>Jan Hammenecker<\/strong> se retrouvent en effet (\u00e0 nouveau) face \u00e0 face dans une lutte fratricide arbitr\u00e9e par <strong>Benoit Poelvoorde<\/strong> retenu pour son \u00e9blouissante partition intimiste dans <em>Une Place sur la Terre<\/em> et <strong>Sam Louwyck<\/strong> qui est salu\u00e9 ici pour<em> La Cinqui\u00e8me Saison<\/em>.<\/p>\n<p>&nbsp;<\/p>\n<p>Pour la deuxi\u00e8me fois, l\u2019Acad\u00e9mie Andr\u00e9 Delvaux propose \u00e9galement de r\u00e9compenser un premier film, mais cette fois, le prix sera remis lors de la c\u00e9r\u00e9monie, en m\u00eame temps que toutes les autres r\u00e9compenses.<\/p>\n<p>&nbsp;<\/p>\n<p>&nbsp;<\/p>\n<h1><strong>LA C\u00c9R\u00c9MONIE<\/strong><\/h1>\n<p>&nbsp;<\/p>\n<p><a href=\"http:\/\/www.cinevox.be\/tonton-rene-se-souvient-des-magritte-2014\/img_9703-2\/\" rel=\"attachment wp-att-69655\"><img loading=\"lazy\" decoding=\"async\" class=\"aligncenter size-large wp-image-69655\" src=\"http:\/\/www.cinevox.be\/wp-content\/uploads\/sites\/2\/2015\/02\/IMG_9703-800x533.jpg\" alt=\"\" width=\"640\" height=\"426\" srcset=\"https:\/\/welovecinema.be\/wp-content\/uploads\/sites\/2\/2015\/02\/IMG_9703-800x533.jpg 800w, https:\/\/welovecinema.be\/wp-content\/uploads\/sites\/2\/2015\/02\/IMG_9703-405x270.jpg 405w\" sizes=\"auto, (max-width: 640px) 100vw, 640px\" \/><\/a><\/p>\n<p>&nbsp;<\/p>\n<p>Pour la deuxi\u00e8me fois en quatre ans, de nombreux acteurs, de techniciens et de r\u00e9alisateurs se sont install\u00e9s tout le long du tapis qui conduit invit\u00e9s et laur\u00e9ats potentiels jusqu&rsquo;\u00e0 Square. Pomme en main, ils sont venus faire part de leurs craintes l\u00e9gitimes quant \u00e0 la modification de leur statut. Sans aucune agressivit\u00e9. Mais avec conviction.<\/p>\n<p>&nbsp;<\/p>\n<p>Comme d&rsquo;habitude, la salle de Square est comble et l&rsquo;ambiance fort chaleureuse. Dans tous les sens du terme. La c\u00e9r\u00e9monie d\u00e9bute sur un ton sportif avec l&rsquo;arriv\u00e9e de <strong>Fabrizio Rongione<\/strong> en boxeur. Bien vu, car le ma\u00eetre de c\u00e9r\u00e9monie d\u00e9bute par un round tonitruant o\u00f9 il se paie les nomin\u00e9s, mais aussi tous les politiques du premier rang dans un m\u00eame \u00e9lan enthousiaste&#8230;et iconoclaste.<\/p>\n<p>&nbsp;<\/p>\n<p><a href=\"http:\/\/www.cinevox.be\/tonton-rene-se-souvient-des-magritte-2014\/ron-2\/\" rel=\"attachment wp-att-69667\"><img loading=\"lazy\" decoding=\"async\" class=\"aligncenter size-large wp-image-69667\" src=\"http:\/\/www.cinevox.be\/wp-content\/uploads\/sites\/2\/2010\/02\/ron-800x547.jpg\" alt=\"\" width=\"640\" height=\"437\" srcset=\"https:\/\/welovecinema.be\/wp-content\/uploads\/sites\/2\/2010\/02\/ron-800x547.jpg 800w, https:\/\/welovecinema.be\/wp-content\/uploads\/sites\/2\/2010\/02\/ron-394x270.jpg 394w\" sizes=\"auto, (max-width: 640px) 100vw, 640px\" \/><\/a><\/p>\n<p>&nbsp;<\/p>\n<p>M\u00eame une alarme impromptue qui ne semble pas d\u00e9cid\u00e9e \u00e0 s&rsquo;\u00e9teindre ne le d\u00e9sar\u00e7onne pas. En deux ans, Fabrizio a impos\u00e9 sa marque et sa classe. Le fils des Dardenne est devenu le visage des Magritte. Et la c\u00e9r\u00e9monie s&rsquo;en porte bien.<\/p>\n<p>Classe aussi l&rsquo;intervention initiale d&rsquo;une <strong>\u00c9milie Dequenne<\/strong> tr\u00e8s en beaut\u00e9, Pr\u00e9sidente \u00e9mue et \u00e9mouvante.<\/p>\n<p>&nbsp;<\/p>\n<p><a href=\"http:\/\/www.cinevox.be\/tonton-rene-se-souvient-des-magritte-2014\/1560746_805555416169871_5505437949361049644_n\/\" rel=\"attachment wp-att-69657\"><img loading=\"lazy\" decoding=\"async\" class=\"aligncenter size-large wp-image-69657\" src=\"http:\/\/www.cinevox.be\/wp-content\/uploads\/sites\/2\/2015\/02\/1560746_805555416169871_5505437949361049644_n-800x441.jpg\" alt=\"\" width=\"640\" height=\"352\" srcset=\"https:\/\/welovecinema.be\/wp-content\/uploads\/sites\/2\/2015\/02\/1560746_805555416169871_5505437949361049644_n-800x441.jpg 800w, https:\/\/welovecinema.be\/wp-content\/uploads\/sites\/2\/2015\/02\/1560746_805555416169871_5505437949361049644_n-480x264.jpg 480w, https:\/\/welovecinema.be\/wp-content\/uploads\/sites\/2\/2015\/02\/1560746_805555416169871_5505437949361049644_n.jpg 836w\" sizes=\"auto, (max-width: 640px) 100vw, 640px\" \/><\/a><\/p>\n<p>&nbsp;<\/p>\n<p>Fran\u00e7ois Vincentelli remet le premier Magritte, celui du meilleur espoir f\u00e9minin, \u00e0 une <strong>Pauline Burlet<\/strong> boulevers\u00e9e et stup\u00e9faite. Un bonheur vrai et direct qui fait plaisir \u00e0 voir et \u00e0 partager. Avec <em>Le Pass\u00e9,<\/em> la jeune Montoise a \u00e9pat\u00e9 le public. Les professionnels belges aussi.<\/p>\n<p>&nbsp;<\/p>\n<p><a href=\"http:\/\/www.cinevox.be\/tonton-rene-se-souvient-des-magritte-2014\/h-ill\/\" rel=\"attachment wp-att-69656\"><img loading=\"lazy\" decoding=\"async\" class=\"aligncenter size-large wp-image-69656\" src=\"http:\/\/www.cinevox.be\/wp-content\/uploads\/sites\/2\/2015\/02\/H-ill-800x556.jpg\" alt=\"\" width=\"640\" height=\"444\" srcset=\"https:\/\/welovecinema.be\/wp-content\/uploads\/sites\/2\/2015\/02\/H-ill-800x556.jpg 800w, https:\/\/welovecinema.be\/wp-content\/uploads\/sites\/2\/2015\/02\/H-ill-388x270.jpg 388w\" sizes=\"auto, (max-width: 640px) 100vw, 640px\" \/><\/a><\/p>\n<p>&nbsp;<\/p>\n<p>M\u00eame joie tr\u00e8s expressive pour <strong>Achille Ridolfi,<\/strong> r\u00e9compens\u00e9 pour sa prestation 5 \u00e9toiles dans <em>Au nom du fils.<\/em> L&rsquo;acteur se fend d&rsquo;un petit speech touchant et est la toute premi\u00e8re personnalit\u00e9 r\u00e9compens\u00e9e aux Magritte \u00e0 remercier sur sc\u00e8ne Cinevox pour son soutien inconditionnel. Autant vous dire que \u00e7a nous touche en plein c\u0153ur. We love H-il pour la vie.<\/p>\n<p>H\u00e9las pour le film de <strong>Vincent Lannoo<\/strong>, Achille Ridolfi est le seul de la bande \u00e0 concr\u00e9tiser sa nomination. C&rsquo;est peu pour ce coup de poing, r\u00e9compens\u00e9 quelques mois plus t\u00f4t d&rsquo;un M\u00e9li\u00e8s d&rsquo;or du meilleur film de genre europ\u00e9en de l&rsquo;ann\u00e9e, tous festivals confondus.<\/p>\n<p>&nbsp;<\/p>\n<p>Alors que le Magritte du meilleur sc\u00e9nario va \u00e0 une <strong>Anne Paulicevich<\/strong> aphone et \u00e0 <strong>Philippe Blasband <\/strong>pour <em>Tango Libre,<\/em> le film de <strong>Fr\u00e9d\u00e9ric Fonteyne<\/strong> cale, lui aussi, juste apr\u00e8s le d\u00e9collage. On pensait que cette soir\u00e9e pouvait \u00eatre la sienne, mais il n&rsquo;en sera rien. Deux petits troph\u00e9es en tout. D\u00e9ception.<\/p>\n<p>&nbsp;<\/p>\n<p><a href=\"http:\/\/www.cinevox.be\/tonton-rene-se-souvient-des-magritte-2014\/2014-02-01-magritte-du-cinema-by-denis-danze-148-2\/\" rel=\"attachment wp-att-69660\"><img loading=\"lazy\" decoding=\"async\" class=\"aligncenter size-large wp-image-69660\" src=\"http:\/\/www.cinevox.be\/wp-content\/uploads\/sites\/2\/2015\/02\/2014-02-01-MAgritte-du-cin\u00e9ma-by-Denis-Danze-148-800x532.jpg\" alt=\"\" width=\"640\" height=\"425\" srcset=\"https:\/\/welovecinema.be\/wp-content\/uploads\/sites\/2\/2015\/02\/2014-02-01-MAgritte-du-cin\u00e9ma-by-Denis-Danze-148-800x532.jpg 800w, https:\/\/welovecinema.be\/wp-content\/uploads\/sites\/2\/2015\/02\/2014-02-01-MAgritte-du-cin\u00e9ma-by-Denis-Danze-148-405x270.jpg 405w\" sizes=\"auto, (max-width: 640px) 100vw, 640px\" \/><\/a><\/p>\n<p style=\"text-align: right;\"><em>[Photo\u00a0Denis Danze]<\/em><\/p>\n<p>&nbsp;<\/p>\n<p>Les grands vainqueurs de cette quatri\u00e8me \u00e9dition seront en fait une souris et un ours, <em>Ernest et C\u00e9lestine,<\/em> qui remportent les Magritte du meilleur son, du meilleur film et des meilleurs r\u00e9alisateurs (<strong>Vincent Patar<\/strong> et <strong>St\u00e9phane Aubier<\/strong>). Trois prix seulement. Mais sur trois nominations.<br \/>\nLes Magritte sont ainsi la premi\u00e8re c\u00e9r\u00e9monie occidentale \u00e0 donner leur prix majeur \u00e0 un long m\u00e9trage d&rsquo;animation. Non, non, en Belgique, on ne fait jamais rien comme ailleurs\u2026 Et qui s&rsquo;en plaindra ?<\/p>\n<p>&nbsp;<\/p>\n<p>&nbsp;<\/p>\n<p><a href=\"http:\/\/www.cinevox.be\/tonton-rene-se-souvient-des-magritte-2014\/2014-02-01-magritte-du-cinema-by-denis-danze-142-3\/\" rel=\"attachment wp-att-69658\"><img loading=\"lazy\" decoding=\"async\" class=\"aligncenter size-large wp-image-69658\" src=\"http:\/\/www.cinevox.be\/wp-content\/uploads\/sites\/2\/2015\/02\/2014-02-01-MAgritte-du-cin\u00e9ma-by-Denis-Danze-142-800x532.jpg\" alt=\"\" width=\"640\" height=\"425\" srcset=\"https:\/\/welovecinema.be\/wp-content\/uploads\/sites\/2\/2015\/02\/2014-02-01-MAgritte-du-cin\u00e9ma-by-Denis-Danze-142-800x532.jpg 800w, https:\/\/welovecinema.be\/wp-content\/uploads\/sites\/2\/2015\/02\/2014-02-01-MAgritte-du-cin\u00e9ma-by-Denis-Danze-142-405x270.jpg 405w\" sizes=\"auto, (max-width: 640px) 100vw, 640px\" \/><\/a><\/p>\n<p style=\"text-align: right;\"><em>[Photo\u00a0Denis Danze]<\/em><\/p>\n<p>&nbsp;<\/p>\n<p>Ce double historique ne sera pas le seul fait marquant de cette soir\u00e9e. On retiendra encore (en vrac) \u00a0le Magritte du premier film attribu\u00e9 par le public \u00e0 <em>Une Chanson pour ma m\u00e8re <\/em>de <strong>Joel Franka <\/strong>(tr\u00e8s guilleret), un deuxi\u00e8me troph\u00e9e en deux ans pour le chef-op <strong>Hichame Allaoui\u00e9 <\/strong>(particuli\u00e8rement \u00e9mu), le Magritte du meilleur court m\u00e9trage pour le d\u00e9sopilant <em>Welkom<\/em> de<strong> Pablo Munoz Gomez <\/strong>(engag\u00e9), celui de la meilleure actrice pour<strong> Pauline \u00c9tienne <\/strong>(fort sobre), l&rsquo;absence tr\u00e8s comment\u00e9e de <strong>Benoit Poelvoorde <\/strong>pourtant r\u00e9compens\u00e9 pour l&rsquo;\u00e9mouvant <em>Une place sur la terre, <\/em>et le troph\u00e9e du meilleur second r\u00f4le masculin d\u00e9cern\u00e9 \u00e0<strong> Laurent Capelluto <\/strong>qu&rsquo;on d\u00e9couvre aussi au fil de la c\u00e9r\u00e9monie dans un interm\u00e8de assez hallucinant o\u00f9 il incarne une dizaine de r\u00f4les diff\u00e9rents. Dont ceux des fr\u00e8res Dardenne. Oui, les deux.<br \/>\nUn petit d\u00e9lire \u00e0 l&rsquo;image du show que nous offre durant 2h30 un Fabrizio Rongione aussi surprenant que brillant, ce soir encore. Un baroud d&rsquo;honneur de comp\u00e8te pour celui dont on sait d\u00e9j\u00e0 qu&rsquo;il ne fera pas l&rsquo;ann\u00e9e de trop.<\/p>\n<p>&nbsp;<\/p>\n<p><a href=\"http:\/\/www.cinevox.be\/tonton-rene-se-souvient-des-magritte-2014\/img_0326-2\/\" rel=\"attachment wp-att-69665\"><img loading=\"lazy\" decoding=\"async\" class=\"aligncenter size-large wp-image-69665\" src=\"http:\/\/www.cinevox.be\/wp-content\/uploads\/sites\/2\/2010\/02\/IMG_0326-800x533.jpg\" alt=\"\" width=\"640\" height=\"426\" srcset=\"https:\/\/welovecinema.be\/wp-content\/uploads\/sites\/2\/2010\/02\/IMG_0326-800x533.jpg 800w, https:\/\/welovecinema.be\/wp-content\/uploads\/sites\/2\/2010\/02\/IMG_0326-405x270.jpg 405w\" sizes=\"auto, (max-width: 640px) 100vw, 640px\" \/><\/a><\/p>\n<p>&nbsp;<\/p>\n<p>Autant dire que le beau blond qui est amen\u00e9 \u00e0 lui succ\u00e9der a int\u00e9r\u00eat \u00e0 prendre son \u00e9lan, car la barre a \u00e9t\u00e9 plac\u00e9e tr\u00e8s haut. Mais bon, avec un \u00ab\u00a0qui est l\u00e0\u00a0\u00bb par ici, un petit match de badminton par-l\u00e0, <strong>Charlie Dupont<\/strong> devrait bien s&rsquo;en sortir. C&rsquo;est un vrai <em>Professionnel<\/em> qui sait \u00e9viter les embard\u00e9es.<\/p>\n<p>On prend les paris : il n&rsquo;y aura pas de faux contact !<\/p>\n<p>&nbsp;<\/p>\n<p>&nbsp;<\/p>\n<h1>LE PALMAR\u00c8S<\/h1>\n<p>&nbsp;<\/p>\n<p><strong>meilleur film<\/strong><\/p>\n<p>Ernest et C\u00e9lestine de St\u00e9phane Aubier, Vincent Patar et Benjamin Renner (produit par Vincent Tavier et Philippe Kauffmann &#8211; La Parti Production)<\/p>\n<p><strong>meilleur realisateur<\/strong><\/p>\n<p>St\u00e9phane Aubier et Vincent Patar pour Ernest et C\u00e9lestine<\/p>\n<p><strong>meilleur film flamand en coproduction<\/strong><\/p>\n<p>Kid de Fien Troch (coproduit par Versus Production)<\/p>\n<p><strong>meilleur film etranger en coproduction<\/strong><\/p>\n<p>La vie d\u2019Ad\u00e8le d\u2019Abdellatif Kechiche (coproduit par Genevi\u00e8ve Lemal \u2013 Scope Pictures)<\/p>\n<p><strong>meilleur premier film<\/strong><\/p>\n<p>Une Chanson pour ma m\u00e8re de Joel Franka<\/p>\n<p>&nbsp;<\/p>\n<p><strong>meilleur scenario original ou adaptation<\/strong><br \/>\nPhilippe Blasband et Anne Paulicevich pour Tango Libre<\/p>\n<p>&nbsp;<\/p>\n<p><a href=\"http:\/\/www.cinevox.be\/le-palmares-des-magritte-2014\/1560503_10152207708344803_1344830889_n\/\" rel=\"attachment wp-att-51594\"><img loading=\"lazy\" decoding=\"async\" class=\"aligncenter size-large wp-image-51594\" src=\"http:\/\/www.cinevox.be\/wp-content\/uploads\/sites\/2\/2014\/02\/1560503_10152207708344803_1344830889_n-800x533.jpg\" alt=\"\" width=\"640\" height=\"426\" srcset=\"https:\/\/welovecinema.be\/wp-content\/uploads\/sites\/2\/2014\/02\/1560503_10152207708344803_1344830889_n-800x533.jpg 800w, https:\/\/welovecinema.be\/wp-content\/uploads\/sites\/2\/2014\/02\/1560503_10152207708344803_1344830889_n-405x270.jpg 405w, https:\/\/welovecinema.be\/wp-content\/uploads\/sites\/2\/2014\/02\/1560503_10152207708344803_1344830889_n.jpg 960w\" sizes=\"auto, (max-width: 640px) 100vw, 640px\" \/><\/a><\/p>\n<p style=\"text-align: right;\"><em>[Photo \u00a0\u00a9\u00a0<a href=\"http:\/\/www.flickr.com\/photos\/rudy_lamboray\/\" target=\"_blank\">Rudy Lamboray\u00a0<\/a>]<\/em><\/p>\n<p><strong>meilleure actrice<\/strong><br \/>\nPauline Etienne dans La religieuse<\/p>\n<p><strong>meilleur acteur<\/strong><\/p>\n<p>Benoit Poelvoorde pour Une place sur la terre<\/p>\n<p>&nbsp;<\/p>\n<p><a href=\"http:\/\/www.cinevox.be\/le-palmares-des-magritte-2014\/1551566_10152207727739803_2126054369_n\/\" rel=\"attachment wp-att-51595\"><img loading=\"lazy\" decoding=\"async\" class=\"aligncenter size-large wp-image-51595\" src=\"http:\/\/www.cinevox.be\/wp-content\/uploads\/sites\/2\/2014\/02\/1551566_10152207727739803_2126054369_n-800x533.jpg\" alt=\"\" width=\"640\" height=\"426\" srcset=\"https:\/\/welovecinema.be\/wp-content\/uploads\/sites\/2\/2014\/02\/1551566_10152207727739803_2126054369_n-800x533.jpg 800w, https:\/\/welovecinema.be\/wp-content\/uploads\/sites\/2\/2014\/02\/1551566_10152207727739803_2126054369_n-405x270.jpg 405w, https:\/\/welovecinema.be\/wp-content\/uploads\/sites\/2\/2014\/02\/1551566_10152207727739803_2126054369_n.jpg 960w\" sizes=\"auto, (max-width: 640px) 100vw, 640px\" \/><\/a><\/p>\n<p style=\"text-align: right;\"><em>[Photo \u00a0\u00a9\u00a0<a href=\"http:\/\/www.flickr.com\/photos\/rudy_lamboray\/\" target=\"_blank\">Rudy Lamboray\u00a0<\/a>]<\/em><\/p>\n<p><strong>meilleure actrice dans un second role<\/strong><br \/>\nCatherine Sal\u00e9e dans La vie d\u2019Ad\u00e8le<\/p>\n<p>&nbsp;<\/p>\n<p><a href=\"http:\/\/www.cinevox.be\/le-palmares-des-magritte-2014\/1558450_10152207722719803_2132288319_n\/\" rel=\"attachment wp-att-51596\"><img loading=\"lazy\" decoding=\"async\" class=\"aligncenter size-large wp-image-51596\" src=\"http:\/\/www.cinevox.be\/wp-content\/uploads\/sites\/2\/2014\/02\/1558450_10152207722719803_2132288319_n-800x533.jpg\" alt=\"\" width=\"640\" height=\"426\" srcset=\"https:\/\/welovecinema.be\/wp-content\/uploads\/sites\/2\/2014\/02\/1558450_10152207722719803_2132288319_n-800x533.jpg 800w, https:\/\/welovecinema.be\/wp-content\/uploads\/sites\/2\/2014\/02\/1558450_10152207722719803_2132288319_n-405x270.jpg 405w, https:\/\/welovecinema.be\/wp-content\/uploads\/sites\/2\/2014\/02\/1558450_10152207722719803_2132288319_n.jpg 960w\" sizes=\"auto, (max-width: 640px) 100vw, 640px\" \/><\/a><\/p>\n<p style=\"text-align: right;\"><em>[Photo \u00a0\u00a9\u00a0<a href=\"http:\/\/www.flickr.com\/photos\/rudy_lamboray\/\" target=\"_blank\">Rudy Lamboray\u00a0<\/a>]<\/em><\/p>\n<p><strong>meilleur acteur dans un second role<\/strong><br \/>\nLaurent Capelluto dans Le temps de l\u2019aventure<\/p>\n<p><strong>meilleure image<\/strong><\/p>\n<p>Hichame Alaouie pour Les chevaux de Dieu<\/p>\n<p><strong>meilleur son<\/strong><\/p>\n<p>Emmanuel de Boissieu, Fr\u00e9d\u00e9ric Demolder, Franco Piscopo et Luc Thomas pour Ernest et C\u00e9lestine<\/p>\n<p><strong>meilleurs decors<\/strong><\/p>\n<p>V\u00e9ronique Sacrez pour Tango libre<\/p>\n<p><strong>meilleurs costumes<\/strong><\/p>\n<p>Catherine Marchand pour Vijay and I<\/p>\n<p><strong>meilleure musique originale<\/strong><\/p>\n<p>Ozark Henry pour Le monde nous appartient<\/p>\n<p><strong>meilleur montage<\/strong><\/p>\n<p>Marie-H\u00e9l\u00e8ne Dozo pour Kinshasa Kids<\/p>\n<p>&nbsp;<\/p>\n<p><a href=\"http:\/\/www.cinevox.be\/le-palmares-des-magritte-2014\/7750_10152207744599803_78474541_n\/\" rel=\"attachment wp-att-51597\"><img loading=\"lazy\" decoding=\"async\" class=\"aligncenter size-large wp-image-51597\" src=\"http:\/\/www.cinevox.be\/wp-content\/uploads\/sites\/2\/2014\/02\/7750_10152207744599803_78474541_n-800x533.jpg\" alt=\"\" width=\"640\" height=\"426\" srcset=\"https:\/\/welovecinema.be\/wp-content\/uploads\/sites\/2\/2014\/02\/7750_10152207744599803_78474541_n-800x533.jpg 800w, https:\/\/welovecinema.be\/wp-content\/uploads\/sites\/2\/2014\/02\/7750_10152207744599803_78474541_n-405x270.jpg 405w, https:\/\/welovecinema.be\/wp-content\/uploads\/sites\/2\/2014\/02\/7750_10152207744599803_78474541_n.jpg 960w\" sizes=\"auto, (max-width: 640px) 100vw, 640px\" \/><\/a><\/p>\n<p style=\"text-align: right;\"><em>[Photo \u00a0\u00a9\u00a0<a href=\"http:\/\/www.flickr.com\/photos\/rudy_lamboray\/\" target=\"_blank\">Rudy Lamboray\u00a0<\/a>]<\/em><\/p>\n<p><strong>meilleur espoir feminin<\/strong><br \/>\nPauline Burlet dans Le pass\u00e9<\/p>\n<p>&nbsp;<\/p>\n<p><a href=\"http:\/\/www.cinevox.be\/le-palmares-des-magritte-2014\/1095001_10152207738999803_1448967254_n\/\" rel=\"attachment wp-att-51598\"><img loading=\"lazy\" decoding=\"async\" class=\"aligncenter size-large wp-image-51598\" src=\"http:\/\/www.cinevox.be\/wp-content\/uploads\/sites\/2\/2014\/02\/1095001_10152207738999803_1448967254_n-800x533.jpg\" alt=\"\" width=\"640\" height=\"426\" srcset=\"https:\/\/welovecinema.be\/wp-content\/uploads\/sites\/2\/2014\/02\/1095001_10152207738999803_1448967254_n-800x533.jpg 800w, https:\/\/welovecinema.be\/wp-content\/uploads\/sites\/2\/2014\/02\/1095001_10152207738999803_1448967254_n-405x270.jpg 405w, https:\/\/welovecinema.be\/wp-content\/uploads\/sites\/2\/2014\/02\/1095001_10152207738999803_1448967254_n.jpg 960w\" sizes=\"auto, (max-width: 640px) 100vw, 640px\" \/><\/a><\/p>\n<p style=\"text-align: right;\"><em>[Photo \u00a0\u00a9\u00a0<a href=\"http:\/\/www.flickr.com\/photos\/rudy_lamboray\/\" target=\"_blank\">Rudy Lamboray\u00a0<\/a>]<\/em><\/p>\n<p>&nbsp;<\/p>\n<p><strong>meilleur espoir masculin<\/strong><br \/>\nAchille Ridolfi dans Au nom du fils<\/p>\n<p><strong>meilleur court metrage<\/strong><\/p>\n<p>Welkom de Pablo Munoz Gomez (produit par Mediadiffusion)<\/p>\n<p><strong>meilleur long metrage documentaire<\/strong><\/p>\n<p>La nuit qu\u2019on suppose de Benjamin d\u2019Aoust (produit par H\u00e9licotronc)<\/p>\n","protected":false},"excerpt":{"rendered":"<p>On ne change pas une formule qui a fait ses preuves et s&rsquo;am\u00e9liore d&rsquo;ann\u00e9e en ann\u00e9e : la 4e c\u00e9r\u00e9monie des Magritte du Cin\u00e9ma se d\u00e9roulera au Mont des Arts le premier samedi de f\u00e9vrier. D\u00e8s l&rsquo;annonce des nomin\u00e9s, il est assez \u00e9vident qu&rsquo;elle promet de proposer un palmar\u00e8s un peu diff\u00e9rent. Dans une \u00e9dition &hellip;<\/p>\n","protected":false},"author":7,"featured_media":69663,"comment_status":"closed","ping_status":"closed","sticky":false,"template":"","format":"standard","meta":{"ngg_post_thumbnail":0,"footnotes":""},"categories":[12],"tags":[],"class_list":["post-69651","post","type-post","status-publish","format-standard","has-post-thumbnail","","category-awards"],"yoast_head":"<!-- This site is optimized with the Yoast SEO plugin v20.4 - https:\/\/yoast.com\/wordpress\/plugins\/seo\/ -->\n<title>Tonton Ren\u00e9 vous raconte les Magritte 2014 - We Love Cinema<\/title>\n<meta name=\"robots\" content=\"index, follow, max-snippet:-1, max-image-preview:large, max-video-preview:-1\" \/>\n<link rel=\"canonical\" href=\"https:\/\/welovecinema.be\/fr\/tonton-rene-se-souvient-des-magritte-2014\/\" \/>\n<meta property=\"og:locale\" content=\"fr_FR\" \/>\n<meta property=\"og:type\" content=\"article\" \/>\n<meta property=\"og:title\" content=\"Tonton Ren\u00e9 vous raconte les Magritte 2014 - We Love Cinema\" \/>\n<meta property=\"og:description\" content=\"On ne change pas une formule qui a fait ses preuves et s&rsquo;am\u00e9liore d&rsquo;ann\u00e9e en ann\u00e9e : la 4e c\u00e9r\u00e9monie des Magritte du Cin\u00e9ma se d\u00e9roulera au Mont des Arts le premier samedi de f\u00e9vrier. D\u00e8s l&rsquo;annonce des nomin\u00e9s, il est assez \u00e9vident qu&rsquo;elle promet de proposer un palmar\u00e8s un peu diff\u00e9rent. Dans une \u00e9dition &hellip;\" \/>\n<meta property=\"og:url\" content=\"https:\/\/welovecinema.be\/fr\/tonton-rene-se-souvient-des-magritte-2014\/\" \/>\n<meta property=\"og:site_name\" content=\"We Love Cinema\" \/>\n<meta property=\"article:publisher\" content=\"https:\/\/www.facebook.com\/welovecinema.be\" \/>\n<meta property=\"article:published_time\" content=\"2016-02-04T07:10:52+00:00\" \/>\n<meta property=\"article:modified_time\" content=\"2016-01-30T12:54:40+00:00\" \/>\n<meta property=\"og:image\" content=\"https:\/\/welovecinema.be\/wp-content\/uploads\/sites\/2\/2010\/02\/IMG_9624.jpg\" \/>\n\t<meta property=\"og:image:width\" content=\"5184\" \/>\n\t<meta property=\"og:image:height\" content=\"3456\" \/>\n\t<meta property=\"og:image:type\" content=\"image\/jpeg\" \/>\n<meta name=\"author\" content=\"Philippe.Pierquin\" \/>\n<meta name=\"twitter:card\" content=\"summary_large_image\" \/>\n<meta name=\"twitter:label1\" content=\"\u00c9crit par\" \/>\n\t<meta name=\"twitter:data1\" content=\"Philippe.Pierquin\" \/>\n\t<meta name=\"twitter:label2\" content=\"Dur\u00e9e de lecture estim\u00e9e\" \/>\n\t<meta name=\"twitter:data2\" content=\"9 minutes\" \/>\n<script type=\"application\/ld+json\" class=\"yoast-schema-graph\">{\"@context\":\"https:\/\/schema.org\",\"@graph\":[{\"@type\":\"Article\",\"@id\":\"https:\/\/welovecinema.be\/fr\/tonton-rene-se-souvient-des-magritte-2014\/#article\",\"isPartOf\":{\"@id\":\"https:\/\/welovecinema.be\/fr\/tonton-rene-se-souvient-des-magritte-2014\/\"},\"author\":{\"name\":\"Philippe.Pierquin\",\"@id\":\"https:\/\/welovecinema.be\/nl\/#\/schema\/person\/4b9b1d857f0943453a38a7c2859ef756\"},\"headline\":\"Tonton Ren\u00e9 vous raconte les Magritte 2014\",\"datePublished\":\"2016-02-04T07:10:52+00:00\",\"dateModified\":\"2016-01-30T12:54:40+00:00\",\"mainEntityOfPage\":{\"@id\":\"https:\/\/welovecinema.be\/fr\/tonton-rene-se-souvient-des-magritte-2014\/\"},\"wordCount\":1799,\"publisher\":{\"@id\":\"https:\/\/welovecinema.be\/nl\/#organization\"},\"articleSection\":[\"Evenements\"],\"inLanguage\":\"fr-FR\"},{\"@type\":\"WebPage\",\"@id\":\"https:\/\/welovecinema.be\/fr\/tonton-rene-se-souvient-des-magritte-2014\/\",\"url\":\"https:\/\/welovecinema.be\/fr\/tonton-rene-se-souvient-des-magritte-2014\/\",\"name\":\"Tonton Ren\u00e9 vous raconte les Magritte 2014 - We Love Cinema\",\"isPartOf\":{\"@id\":\"https:\/\/welovecinema.be\/nl\/#website\"},\"datePublished\":\"2016-02-04T07:10:52+00:00\",\"dateModified\":\"2016-01-30T12:54:40+00:00\",\"breadcrumb\":{\"@id\":\"https:\/\/welovecinema.be\/fr\/tonton-rene-se-souvient-des-magritte-2014\/#breadcrumb\"},\"inLanguage\":\"fr-FR\",\"potentialAction\":[{\"@type\":\"ReadAction\",\"target\":[\"https:\/\/welovecinema.be\/fr\/tonton-rene-se-souvient-des-magritte-2014\/\"]}]},{\"@type\":\"BreadcrumbList\",\"@id\":\"https:\/\/welovecinema.be\/fr\/tonton-rene-se-souvient-des-magritte-2014\/#breadcrumb\",\"itemListElement\":[{\"@type\":\"ListItem\",\"position\":1,\"name\":\"Accueil\",\"item\":\"https:\/\/welovecinema.be\/fr\/\"},{\"@type\":\"ListItem\",\"position\":2,\"name\":\"Tonton Ren\u00e9 vous raconte les Magritte 2014\"}]},{\"@type\":\"WebSite\",\"@id\":\"https:\/\/welovecinema.be\/nl\/#website\",\"url\":\"https:\/\/welovecinema.be\/nl\/\",\"name\":\"We Love Cinema\",\"description\":\"Toute l\u2019information du cin\u00e9ma en Belgique\",\"publisher\":{\"@id\":\"https:\/\/welovecinema.be\/nl\/#organization\"},\"potentialAction\":[{\"@type\":\"SearchAction\",\"target\":{\"@type\":\"EntryPoint\",\"urlTemplate\":\"https:\/\/welovecinema.be\/nl\/?s={search_term_string}\"},\"query-input\":\"required name=search_term_string\"}],\"inLanguage\":\"fr-FR\"},{\"@type\":\"Organization\",\"@id\":\"https:\/\/welovecinema.be\/nl\/#organization\",\"name\":\"We Love Cinema\",\"url\":\"https:\/\/welovecinema.be\/nl\/\",\"logo\":{\"@type\":\"ImageObject\",\"inLanguage\":\"fr-FR\",\"@id\":\"https:\/\/welovecinema.be\/nl\/#\/schema\/logo\/image\/\",\"url\":\"https:\/\/welovecinema.be\/wp-content\/uploads\/sites\/2\/2023\/03\/Logo-We-Love-Cinema305x128.jpg\",\"contentUrl\":\"https:\/\/welovecinema.be\/wp-content\/uploads\/sites\/2\/2023\/03\/Logo-We-Love-Cinema305x128.jpg\",\"width\":305,\"height\":128,\"caption\":\"We Love Cinema\"},\"image\":{\"@id\":\"https:\/\/welovecinema.be\/nl\/#\/schema\/logo\/image\/\"},\"sameAs\":[\"https:\/\/www.facebook.com\/welovecinema.be\",\"https:\/\/www.youtube.com\/channel\/UCX5LYGVhnKvYauW4Nta4HJA\",\"https:\/\/www.instagram.com\/welovecinema.be\/\"]},{\"@type\":\"Person\",\"@id\":\"https:\/\/welovecinema.be\/nl\/#\/schema\/person\/4b9b1d857f0943453a38a7c2859ef756\",\"name\":\"Philippe.Pierquin\",\"url\":\"https:\/\/welovecinema.be\/fr\/author\/philippe-pierquin\/\"}]}<\/script>\n<!-- \/ Yoast SEO plugin. -->","yoast_head_json":{"title":"Tonton Ren\u00e9 vous raconte les Magritte 2014 - We Love Cinema","robots":{"index":"index","follow":"follow","max-snippet":"max-snippet:-1","max-image-preview":"max-image-preview:large","max-video-preview":"max-video-preview:-1"},"canonical":"https:\/\/welovecinema.be\/fr\/tonton-rene-se-souvient-des-magritte-2014\/","og_locale":"fr_FR","og_type":"article","og_title":"Tonton Ren\u00e9 vous raconte les Magritte 2014 - We Love Cinema","og_description":"On ne change pas une formule qui a fait ses preuves et s&rsquo;am\u00e9liore d&rsquo;ann\u00e9e en ann\u00e9e : la 4e c\u00e9r\u00e9monie des Magritte du Cin\u00e9ma se d\u00e9roulera au Mont des Arts le premier samedi de f\u00e9vrier. D\u00e8s l&rsquo;annonce des nomin\u00e9s, il est assez \u00e9vident qu&rsquo;elle promet de proposer un palmar\u00e8s un peu diff\u00e9rent. Dans une \u00e9dition &hellip;","og_url":"https:\/\/welovecinema.be\/fr\/tonton-rene-se-souvient-des-magritte-2014\/","og_site_name":"We Love Cinema","article_publisher":"https:\/\/www.facebook.com\/welovecinema.be","article_published_time":"2016-02-04T07:10:52+00:00","article_modified_time":"2016-01-30T12:54:40+00:00","og_image":[{"width":5184,"height":3456,"url":"https:\/\/welovecinema.be\/wp-content\/uploads\/sites\/2\/2010\/02\/IMG_9624.jpg","type":"image\/jpeg"}],"author":"Philippe.Pierquin","twitter_card":"summary_large_image","twitter_misc":{"\u00c9crit par":"Philippe.Pierquin","Dur\u00e9e de lecture estim\u00e9e":"9 minutes"},"schema":{"@context":"https:\/\/schema.org","@graph":[{"@type":"Article","@id":"https:\/\/welovecinema.be\/fr\/tonton-rene-se-souvient-des-magritte-2014\/#article","isPartOf":{"@id":"https:\/\/welovecinema.be\/fr\/tonton-rene-se-souvient-des-magritte-2014\/"},"author":{"name":"Philippe.Pierquin","@id":"https:\/\/welovecinema.be\/nl\/#\/schema\/person\/4b9b1d857f0943453a38a7c2859ef756"},"headline":"Tonton Ren\u00e9 vous raconte les Magritte 2014","datePublished":"2016-02-04T07:10:52+00:00","dateModified":"2016-01-30T12:54:40+00:00","mainEntityOfPage":{"@id":"https:\/\/welovecinema.be\/fr\/tonton-rene-se-souvient-des-magritte-2014\/"},"wordCount":1799,"publisher":{"@id":"https:\/\/welovecinema.be\/nl\/#organization"},"articleSection":["Evenements"],"inLanguage":"fr-FR"},{"@type":"WebPage","@id":"https:\/\/welovecinema.be\/fr\/tonton-rene-se-souvient-des-magritte-2014\/","url":"https:\/\/welovecinema.be\/fr\/tonton-rene-se-souvient-des-magritte-2014\/","name":"Tonton Ren\u00e9 vous raconte les Magritte 2014 - We Love Cinema","isPartOf":{"@id":"https:\/\/welovecinema.be\/nl\/#website"},"datePublished":"2016-02-04T07:10:52+00:00","dateModified":"2016-01-30T12:54:40+00:00","breadcrumb":{"@id":"https:\/\/welovecinema.be\/fr\/tonton-rene-se-souvient-des-magritte-2014\/#breadcrumb"},"inLanguage":"fr-FR","potentialAction":[{"@type":"ReadAction","target":["https:\/\/welovecinema.be\/fr\/tonton-rene-se-souvient-des-magritte-2014\/"]}]},{"@type":"BreadcrumbList","@id":"https:\/\/welovecinema.be\/fr\/tonton-rene-se-souvient-des-magritte-2014\/#breadcrumb","itemListElement":[{"@type":"ListItem","position":1,"name":"Accueil","item":"https:\/\/welovecinema.be\/fr\/"},{"@type":"ListItem","position":2,"name":"Tonton Ren\u00e9 vous raconte les Magritte 2014"}]},{"@type":"WebSite","@id":"https:\/\/welovecinema.be\/nl\/#website","url":"https:\/\/welovecinema.be\/nl\/","name":"We Love Cinema","description":"Toute l\u2019information du cin\u00e9ma en Belgique","publisher":{"@id":"https:\/\/welovecinema.be\/nl\/#organization"},"potentialAction":[{"@type":"SearchAction","target":{"@type":"EntryPoint","urlTemplate":"https:\/\/welovecinema.be\/nl\/?s={search_term_string}"},"query-input":"required name=search_term_string"}],"inLanguage":"fr-FR"},{"@type":"Organization","@id":"https:\/\/welovecinema.be\/nl\/#organization","name":"We Love Cinema","url":"https:\/\/welovecinema.be\/nl\/","logo":{"@type":"ImageObject","inLanguage":"fr-FR","@id":"https:\/\/welovecinema.be\/nl\/#\/schema\/logo\/image\/","url":"https:\/\/welovecinema.be\/wp-content\/uploads\/sites\/2\/2023\/03\/Logo-We-Love-Cinema305x128.jpg","contentUrl":"https:\/\/welovecinema.be\/wp-content\/uploads\/sites\/2\/2023\/03\/Logo-We-Love-Cinema305x128.jpg","width":305,"height":128,"caption":"We Love Cinema"},"image":{"@id":"https:\/\/welovecinema.be\/nl\/#\/schema\/logo\/image\/"},"sameAs":["https:\/\/www.facebook.com\/welovecinema.be","https:\/\/www.youtube.com\/channel\/UCX5LYGVhnKvYauW4Nta4HJA","https:\/\/www.instagram.com\/welovecinema.be\/"]},{"@type":"Person","@id":"https:\/\/welovecinema.be\/nl\/#\/schema\/person\/4b9b1d857f0943453a38a7c2859ef756","name":"Philippe.Pierquin","url":"https:\/\/welovecinema.be\/fr\/author\/philippe-pierquin\/"}]}},"_links":{"self":[{"href":"https:\/\/welovecinema.be\/fr\/wp-json\/wp\/v2\/posts\/69651","targetHints":{"allow":["GET"]}}],"collection":[{"href":"https:\/\/welovecinema.be\/fr\/wp-json\/wp\/v2\/posts"}],"about":[{"href":"https:\/\/welovecinema.be\/fr\/wp-json\/wp\/v2\/types\/post"}],"author":[{"embeddable":true,"href":"https:\/\/welovecinema.be\/fr\/wp-json\/wp\/v2\/users\/7"}],"replies":[{"embeddable":true,"href":"https:\/\/welovecinema.be\/fr\/wp-json\/wp\/v2\/comments?post=69651"}],"version-history":[{"count":0,"href":"https:\/\/welovecinema.be\/fr\/wp-json\/wp\/v2\/posts\/69651\/revisions"}],"wp:featuredmedia":[{"embeddable":true,"href":"https:\/\/welovecinema.be\/fr\/wp-json\/wp\/v2\/media\/69663"}],"wp:attachment":[{"href":"https:\/\/welovecinema.be\/fr\/wp-json\/wp\/v2\/media?parent=69651"}],"wp:term":[{"taxonomy":"category","embeddable":true,"href":"https:\/\/welovecinema.be\/fr\/wp-json\/wp\/v2\/categories?post=69651"},{"taxonomy":"post_tag","embeddable":true,"href":"https:\/\/welovecinema.be\/fr\/wp-json\/wp\/v2\/tags?post=69651"}],"curies":[{"name":"wp","href":"https:\/\/api.w.org\/{rel}","templated":true}]}}