{"id":68725,"date":"2015-01-19T08:05:44","date_gmt":"2015-01-19T07:05:44","guid":{"rendered":"http:\/\/www.cinevox.be\/?p=68725"},"modified":"2015-01-19T08:36:24","modified_gmt":"2015-01-19T07:36:24","slug":"jacques-ri","status":"publish","type":"post","link":"https:\/\/welovecinema.be\/fr\/jacques-ri\/","title":{"rendered":"Jacques a ri"},"content":{"rendered":"<p><em>Jacques a vu<\/em> sort le 28 janvier sur les \u00e9crans et, jour apr\u00e8s jour, les bonnes nouvelles tombent : l&rsquo;offre de salles augmente et se diversifie.<br \/>\nD\u00e8s son arriv\u00e9e, le premier long m\u00e9trage de <strong>Xavier Diskeuve<\/strong> sera donc visible un peu partout \u00e0 Bruxelles et en Wallonie, dans tous types de salles.<\/p>\n<p>Serez-vous sensibles \u00e0 cet improbable humour, \u00e0 ces p\u00e9rip\u00e9ties po\u00e9tico-surr\u00e9alistes imagin\u00e9es par le sc\u00e9nariste-r\u00e9alisateur et interpr\u00e9t\u00e9es par une foule de com\u00e9diens totalement ancr\u00e9s dans l&rsquo;univers de Xavier?<\/p>\n<p>A quelques jours du grand d\u00e9barquement, nouveau point sur ce que vous pouvez attendre de ce film plut\u00f4t atypique dans notre paysage \u00e0 travers quelques extraits d&rsquo;interviews r\u00e9alis\u00e9es sur le tournage en plein \u00e9t\u00e9 2013.<\/p>\n<p>Car oui, distribuer un film en Belgique, ce n&rsquo;est pas une sin\u00e9cure. Raison de plus pour se r\u00e9jouir de l&rsquo;opini\u00e2tret\u00e9 de cette team qui n&rsquo;a jamais d\u00e9sarm\u00e9.<\/p>\n<p>D&rsquo;ici le 28, le film multipliera les avant-premi\u00e8res. Nous avons m\u00eame quelques invitations pour vous <a href=\"http:\/\/www.cinevox.be\/concours\/\" target=\"_blank\">ICI<\/a><!--more--><\/p>\n<p>&nbsp;<\/p>\n<p>&nbsp;<\/p>\n<p>&nbsp;<\/p>\n<h1>LE RETOUR DE COUSIN JACQUES<\/h1>\n<p>&nbsp;<\/p>\n<p><iframe loading=\"lazy\" src=\"\/\/www.youtube.com\/embed\/8X7ZejWNCYc\" width=\"620\" height=\"348\" frameborder=\"0\" allowfullscreen=\"allowfullscreen\"><\/iframe><\/p>\n<p>&nbsp;<\/p>\n<h1>MORT DE RIRE<\/h1>\n<p>&nbsp;<\/p>\n<p><iframe loading=\"lazy\" src=\"\/\/www.youtube.com\/embed\/0ZixzY7jKII\" width=\"620\" height=\"348\" frameborder=\"0\" allowfullscreen=\"allowfullscreen\"><\/iframe><\/p>\n<p>&nbsp;<\/p>\n<h1>LE COMIQUE ET SES NUANCES<\/h1>\n<p>&nbsp;<\/p>\n<p><iframe loading=\"lazy\" src=\"\/\/www.youtube.com\/embed\/qoYa3dGhIt8\" width=\"620\" height=\"348\" frameborder=\"0\" allowfullscreen=\"allowfullscreen\"><\/iframe><\/p>\n<p>&nbsp;<\/p>\n<h1>L&rsquo;HUMOUR BELGE<\/h1>\n<p>&nbsp;<\/p>\n<p><iframe loading=\"lazy\" src=\"\/\/www.youtube.com\/embed\/e99gPtGoZQs\" width=\"620\" height=\"348\" frameborder=\"0\" allowfullscreen=\"allowfullscreen\"><\/iframe><\/p>\n<p>&nbsp;<\/p>\n<h1>A L&rsquo;ORIGINE<\/h1>\n<p>&nbsp;<\/p>\n<p><iframe loading=\"lazy\" src=\"\/\/www.youtube.com\/embed\/4AgEWHoEv-E\" width=\"620\" height=\"348\" frameborder=\"0\" allowfullscreen=\"allowfullscreen\"><\/iframe><\/p>\n<p>&nbsp;<\/p>\n<h1>LE PASSAGE AU LONG M\u00c9TRAGE<\/h1>\n<p>&nbsp;<\/p>\n<p><iframe loading=\"lazy\" src=\"\/\/www.youtube.com\/embed\/ob8qQJnbcyA\" width=\"620\" height=\"348\" frameborder=\"0\" allowfullscreen=\"allowfullscreen\"><\/iframe><\/p>\n<p>&nbsp;<\/p>\n<h1>LA FIDELITE<\/h1>\n<p>&nbsp;<\/p>\n<p><iframe loading=\"lazy\" src=\"\/\/www.youtube.com\/embed\/lvTblkYXrrw\" width=\"620\" height=\"348\" frameborder=\"0\" allowfullscreen=\"allowfullscreen\"><\/iframe><\/p>\n<p>&nbsp;<\/p>\n<p>&nbsp;<\/p>\n<p>&nbsp;<\/p>\n<p>Un autre article avec d\u2019autres interviews est \u00e0 d\u00e9couvrir\u00a0<a href=\"http:\/\/www.cinevox.be\/jacques-vu-quoi\/\" target=\"_blank\">ICI<\/a><\/p>\n<p>&nbsp;<\/p>\n","protected":false},"excerpt":{"rendered":"<p>Jacques a vu sort le 28 janvier sur les \u00e9crans et, jour apr\u00e8s jour, les bonnes nouvelles tombent : l&rsquo;offre de salles augmente et se diversifie. D\u00e8s son arriv\u00e9e, le premier long m\u00e9trage de Xavier Diskeuve sera donc visible un peu partout \u00e0 Bruxelles et en Wallonie, dans tous types de salles. Serez-vous sensibles \u00e0 &hellip;<\/p>\n","protected":false},"author":7,"featured_media":68727,"comment_status":"closed","ping_status":"closed","sticky":false,"template":"","format":"standard","meta":{"ngg_post_thumbnail":0,"footnotes":""},"categories":[53],"tags":[],"class_list":["post-68725","post","type-post","status-publish","format-standard","has-post-thumbnail","","category-coming-soon"],"yoast_head":"<!-- This site is optimized with the Yoast SEO plugin v20.4 - https:\/\/yoast.com\/wordpress\/plugins\/seo\/ -->\n<title>Jacques a ri - We Love Cinema<\/title>\n<meta name=\"robots\" content=\"index, follow, max-snippet:-1, max-image-preview:large, max-video-preview:-1\" \/>\n<link rel=\"canonical\" href=\"https:\/\/welovecinema.be\/fr\/jacques-ri\/\" \/>\n<meta property=\"og:locale\" content=\"fr_FR\" \/>\n<meta property=\"og:type\" content=\"article\" \/>\n<meta property=\"og:title\" content=\"Jacques a ri - We Love Cinema\" \/>\n<meta property=\"og:description\" content=\"Jacques a vu sort le 28 janvier sur les \u00e9crans et, jour apr\u00e8s jour, les bonnes nouvelles tombent : l&rsquo;offre de salles augmente et se diversifie. D\u00e8s son arriv\u00e9e, le premier long m\u00e9trage de Xavier Diskeuve sera donc visible un peu partout \u00e0 Bruxelles et en Wallonie, dans tous types de salles. Serez-vous sensibles \u00e0 &hellip;\" \/>\n<meta property=\"og:url\" content=\"https:\/\/welovecinema.be\/fr\/jacques-ri\/\" \/>\n<meta property=\"og:site_name\" content=\"We Love Cinema\" \/>\n<meta property=\"article:publisher\" content=\"https:\/\/www.facebook.com\/welovecinema.be\" \/>\n<meta property=\"article:published_time\" content=\"2015-01-19T07:05:44+00:00\" \/>\n<meta property=\"article:modified_time\" content=\"2015-01-19T07:36:24+00:00\" \/>\n<meta property=\"og:image\" content=\"https:\/\/welovecinema.be\/wp-content\/uploads\/sites\/2\/2015\/01\/2a-J-L-Fonck_N-Buysse_C-Cornil_.jpg\" \/>\n\t<meta property=\"og:image:width\" content=\"3543\" \/>\n\t<meta property=\"og:image:height\" content=\"2028\" \/>\n\t<meta property=\"og:image:type\" content=\"image\/jpeg\" \/>\n<meta name=\"author\" content=\"Philippe.Pierquin\" \/>\n<meta name=\"twitter:card\" content=\"summary_large_image\" \/>\n<meta name=\"twitter:label1\" content=\"\u00c9crit par\" \/>\n\t<meta name=\"twitter:data1\" content=\"Philippe.Pierquin\" \/>\n\t<meta name=\"twitter:label2\" content=\"Dur\u00e9e de lecture estim\u00e9e\" \/>\n\t<meta name=\"twitter:data2\" content=\"1 minute\" \/>\n<script type=\"application\/ld+json\" class=\"yoast-schema-graph\">{\"@context\":\"https:\/\/schema.org\",\"@graph\":[{\"@type\":\"Article\",\"@id\":\"https:\/\/welovecinema.be\/fr\/jacques-ri\/#article\",\"isPartOf\":{\"@id\":\"https:\/\/welovecinema.be\/fr\/jacques-ri\/\"},\"author\":{\"name\":\"Philippe.Pierquin\",\"@id\":\"https:\/\/welovecinema.be\/nl\/#\/schema\/person\/4b9b1d857f0943453a38a7c2859ef756\"},\"headline\":\"Jacques a ri\",\"datePublished\":\"2015-01-19T07:05:44+00:00\",\"dateModified\":\"2015-01-19T07:36:24+00:00\",\"mainEntityOfPage\":{\"@id\":\"https:\/\/welovecinema.be\/fr\/jacques-ri\/\"},\"wordCount\":242,\"publisher\":{\"@id\":\"https:\/\/welovecinema.be\/nl\/#organization\"},\"articleSection\":[\"Coming soon\"],\"inLanguage\":\"fr-FR\"},{\"@type\":\"WebPage\",\"@id\":\"https:\/\/welovecinema.be\/fr\/jacques-ri\/\",\"url\":\"https:\/\/welovecinema.be\/fr\/jacques-ri\/\",\"name\":\"Jacques a ri - We Love Cinema\",\"isPartOf\":{\"@id\":\"https:\/\/welovecinema.be\/nl\/#website\"},\"datePublished\":\"2015-01-19T07:05:44+00:00\",\"dateModified\":\"2015-01-19T07:36:24+00:00\",\"breadcrumb\":{\"@id\":\"https:\/\/welovecinema.be\/fr\/jacques-ri\/#breadcrumb\"},\"inLanguage\":\"fr-FR\",\"potentialAction\":[{\"@type\":\"ReadAction\",\"target\":[\"https:\/\/welovecinema.be\/fr\/jacques-ri\/\"]}]},{\"@type\":\"BreadcrumbList\",\"@id\":\"https:\/\/welovecinema.be\/fr\/jacques-ri\/#breadcrumb\",\"itemListElement\":[{\"@type\":\"ListItem\",\"position\":1,\"name\":\"Accueil\",\"item\":\"https:\/\/welovecinema.be\/fr\/\"},{\"@type\":\"ListItem\",\"position\":2,\"name\":\"Jacques a ri\"}]},{\"@type\":\"WebSite\",\"@id\":\"https:\/\/welovecinema.be\/nl\/#website\",\"url\":\"https:\/\/welovecinema.be\/nl\/\",\"name\":\"We Love Cinema\",\"description\":\"Toute l\u2019information du cin\u00e9ma en Belgique\",\"publisher\":{\"@id\":\"https:\/\/welovecinema.be\/nl\/#organization\"},\"potentialAction\":[{\"@type\":\"SearchAction\",\"target\":{\"@type\":\"EntryPoint\",\"urlTemplate\":\"https:\/\/welovecinema.be\/nl\/?s={search_term_string}\"},\"query-input\":\"required name=search_term_string\"}],\"inLanguage\":\"fr-FR\"},{\"@type\":\"Organization\",\"@id\":\"https:\/\/welovecinema.be\/nl\/#organization\",\"name\":\"We Love Cinema\",\"url\":\"https:\/\/welovecinema.be\/nl\/\",\"logo\":{\"@type\":\"ImageObject\",\"inLanguage\":\"fr-FR\",\"@id\":\"https:\/\/welovecinema.be\/nl\/#\/schema\/logo\/image\/\",\"url\":\"https:\/\/welovecinema.be\/wp-content\/uploads\/sites\/2\/2023\/03\/Logo-We-Love-Cinema305x128.jpg\",\"contentUrl\":\"https:\/\/welovecinema.be\/wp-content\/uploads\/sites\/2\/2023\/03\/Logo-We-Love-Cinema305x128.jpg\",\"width\":305,\"height\":128,\"caption\":\"We Love Cinema\"},\"image\":{\"@id\":\"https:\/\/welovecinema.be\/nl\/#\/schema\/logo\/image\/\"},\"sameAs\":[\"https:\/\/www.facebook.com\/welovecinema.be\",\"https:\/\/www.youtube.com\/channel\/UCX5LYGVhnKvYauW4Nta4HJA\",\"https:\/\/www.instagram.com\/welovecinema.be\/\"]},{\"@type\":\"Person\",\"@id\":\"https:\/\/welovecinema.be\/nl\/#\/schema\/person\/4b9b1d857f0943453a38a7c2859ef756\",\"name\":\"Philippe.Pierquin\",\"url\":\"https:\/\/welovecinema.be\/fr\/author\/philippe-pierquin\/\"}]}<\/script>\n<!-- \/ Yoast SEO plugin. -->","yoast_head_json":{"title":"Jacques a ri - We Love Cinema","robots":{"index":"index","follow":"follow","max-snippet":"max-snippet:-1","max-image-preview":"max-image-preview:large","max-video-preview":"max-video-preview:-1"},"canonical":"https:\/\/welovecinema.be\/fr\/jacques-ri\/","og_locale":"fr_FR","og_type":"article","og_title":"Jacques a ri - We Love Cinema","og_description":"Jacques a vu sort le 28 janvier sur les \u00e9crans et, jour apr\u00e8s jour, les bonnes nouvelles tombent : l&rsquo;offre de salles augmente et se diversifie. D\u00e8s son arriv\u00e9e, le premier long m\u00e9trage de Xavier Diskeuve sera donc visible un peu partout \u00e0 Bruxelles et en Wallonie, dans tous types de salles. Serez-vous sensibles \u00e0 &hellip;","og_url":"https:\/\/welovecinema.be\/fr\/jacques-ri\/","og_site_name":"We Love Cinema","article_publisher":"https:\/\/www.facebook.com\/welovecinema.be","article_published_time":"2015-01-19T07:05:44+00:00","article_modified_time":"2015-01-19T07:36:24+00:00","og_image":[{"width":3543,"height":2028,"url":"https:\/\/welovecinema.be\/wp-content\/uploads\/sites\/2\/2015\/01\/2a-J-L-Fonck_N-Buysse_C-Cornil_.jpg","type":"image\/jpeg"}],"author":"Philippe.Pierquin","twitter_card":"summary_large_image","twitter_misc":{"\u00c9crit par":"Philippe.Pierquin","Dur\u00e9e de lecture estim\u00e9e":"1 minute"},"schema":{"@context":"https:\/\/schema.org","@graph":[{"@type":"Article","@id":"https:\/\/welovecinema.be\/fr\/jacques-ri\/#article","isPartOf":{"@id":"https:\/\/welovecinema.be\/fr\/jacques-ri\/"},"author":{"name":"Philippe.Pierquin","@id":"https:\/\/welovecinema.be\/nl\/#\/schema\/person\/4b9b1d857f0943453a38a7c2859ef756"},"headline":"Jacques a ri","datePublished":"2015-01-19T07:05:44+00:00","dateModified":"2015-01-19T07:36:24+00:00","mainEntityOfPage":{"@id":"https:\/\/welovecinema.be\/fr\/jacques-ri\/"},"wordCount":242,"publisher":{"@id":"https:\/\/welovecinema.be\/nl\/#organization"},"articleSection":["Coming soon"],"inLanguage":"fr-FR"},{"@type":"WebPage","@id":"https:\/\/welovecinema.be\/fr\/jacques-ri\/","url":"https:\/\/welovecinema.be\/fr\/jacques-ri\/","name":"Jacques a ri - We Love Cinema","isPartOf":{"@id":"https:\/\/welovecinema.be\/nl\/#website"},"datePublished":"2015-01-19T07:05:44+00:00","dateModified":"2015-01-19T07:36:24+00:00","breadcrumb":{"@id":"https:\/\/welovecinema.be\/fr\/jacques-ri\/#breadcrumb"},"inLanguage":"fr-FR","potentialAction":[{"@type":"ReadAction","target":["https:\/\/welovecinema.be\/fr\/jacques-ri\/"]}]},{"@type":"BreadcrumbList","@id":"https:\/\/welovecinema.be\/fr\/jacques-ri\/#breadcrumb","itemListElement":[{"@type":"ListItem","position":1,"name":"Accueil","item":"https:\/\/welovecinema.be\/fr\/"},{"@type":"ListItem","position":2,"name":"Jacques a ri"}]},{"@type":"WebSite","@id":"https:\/\/welovecinema.be\/nl\/#website","url":"https:\/\/welovecinema.be\/nl\/","name":"We Love Cinema","description":"Toute l\u2019information du cin\u00e9ma en Belgique","publisher":{"@id":"https:\/\/welovecinema.be\/nl\/#organization"},"potentialAction":[{"@type":"SearchAction","target":{"@type":"EntryPoint","urlTemplate":"https:\/\/welovecinema.be\/nl\/?s={search_term_string}"},"query-input":"required name=search_term_string"}],"inLanguage":"fr-FR"},{"@type":"Organization","@id":"https:\/\/welovecinema.be\/nl\/#organization","name":"We Love Cinema","url":"https:\/\/welovecinema.be\/nl\/","logo":{"@type":"ImageObject","inLanguage":"fr-FR","@id":"https:\/\/welovecinema.be\/nl\/#\/schema\/logo\/image\/","url":"https:\/\/welovecinema.be\/wp-content\/uploads\/sites\/2\/2023\/03\/Logo-We-Love-Cinema305x128.jpg","contentUrl":"https:\/\/welovecinema.be\/wp-content\/uploads\/sites\/2\/2023\/03\/Logo-We-Love-Cinema305x128.jpg","width":305,"height":128,"caption":"We Love Cinema"},"image":{"@id":"https:\/\/welovecinema.be\/nl\/#\/schema\/logo\/image\/"},"sameAs":["https:\/\/www.facebook.com\/welovecinema.be","https:\/\/www.youtube.com\/channel\/UCX5LYGVhnKvYauW4Nta4HJA","https:\/\/www.instagram.com\/welovecinema.be\/"]},{"@type":"Person","@id":"https:\/\/welovecinema.be\/nl\/#\/schema\/person\/4b9b1d857f0943453a38a7c2859ef756","name":"Philippe.Pierquin","url":"https:\/\/welovecinema.be\/fr\/author\/philippe-pierquin\/"}]}},"_links":{"self":[{"href":"https:\/\/welovecinema.be\/fr\/wp-json\/wp\/v2\/posts\/68725","targetHints":{"allow":["GET"]}}],"collection":[{"href":"https:\/\/welovecinema.be\/fr\/wp-json\/wp\/v2\/posts"}],"about":[{"href":"https:\/\/welovecinema.be\/fr\/wp-json\/wp\/v2\/types\/post"}],"author":[{"embeddable":true,"href":"https:\/\/welovecinema.be\/fr\/wp-json\/wp\/v2\/users\/7"}],"replies":[{"embeddable":true,"href":"https:\/\/welovecinema.be\/fr\/wp-json\/wp\/v2\/comments?post=68725"}],"version-history":[{"count":0,"href":"https:\/\/welovecinema.be\/fr\/wp-json\/wp\/v2\/posts\/68725\/revisions"}],"wp:featuredmedia":[{"embeddable":true,"href":"https:\/\/welovecinema.be\/fr\/wp-json\/wp\/v2\/media\/68727"}],"wp:attachment":[{"href":"https:\/\/welovecinema.be\/fr\/wp-json\/wp\/v2\/media?parent=68725"}],"wp:term":[{"taxonomy":"category","embeddable":true,"href":"https:\/\/welovecinema.be\/fr\/wp-json\/wp\/v2\/categories?post=68725"},{"taxonomy":"post_tag","embeddable":true,"href":"https:\/\/welovecinema.be\/fr\/wp-json\/wp\/v2\/tags?post=68725"}],"curies":[{"name":"wp","href":"https:\/\/api.w.org\/{rel}","templated":true}]}}