{"id":68516,"date":"2015-01-15T08:21:44","date_gmt":"2015-01-15T07:21:44","guid":{"rendered":"http:\/\/www.cinevox.be\/?p=68516"},"modified":"2015-01-16T14:56:52","modified_gmt":"2015-01-16T13:56:52","slug":"box-office-et-agenda-des-sorties-films-belges-150115","status":"publish","type":"post","link":"https:\/\/welovecinema.be\/fr\/box-office-et-agenda-des-sorties-films-belges-150115\/","title":{"rendered":"Box-office et agenda des sorties : films belges [15\/01\/15]"},"content":{"rendered":"<p><em>Quels sont les films \u00e0 l\u2019affiche? Ceux qu\u2019on annonce?\u00a0<\/em><\/p>\n<p><em> Si vous voulez vous \u00e9clater au cin\u00e9 ou planifier vos prochaines sorties en solo, en amoureux, entre amis ou en famille, voil\u00e0 d\u2019angoissantes questions existentielles qui doivent \u00eatre r\u00e9solues sans d\u00e9lai. <\/em><\/p>\n<p><em>Pour vous aider, Cinevox propose d\u00e9sormais des articles mis \u00e0 jours tr\u00e8s r\u00e9guli\u00e8rement <\/em><\/p>\n<p><em><br \/>\nAu menu de ce mini-mag: les films belges \u00e0 l&rsquo;affiche et en approche, le box-office des longs m\u00e9trages d\u00e9j\u00e0 en salles et d&rsquo;\u00e9v\u00e8nements croustillants. <\/em><\/p>\n<p><em>Bienvenue dans un espace d\u2019information qui n\u2019existe nulle part ailleurs. <\/em><!--more--><\/p>\n<p><em>\u00a0<\/em><\/p>\n<h1>[\u00c9dition du 15 janvier 2015]<\/h1>\n<p>&nbsp;<\/p>\n<p><a href=\"http:\/\/www.cinevox.be\/box-office-et-agenda-des-sorties-films-belges-150115\/bilbo_baggins_in_hobbit_3-wide\/\" rel=\"attachment wp-att-68517\"><img loading=\"lazy\" decoding=\"async\" class=\"aligncenter size-large wp-image-68517\" src=\"http:\/\/www.cinevox.be\/wp-content\/uploads\/sites\/2\/2015\/01\/bilbo_baggins_in_hobbit_3-wide-800x500.jpg\" alt=\"\" width=\"640\" height=\"400\" srcset=\"https:\/\/welovecinema.be\/wp-content\/uploads\/sites\/2\/2015\/01\/bilbo_baggins_in_hobbit_3-wide-800x500.jpg 800w, https:\/\/welovecinema.be\/wp-content\/uploads\/sites\/2\/2015\/01\/bilbo_baggins_in_hobbit_3-wide-432x270.jpg 432w\" sizes=\"auto, (max-width: 640px) 100vw, 640px\" \/><\/a><\/p>\n<p>&nbsp;<\/p>\n<p><a href=\"http:\/\/www.cinevox.be\/box-office-et-agenda-des-sorties-films-belges-150115\/b-o-6\/\" rel=\"attachment wp-att-68536\"><img loading=\"lazy\" decoding=\"async\" class=\"alignleft size-full wp-image-68536\" src=\"http:\/\/www.cinevox.be\/wp-content\/uploads\/sites\/2\/2010\/01\/B.O..png\" alt=\"\" width=\"100\" height=\"100\" srcset=\"https:\/\/welovecinema.be\/wp-content\/uploads\/sites\/2\/2010\/01\/B.O..png 100w, https:\/\/welovecinema.be\/wp-content\/uploads\/sites\/2\/2010\/01\/B.O.-87x87.png 87w\" sizes=\"auto, (max-width: 100px) 100vw, 100px\" \/><\/a>En ce d\u00e9but d&rsquo;ann\u00e9e, comme en fin d&rsquo;ann\u00e9e derni\u00e8re les sorties belges ne sont pas l\u00e9gion. Et le box-office est domin\u00e9 par les gros films anglo-saxons.<\/p>\n<p>Le Hobbit : <em>La Bataille des Cinq Arm\u00e9es, Unbroken, Horrible Bosses2, Paddington, Les Pingouins de Madagascar <\/em>et<em> Exodus <\/em>m\u00e8nent le bal.<\/p>\n<p>Avec plus de 800.000 entr\u00e9es \u00e0 son actif, Le Hobbit fait d&rsquo;ailleurs mieux que le volume 3 d&rsquo;<em>Hunger Games et <\/em>devient r\u00e9trospectivement le big smash de 2014.<\/p>\n<p>Un film belge se glisse dans ce groupe de t\u00eate : il s&rsquo;agit de <em>Bowling Balls<\/em> qui avec pr\u00e8s de 200.000 spectateurs au compteur est un franc succ\u00e8s en Flandre. On n&rsquo;en dira h\u00e9las pas autant de <em>Braban\u00e7onne<\/em> qui finira sans doute autour des 80.000.<\/p>\n<p>Vu les \u00e9normes espoirs plac\u00e9s dans cette entreprise dingue, c&rsquo;est une d\u00e9ception. Pour un film flamand, bien s\u00fbr&#8230;<\/p>\n<p><a href=\"http:\/\/www.cinevox.be\/box-office-et-agenda-des-sorties-films-belges-150115\/1795807_534058273380687_2043462222_o-3\/\" rel=\"attachment wp-att-68518\"><img loading=\"lazy\" decoding=\"async\" class=\"aligncenter size-large wp-image-68518\" src=\"http:\/\/www.cinevox.be\/wp-content\/uploads\/sites\/2\/2015\/01\/1795807_534058273380687_2043462222_o-800x338.jpg\" alt=\"\" width=\"640\" height=\"270\" srcset=\"https:\/\/welovecinema.be\/wp-content\/uploads\/sites\/2\/2015\/01\/1795807_534058273380687_2043462222_o-800x338.jpg 800w, https:\/\/welovecinema.be\/wp-content\/uploads\/sites\/2\/2015\/01\/1795807_534058273380687_2043462222_o-480x203.jpg 480w, https:\/\/welovecinema.be\/wp-content\/uploads\/sites\/2\/2015\/01\/1795807_534058273380687_2043462222_o.jpg 1908w\" sizes=\"auto, (max-width: 640px) 100vw, 640px\" \/><\/a><\/p>\n<p>&nbsp;<\/p>\n<p>Pour <em>Image <\/em>par contre, la belle aventure continue. Le cap des 70.000 entr\u00e9es est en vue et le film n&rsquo;a pas cess\u00e9, en 10<sup>e<\/sup> semaine, \u00e0 attirer les curieux. \u00ab\u00a0Formidable\u00a0\u00bb, comme le chanterait Stromae qui a beaucoup aim\u00e9 ce coup de poing au plexus du syst\u00e8me. Surtout pour un film tourn\u00e9 avec des moyens aussi t\u00e9nus, compens\u00e9s par une \u00e9nergie et un talent d\u00e9moniaques<\/p>\n<p>&nbsp;<\/p>\n<p><a href=\"http:\/\/www.cinevox.be\/box-office-et-agenda-des-sorties-films-belges-150115\/9944-2\/\" rel=\"attachment wp-att-68519\"><img loading=\"lazy\" decoding=\"async\" class=\"aligncenter size-full wp-image-68519\" src=\"http:\/\/www.cinevox.be\/wp-content\/uploads\/sites\/2\/2015\/01\/9944.jpeg\" alt=\"\" width=\"745\" height=\"377\" srcset=\"https:\/\/welovecinema.be\/wp-content\/uploads\/sites\/2\/2015\/01\/9944.jpeg 745w, https:\/\/welovecinema.be\/wp-content\/uploads\/sites\/2\/2015\/01\/9944-480x242.jpeg 480w\" sizes=\"auto, (max-width: 745px) 100vw, 745px\" \/><\/a><\/p>\n<p>&nbsp;<\/p>\n<p>Cot\u00e9 Coprod, <em>Ast\u00e9rix : le domaine des dieux<\/em>\u00a0 a profit\u00e9 des vacances pour passer le cap des 120.000 de tickets \u00e9coul\u00e9s. <em>La French<\/em> termine sa carri\u00e8re autour des 45.000. Quant \u00e0 L<em>a famille B\u00e9lier, <\/em>elle se d\u00e9brouille pas mal avec d\u00e9j\u00e0 plus de 140.000 fans au compteur.<\/p>\n<p>En France, Fran\u00e7ois Damiens explose carr\u00e9ment le box-office et totalise en un mois quasi 4 millions de spectateurs.<\/p>\n<p>Comme pour tous les autres films, \u00e0 l&rsquo;affiche la derni\u00e8re semaine a \u00e9t\u00e9 tr\u00e8s difficile pour le ph\u00e9nom\u00e8ne coproduit par Nexus Factory. Il y a des \u00e9v\u00e9nements qui ne vous donnent pas sp\u00e9cialement envie de sortir de chez vous\u2026 <em>La ran\u00e7on de la gloire<\/em> en a \u00e9t\u00e9 une grande victime en Belgique. On appelle \u00e7a les impond\u00e9rables.<\/p>\n<p>&nbsp;<\/p>\n<p><a href=\"http:\/\/www.cinevox.be\/box-office-et-agenda-des-sorties-films-belges-150115\/1390609_183062588547650_1251108435_n-2\/\" rel=\"attachment wp-att-68521\"><img loading=\"lazy\" decoding=\"async\" class=\"aligncenter size-full wp-image-68521\" src=\"http:\/\/www.cinevox.be\/wp-content\/uploads\/sites\/2\/2015\/01\/1390609_183062588547650_1251108435_n.jpg\" alt=\"\" width=\"720\" height=\"481\" srcset=\"https:\/\/welovecinema.be\/wp-content\/uploads\/sites\/2\/2015\/01\/1390609_183062588547650_1251108435_n.jpg 720w, https:\/\/welovecinema.be\/wp-content\/uploads\/sites\/2\/2015\/01\/1390609_183062588547650_1251108435_n-404x270.jpg 404w\" sizes=\"auto, (max-width: 720px) 100vw, 720px\" \/><\/a><\/p>\n<p>&nbsp;<\/p>\n<p><a href=\"http:\/\/www.cinevox.be\/box-office-et-agenda-des-sorties-films-belges-150115\/28-01-5\/\" rel=\"attachment wp-att-68535\"><img loading=\"lazy\" decoding=\"async\" class=\"alignleft size-full wp-image-68535\" src=\"http:\/\/www.cinevox.be\/wp-content\/uploads\/sites\/2\/2010\/01\/28-01.png\" alt=\"\" width=\"100\" height=\"100\" srcset=\"https:\/\/welovecinema.be\/wp-content\/uploads\/sites\/2\/2010\/01\/28-01.png 100w, https:\/\/welovecinema.be\/wp-content\/uploads\/sites\/2\/2010\/01\/28-01-87x87.png 87w\" sizes=\"auto, (max-width: 100px) 100vw, 100px\" \/><\/a>Comme nous le disions c&rsquo;est le calme plat donc, rayon sorties nationales. Il faudra en fait attendre le 28 janvier pour voir d\u00e9barquer la premi\u00e8re d&rsquo;entre elles : <em>Jacques a vu,<\/em> premier long m\u00e9trage de <strong>Xavier Diskeuve<\/strong> reprend l\u2019univers de ses courts avec une famille d\u2019acteurs \u00e0 laquelle l\u2019homme de m\u00e9dia namurois est toujours rest\u00e9 fid\u00e8le; envers et contre tout.<\/p>\n<p>&nbsp;<\/p>\n<p>Bruce et Lara s\u2019installent \u00e0 Chapon-Laroche, le village o\u00f9 Brice passait jadis ses vacances dans la ferme de ses cousins. Le couple de citadins a achet\u00e9 fort cher une maison modeste et en piteux \u00e9tat. Mais l\u2019int\u00e9gration au village est d\u2019autant moins ais\u00e9e que leur seul point d\u2019attache est d\u00e9sormais Jacques, gar\u00e7on de ferme taciturne, qui sert de larbin \u00e0 tout le village. Pour couronner le tout, le couple apprend qu\u2019un \u00e9norme centre de vacances d\u2019origine hollandaise devrait \u00eatre \u00e9difi\u00e9, avec l\u2019assentiment bienveillant des autorit\u00e9s locales, \u00e0 deux pas de leur jardin.<\/p>\n<p>La sagesse voudrait qu\u2019ils repartent, mais maintenant que la valeur d\u00e9j\u00e0 contestable de leur maison a chut\u00e9, c\u2019est hors de question. Ils d\u00e9cident donc de se battre sur le terrain.<\/p>\n<p>&nbsp;<\/p>\n<p><a href=\"http:\/\/www.cinevox.be\/box-office-et-agenda-des-sorties-films-belges-150115\/1397123_196345410552701_348364351_o-1\/\" rel=\"attachment wp-att-68522\"><img loading=\"lazy\" decoding=\"async\" class=\"aligncenter size-large wp-image-68522\" src=\"http:\/\/www.cinevox.be\/wp-content\/uploads\/sites\/2\/2015\/01\/1397123_196345410552701_348364351_o-1-800x534.jpg\" alt=\"\" width=\"640\" height=\"427\" srcset=\"https:\/\/welovecinema.be\/wp-content\/uploads\/sites\/2\/2015\/01\/1397123_196345410552701_348364351_o-1-800x534.jpg 800w, https:\/\/welovecinema.be\/wp-content\/uploads\/sites\/2\/2015\/01\/1397123_196345410552701_348364351_o-1-404x270.jpg 404w, https:\/\/welovecinema.be\/wp-content\/uploads\/sites\/2\/2015\/01\/1397123_196345410552701_348364351_o-1.jpg 1800w\" sizes=\"auto, (max-width: 640px) 100vw, 640px\" \/><\/a><\/p>\n<p>&nbsp;<\/p>\n<p>Com\u00e9die bon enfant pr\u00e9sent\u00e9e au FIFF en octobre dernier, <em>Jacques a vu <\/em>est assez atypique dans le paysage belge francophone. Avec <em>Sauve-toi Wendy<\/em> (qui sortira un peu plus tard), Il tentera de s\u00e9duire le public d\u2019<em>Une Chanson pour ma m\u00e8re <\/em>(Magritte du 1<sup>er<\/sup> film 2014) ou <em>Il \u00e9tait une fois une fois <\/em>(joli succ\u00e8s au box-office belge), eux aussi diffus\u00e9s \u00e0 la sortie de l\u2019hiver.<\/p>\n<p>&nbsp;<\/p>\n<p>Bonne nouvelle, \u00a0<em>Jacques a vu<\/em> gagne trois salles : l&rsquo;UGC de Brouck\u00e8re \u00e0 Bruxelles, plus les Cinepointcom de Charleroi et Verviers !<\/p>\n<p>&nbsp;<\/p>\n<p>Voir <a href=\"http:\/\/www.cinevox.be\/?p=68019\">ICI<\/a><\/p>\n<p>&nbsp;<\/p>\n<p><a href=\"http:\/\/www.cinevox.be\/box-office-et-agenda-des-sorties-films-belges-150115\/tlcsg_stills-0000009-2\/\" rel=\"attachment wp-att-68523\"><img loading=\"lazy\" decoding=\"async\" class=\"aligncenter size-large wp-image-68523\" src=\"http:\/\/www.cinevox.be\/wp-content\/uploads\/sites\/2\/2015\/01\/tlcsg_stills.0000009-800x335.jpg\" alt=\"\" width=\"640\" height=\"268\" srcset=\"https:\/\/welovecinema.be\/wp-content\/uploads\/sites\/2\/2015\/01\/tlcsg_stills.0000009-800x335.jpg 800w, https:\/\/welovecinema.be\/wp-content\/uploads\/sites\/2\/2015\/01\/tlcsg_stills.0000009-480x201.jpg 480w, https:\/\/welovecinema.be\/wp-content\/uploads\/sites\/2\/2015\/01\/tlcsg_stills.0000009.jpg 2048w\" sizes=\"auto, (max-width: 640px) 100vw, 640px\" \/><\/a><\/p>\n<p>&nbsp;<\/p>\n<p><a href=\"http:\/\/www.cinevox.be\/box-office-et-agenda-des-sorties-films-belges-150115\/07-02-mag-7\/\" rel=\"attachment wp-att-68538\"><img loading=\"lazy\" decoding=\"async\" class=\"alignleft size-full wp-image-68538\" src=\"http:\/\/www.cinevox.be\/wp-content\/uploads\/sites\/2\/2010\/01\/07-02-mag.png\" alt=\"\" width=\"100\" height=\"100\" srcset=\"https:\/\/welovecinema.be\/wp-content\/uploads\/sites\/2\/2010\/01\/07-02-mag.png 100w, https:\/\/welovecinema.be\/wp-content\/uploads\/sites\/2\/2010\/01\/07-02-mag-87x87.png 87w\" sizes=\"auto, (max-width: 100px) 100vw, 100px\" \/><\/a>M\u00eame s&rsquo;il est attendu au printemps seulement, <em>Tous les chats sont gris <\/em>sera le second \u00e9v\u00e8nement belge de ce d\u00e9but d&rsquo;ann\u00e9e 2015.<\/p>\n<p>Le premier long m\u00e9trage de la tr\u00e8s prometteuse <strong>Savina Dellicour<\/strong>, a \u00e9t\u00e9 choisi pour \u00eatre le formidable cadeau du Cinevox Happening double couche, double plaisir organis\u00e9 le 7 f\u00e9vrier \u00e0 l&rsquo;UGC de Brouck\u00e8re.<\/p>\n<p>Apr\u00e8s la diffusion en direct et sur grand \u00e9cran de la cinqui\u00e8me c\u00e9r\u00e9monie des Magritte du cin\u00e9ma belge, le public d\u00e9couvrira en Premi\u00e8re Belge cette histoire tr\u00e8s touchante d&rsquo;une adolescente \u00e0 la recherche de son p\u00e8re biologique.<\/p>\n<p>Port\u00e9 par un <strong>Bouli Lanners<\/strong> en \u00e9tat de gr\u00e2ce, une <strong>Anne Coesens<\/strong> contre nature en petite bourgeoise coinc\u00e9e et\u00a0 la jeune Bruxelloise <strong>Manon Capelle,<\/strong> r\u00e9v\u00e9lation du film, <em>Tous les chats sont gris<\/em> \u00e9volue sur un registre de film ind\u00e9 anglo-saxon tr\u00e8s all\u00e9chant: image l\u00e9ch\u00e9e, \u00e9clairages subtils, interpr\u00e9tation \u00e0 c\u0153ur ouvert, ambiance rock ind\u00e9 vitamin\u00e9e. Un vrai plaisir.<\/p>\n<p>On en parle en d\u00e9tail\u2026 DEMAIN ! Qu&rsquo;on se le dise !<\/p>\n<p>&nbsp;<\/p>\n<p>LIRE <a href=\"http:\/\/www.cinevox.be\/?p=67419\">ICI<\/a> &#8211; VOIR <a href=\"http:\/\/www.cinevox.be\/?p=46861\">ICI<\/a><\/p>\n<p>&nbsp;<\/p>\n<p><a href=\"http:\/\/www.cinevox.be\/box-office-et-agenda-des-sorties-films-belges-150115\/2009_05_12_cannes_festival\/\" rel=\"attachment wp-att-68524\"><img loading=\"lazy\" decoding=\"async\" class=\"aligncenter size-large wp-image-68524\" src=\"http:\/\/www.cinevox.be\/wp-content\/uploads\/sites\/2\/2015\/01\/2009_05_12_Cannes_Festival-800x525.jpg\" alt=\"\" width=\"640\" height=\"420\" srcset=\"https:\/\/welovecinema.be\/wp-content\/uploads\/sites\/2\/2015\/01\/2009_05_12_Cannes_Festival-800x525.jpg 800w, https:\/\/welovecinema.be\/wp-content\/uploads\/sites\/2\/2015\/01\/2009_05_12_Cannes_Festival-410x270.jpg 410w\" sizes=\"auto, (max-width: 640px) 100vw, 640px\" \/><\/a><\/p>\n<p>&nbsp;<\/p>\n<p><a href=\"http:\/\/www.cinevox.be\/box-office-et-agenda-des-sorties-films-belges-150115\/cannes-10\/\" rel=\"attachment wp-att-68539\"><img loading=\"lazy\" decoding=\"async\" class=\"alignleft size-full wp-image-68539\" src=\"http:\/\/www.cinevox.be\/wp-content\/uploads\/sites\/2\/2010\/01\/CANNES.png\" alt=\"\" width=\"100\" height=\"100\" srcset=\"https:\/\/welovecinema.be\/wp-content\/uploads\/sites\/2\/2010\/01\/CANNES.png 100w, https:\/\/welovecinema.be\/wp-content\/uploads\/sites\/2\/2010\/01\/CANNES-87x87.png 87w\" sizes=\"auto, (max-width: 100px) 100vw, 100px\" \/><\/a>Si le premier trimestre est traditionnellement peu anim\u00e9 c\u00f4t\u00e9 sorties belges dans les cin\u00e9mas, il ya une bonne raison \u00e0 cela. Elle tient en six lettres: C-A-N-N-E-S !<\/p>\n<p>Une s\u00e9rie de films pr\u00e9sente un pedigree susceptible de les voir invit\u00e9s sur la Croisette. D&rsquo;ici l\u00e0, ils doivent faire profil bas. Pas question d&rsquo;\u00eatre montr\u00e9s dans un festival, encore moins de sortir en salles. Les s\u00e9lectionneurs cannois aiment l&rsquo;exclusivit\u00e9 frissonnante et une belle avant-premi\u00e8re le long de la M\u00e9diterran\u00e9e ne se refuse pas\u2026 m\u00eame si elle n&rsquo;est pas syst\u00e9matiquement synonyme de succ\u00e8s en salles. Tout est affaire de timing et de communication.<\/p>\n<p>&nbsp;<\/p>\n<p>Sauf surprise de dimension, les longs m\u00e9trages belges qu&rsquo;on a une chance de voir sur la Croisette devraient faire partie de cette short liste all\u00e9chante : <em>Les Chevaliers Blancs<\/em> de <strong>Joachim Lafosse<\/strong>, <em>Bee Lucky<\/em> de <strong>Philippe De Pierpont,<\/strong> <em>Hors cadre<\/em> de <strong>Guillaume Senez,<\/strong> <em>Un homme \u00e0 la mer<\/em> de <strong>G\u00e9raldine Doignon<\/strong>, <em>Pr\u00e9judice <\/em>d\u2019<strong>Antoine Cuypers<\/strong>, <em>Seule comme une baignoire<\/em> de <strong>Rachel Lang, <\/strong><em>Le chant des hommes<\/em> de <strong>B\u00e9n\u00e9dicte Li\u00e9nard<\/strong> et <strong>Marie Jimenez <\/strong>ou <em>Je suis mort, mais j\u2019ai des amis,<\/em> des fr\u00e8res<strong> Malandrin,<\/strong> gardent, tous, un \u0153il braqu\u00e9 sur la M\u00e9diterran\u00e9e.<\/p>\n<p>Oui, ces films pourraient tr\u00e8s bien se retrouver dans l&rsquo;une ou l\u2019autre section de la 68<sup>e<\/sup> \u00e9dition du plus fameux festival au monde. Tous n&rsquo;y seront \u00e9videmment pas. Au pire, aucun d&rsquo;entre eux ne sera repris. Mais le cin\u00e9ma belge a l&rsquo;habitude d&rsquo;avoir un ou deux repr\u00e9sentants au printemps en r\u00e9gion Provence-Alpes-C\u00f4te d&rsquo;Azur.<br \/>\nPas de raison pour que \u00e7a change. Haut les c\u0153urs !<\/p>\n<p>&nbsp;<\/p>\n<p><a href=\"http:\/\/www.cinevox.be\/box-office-et-agenda-des-sorties-films-belges-150115\/252862_d271e380b484ef37a3aea5063a210be5\/\" rel=\"attachment wp-att-68526\"><img loading=\"lazy\" decoding=\"async\" class=\"aligncenter size-large wp-image-68526\" src=\"http:\/\/www.cinevox.be\/wp-content\/uploads\/sites\/2\/2015\/01\/252862_d271e380b484ef37a3aea5063a210be5-800x533.jpg\" alt=\"\" width=\"640\" height=\"426\" srcset=\"https:\/\/welovecinema.be\/wp-content\/uploads\/sites\/2\/2015\/01\/252862_d271e380b484ef37a3aea5063a210be5-800x533.jpg 800w, https:\/\/welovecinema.be\/wp-content\/uploads\/sites\/2\/2015\/01\/252862_d271e380b484ef37a3aea5063a210be5-404x270.jpg 404w, https:\/\/welovecinema.be\/wp-content\/uploads\/sites\/2\/2015\/01\/252862_d271e380b484ef37a3aea5063a210be5.jpg 1024w\" sizes=\"auto, (max-width: 640px) 100vw, 640px\" \/><\/a><br \/>\nPourquoi ne pas esp\u00e9rer voir Joachim Lafosse programm\u00e9 en s\u00e9lection officielle, par exemple?<br \/>\nLe sujet de son nouveau long est br\u00fblant, le casting porteur et le talent du cin\u00e9aste pourraient valoir \u00e0 ces Chevaliers des temps modernes un mini trip cannois en premi\u00e8re classe.<\/p>\n<p>Pour les autres propositions, les options sont plut\u00f4t la semaine de la critique, la quinzaine des r\u00e9alisateurs; voire, qui sait, Un Certain Regard. Chaque chose en son temps\u2026<\/p>\n<p>L\u2019ascension cannoise est un processus complexe, mais en g\u00e9n\u00e9ral, y mettre un pied un jour, f\u00fbt-ce \u00e0 la Cin\u00e9fondation, semble la meilleure mani\u00e8re d\u2019y parvenir au sommet plus tard\u2026<\/p>\n<p>&nbsp;<\/p>\n<p>Pour leur sortie dans les salles belges, on patientera jusqu\u2019\u00e0 l\u2019\u00e9t\u00e9, peut-\u00eatre jusqu\u2019\u00e0 l\u2019automne apr\u00e8s la rafale de festivals belges susceptibles de les accueillir. Le FIFF en t\u00eate. Avec un prix Cinevox \u00e0 la clef?<\/p>\n<p>&nbsp;<\/p>\n<p><a href=\"http:\/\/www.cinevox.be\/box-office-et-agenda-des-sorties-films-belges-150115\/sequence-01-still001-3\/\" rel=\"attachment wp-att-68527\"><img loading=\"lazy\" decoding=\"async\" class=\"aligncenter size-large wp-image-68527\" src=\"http:\/\/www.cinevox.be\/wp-content\/uploads\/sites\/2\/2015\/01\/Sequence-01.Still001-800x450.jpg\" alt=\"\" width=\"640\" height=\"360\" srcset=\"https:\/\/welovecinema.be\/wp-content\/uploads\/sites\/2\/2015\/01\/Sequence-01.Still001-800x450.jpg 800w, https:\/\/welovecinema.be\/wp-content\/uploads\/sites\/2\/2015\/01\/Sequence-01.Still001-200x113.jpg 200w, https:\/\/welovecinema.be\/wp-content\/uploads\/sites\/2\/2015\/01\/Sequence-01.Still001-480x270.jpg 480w, https:\/\/welovecinema.be\/wp-content\/uploads\/sites\/2\/2015\/01\/Sequence-01.Still001-300x169.jpg 300w, https:\/\/welovecinema.be\/wp-content\/uploads\/sites\/2\/2015\/01\/Sequence-01.Still001-620x350.jpg 620w, https:\/\/welovecinema.be\/wp-content\/uploads\/sites\/2\/2015\/01\/Sequence-01.Still001.jpg 1920w\" sizes=\"auto, (max-width: 640px) 100vw, 640px\" \/><\/a><\/p>\n<p>&nbsp;<\/p>\n<p><a href=\"http:\/\/www.cinevox.be\/box-office-et-agenda-des-sorties-films-belges-150115\/2015-13\/\" rel=\"attachment wp-att-68540\"><img loading=\"lazy\" decoding=\"async\" class=\"alignleft size-full wp-image-68540\" src=\"http:\/\/www.cinevox.be\/wp-content\/uploads\/sites\/2\/2010\/01\/2015.png\" alt=\"\" width=\"100\" height=\"100\" srcset=\"https:\/\/welovecinema.be\/wp-content\/uploads\/sites\/2\/2010\/01\/2015.png 100w, https:\/\/welovecinema.be\/wp-content\/uploads\/sites\/2\/2010\/01\/2015-87x87.png 87w\" sizes=\"auto, (max-width: 100px) 100vw, 100px\" \/><\/a>Plut\u00f4t attendu du c\u00f4t\u00e9 de Toronto ou Venise, <em>Le tout Nouveau Testament <\/em>de <strong>Jaco van Dormael<\/strong> devrait donc \u00eatre pr\u00eat pour la rentr\u00e9e 2015.<\/p>\n<p>Jaco a co\u00e9crit le sc\u00e9nario de ce quatri\u00e8me long m\u00e9trage (en 25 ans !), avec l\u2019\u00e9crivain <strong>Thomas Gunzig.<\/strong> Les deux comp\u00e8res s\u2019attaquent \u00e0 une histoire presque banale de revanche d&rsquo;une fille envers son p\u00e8re. Une trame simple\u2026 si on excepte l\u2019identit\u00e9 du protagoniste central: Dieu.<\/p>\n<p>Oui, Dieu existe. D&rsquo;ailleurs, il vit \u00e0 Bruxelles. Dans son appartement un peu pourri qui surplombe la ville, il se comporte de fa\u00e7on odieuse avec sa fille, Ea. Avant de fuguer, la gamine (c&rsquo;est elle, le personnage principal du film) pirate l\u2019ordinateur de son divin paternel et met en ligne la date de la mort de tous les humains. De quoi provoquer un \u00e9lectrochoc g\u00e9n\u00e9ral.<\/p>\n<p>Dieu se lance alors \u00e0 sa recherche \u00e0 travers la cit\u00e9 et d\u00e9couvre l\u2019horreur d\u2019un monde qu\u2019il a cr\u00e9\u00e9.<\/p>\n<p>Produit par la soci\u00e9t\u00e9 du r\u00e9alisateur, Terra Incognita, avec Olivier Rausin et coproduit avec la France et le Luxembourg, <em>Le Tout Nouveau Testament<\/em> a \u00e9t\u00e9 tourn\u00e9 en 2014 avec un casting d\u00e9tonnant: Benoit Poelvoorde, Yolande Moreau, Catherine Deneuve, Fran\u00e7ois Damiens et une foule d&rsquo;invit\u00e9s. Mais la r\u00e9v\u00e9lation devrait \u00eatre la jeune Pili Groyne d\u00e9j\u00e0 vue chez les fr\u00e8res Dardenne (elle \u00e9tait la fille de Marion Cotillard et Fabrizio Rongione dans <em>Deux jours, une nuit<\/em>) et Fabrice Du Welz (dans <em>Alleluia,<\/em> elle \u00e9tait la fille d&rsquo;Helena Noguerra).<\/p>\n<p>Elle est ici la fille de Dieu, un r\u00f4le qui devrait marquer les esprits.<\/p>\n<p>&nbsp;<\/p>\n<p><a href=\"http:\/\/www.cinevox.be\/box-office-et-agenda-des-sorties-films-belges-150115\/sequence-01-still011\/\" rel=\"attachment wp-att-68528\"><img loading=\"lazy\" decoding=\"async\" class=\"aligncenter size-large wp-image-68528\" src=\"http:\/\/www.cinevox.be\/wp-content\/uploads\/sites\/2\/2015\/01\/Sequence-01.Still011-800x450.jpg\" alt=\"\" width=\"640\" height=\"360\" srcset=\"https:\/\/welovecinema.be\/wp-content\/uploads\/sites\/2\/2015\/01\/Sequence-01.Still011-800x450.jpg 800w, https:\/\/welovecinema.be\/wp-content\/uploads\/sites\/2\/2015\/01\/Sequence-01.Still011-200x113.jpg 200w, https:\/\/welovecinema.be\/wp-content\/uploads\/sites\/2\/2015\/01\/Sequence-01.Still011-480x270.jpg 480w, https:\/\/welovecinema.be\/wp-content\/uploads\/sites\/2\/2015\/01\/Sequence-01.Still011-300x169.jpg 300w, https:\/\/welovecinema.be\/wp-content\/uploads\/sites\/2\/2015\/01\/Sequence-01.Still011-620x350.jpg 620w, https:\/\/welovecinema.be\/wp-content\/uploads\/sites\/2\/2015\/01\/Sequence-01.Still011.jpg 1920w\" sizes=\"auto, (max-width: 640px) 100vw, 640px\" \/><\/a><\/p>\n<p>&nbsp;<\/p>\n<p>Quoi qu\u2019il arrive. Les toutes premi\u00e8res images sont \u00e0 voir<a href=\"http:\/\/www.cinevox.be\/?p=65094\"> ICI<\/a><\/p>\n<p>&nbsp;<\/p>\n<p><a href=\"http:\/\/www.cinevox.be\/box-office-et-agenda-des-sorties-films-belges-150115\/2014-09-28_19h55_00-3\/\" rel=\"attachment wp-att-68529\"><img loading=\"lazy\" decoding=\"async\" class=\"aligncenter size-full wp-image-68529\" src=\"http:\/\/www.cinevox.be\/wp-content\/uploads\/sites\/2\/2015\/01\/2014-09-28_19h55_00.jpg\" alt=\"\" width=\"794\" height=\"334\" srcset=\"https:\/\/welovecinema.be\/wp-content\/uploads\/sites\/2\/2015\/01\/2014-09-28_19h55_00.jpg 794w, https:\/\/welovecinema.be\/wp-content\/uploads\/sites\/2\/2015\/01\/2014-09-28_19h55_00-480x201.jpg 480w\" sizes=\"auto, (max-width: 794px) 100vw, 794px\" \/><\/a><\/p>\n<p>&nbsp;<\/p>\n<p>Le passionnant<strong> Jawad Rhalib<\/strong> a, lui, deux cordes \u00e0 son arc.<\/p>\n<p>Il a termin\u00e9 au Maroc le tournage de <em>l\u2019Insoumise<\/em> et garde sous le coude l\u2019explosif <em>7 rue de la folie<\/em> Vu \u00e0 Namur et qui a remport\u00e9 deux prix \u00e0 Agadir : meilleure interpr\u00e9tation coll\u00e9giale pour les quatre actrices et meilleur sc\u00e9nario. Pas mal pour un OVNI sans le sou.<br \/>\nCe (tout) petit budget qui divise (et c&rsquo;est tant mieux) nous a vraiment captiv\u00e9s.<\/p>\n<p>Esp\u00e9rons qu\u2019on pourra le voir dans quelques salles un de ces quatre\u2026 Quoique par les temps qui courent, c&rsquo;est pas gagn\u00e9.<\/p>\n<p>&nbsp;<\/p>\n<p>LIRE <a href=\"http:\/\/www.cinevox.be\/?p=63515\">ICI<\/a><\/p>\n<p>&nbsp;<\/p>\n<p><a href=\"http:\/\/www.cinevox.be\/box-office-et-agenda-des-sorties-films-belges-150115\/2014-11-09_09h18_08\/\" rel=\"attachment wp-att-68530\"><img loading=\"lazy\" decoding=\"async\" class=\"aligncenter size-large wp-image-68530\" src=\"http:\/\/www.cinevox.be\/wp-content\/uploads\/sites\/2\/2015\/01\/2014-11-09_09h18_08-800x444.jpg\" alt=\"\" width=\"640\" height=\"355\" srcset=\"https:\/\/welovecinema.be\/wp-content\/uploads\/sites\/2\/2015\/01\/2014-11-09_09h18_08-800x444.jpg 800w, https:\/\/welovecinema.be\/wp-content\/uploads\/sites\/2\/2015\/01\/2014-11-09_09h18_08-480x266.jpg 480w, https:\/\/welovecinema.be\/wp-content\/uploads\/sites\/2\/2015\/01\/2014-11-09_09h18_08.jpg 1383w\" sizes=\"auto, (max-width: 640px) 100vw, 640px\" \/><\/a><\/p>\n<p>&nbsp;<\/p>\n<p>Au rayon des productions belges dont la distribution est d\u00e9j\u00e0 dat\u00e9e, notons encore <em>La Tierra Roja de <\/em><strong>Diego Martinez Vignatti<\/strong> produit par Entre chien et loup avec en vedette <strong>Geert Van Rampelberg <\/strong><em>(De Behandeling, Tot Altijd, Image\u2026)<\/em> qui sortira le 18 mars, <em>\u00a0Melody<\/em> de <strong>Bernard Bellefroid<\/strong> le 25,\u00a0<em>Black<\/em> d\u2019<strong>Adil El Arbi<\/strong> et <strong>Billal Fallah<\/strong> le 8 avril et <em>Belgica de Felix van Groeningen<\/em> programm\u00e9 pour le 14 octobre 2015.<br \/>\nUne p\u00e9riode toujours tr\u00e8s charg\u00e9e en \u00e9v\u00e9nements <em>bleu-blanc-belge<\/em> avec ses festivals, ses Ensors et ses BNP Paribas Fortis Film Days\u2026<\/p>\n<p>&nbsp;<\/p>\n<p><a href=\"http:\/\/www.cinevox.be\/box-office-et-agenda-des-sorties-films-belges-150115\/img_0317\/\" rel=\"attachment wp-att-68531\"><img loading=\"lazy\" decoding=\"async\" class=\"aligncenter size-large wp-image-68531\" src=\"http:\/\/www.cinevox.be\/wp-content\/uploads\/sites\/2\/2015\/01\/IMG_0317-800x533.jpg\" alt=\"\" width=\"640\" height=\"426\" srcset=\"https:\/\/welovecinema.be\/wp-content\/uploads\/sites\/2\/2015\/01\/IMG_0317-800x533.jpg 800w, https:\/\/welovecinema.be\/wp-content\/uploads\/sites\/2\/2015\/01\/IMG_0317-405x270.jpg 405w\" sizes=\"auto, (max-width: 640px) 100vw, 640px\" \/><\/a><\/p>\n<p>&nbsp;<\/p>\n<p><a href=\"http:\/\/www.cinevox.be\/box-office-et-agenda-des-sorties-films-belges-150115\/07-02-mag-8\/\" rel=\"attachment wp-att-68541\"><img loading=\"lazy\" decoding=\"async\" class=\"alignleft size-full wp-image-68541\" src=\"http:\/\/www.cinevox.be\/wp-content\/uploads\/sites\/2\/2010\/01\/07-02-mag1.png\" alt=\"\" width=\"100\" height=\"100\" srcset=\"https:\/\/welovecinema.be\/wp-content\/uploads\/sites\/2\/2010\/01\/07-02-mag1.png 100w, https:\/\/welovecinema.be\/wp-content\/uploads\/sites\/2\/2010\/01\/07-02-mag1-87x87.png 87w\" sizes=\"auto, (max-width: 100px) 100vw, 100px\" \/><\/a>Mais bien avant cela, au d\u00e9but du mois de f\u00e9vrier, tous ceux qui aiment le 7e art belge auront les yeux riv\u00e9s sur le Mont des Arts, sur leur t\u00e9l\u00e9vision ou sur le grand \u00e9cran de l&rsquo;UGC de Brouck\u00e8re.<br \/>\nLa 5<sup>e<\/sup> c\u00e9r\u00e9monie des Magritte du cin\u00e9ma se d\u00e9roulera le 7 f\u00e9vrier.<\/p>\n<p>Cette \u00e9dition sera-t-elle celle du triomphe des fr\u00e8res Dardenne? <em>Deux jours, une Nuit<\/em>, retenu par les professionnels pour repr\u00e9senter la Belgique aux Oscars semble le favori logique d\u2019une s\u00e9lection qui ne manque pas de panache. On risque de beaucoup d&rsquo;amuser.<br \/>\nOn conna\u00eet depuis mercredi la liste des nomin\u00e9s pour ce deuxi\u00e8me tour. Vous pouvez la retrouver <a href=\"http:\/\/www.cinevox.be\/?p=68145\">ICI<\/a><\/p>\n<p>Le vote pour \u00e9lire le Magritte du premier film bat aussi son plein sur le net a d\u00e9but\u00e9. Ce laur\u00e9at, c\u2019est vous qui le choisissez. Envie de vous exprimer? Vous pouvez le faire <a href=\"http:\/\/www.lesmagritteducinema.com\/public_vote.php?lang=fr\">ICI<\/a>.<\/p>\n<p>Pour vous guider dans vos choix, un article sur le sujet est \u00e0 lire <a href=\"http:\/\/www.cinevox.be\/qui-remportera-le-troisieme-magritte-du-premier-film\/\">ICI<\/a><\/p>\n<p>&nbsp;<\/p>\n<p>Les Magritte c\u2019est aussi un show. Charlie Dupont tiendra les commandes de cette folle manifestation. Lire <a href=\"http:\/\/www.cinevox.be\/?p=65679\">ICI<\/a>.<\/p>\n<p>On a d\u00e9j\u00e0 h\u00e2te d\u2019y \u00eatre. Pas vous?<br \/>\nCa tombe bien puisque, comme nous l&rsquo;\u00e9voquions plus haut, Cinevox organise le 7 f\u00e9vrier une soir\u00e9e tr\u00e8s festive \u00e0 l&rsquo;UGC de Brouck\u00e8re avec la retransmission en direct de la 5<sup>e<\/sup> c\u00e9r\u00e9monie des Magritte ET la Premi\u00e8re belge de <em>Tous les chats sont gris<\/em>, succulent premier long m\u00e9trage de Savina Dellicour.<br \/>\nTous les d\u00e9tails sont <a href=\"http:\/\/www.cinevox.be\/en-route-pour-le-plus-grand-cinevox-happening-de-lhistoire\/\">ICI<\/a>.<\/p>\n<p>On esp\u00e8re que \u00e7a va vous plaire.<\/p>\n<p>&nbsp;<\/p>\n","protected":false},"excerpt":{"rendered":"<p>Quels sont les films \u00e0 l\u2019affiche? Ceux qu\u2019on annonce?\u00a0 Si vous voulez vous \u00e9clater au cin\u00e9 ou planifier vos prochaines sorties en solo, en amoureux, entre amis ou en famille, voil\u00e0 d\u2019angoissantes questions existentielles qui doivent \u00eatre r\u00e9solues sans d\u00e9lai. Pour vous aider, Cinevox propose d\u00e9sormais des articles mis \u00e0 jours tr\u00e8s r\u00e9guli\u00e8rement Au menu &hellip;<\/p>\n","protected":false},"author":7,"featured_media":68544,"comment_status":"closed","ping_status":"closed","sticky":false,"template":"","format":"standard","meta":{"ngg_post_thumbnail":0,"footnotes":""},"categories":[10,53,7],"tags":[],"class_list":["post-68516","post","type-post","status-publish","format-standard","has-post-thumbnail","","category-a-l-affiche","category-coming-soon","category-actualites"],"yoast_head":"<!-- This site is optimized with the Yoast SEO plugin v20.4 - https:\/\/yoast.com\/wordpress\/plugins\/seo\/ -->\n<title>Box-office et agenda des sorties : films belges [15\/01\/15] - We Love Cinema<\/title>\n<meta name=\"robots\" content=\"index, follow, max-snippet:-1, max-image-preview:large, max-video-preview:-1\" \/>\n<link rel=\"canonical\" href=\"https:\/\/welovecinema.be\/fr\/box-office-et-agenda-des-sorties-films-belges-150115\/\" \/>\n<meta property=\"og:locale\" content=\"fr_FR\" \/>\n<meta property=\"og:type\" content=\"article\" \/>\n<meta property=\"og:title\" content=\"Box-office et agenda des sorties : films belges [15\/01\/15] - We Love Cinema\" \/>\n<meta property=\"og:description\" content=\"Quels sont les films \u00e0 l\u2019affiche? Ceux qu\u2019on annonce?\u00a0 Si vous voulez vous \u00e9clater au cin\u00e9 ou planifier vos prochaines sorties en solo, en amoureux, entre amis ou en famille, voil\u00e0 d\u2019angoissantes questions existentielles qui doivent \u00eatre r\u00e9solues sans d\u00e9lai. Pour vous aider, Cinevox propose d\u00e9sormais des articles mis \u00e0 jours tr\u00e8s r\u00e9guli\u00e8rement Au menu &hellip;\" \/>\n<meta property=\"og:url\" content=\"https:\/\/welovecinema.be\/fr\/box-office-et-agenda-des-sorties-films-belges-150115\/\" \/>\n<meta property=\"og:site_name\" content=\"We Love Cinema\" \/>\n<meta property=\"article:publisher\" content=\"https:\/\/www.facebook.com\/welovecinema.be\" \/>\n<meta property=\"article:published_time\" content=\"2015-01-15T07:21:44+00:00\" \/>\n<meta property=\"article:modified_time\" content=\"2015-01-16T13:56:52+00:00\" \/>\n<meta property=\"og:image\" content=\"https:\/\/welovecinema.be\/wp-content\/uploads\/sites\/2\/2010\/01\/text3345.png\" \/>\n\t<meta property=\"og:image:width\" content=\"4469\" \/>\n\t<meta property=\"og:image:height\" content=\"2254\" \/>\n\t<meta property=\"og:image:type\" content=\"image\/png\" \/>\n<meta name=\"author\" content=\"Philippe.Pierquin\" \/>\n<meta name=\"twitter:card\" content=\"summary_large_image\" \/>\n<meta name=\"twitter:label1\" content=\"\u00c9crit par\" \/>\n\t<meta name=\"twitter:data1\" content=\"Philippe.Pierquin\" \/>\n\t<meta name=\"twitter:label2\" content=\"Dur\u00e9e de lecture estim\u00e9e\" \/>\n\t<meta name=\"twitter:data2\" content=\"11 minutes\" \/>\n<script type=\"application\/ld+json\" class=\"yoast-schema-graph\">{\"@context\":\"https:\/\/schema.org\",\"@graph\":[{\"@type\":\"Article\",\"@id\":\"https:\/\/welovecinema.be\/fr\/box-office-et-agenda-des-sorties-films-belges-150115\/#article\",\"isPartOf\":{\"@id\":\"https:\/\/welovecinema.be\/fr\/box-office-et-agenda-des-sorties-films-belges-150115\/\"},\"author\":{\"name\":\"Philippe.Pierquin\",\"@id\":\"https:\/\/welovecinema.be\/nl\/#\/schema\/person\/4b9b1d857f0943453a38a7c2859ef756\"},\"headline\":\"Box-office et agenda des sorties : films belges [15\/01\/15]\",\"datePublished\":\"2015-01-15T07:21:44+00:00\",\"dateModified\":\"2015-01-16T13:56:52+00:00\",\"mainEntityOfPage\":{\"@id\":\"https:\/\/welovecinema.be\/fr\/box-office-et-agenda-des-sorties-films-belges-150115\/\"},\"wordCount\":2198,\"publisher\":{\"@id\":\"https:\/\/welovecinema.be\/nl\/#organization\"},\"articleSection\":[\"A l'affiche\",\"Coming soon\",\"News\"],\"inLanguage\":\"fr-FR\"},{\"@type\":\"WebPage\",\"@id\":\"https:\/\/welovecinema.be\/fr\/box-office-et-agenda-des-sorties-films-belges-150115\/\",\"url\":\"https:\/\/welovecinema.be\/fr\/box-office-et-agenda-des-sorties-films-belges-150115\/\",\"name\":\"Box-office et agenda des sorties : films belges [15\/01\/15] - We Love Cinema\",\"isPartOf\":{\"@id\":\"https:\/\/welovecinema.be\/nl\/#website\"},\"datePublished\":\"2015-01-15T07:21:44+00:00\",\"dateModified\":\"2015-01-16T13:56:52+00:00\",\"breadcrumb\":{\"@id\":\"https:\/\/welovecinema.be\/fr\/box-office-et-agenda-des-sorties-films-belges-150115\/#breadcrumb\"},\"inLanguage\":\"fr-FR\",\"potentialAction\":[{\"@type\":\"ReadAction\",\"target\":[\"https:\/\/welovecinema.be\/fr\/box-office-et-agenda-des-sorties-films-belges-150115\/\"]}]},{\"@type\":\"BreadcrumbList\",\"@id\":\"https:\/\/welovecinema.be\/fr\/box-office-et-agenda-des-sorties-films-belges-150115\/#breadcrumb\",\"itemListElement\":[{\"@type\":\"ListItem\",\"position\":1,\"name\":\"Accueil\",\"item\":\"https:\/\/welovecinema.be\/fr\/\"},{\"@type\":\"ListItem\",\"position\":2,\"name\":\"Box-office et agenda des sorties : films belges [15\/01\/15]\"}]},{\"@type\":\"WebSite\",\"@id\":\"https:\/\/welovecinema.be\/nl\/#website\",\"url\":\"https:\/\/welovecinema.be\/nl\/\",\"name\":\"We Love Cinema\",\"description\":\"Toute l\u2019information du cin\u00e9ma en Belgique\",\"publisher\":{\"@id\":\"https:\/\/welovecinema.be\/nl\/#organization\"},\"potentialAction\":[{\"@type\":\"SearchAction\",\"target\":{\"@type\":\"EntryPoint\",\"urlTemplate\":\"https:\/\/welovecinema.be\/nl\/?s={search_term_string}\"},\"query-input\":\"required name=search_term_string\"}],\"inLanguage\":\"fr-FR\"},{\"@type\":\"Organization\",\"@id\":\"https:\/\/welovecinema.be\/nl\/#organization\",\"name\":\"We Love Cinema\",\"url\":\"https:\/\/welovecinema.be\/nl\/\",\"logo\":{\"@type\":\"ImageObject\",\"inLanguage\":\"fr-FR\",\"@id\":\"https:\/\/welovecinema.be\/nl\/#\/schema\/logo\/image\/\",\"url\":\"https:\/\/welovecinema.be\/wp-content\/uploads\/sites\/2\/2023\/03\/Logo-We-Love-Cinema305x128.jpg\",\"contentUrl\":\"https:\/\/welovecinema.be\/wp-content\/uploads\/sites\/2\/2023\/03\/Logo-We-Love-Cinema305x128.jpg\",\"width\":305,\"height\":128,\"caption\":\"We Love Cinema\"},\"image\":{\"@id\":\"https:\/\/welovecinema.be\/nl\/#\/schema\/logo\/image\/\"},\"sameAs\":[\"https:\/\/www.facebook.com\/welovecinema.be\",\"https:\/\/www.youtube.com\/channel\/UCX5LYGVhnKvYauW4Nta4HJA\",\"https:\/\/www.instagram.com\/welovecinema.be\/\"]},{\"@type\":\"Person\",\"@id\":\"https:\/\/welovecinema.be\/nl\/#\/schema\/person\/4b9b1d857f0943453a38a7c2859ef756\",\"name\":\"Philippe.Pierquin\",\"url\":\"https:\/\/welovecinema.be\/fr\/author\/philippe-pierquin\/\"}]}<\/script>\n<!-- \/ Yoast SEO plugin. -->","yoast_head_json":{"title":"Box-office et agenda des sorties : films belges [15\/01\/15] - We Love Cinema","robots":{"index":"index","follow":"follow","max-snippet":"max-snippet:-1","max-image-preview":"max-image-preview:large","max-video-preview":"max-video-preview:-1"},"canonical":"https:\/\/welovecinema.be\/fr\/box-office-et-agenda-des-sorties-films-belges-150115\/","og_locale":"fr_FR","og_type":"article","og_title":"Box-office et agenda des sorties : films belges [15\/01\/15] - We Love Cinema","og_description":"Quels sont les films \u00e0 l\u2019affiche? Ceux qu\u2019on annonce?\u00a0 Si vous voulez vous \u00e9clater au cin\u00e9 ou planifier vos prochaines sorties en solo, en amoureux, entre amis ou en famille, voil\u00e0 d\u2019angoissantes questions existentielles qui doivent \u00eatre r\u00e9solues sans d\u00e9lai. Pour vous aider, Cinevox propose d\u00e9sormais des articles mis \u00e0 jours tr\u00e8s r\u00e9guli\u00e8rement Au menu &hellip;","og_url":"https:\/\/welovecinema.be\/fr\/box-office-et-agenda-des-sorties-films-belges-150115\/","og_site_name":"We Love Cinema","article_publisher":"https:\/\/www.facebook.com\/welovecinema.be","article_published_time":"2015-01-15T07:21:44+00:00","article_modified_time":"2015-01-16T13:56:52+00:00","og_image":[{"width":4469,"height":2254,"url":"https:\/\/welovecinema.be\/wp-content\/uploads\/sites\/2\/2010\/01\/text3345.png","type":"image\/png"}],"author":"Philippe.Pierquin","twitter_card":"summary_large_image","twitter_misc":{"\u00c9crit par":"Philippe.Pierquin","Dur\u00e9e de lecture estim\u00e9e":"11 minutes"},"schema":{"@context":"https:\/\/schema.org","@graph":[{"@type":"Article","@id":"https:\/\/welovecinema.be\/fr\/box-office-et-agenda-des-sorties-films-belges-150115\/#article","isPartOf":{"@id":"https:\/\/welovecinema.be\/fr\/box-office-et-agenda-des-sorties-films-belges-150115\/"},"author":{"name":"Philippe.Pierquin","@id":"https:\/\/welovecinema.be\/nl\/#\/schema\/person\/4b9b1d857f0943453a38a7c2859ef756"},"headline":"Box-office et agenda des sorties : films belges [15\/01\/15]","datePublished":"2015-01-15T07:21:44+00:00","dateModified":"2015-01-16T13:56:52+00:00","mainEntityOfPage":{"@id":"https:\/\/welovecinema.be\/fr\/box-office-et-agenda-des-sorties-films-belges-150115\/"},"wordCount":2198,"publisher":{"@id":"https:\/\/welovecinema.be\/nl\/#organization"},"articleSection":["A l'affiche","Coming soon","News"],"inLanguage":"fr-FR"},{"@type":"WebPage","@id":"https:\/\/welovecinema.be\/fr\/box-office-et-agenda-des-sorties-films-belges-150115\/","url":"https:\/\/welovecinema.be\/fr\/box-office-et-agenda-des-sorties-films-belges-150115\/","name":"Box-office et agenda des sorties : films belges [15\/01\/15] - We Love Cinema","isPartOf":{"@id":"https:\/\/welovecinema.be\/nl\/#website"},"datePublished":"2015-01-15T07:21:44+00:00","dateModified":"2015-01-16T13:56:52+00:00","breadcrumb":{"@id":"https:\/\/welovecinema.be\/fr\/box-office-et-agenda-des-sorties-films-belges-150115\/#breadcrumb"},"inLanguage":"fr-FR","potentialAction":[{"@type":"ReadAction","target":["https:\/\/welovecinema.be\/fr\/box-office-et-agenda-des-sorties-films-belges-150115\/"]}]},{"@type":"BreadcrumbList","@id":"https:\/\/welovecinema.be\/fr\/box-office-et-agenda-des-sorties-films-belges-150115\/#breadcrumb","itemListElement":[{"@type":"ListItem","position":1,"name":"Accueil","item":"https:\/\/welovecinema.be\/fr\/"},{"@type":"ListItem","position":2,"name":"Box-office et agenda des sorties : films belges [15\/01\/15]"}]},{"@type":"WebSite","@id":"https:\/\/welovecinema.be\/nl\/#website","url":"https:\/\/welovecinema.be\/nl\/","name":"We Love Cinema","description":"Toute l\u2019information du cin\u00e9ma en Belgique","publisher":{"@id":"https:\/\/welovecinema.be\/nl\/#organization"},"potentialAction":[{"@type":"SearchAction","target":{"@type":"EntryPoint","urlTemplate":"https:\/\/welovecinema.be\/nl\/?s={search_term_string}"},"query-input":"required name=search_term_string"}],"inLanguage":"fr-FR"},{"@type":"Organization","@id":"https:\/\/welovecinema.be\/nl\/#organization","name":"We Love Cinema","url":"https:\/\/welovecinema.be\/nl\/","logo":{"@type":"ImageObject","inLanguage":"fr-FR","@id":"https:\/\/welovecinema.be\/nl\/#\/schema\/logo\/image\/","url":"https:\/\/welovecinema.be\/wp-content\/uploads\/sites\/2\/2023\/03\/Logo-We-Love-Cinema305x128.jpg","contentUrl":"https:\/\/welovecinema.be\/wp-content\/uploads\/sites\/2\/2023\/03\/Logo-We-Love-Cinema305x128.jpg","width":305,"height":128,"caption":"We Love Cinema"},"image":{"@id":"https:\/\/welovecinema.be\/nl\/#\/schema\/logo\/image\/"},"sameAs":["https:\/\/www.facebook.com\/welovecinema.be","https:\/\/www.youtube.com\/channel\/UCX5LYGVhnKvYauW4Nta4HJA","https:\/\/www.instagram.com\/welovecinema.be\/"]},{"@type":"Person","@id":"https:\/\/welovecinema.be\/nl\/#\/schema\/person\/4b9b1d857f0943453a38a7c2859ef756","name":"Philippe.Pierquin","url":"https:\/\/welovecinema.be\/fr\/author\/philippe-pierquin\/"}]}},"_links":{"self":[{"href":"https:\/\/welovecinema.be\/fr\/wp-json\/wp\/v2\/posts\/68516","targetHints":{"allow":["GET"]}}],"collection":[{"href":"https:\/\/welovecinema.be\/fr\/wp-json\/wp\/v2\/posts"}],"about":[{"href":"https:\/\/welovecinema.be\/fr\/wp-json\/wp\/v2\/types\/post"}],"author":[{"embeddable":true,"href":"https:\/\/welovecinema.be\/fr\/wp-json\/wp\/v2\/users\/7"}],"replies":[{"embeddable":true,"href":"https:\/\/welovecinema.be\/fr\/wp-json\/wp\/v2\/comments?post=68516"}],"version-history":[{"count":0,"href":"https:\/\/welovecinema.be\/fr\/wp-json\/wp\/v2\/posts\/68516\/revisions"}],"wp:featuredmedia":[{"embeddable":true,"href":"https:\/\/welovecinema.be\/fr\/wp-json\/wp\/v2\/media\/68544"}],"wp:attachment":[{"href":"https:\/\/welovecinema.be\/fr\/wp-json\/wp\/v2\/media?parent=68516"}],"wp:term":[{"taxonomy":"category","embeddable":true,"href":"https:\/\/welovecinema.be\/fr\/wp-json\/wp\/v2\/categories?post=68516"},{"taxonomy":"post_tag","embeddable":true,"href":"https:\/\/welovecinema.be\/fr\/wp-json\/wp\/v2\/tags?post=68516"}],"curies":[{"name":"wp","href":"https:\/\/api.w.org\/{rel}","templated":true}]}}