{"id":66126,"date":"2014-11-27T07:50:17","date_gmt":"2014-11-27T06:50:17","guid":{"rendered":"http:\/\/www.cinevox.be\/?p=66126"},"modified":"2014-11-27T07:59:29","modified_gmt":"2014-11-27T06:59:29","slug":"un-court-metrage-belge-pour-introduire-chaque-film-de-david-lynch","status":"publish","type":"post","link":"https:\/\/welovecinema.be\/fr\/un-court-metrage-belge-pour-introduire-chaque-film-de-david-lynch\/","title":{"rendered":"Un court m\u00e9trage belge pour introduire chaque film de David Lynch"},"content":{"rendered":"<p><em>Triptyque<\/em> est un court-m\u00e9trage que nous avons d\u00e9couvert au FIFF namurois en octobre dernier. Un film surprenant, r\u00e9alis\u00e9 par <strong>Camille Mikolajczak<\/strong> et film\u00e9 par la tr\u00e8s dou\u00e9e <strong>Juliette Van Dormael<\/strong> qui n&rsquo;est pas que la fille de\u2026 Elle a notamment mis en images le fascinant <em>Mouettes <\/em>ou le somptueux documentaire <em>Anima<\/em> (FIFF 2013). <em>Tryptique <\/em>est produit pat Next Days Films.<!--more--><\/p>\n<p>&nbsp;<\/p>\n<p>&nbsp;<\/p>\n<p><em>Triptyque<\/em> est un voyage sensoriel entre plusieurs r\u00e9alit\u00e9s qui dialoguent entre elles et se rechargent constamment de myst\u00e8re, d\u2019\u00e9tranget\u00e9. Un dispositif en trois panneaux nous permet de circuler \u00e0 travers ces espaces-temps qui se r\u00e9pondent ou se court-circuitent. Le film suscite ainsi une r\u00e9flexion sur la fa\u00e7on dont chaque individu associe des images pour se raconter une histoire.<\/p>\n<p>&nbsp;<\/p>\n<p><a href=\"http:\/\/www.cinevox.be\/un-court-metrage-belge-pour-introduire-chaque-film-de-david-lynch\/tryptique-2\/\" rel=\"attachment wp-att-66128\"><img loading=\"lazy\" decoding=\"async\" class=\"aligncenter wp-image-66128 size-large\" src=\"http:\/\/www.cinevox.be\/wp-content\/uploads\/sites\/2\/2014\/11\/tryptique1-800x199.jpg\" alt=\"\" width=\"640\" height=\"159\" srcset=\"https:\/\/welovecinema.be\/wp-content\/uploads\/sites\/2\/2014\/11\/tryptique1-800x199.jpg 800w, https:\/\/welovecinema.be\/wp-content\/uploads\/sites\/2\/2014\/11\/tryptique1-480x119.jpg 480w, https:\/\/welovecinema.be\/wp-content\/uploads\/sites\/2\/2014\/11\/tryptique1.jpg 1881w\" sizes=\"auto, (max-width: 640px) 100vw, 640px\" \/><\/a><\/p>\n<p>&nbsp;<\/p>\n<p>Cette exp\u00e9rience a su s\u00e9duire les programmateurs de la r\u00e9trospective David Lynch qui se d\u00e9roule actuellement au cin\u00e9ma Galeries dans le cadre de l&rsquo;exposition <em>David Lynch Small Stories<\/em>. Au point qu&rsquo;ils ont d\u00e9cid\u00e9 de projeter Tryptique avant chacun des films du ma\u00eetre de l&rsquo;\u00e9trange. Carr\u00e9ment.<\/p>\n<p><em><br \/>\n<\/em>Ce sera par exemple le cas ce soir avant <em>Elephant Man<\/em> et jusqu&rsquo;au 19 f\u00e9vrier pour la <em>pr\u00e9sentation d&rsquo;Inland Empire.<\/em><\/p>\n<p>&nbsp;<\/p>\n<p><a href=\"http:\/\/www.cinevox.be\/un-court-metrage-belge-pour-introduire-chaque-film-de-david-lynch\/lynch\/\" rel=\"attachment wp-att-66136\"><img loading=\"lazy\" decoding=\"async\" class=\"aligncenter wp-image-66136 size-full\" src=\"http:\/\/www.cinevox.be\/wp-content\/uploads\/sites\/2\/2014\/11\/lynch.jpg\" alt=\"\" width=\"603\" height=\"448\" srcset=\"https:\/\/welovecinema.be\/wp-content\/uploads\/sites\/2\/2014\/11\/lynch.jpg 603w, https:\/\/welovecinema.be\/wp-content\/uploads\/sites\/2\/2014\/11\/lynch-363x270.jpg 363w\" sizes=\"auto, (max-width: 603px) 100vw, 603px\" \/><\/a><\/p>\n<p>&nbsp;<\/p>\n<p>&nbsp;<\/p>\n<p><strong>Camille Mikolajczak<\/strong> est une jeune chef d\u00e9coratrice et costumi\u00e8re dipl\u00f4m\u00e9e de la Cambre. Elle met ici en sc\u00e8ne pour la premi\u00e8re fois.<\/p>\n<p><em><br \/>\n\u00ab\u00a0L\u2019\u0153uvre de David Lynch a \u00e9t\u00e9 une source d\u2019inspiration importante pour ce travail, notamment par son traitement du double et ses \u0153uvres aux lectures multiples, complexes et cribl\u00e9es de zones d\u2019ombre\u00a0\u00bb, <\/em>explique le responsable de la r\u00e9trospective<em>. \u00ab\u00a0Lynch joue \u00e0 perdre le spectateur de mani\u00e8re \u00e0 ce qu\u2019il trouve lui-m\u00eame sa propre r\u00e9ponse. Un proc\u00e9d\u00e9 utilis\u00e9 \u00e9galement dans \u00ab Triptyque \u00bb et qui rend le spectateur actif, cr\u00e9ateur\u2026 et troubl\u00e9.\u00a0\u00bb<\/em><\/p>\n<p>Une tr\u00e8s belle exposition pour une \u0153uvre intrigante qui en appelle d&rsquo;autres. \u00c0 coup s\u00fbr.<\/p>\n<p>&nbsp;<\/p>\n","protected":false},"excerpt":{"rendered":"<p>Triptyque est un court-m\u00e9trage que nous avons d\u00e9couvert au FIFF namurois en octobre dernier. Un film surprenant, r\u00e9alis\u00e9 par Camille Mikolajczak et film\u00e9 par la tr\u00e8s dou\u00e9e Juliette Van Dormael qui n&rsquo;est pas que la fille de\u2026 Elle a notamment mis en images le fascinant Mouettes ou le somptueux documentaire Anima (FIFF 2013). Tryptique est &hellip;<\/p>\n","protected":false},"author":7,"featured_media":66130,"comment_status":"closed","ping_status":"closed","sticky":false,"template":"","format":"standard","meta":{"ngg_post_thumbnail":0,"footnotes":""},"categories":[10],"tags":[],"class_list":["post-66126","post","type-post","status-publish","format-standard","has-post-thumbnail","","category-a-l-affiche"],"yoast_head":"<!-- This site is optimized with the Yoast SEO plugin v20.4 - https:\/\/yoast.com\/wordpress\/plugins\/seo\/ -->\n<title>Un court m\u00e9trage belge pour introduire chaque film de David Lynch - We Love Cinema<\/title>\n<meta name=\"robots\" content=\"index, follow, max-snippet:-1, max-image-preview:large, max-video-preview:-1\" \/>\n<link rel=\"canonical\" href=\"https:\/\/welovecinema.be\/fr\/un-court-metrage-belge-pour-introduire-chaque-film-de-david-lynch\/\" \/>\n<meta property=\"og:locale\" content=\"fr_FR\" \/>\n<meta property=\"og:type\" content=\"article\" \/>\n<meta property=\"og:title\" content=\"Un court m\u00e9trage belge pour introduire chaque film de David Lynch - We Love Cinema\" \/>\n<meta property=\"og:description\" content=\"Triptyque est un court-m\u00e9trage que nous avons d\u00e9couvert au FIFF namurois en octobre dernier. Un film surprenant, r\u00e9alis\u00e9 par Camille Mikolajczak et film\u00e9 par la tr\u00e8s dou\u00e9e Juliette Van Dormael qui n&rsquo;est pas que la fille de\u2026 Elle a notamment mis en images le fascinant Mouettes ou le somptueux documentaire Anima (FIFF 2013). Tryptique est &hellip;\" \/>\n<meta property=\"og:url\" content=\"https:\/\/welovecinema.be\/fr\/un-court-metrage-belge-pour-introduire-chaque-film-de-david-lynch\/\" \/>\n<meta property=\"og:site_name\" content=\"We Love Cinema\" \/>\n<meta property=\"article:publisher\" content=\"https:\/\/www.facebook.com\/welovecinema.be\" \/>\n<meta property=\"article:published_time\" content=\"2014-11-27T06:50:17+00:00\" \/>\n<meta property=\"article:modified_time\" content=\"2014-11-27T06:59:29+00:00\" \/>\n<meta property=\"og:image\" content=\"https:\/\/welovecinema.be\/wp-content\/uploads\/sites\/2\/2014\/11\/trypt-1.jpg\" \/>\n\t<meta property=\"og:image:width\" content=\"896\" \/>\n\t<meta property=\"og:image:height\" content=\"451\" \/>\n\t<meta property=\"og:image:type\" content=\"image\/jpeg\" \/>\n<meta name=\"author\" content=\"Philippe.Pierquin\" \/>\n<meta name=\"twitter:card\" content=\"summary_large_image\" \/>\n<meta name=\"twitter:label1\" content=\"\u00c9crit par\" \/>\n\t<meta name=\"twitter:data1\" content=\"Philippe.Pierquin\" \/>\n\t<meta name=\"twitter:label2\" content=\"Dur\u00e9e de lecture estim\u00e9e\" \/>\n\t<meta name=\"twitter:data2\" content=\"2 minutes\" \/>\n<script type=\"application\/ld+json\" class=\"yoast-schema-graph\">{\"@context\":\"https:\/\/schema.org\",\"@graph\":[{\"@type\":\"Article\",\"@id\":\"https:\/\/welovecinema.be\/fr\/un-court-metrage-belge-pour-introduire-chaque-film-de-david-lynch\/#article\",\"isPartOf\":{\"@id\":\"https:\/\/welovecinema.be\/fr\/un-court-metrage-belge-pour-introduire-chaque-film-de-david-lynch\/\"},\"author\":{\"name\":\"Philippe.Pierquin\",\"@id\":\"https:\/\/welovecinema.be\/nl\/#\/schema\/person\/4b9b1d857f0943453a38a7c2859ef756\"},\"headline\":\"Un court m\u00e9trage belge pour introduire chaque film de David Lynch\",\"datePublished\":\"2014-11-27T06:50:17+00:00\",\"dateModified\":\"2014-11-27T06:59:29+00:00\",\"mainEntityOfPage\":{\"@id\":\"https:\/\/welovecinema.be\/fr\/un-court-metrage-belge-pour-introduire-chaque-film-de-david-lynch\/\"},\"wordCount\":350,\"publisher\":{\"@id\":\"https:\/\/welovecinema.be\/nl\/#organization\"},\"articleSection\":[\"A l'affiche\"],\"inLanguage\":\"fr-FR\"},{\"@type\":\"WebPage\",\"@id\":\"https:\/\/welovecinema.be\/fr\/un-court-metrage-belge-pour-introduire-chaque-film-de-david-lynch\/\",\"url\":\"https:\/\/welovecinema.be\/fr\/un-court-metrage-belge-pour-introduire-chaque-film-de-david-lynch\/\",\"name\":\"Un court m\u00e9trage belge pour introduire chaque film de David Lynch - We Love Cinema\",\"isPartOf\":{\"@id\":\"https:\/\/welovecinema.be\/nl\/#website\"},\"datePublished\":\"2014-11-27T06:50:17+00:00\",\"dateModified\":\"2014-11-27T06:59:29+00:00\",\"breadcrumb\":{\"@id\":\"https:\/\/welovecinema.be\/fr\/un-court-metrage-belge-pour-introduire-chaque-film-de-david-lynch\/#breadcrumb\"},\"inLanguage\":\"fr-FR\",\"potentialAction\":[{\"@type\":\"ReadAction\",\"target\":[\"https:\/\/welovecinema.be\/fr\/un-court-metrage-belge-pour-introduire-chaque-film-de-david-lynch\/\"]}]},{\"@type\":\"BreadcrumbList\",\"@id\":\"https:\/\/welovecinema.be\/fr\/un-court-metrage-belge-pour-introduire-chaque-film-de-david-lynch\/#breadcrumb\",\"itemListElement\":[{\"@type\":\"ListItem\",\"position\":1,\"name\":\"Accueil\",\"item\":\"https:\/\/welovecinema.be\/fr\/\"},{\"@type\":\"ListItem\",\"position\":2,\"name\":\"Un court m\u00e9trage belge pour introduire chaque film de David Lynch\"}]},{\"@type\":\"WebSite\",\"@id\":\"https:\/\/welovecinema.be\/nl\/#website\",\"url\":\"https:\/\/welovecinema.be\/nl\/\",\"name\":\"We Love Cinema\",\"description\":\"Toute l\u2019information du cin\u00e9ma en Belgique\",\"publisher\":{\"@id\":\"https:\/\/welovecinema.be\/nl\/#organization\"},\"potentialAction\":[{\"@type\":\"SearchAction\",\"target\":{\"@type\":\"EntryPoint\",\"urlTemplate\":\"https:\/\/welovecinema.be\/nl\/?s={search_term_string}\"},\"query-input\":\"required name=search_term_string\"}],\"inLanguage\":\"fr-FR\"},{\"@type\":\"Organization\",\"@id\":\"https:\/\/welovecinema.be\/nl\/#organization\",\"name\":\"We Love Cinema\",\"url\":\"https:\/\/welovecinema.be\/nl\/\",\"logo\":{\"@type\":\"ImageObject\",\"inLanguage\":\"fr-FR\",\"@id\":\"https:\/\/welovecinema.be\/nl\/#\/schema\/logo\/image\/\",\"url\":\"https:\/\/welovecinema.be\/wp-content\/uploads\/sites\/2\/2023\/03\/Logo-We-Love-Cinema305x128.jpg\",\"contentUrl\":\"https:\/\/welovecinema.be\/wp-content\/uploads\/sites\/2\/2023\/03\/Logo-We-Love-Cinema305x128.jpg\",\"width\":305,\"height\":128,\"caption\":\"We Love Cinema\"},\"image\":{\"@id\":\"https:\/\/welovecinema.be\/nl\/#\/schema\/logo\/image\/\"},\"sameAs\":[\"https:\/\/www.facebook.com\/welovecinema.be\",\"https:\/\/www.youtube.com\/channel\/UCX5LYGVhnKvYauW4Nta4HJA\",\"https:\/\/www.instagram.com\/welovecinema.be\/\"]},{\"@type\":\"Person\",\"@id\":\"https:\/\/welovecinema.be\/nl\/#\/schema\/person\/4b9b1d857f0943453a38a7c2859ef756\",\"name\":\"Philippe.Pierquin\",\"url\":\"https:\/\/welovecinema.be\/fr\/author\/philippe-pierquin\/\"}]}<\/script>\n<!-- \/ Yoast SEO plugin. -->","yoast_head_json":{"title":"Un court m\u00e9trage belge pour introduire chaque film de David Lynch - We Love Cinema","robots":{"index":"index","follow":"follow","max-snippet":"max-snippet:-1","max-image-preview":"max-image-preview:large","max-video-preview":"max-video-preview:-1"},"canonical":"https:\/\/welovecinema.be\/fr\/un-court-metrage-belge-pour-introduire-chaque-film-de-david-lynch\/","og_locale":"fr_FR","og_type":"article","og_title":"Un court m\u00e9trage belge pour introduire chaque film de David Lynch - We Love Cinema","og_description":"Triptyque est un court-m\u00e9trage que nous avons d\u00e9couvert au FIFF namurois en octobre dernier. Un film surprenant, r\u00e9alis\u00e9 par Camille Mikolajczak et film\u00e9 par la tr\u00e8s dou\u00e9e Juliette Van Dormael qui n&rsquo;est pas que la fille de\u2026 Elle a notamment mis en images le fascinant Mouettes ou le somptueux documentaire Anima (FIFF 2013). Tryptique est &hellip;","og_url":"https:\/\/welovecinema.be\/fr\/un-court-metrage-belge-pour-introduire-chaque-film-de-david-lynch\/","og_site_name":"We Love Cinema","article_publisher":"https:\/\/www.facebook.com\/welovecinema.be","article_published_time":"2014-11-27T06:50:17+00:00","article_modified_time":"2014-11-27T06:59:29+00:00","og_image":[{"width":896,"height":451,"url":"https:\/\/welovecinema.be\/wp-content\/uploads\/sites\/2\/2014\/11\/trypt-1.jpg","type":"image\/jpeg"}],"author":"Philippe.Pierquin","twitter_card":"summary_large_image","twitter_misc":{"\u00c9crit par":"Philippe.Pierquin","Dur\u00e9e de lecture estim\u00e9e":"2 minutes"},"schema":{"@context":"https:\/\/schema.org","@graph":[{"@type":"Article","@id":"https:\/\/welovecinema.be\/fr\/un-court-metrage-belge-pour-introduire-chaque-film-de-david-lynch\/#article","isPartOf":{"@id":"https:\/\/welovecinema.be\/fr\/un-court-metrage-belge-pour-introduire-chaque-film-de-david-lynch\/"},"author":{"name":"Philippe.Pierquin","@id":"https:\/\/welovecinema.be\/nl\/#\/schema\/person\/4b9b1d857f0943453a38a7c2859ef756"},"headline":"Un court m\u00e9trage belge pour introduire chaque film de David Lynch","datePublished":"2014-11-27T06:50:17+00:00","dateModified":"2014-11-27T06:59:29+00:00","mainEntityOfPage":{"@id":"https:\/\/welovecinema.be\/fr\/un-court-metrage-belge-pour-introduire-chaque-film-de-david-lynch\/"},"wordCount":350,"publisher":{"@id":"https:\/\/welovecinema.be\/nl\/#organization"},"articleSection":["A l'affiche"],"inLanguage":"fr-FR"},{"@type":"WebPage","@id":"https:\/\/welovecinema.be\/fr\/un-court-metrage-belge-pour-introduire-chaque-film-de-david-lynch\/","url":"https:\/\/welovecinema.be\/fr\/un-court-metrage-belge-pour-introduire-chaque-film-de-david-lynch\/","name":"Un court m\u00e9trage belge pour introduire chaque film de David Lynch - We Love Cinema","isPartOf":{"@id":"https:\/\/welovecinema.be\/nl\/#website"},"datePublished":"2014-11-27T06:50:17+00:00","dateModified":"2014-11-27T06:59:29+00:00","breadcrumb":{"@id":"https:\/\/welovecinema.be\/fr\/un-court-metrage-belge-pour-introduire-chaque-film-de-david-lynch\/#breadcrumb"},"inLanguage":"fr-FR","potentialAction":[{"@type":"ReadAction","target":["https:\/\/welovecinema.be\/fr\/un-court-metrage-belge-pour-introduire-chaque-film-de-david-lynch\/"]}]},{"@type":"BreadcrumbList","@id":"https:\/\/welovecinema.be\/fr\/un-court-metrage-belge-pour-introduire-chaque-film-de-david-lynch\/#breadcrumb","itemListElement":[{"@type":"ListItem","position":1,"name":"Accueil","item":"https:\/\/welovecinema.be\/fr\/"},{"@type":"ListItem","position":2,"name":"Un court m\u00e9trage belge pour introduire chaque film de David Lynch"}]},{"@type":"WebSite","@id":"https:\/\/welovecinema.be\/nl\/#website","url":"https:\/\/welovecinema.be\/nl\/","name":"We Love Cinema","description":"Toute l\u2019information du cin\u00e9ma en Belgique","publisher":{"@id":"https:\/\/welovecinema.be\/nl\/#organization"},"potentialAction":[{"@type":"SearchAction","target":{"@type":"EntryPoint","urlTemplate":"https:\/\/welovecinema.be\/nl\/?s={search_term_string}"},"query-input":"required name=search_term_string"}],"inLanguage":"fr-FR"},{"@type":"Organization","@id":"https:\/\/welovecinema.be\/nl\/#organization","name":"We Love Cinema","url":"https:\/\/welovecinema.be\/nl\/","logo":{"@type":"ImageObject","inLanguage":"fr-FR","@id":"https:\/\/welovecinema.be\/nl\/#\/schema\/logo\/image\/","url":"https:\/\/welovecinema.be\/wp-content\/uploads\/sites\/2\/2023\/03\/Logo-We-Love-Cinema305x128.jpg","contentUrl":"https:\/\/welovecinema.be\/wp-content\/uploads\/sites\/2\/2023\/03\/Logo-We-Love-Cinema305x128.jpg","width":305,"height":128,"caption":"We Love Cinema"},"image":{"@id":"https:\/\/welovecinema.be\/nl\/#\/schema\/logo\/image\/"},"sameAs":["https:\/\/www.facebook.com\/welovecinema.be","https:\/\/www.youtube.com\/channel\/UCX5LYGVhnKvYauW4Nta4HJA","https:\/\/www.instagram.com\/welovecinema.be\/"]},{"@type":"Person","@id":"https:\/\/welovecinema.be\/nl\/#\/schema\/person\/4b9b1d857f0943453a38a7c2859ef756","name":"Philippe.Pierquin","url":"https:\/\/welovecinema.be\/fr\/author\/philippe-pierquin\/"}]}},"_links":{"self":[{"href":"https:\/\/welovecinema.be\/fr\/wp-json\/wp\/v2\/posts\/66126","targetHints":{"allow":["GET"]}}],"collection":[{"href":"https:\/\/welovecinema.be\/fr\/wp-json\/wp\/v2\/posts"}],"about":[{"href":"https:\/\/welovecinema.be\/fr\/wp-json\/wp\/v2\/types\/post"}],"author":[{"embeddable":true,"href":"https:\/\/welovecinema.be\/fr\/wp-json\/wp\/v2\/users\/7"}],"replies":[{"embeddable":true,"href":"https:\/\/welovecinema.be\/fr\/wp-json\/wp\/v2\/comments?post=66126"}],"version-history":[{"count":0,"href":"https:\/\/welovecinema.be\/fr\/wp-json\/wp\/v2\/posts\/66126\/revisions"}],"wp:featuredmedia":[{"embeddable":true,"href":"https:\/\/welovecinema.be\/fr\/wp-json\/wp\/v2\/media\/66130"}],"wp:attachment":[{"href":"https:\/\/welovecinema.be\/fr\/wp-json\/wp\/v2\/media?parent=66126"}],"wp:term":[{"taxonomy":"category","embeddable":true,"href":"https:\/\/welovecinema.be\/fr\/wp-json\/wp\/v2\/categories?post=66126"},{"taxonomy":"post_tag","embeddable":true,"href":"https:\/\/welovecinema.be\/fr\/wp-json\/wp\/v2\/tags?post=66126"}],"curies":[{"name":"wp","href":"https:\/\/api.w.org\/{rel}","templated":true}]}}