{"id":64895,"date":"2014-11-06T17:44:11","date_gmt":"2014-11-06T16:44:11","guid":{"rendered":"http:\/\/www.cinevox.be\/?p=64895"},"modified":"2014-11-04T07:47:10","modified_gmt":"2014-11-04T06:47:10","slug":"benoit-brisefer-les-taxis-rouges-bande-annonce","status":"publish","type":"post","link":"https:\/\/welovecinema.be\/fr\/benoit-brisefer-les-taxis-rouges-bande-annonce\/","title":{"rendered":"Beno\u00eet Brisefer &#8211; Les Taxis Rouges : bande-annonce"},"content":{"rendered":"<p>Beno\u00eet Brisefer, le h\u00e9ros de bande dessin\u00e9e cr\u00e9\u00e9 par Peyo en 1960 &#8211; le papa des c\u00e9l\u00e8bres Schtroumpfs &#8211; est pour la premi\u00e8re fois adapt\u00e9 au cin\u00e9ma.<br \/>\nUne v\u00e9ritable reconnaissance pour ce personnage unanimement appr\u00e9ci\u00e9 des plus jeunes, dont les 13 albums \u2013 avant d\u2019en compter un nouveau en janvier 2015 &#8211; ont \u00e9t\u00e9 vendus \u00e0 2 millions d\u2019exemplaires et traduits dans une dizaine de langues.<!--more--><\/p>\n<p>L\u2019histoire<br \/>\n\u00c0 premi\u00e8re vue, rien ne distingue Beno\u00eet Brisefer(L\u00e9opold Huet), 10 ans, des autres petits gar\u00e7ons de son \u00e2ge. Pourtant, Beno\u00eet est dou\u00e9 d&rsquo;une force \u00e9tonnante! Tous les brigands qu&rsquo;il croise sur son chemin en sont pour leurs frais. Mais h\u00e9las, personne n&rsquo;est parfait&#8230; D\u00e8s qu&rsquo;il s&rsquo;enrhume, Beno\u00eet perd ses extraordinaires aptitudes physiques. Aussi n&rsquo;enl\u00e8ve-t-il jamais l&rsquo;\u00e9charpe de laine qu&rsquo;il porte autour du cou !<br \/>\nCourageux et tr\u00e8s volontaire, il n\u2019h\u00e9site pas une seconde \u00e0 passer \u00e0 l\u2019action pour d\u00e9fendre ses amis. Aussi, lorsque Poilonez (Jean R\u00e9no) &#8211; un escroc notoire &#8211; et sa bande de malfrats s\u2019en prennent \u00e0 Mr Dussiflard (G\u00e9rard Jugnot), son ami chauffeur de taxi, Beno\u00eet met tout en \u0153uvre pour d\u00e9jouer leurs plans\u2026<\/p>\n<p>&nbsp;<\/p>\n<p>Coproduit en Belgique par la Compagnie cin\u00e9matographique<\/p>\n<p>Sortie le 17 d\u00e9cembre 2014<\/p>\n","protected":false},"excerpt":{"rendered":"<p>Beno\u00eet Brisefer, le h\u00e9ros de bande dessin\u00e9e cr\u00e9\u00e9 par Peyo en 1960 &#8211; le papa des c\u00e9l\u00e8bres Schtroumpfs &#8211; est pour la premi\u00e8re fois adapt\u00e9 au cin\u00e9ma. Une v\u00e9ritable reconnaissance pour ce personnage unanimement appr\u00e9ci\u00e9 des plus jeunes, dont les 13 albums \u2013 avant d\u2019en compter un nouveau en janvier 2015 &#8211; ont \u00e9t\u00e9 vendus &hellip;<\/p>\n","protected":false},"author":7,"featured_media":64896,"comment_status":"closed","ping_status":"closed","sticky":false,"template":"","format":"standard","meta":{"ngg_post_thumbnail":0,"footnotes":""},"categories":[53],"tags":[],"class_list":["post-64895","post","type-post","status-publish","format-standard","has-post-thumbnail","","category-coming-soon"],"yoast_head":"<!-- This site is optimized with the Yoast SEO plugin v20.4 - https:\/\/yoast.com\/wordpress\/plugins\/seo\/ -->\n<title>Beno\u00eet Brisefer - Les Taxis Rouges : bande-annonce - We Love Cinema<\/title>\n<meta name=\"robots\" content=\"index, follow, max-snippet:-1, max-image-preview:large, max-video-preview:-1\" \/>\n<link rel=\"canonical\" href=\"https:\/\/welovecinema.be\/fr\/benoit-brisefer-les-taxis-rouges-bande-annonce\/\" \/>\n<meta property=\"og:locale\" content=\"fr_FR\" \/>\n<meta property=\"og:type\" content=\"article\" \/>\n<meta property=\"og:title\" content=\"Beno\u00eet Brisefer - Les Taxis Rouges : bande-annonce - We Love Cinema\" \/>\n<meta property=\"og:description\" content=\"Beno\u00eet Brisefer, le h\u00e9ros de bande dessin\u00e9e cr\u00e9\u00e9 par Peyo en 1960 &#8211; le papa des c\u00e9l\u00e8bres Schtroumpfs &#8211; est pour la premi\u00e8re fois adapt\u00e9 au cin\u00e9ma. Une v\u00e9ritable reconnaissance pour ce personnage unanimement appr\u00e9ci\u00e9 des plus jeunes, dont les 13 albums \u2013 avant d\u2019en compter un nouveau en janvier 2015 &#8211; ont \u00e9t\u00e9 vendus &hellip;\" \/>\n<meta property=\"og:url\" content=\"https:\/\/welovecinema.be\/fr\/benoit-brisefer-les-taxis-rouges-bande-annonce\/\" \/>\n<meta property=\"og:site_name\" content=\"We Love Cinema\" \/>\n<meta property=\"article:publisher\" content=\"https:\/\/www.facebook.com\/welovecinema.be\" \/>\n<meta property=\"article:published_time\" content=\"2014-11-06T16:44:11+00:00\" \/>\n<meta property=\"article:modified_time\" content=\"2014-11-04T06:47:10+00:00\" \/>\n<meta property=\"og:image\" content=\"https:\/\/welovecinema.be\/wp-content\/uploads\/sites\/2\/2014\/11\/PID_729481_837ab6b8-1a20-11e3-a229-7a5e4360e6dc_original.jpg\" \/>\n\t<meta property=\"og:image:width\" content=\"2222\" \/>\n\t<meta property=\"og:image:height\" content=\"1512\" \/>\n\t<meta property=\"og:image:type\" content=\"image\/jpeg\" \/>\n<meta name=\"author\" content=\"Philippe.Pierquin\" \/>\n<meta name=\"twitter:card\" content=\"summary_large_image\" \/>\n<meta name=\"twitter:label1\" content=\"\u00c9crit par\" \/>\n\t<meta name=\"twitter:data1\" content=\"Philippe.Pierquin\" \/>\n\t<meta name=\"twitter:label2\" content=\"Dur\u00e9e de lecture estim\u00e9e\" \/>\n\t<meta name=\"twitter:data2\" content=\"1 minute\" \/>\n<script type=\"application\/ld+json\" class=\"yoast-schema-graph\">{\"@context\":\"https:\/\/schema.org\",\"@graph\":[{\"@type\":\"Article\",\"@id\":\"https:\/\/welovecinema.be\/fr\/benoit-brisefer-les-taxis-rouges-bande-annonce\/#article\",\"isPartOf\":{\"@id\":\"https:\/\/welovecinema.be\/fr\/benoit-brisefer-les-taxis-rouges-bande-annonce\/\"},\"author\":{\"name\":\"Philippe.Pierquin\",\"@id\":\"https:\/\/welovecinema.be\/nl\/#\/schema\/person\/4b9b1d857f0943453a38a7c2859ef756\"},\"headline\":\"Beno\u00eet Brisefer &#8211; Les Taxis Rouges : bande-annonce\",\"datePublished\":\"2014-11-06T16:44:11+00:00\",\"dateModified\":\"2014-11-04T06:47:10+00:00\",\"mainEntityOfPage\":{\"@id\":\"https:\/\/welovecinema.be\/fr\/benoit-brisefer-les-taxis-rouges-bande-annonce\/\"},\"wordCount\":233,\"publisher\":{\"@id\":\"https:\/\/welovecinema.be\/nl\/#organization\"},\"articleSection\":[\"Coming soon\"],\"inLanguage\":\"fr-FR\"},{\"@type\":\"WebPage\",\"@id\":\"https:\/\/welovecinema.be\/fr\/benoit-brisefer-les-taxis-rouges-bande-annonce\/\",\"url\":\"https:\/\/welovecinema.be\/fr\/benoit-brisefer-les-taxis-rouges-bande-annonce\/\",\"name\":\"Beno\u00eet Brisefer - Les Taxis Rouges : bande-annonce - We Love Cinema\",\"isPartOf\":{\"@id\":\"https:\/\/welovecinema.be\/nl\/#website\"},\"datePublished\":\"2014-11-06T16:44:11+00:00\",\"dateModified\":\"2014-11-04T06:47:10+00:00\",\"breadcrumb\":{\"@id\":\"https:\/\/welovecinema.be\/fr\/benoit-brisefer-les-taxis-rouges-bande-annonce\/#breadcrumb\"},\"inLanguage\":\"fr-FR\",\"potentialAction\":[{\"@type\":\"ReadAction\",\"target\":[\"https:\/\/welovecinema.be\/fr\/benoit-brisefer-les-taxis-rouges-bande-annonce\/\"]}]},{\"@type\":\"BreadcrumbList\",\"@id\":\"https:\/\/welovecinema.be\/fr\/benoit-brisefer-les-taxis-rouges-bande-annonce\/#breadcrumb\",\"itemListElement\":[{\"@type\":\"ListItem\",\"position\":1,\"name\":\"Accueil\",\"item\":\"https:\/\/welovecinema.be\/fr\/\"},{\"@type\":\"ListItem\",\"position\":2,\"name\":\"Beno\u00eet Brisefer &#8211; Les Taxis Rouges : bande-annonce\"}]},{\"@type\":\"WebSite\",\"@id\":\"https:\/\/welovecinema.be\/nl\/#website\",\"url\":\"https:\/\/welovecinema.be\/nl\/\",\"name\":\"We Love Cinema\",\"description\":\"Toute l\u2019information du cin\u00e9ma en Belgique\",\"publisher\":{\"@id\":\"https:\/\/welovecinema.be\/nl\/#organization\"},\"potentialAction\":[{\"@type\":\"SearchAction\",\"target\":{\"@type\":\"EntryPoint\",\"urlTemplate\":\"https:\/\/welovecinema.be\/nl\/?s={search_term_string}\"},\"query-input\":\"required name=search_term_string\"}],\"inLanguage\":\"fr-FR\"},{\"@type\":\"Organization\",\"@id\":\"https:\/\/welovecinema.be\/nl\/#organization\",\"name\":\"We Love Cinema\",\"url\":\"https:\/\/welovecinema.be\/nl\/\",\"logo\":{\"@type\":\"ImageObject\",\"inLanguage\":\"fr-FR\",\"@id\":\"https:\/\/welovecinema.be\/nl\/#\/schema\/logo\/image\/\",\"url\":\"https:\/\/welovecinema.be\/wp-content\/uploads\/sites\/2\/2023\/03\/Logo-We-Love-Cinema305x128.jpg\",\"contentUrl\":\"https:\/\/welovecinema.be\/wp-content\/uploads\/sites\/2\/2023\/03\/Logo-We-Love-Cinema305x128.jpg\",\"width\":305,\"height\":128,\"caption\":\"We Love Cinema\"},\"image\":{\"@id\":\"https:\/\/welovecinema.be\/nl\/#\/schema\/logo\/image\/\"},\"sameAs\":[\"https:\/\/www.facebook.com\/welovecinema.be\",\"https:\/\/www.youtube.com\/channel\/UCX5LYGVhnKvYauW4Nta4HJA\",\"https:\/\/www.instagram.com\/welovecinema.be\/\"]},{\"@type\":\"Person\",\"@id\":\"https:\/\/welovecinema.be\/nl\/#\/schema\/person\/4b9b1d857f0943453a38a7c2859ef756\",\"name\":\"Philippe.Pierquin\",\"url\":\"https:\/\/welovecinema.be\/fr\/author\/philippe-pierquin\/\"}]}<\/script>\n<!-- \/ Yoast SEO plugin. -->","yoast_head_json":{"title":"Beno\u00eet Brisefer - Les Taxis Rouges : bande-annonce - We Love Cinema","robots":{"index":"index","follow":"follow","max-snippet":"max-snippet:-1","max-image-preview":"max-image-preview:large","max-video-preview":"max-video-preview:-1"},"canonical":"https:\/\/welovecinema.be\/fr\/benoit-brisefer-les-taxis-rouges-bande-annonce\/","og_locale":"fr_FR","og_type":"article","og_title":"Beno\u00eet Brisefer - Les Taxis Rouges : bande-annonce - We Love Cinema","og_description":"Beno\u00eet Brisefer, le h\u00e9ros de bande dessin\u00e9e cr\u00e9\u00e9 par Peyo en 1960 &#8211; le papa des c\u00e9l\u00e8bres Schtroumpfs &#8211; est pour la premi\u00e8re fois adapt\u00e9 au cin\u00e9ma. Une v\u00e9ritable reconnaissance pour ce personnage unanimement appr\u00e9ci\u00e9 des plus jeunes, dont les 13 albums \u2013 avant d\u2019en compter un nouveau en janvier 2015 &#8211; ont \u00e9t\u00e9 vendus &hellip;","og_url":"https:\/\/welovecinema.be\/fr\/benoit-brisefer-les-taxis-rouges-bande-annonce\/","og_site_name":"We Love Cinema","article_publisher":"https:\/\/www.facebook.com\/welovecinema.be","article_published_time":"2014-11-06T16:44:11+00:00","article_modified_time":"2014-11-04T06:47:10+00:00","og_image":[{"width":2222,"height":1512,"url":"https:\/\/welovecinema.be\/wp-content\/uploads\/sites\/2\/2014\/11\/PID_729481_837ab6b8-1a20-11e3-a229-7a5e4360e6dc_original.jpg","type":"image\/jpeg"}],"author":"Philippe.Pierquin","twitter_card":"summary_large_image","twitter_misc":{"\u00c9crit par":"Philippe.Pierquin","Dur\u00e9e de lecture estim\u00e9e":"1 minute"},"schema":{"@context":"https:\/\/schema.org","@graph":[{"@type":"Article","@id":"https:\/\/welovecinema.be\/fr\/benoit-brisefer-les-taxis-rouges-bande-annonce\/#article","isPartOf":{"@id":"https:\/\/welovecinema.be\/fr\/benoit-brisefer-les-taxis-rouges-bande-annonce\/"},"author":{"name":"Philippe.Pierquin","@id":"https:\/\/welovecinema.be\/nl\/#\/schema\/person\/4b9b1d857f0943453a38a7c2859ef756"},"headline":"Beno\u00eet Brisefer &#8211; Les Taxis Rouges : bande-annonce","datePublished":"2014-11-06T16:44:11+00:00","dateModified":"2014-11-04T06:47:10+00:00","mainEntityOfPage":{"@id":"https:\/\/welovecinema.be\/fr\/benoit-brisefer-les-taxis-rouges-bande-annonce\/"},"wordCount":233,"publisher":{"@id":"https:\/\/welovecinema.be\/nl\/#organization"},"articleSection":["Coming soon"],"inLanguage":"fr-FR"},{"@type":"WebPage","@id":"https:\/\/welovecinema.be\/fr\/benoit-brisefer-les-taxis-rouges-bande-annonce\/","url":"https:\/\/welovecinema.be\/fr\/benoit-brisefer-les-taxis-rouges-bande-annonce\/","name":"Beno\u00eet Brisefer - Les Taxis Rouges : bande-annonce - We Love Cinema","isPartOf":{"@id":"https:\/\/welovecinema.be\/nl\/#website"},"datePublished":"2014-11-06T16:44:11+00:00","dateModified":"2014-11-04T06:47:10+00:00","breadcrumb":{"@id":"https:\/\/welovecinema.be\/fr\/benoit-brisefer-les-taxis-rouges-bande-annonce\/#breadcrumb"},"inLanguage":"fr-FR","potentialAction":[{"@type":"ReadAction","target":["https:\/\/welovecinema.be\/fr\/benoit-brisefer-les-taxis-rouges-bande-annonce\/"]}]},{"@type":"BreadcrumbList","@id":"https:\/\/welovecinema.be\/fr\/benoit-brisefer-les-taxis-rouges-bande-annonce\/#breadcrumb","itemListElement":[{"@type":"ListItem","position":1,"name":"Accueil","item":"https:\/\/welovecinema.be\/fr\/"},{"@type":"ListItem","position":2,"name":"Beno\u00eet Brisefer &#8211; Les Taxis Rouges : bande-annonce"}]},{"@type":"WebSite","@id":"https:\/\/welovecinema.be\/nl\/#website","url":"https:\/\/welovecinema.be\/nl\/","name":"We Love Cinema","description":"Toute l\u2019information du cin\u00e9ma en Belgique","publisher":{"@id":"https:\/\/welovecinema.be\/nl\/#organization"},"potentialAction":[{"@type":"SearchAction","target":{"@type":"EntryPoint","urlTemplate":"https:\/\/welovecinema.be\/nl\/?s={search_term_string}"},"query-input":"required name=search_term_string"}],"inLanguage":"fr-FR"},{"@type":"Organization","@id":"https:\/\/welovecinema.be\/nl\/#organization","name":"We Love Cinema","url":"https:\/\/welovecinema.be\/nl\/","logo":{"@type":"ImageObject","inLanguage":"fr-FR","@id":"https:\/\/welovecinema.be\/nl\/#\/schema\/logo\/image\/","url":"https:\/\/welovecinema.be\/wp-content\/uploads\/sites\/2\/2023\/03\/Logo-We-Love-Cinema305x128.jpg","contentUrl":"https:\/\/welovecinema.be\/wp-content\/uploads\/sites\/2\/2023\/03\/Logo-We-Love-Cinema305x128.jpg","width":305,"height":128,"caption":"We Love Cinema"},"image":{"@id":"https:\/\/welovecinema.be\/nl\/#\/schema\/logo\/image\/"},"sameAs":["https:\/\/www.facebook.com\/welovecinema.be","https:\/\/www.youtube.com\/channel\/UCX5LYGVhnKvYauW4Nta4HJA","https:\/\/www.instagram.com\/welovecinema.be\/"]},{"@type":"Person","@id":"https:\/\/welovecinema.be\/nl\/#\/schema\/person\/4b9b1d857f0943453a38a7c2859ef756","name":"Philippe.Pierquin","url":"https:\/\/welovecinema.be\/fr\/author\/philippe-pierquin\/"}]}},"_links":{"self":[{"href":"https:\/\/welovecinema.be\/fr\/wp-json\/wp\/v2\/posts\/64895","targetHints":{"allow":["GET"]}}],"collection":[{"href":"https:\/\/welovecinema.be\/fr\/wp-json\/wp\/v2\/posts"}],"about":[{"href":"https:\/\/welovecinema.be\/fr\/wp-json\/wp\/v2\/types\/post"}],"author":[{"embeddable":true,"href":"https:\/\/welovecinema.be\/fr\/wp-json\/wp\/v2\/users\/7"}],"replies":[{"embeddable":true,"href":"https:\/\/welovecinema.be\/fr\/wp-json\/wp\/v2\/comments?post=64895"}],"version-history":[{"count":0,"href":"https:\/\/welovecinema.be\/fr\/wp-json\/wp\/v2\/posts\/64895\/revisions"}],"wp:featuredmedia":[{"embeddable":true,"href":"https:\/\/welovecinema.be\/fr\/wp-json\/wp\/v2\/media\/64896"}],"wp:attachment":[{"href":"https:\/\/welovecinema.be\/fr\/wp-json\/wp\/v2\/media?parent=64895"}],"wp:term":[{"taxonomy":"category","embeddable":true,"href":"https:\/\/welovecinema.be\/fr\/wp-json\/wp\/v2\/categories?post=64895"},{"taxonomy":"post_tag","embeddable":true,"href":"https:\/\/welovecinema.be\/fr\/wp-json\/wp\/v2\/tags?post=64895"}],"curies":[{"name":"wp","href":"https:\/\/api.w.org\/{rel}","templated":true}]}}