{"id":64765,"date":"2014-10-31T17:50:00","date_gmt":"2014-10-31T16:50:00","guid":{"rendered":"http:\/\/www.cinevox.be\/?p=64765"},"modified":"2014-10-31T17:51:43","modified_gmt":"2014-10-31T16:51:43","slug":"bresil-au-coeur-du-labyrinthe","status":"publish","type":"post","link":"https:\/\/welovecinema.be\/fr\/bresil-au-coeur-du-labyrinthe\/","title":{"rendered":"Le Br\u00e9sil au c\u0153ur du labyrinthe"},"content":{"rendered":"<p><em>Labyrinthus,<\/em> le premier film de <strong>Douglas Boswell<\/strong>, a remport\u00e9 le Prix de la jeunesse du meilleur film international lors de 30e \u00e9dition du Festival international du film de S\u00e3o Paulo.<\/p>\n<p>La manifestation s&rsquo;est d\u00e9roul\u00e9e du 16 au 29 octobre.<!--more--><br \/>\nComme une bonne nouvelle n&rsquo;arrive jamais seule, le g\u00e9ant des m\u00e9dias br\u00e9siliens Globo, a \u00e9galement achet\u00e9 le film pour le sortir l\u00e0-bas.<\/p>\n<p>&nbsp;<\/p>\n<p>Le film raconte l&rsquo;histoire de Frikke, un gar\u00e7on de 14 ans qui trouve par hasard un jeu vid\u00e9o et d\u00e9couvre que des enfants de son village y prennent part, malgr\u00e9 eux, en tant que personnages.<\/p>\n<p>Dans une course contre la montre, il part \u00e0 la recherche du cr\u00e9ateur qui se cache derri\u00e8re ce terrible pi\u00e8ge et va tenter de les lib\u00e9rer (bande-annonce <a href=\"http:\/\/www.cinevox.be\/labyrinthus-bande-annonce\" target=\"_blank\">ici<\/a>)<\/p>\n<p>&nbsp;<\/p>\n<p>C&rsquo;est le premier long m\u00e9trage du r\u00e9alisateur Douglas Boswell sur un sc\u00e9nario du maestro Pierre De Clercq. Le film a \u00e9t\u00e9 produit par Savage film avec Eyeworks.<\/p>\n<p>&nbsp;<\/p>\n<p>Labyrinthus est sorti mercredi 2 juillet en Belgique.<br \/>\nLe vendredi 27 juin, dans le cadre des Coca Cola Summer movies, Cinevox avait organis\u00e9 un Happening \u00e0 Anvers autour du film. Petit aper\u00e7u<a href=\"http:\/\/www.cinevox.be\/labyrinthus-cinevox-happening-anvers\" target=\"_blank\"> ici<\/a><\/p>\n","protected":false},"excerpt":{"rendered":"<p>Labyrinthus, le premier film de Douglas Boswell, a remport\u00e9 le Prix de la jeunesse du meilleur film international lors de 30e \u00e9dition du Festival international du film de S\u00e3o Paulo. La manifestation s&rsquo;est d\u00e9roul\u00e9e du 16 au 29 octobre.<\/p>\n","protected":false},"author":7,"featured_media":64767,"comment_status":"closed","ping_status":"closed","sticky":false,"template":"","format":"standard","meta":{"ngg_post_thumbnail":0,"footnotes":""},"categories":[12],"tags":[],"class_list":["post-64765","post","type-post","status-publish","format-standard","has-post-thumbnail","","category-awards"],"yoast_head":"<!-- This site is optimized with the Yoast SEO plugin v20.4 - https:\/\/yoast.com\/wordpress\/plugins\/seo\/ -->\n<title>Le Br\u00e9sil au c\u0153ur du labyrinthe - We Love Cinema<\/title>\n<meta name=\"robots\" content=\"index, follow, max-snippet:-1, max-image-preview:large, max-video-preview:-1\" \/>\n<link rel=\"canonical\" href=\"https:\/\/welovecinema.be\/fr\/bresil-au-coeur-du-labyrinthe\/\" \/>\n<meta property=\"og:locale\" content=\"fr_FR\" \/>\n<meta property=\"og:type\" content=\"article\" \/>\n<meta property=\"og:title\" content=\"Le Br\u00e9sil au c\u0153ur du labyrinthe - We Love Cinema\" \/>\n<meta property=\"og:description\" content=\"Labyrinthus, le premier film de Douglas Boswell, a remport\u00e9 le Prix de la jeunesse du meilleur film international lors de 30e \u00e9dition du Festival international du film de S\u00e3o Paulo. La manifestation s&rsquo;est d\u00e9roul\u00e9e du 16 au 29 octobre.\" \/>\n<meta property=\"og:url\" content=\"https:\/\/welovecinema.be\/fr\/bresil-au-coeur-du-labyrinthe\/\" \/>\n<meta property=\"og:site_name\" content=\"We Love Cinema\" \/>\n<meta property=\"article:publisher\" content=\"https:\/\/www.facebook.com\/welovecinema.be\" \/>\n<meta property=\"article:published_time\" content=\"2014-10-31T16:50:00+00:00\" \/>\n<meta property=\"article:modified_time\" content=\"2014-10-31T16:51:43+00:00\" \/>\n<meta property=\"og:image\" content=\"https:\/\/welovecinema.be\/wp-content\/uploads\/sites\/2\/2014\/10\/1426161_528776923882058_1771992418_n.png\" \/>\n\t<meta property=\"og:image:width\" content=\"960\" \/>\n\t<meta property=\"og:image:height\" content=\"393\" \/>\n\t<meta property=\"og:image:type\" content=\"image\/png\" \/>\n<meta name=\"author\" content=\"Philippe.Pierquin\" \/>\n<meta name=\"twitter:card\" content=\"summary_large_image\" \/>\n<meta name=\"twitter:label1\" content=\"\u00c9crit par\" \/>\n\t<meta name=\"twitter:data1\" content=\"Philippe.Pierquin\" \/>\n\t<meta name=\"twitter:label2\" content=\"Dur\u00e9e de lecture estim\u00e9e\" \/>\n\t<meta name=\"twitter:data2\" content=\"1 minute\" \/>\n<script type=\"application\/ld+json\" class=\"yoast-schema-graph\">{\"@context\":\"https:\/\/schema.org\",\"@graph\":[{\"@type\":\"Article\",\"@id\":\"https:\/\/welovecinema.be\/fr\/bresil-au-coeur-du-labyrinthe\/#article\",\"isPartOf\":{\"@id\":\"https:\/\/welovecinema.be\/fr\/bresil-au-coeur-du-labyrinthe\/\"},\"author\":{\"name\":\"Philippe.Pierquin\",\"@id\":\"https:\/\/welovecinema.be\/nl\/#\/schema\/person\/4b9b1d857f0943453a38a7c2859ef756\"},\"headline\":\"Le Br\u00e9sil au c\u0153ur du labyrinthe\",\"datePublished\":\"2014-10-31T16:50:00+00:00\",\"dateModified\":\"2014-10-31T16:51:43+00:00\",\"mainEntityOfPage\":{\"@id\":\"https:\/\/welovecinema.be\/fr\/bresil-au-coeur-du-labyrinthe\/\"},\"wordCount\":210,\"publisher\":{\"@id\":\"https:\/\/welovecinema.be\/nl\/#organization\"},\"articleSection\":[\"Evenements\"],\"inLanguage\":\"fr-FR\"},{\"@type\":\"WebPage\",\"@id\":\"https:\/\/welovecinema.be\/fr\/bresil-au-coeur-du-labyrinthe\/\",\"url\":\"https:\/\/welovecinema.be\/fr\/bresil-au-coeur-du-labyrinthe\/\",\"name\":\"Le Br\u00e9sil au c\u0153ur du labyrinthe - We Love Cinema\",\"isPartOf\":{\"@id\":\"https:\/\/welovecinema.be\/nl\/#website\"},\"datePublished\":\"2014-10-31T16:50:00+00:00\",\"dateModified\":\"2014-10-31T16:51:43+00:00\",\"breadcrumb\":{\"@id\":\"https:\/\/welovecinema.be\/fr\/bresil-au-coeur-du-labyrinthe\/#breadcrumb\"},\"inLanguage\":\"fr-FR\",\"potentialAction\":[{\"@type\":\"ReadAction\",\"target\":[\"https:\/\/welovecinema.be\/fr\/bresil-au-coeur-du-labyrinthe\/\"]}]},{\"@type\":\"BreadcrumbList\",\"@id\":\"https:\/\/welovecinema.be\/fr\/bresil-au-coeur-du-labyrinthe\/#breadcrumb\",\"itemListElement\":[{\"@type\":\"ListItem\",\"position\":1,\"name\":\"Accueil\",\"item\":\"https:\/\/welovecinema.be\/fr\/\"},{\"@type\":\"ListItem\",\"position\":2,\"name\":\"Le Br\u00e9sil au c\u0153ur du labyrinthe\"}]},{\"@type\":\"WebSite\",\"@id\":\"https:\/\/welovecinema.be\/nl\/#website\",\"url\":\"https:\/\/welovecinema.be\/nl\/\",\"name\":\"We Love Cinema\",\"description\":\"Toute l\u2019information du cin\u00e9ma en Belgique\",\"publisher\":{\"@id\":\"https:\/\/welovecinema.be\/nl\/#organization\"},\"potentialAction\":[{\"@type\":\"SearchAction\",\"target\":{\"@type\":\"EntryPoint\",\"urlTemplate\":\"https:\/\/welovecinema.be\/nl\/?s={search_term_string}\"},\"query-input\":\"required name=search_term_string\"}],\"inLanguage\":\"fr-FR\"},{\"@type\":\"Organization\",\"@id\":\"https:\/\/welovecinema.be\/nl\/#organization\",\"name\":\"We Love Cinema\",\"url\":\"https:\/\/welovecinema.be\/nl\/\",\"logo\":{\"@type\":\"ImageObject\",\"inLanguage\":\"fr-FR\",\"@id\":\"https:\/\/welovecinema.be\/nl\/#\/schema\/logo\/image\/\",\"url\":\"https:\/\/welovecinema.be\/wp-content\/uploads\/sites\/2\/2023\/03\/Logo-We-Love-Cinema305x128.jpg\",\"contentUrl\":\"https:\/\/welovecinema.be\/wp-content\/uploads\/sites\/2\/2023\/03\/Logo-We-Love-Cinema305x128.jpg\",\"width\":305,\"height\":128,\"caption\":\"We Love Cinema\"},\"image\":{\"@id\":\"https:\/\/welovecinema.be\/nl\/#\/schema\/logo\/image\/\"},\"sameAs\":[\"https:\/\/www.facebook.com\/welovecinema.be\",\"https:\/\/www.youtube.com\/channel\/UCX5LYGVhnKvYauW4Nta4HJA\",\"https:\/\/www.instagram.com\/welovecinema.be\/\"]},{\"@type\":\"Person\",\"@id\":\"https:\/\/welovecinema.be\/nl\/#\/schema\/person\/4b9b1d857f0943453a38a7c2859ef756\",\"name\":\"Philippe.Pierquin\",\"url\":\"https:\/\/welovecinema.be\/fr\/author\/philippe-pierquin\/\"}]}<\/script>\n<!-- \/ Yoast SEO plugin. -->","yoast_head_json":{"title":"Le Br\u00e9sil au c\u0153ur du labyrinthe - We Love Cinema","robots":{"index":"index","follow":"follow","max-snippet":"max-snippet:-1","max-image-preview":"max-image-preview:large","max-video-preview":"max-video-preview:-1"},"canonical":"https:\/\/welovecinema.be\/fr\/bresil-au-coeur-du-labyrinthe\/","og_locale":"fr_FR","og_type":"article","og_title":"Le Br\u00e9sil au c\u0153ur du labyrinthe - We Love Cinema","og_description":"Labyrinthus, le premier film de Douglas Boswell, a remport\u00e9 le Prix de la jeunesse du meilleur film international lors de 30e \u00e9dition du Festival international du film de S\u00e3o Paulo. La manifestation s&rsquo;est d\u00e9roul\u00e9e du 16 au 29 octobre.","og_url":"https:\/\/welovecinema.be\/fr\/bresil-au-coeur-du-labyrinthe\/","og_site_name":"We Love Cinema","article_publisher":"https:\/\/www.facebook.com\/welovecinema.be","article_published_time":"2014-10-31T16:50:00+00:00","article_modified_time":"2014-10-31T16:51:43+00:00","og_image":[{"width":960,"height":393,"url":"https:\/\/welovecinema.be\/wp-content\/uploads\/sites\/2\/2014\/10\/1426161_528776923882058_1771992418_n.png","type":"image\/png"}],"author":"Philippe.Pierquin","twitter_card":"summary_large_image","twitter_misc":{"\u00c9crit par":"Philippe.Pierquin","Dur\u00e9e de lecture estim\u00e9e":"1 minute"},"schema":{"@context":"https:\/\/schema.org","@graph":[{"@type":"Article","@id":"https:\/\/welovecinema.be\/fr\/bresil-au-coeur-du-labyrinthe\/#article","isPartOf":{"@id":"https:\/\/welovecinema.be\/fr\/bresil-au-coeur-du-labyrinthe\/"},"author":{"name":"Philippe.Pierquin","@id":"https:\/\/welovecinema.be\/nl\/#\/schema\/person\/4b9b1d857f0943453a38a7c2859ef756"},"headline":"Le Br\u00e9sil au c\u0153ur du labyrinthe","datePublished":"2014-10-31T16:50:00+00:00","dateModified":"2014-10-31T16:51:43+00:00","mainEntityOfPage":{"@id":"https:\/\/welovecinema.be\/fr\/bresil-au-coeur-du-labyrinthe\/"},"wordCount":210,"publisher":{"@id":"https:\/\/welovecinema.be\/nl\/#organization"},"articleSection":["Evenements"],"inLanguage":"fr-FR"},{"@type":"WebPage","@id":"https:\/\/welovecinema.be\/fr\/bresil-au-coeur-du-labyrinthe\/","url":"https:\/\/welovecinema.be\/fr\/bresil-au-coeur-du-labyrinthe\/","name":"Le Br\u00e9sil au c\u0153ur du labyrinthe - We Love Cinema","isPartOf":{"@id":"https:\/\/welovecinema.be\/nl\/#website"},"datePublished":"2014-10-31T16:50:00+00:00","dateModified":"2014-10-31T16:51:43+00:00","breadcrumb":{"@id":"https:\/\/welovecinema.be\/fr\/bresil-au-coeur-du-labyrinthe\/#breadcrumb"},"inLanguage":"fr-FR","potentialAction":[{"@type":"ReadAction","target":["https:\/\/welovecinema.be\/fr\/bresil-au-coeur-du-labyrinthe\/"]}]},{"@type":"BreadcrumbList","@id":"https:\/\/welovecinema.be\/fr\/bresil-au-coeur-du-labyrinthe\/#breadcrumb","itemListElement":[{"@type":"ListItem","position":1,"name":"Accueil","item":"https:\/\/welovecinema.be\/fr\/"},{"@type":"ListItem","position":2,"name":"Le Br\u00e9sil au c\u0153ur du labyrinthe"}]},{"@type":"WebSite","@id":"https:\/\/welovecinema.be\/nl\/#website","url":"https:\/\/welovecinema.be\/nl\/","name":"We Love Cinema","description":"Toute l\u2019information du cin\u00e9ma en Belgique","publisher":{"@id":"https:\/\/welovecinema.be\/nl\/#organization"},"potentialAction":[{"@type":"SearchAction","target":{"@type":"EntryPoint","urlTemplate":"https:\/\/welovecinema.be\/nl\/?s={search_term_string}"},"query-input":"required name=search_term_string"}],"inLanguage":"fr-FR"},{"@type":"Organization","@id":"https:\/\/welovecinema.be\/nl\/#organization","name":"We Love Cinema","url":"https:\/\/welovecinema.be\/nl\/","logo":{"@type":"ImageObject","inLanguage":"fr-FR","@id":"https:\/\/welovecinema.be\/nl\/#\/schema\/logo\/image\/","url":"https:\/\/welovecinema.be\/wp-content\/uploads\/sites\/2\/2023\/03\/Logo-We-Love-Cinema305x128.jpg","contentUrl":"https:\/\/welovecinema.be\/wp-content\/uploads\/sites\/2\/2023\/03\/Logo-We-Love-Cinema305x128.jpg","width":305,"height":128,"caption":"We Love Cinema"},"image":{"@id":"https:\/\/welovecinema.be\/nl\/#\/schema\/logo\/image\/"},"sameAs":["https:\/\/www.facebook.com\/welovecinema.be","https:\/\/www.youtube.com\/channel\/UCX5LYGVhnKvYauW4Nta4HJA","https:\/\/www.instagram.com\/welovecinema.be\/"]},{"@type":"Person","@id":"https:\/\/welovecinema.be\/nl\/#\/schema\/person\/4b9b1d857f0943453a38a7c2859ef756","name":"Philippe.Pierquin","url":"https:\/\/welovecinema.be\/fr\/author\/philippe-pierquin\/"}]}},"_links":{"self":[{"href":"https:\/\/welovecinema.be\/fr\/wp-json\/wp\/v2\/posts\/64765","targetHints":{"allow":["GET"]}}],"collection":[{"href":"https:\/\/welovecinema.be\/fr\/wp-json\/wp\/v2\/posts"}],"about":[{"href":"https:\/\/welovecinema.be\/fr\/wp-json\/wp\/v2\/types\/post"}],"author":[{"embeddable":true,"href":"https:\/\/welovecinema.be\/fr\/wp-json\/wp\/v2\/users\/7"}],"replies":[{"embeddable":true,"href":"https:\/\/welovecinema.be\/fr\/wp-json\/wp\/v2\/comments?post=64765"}],"version-history":[{"count":0,"href":"https:\/\/welovecinema.be\/fr\/wp-json\/wp\/v2\/posts\/64765\/revisions"}],"wp:featuredmedia":[{"embeddable":true,"href":"https:\/\/welovecinema.be\/fr\/wp-json\/wp\/v2\/media\/64767"}],"wp:attachment":[{"href":"https:\/\/welovecinema.be\/fr\/wp-json\/wp\/v2\/media?parent=64765"}],"wp:term":[{"taxonomy":"category","embeddable":true,"href":"https:\/\/welovecinema.be\/fr\/wp-json\/wp\/v2\/categories?post=64765"},{"taxonomy":"post_tag","embeddable":true,"href":"https:\/\/welovecinema.be\/fr\/wp-json\/wp\/v2\/tags?post=64765"}],"curies":[{"name":"wp","href":"https:\/\/api.w.org\/{rel}","templated":true}]}}