{"id":64628,"date":"2014-10-30T08:52:28","date_gmt":"2014-10-30T07:52:28","guid":{"rendered":"http:\/\/www.cinevox.be\/?p=64628"},"modified":"2014-11-07T07:54:45","modified_gmt":"2014-11-07T06:54:45","slug":"lagenda-sorties-films-belges","status":"publish","type":"post","link":"https:\/\/welovecinema.be\/fr\/lagenda-sorties-films-belges\/","title":{"rendered":"L\u2019agenda des sorties : films belges [30\/10]"},"content":{"rendered":"<p><em>Quels sont les films \u00e0 l\u2019affiche? Quels sont les films annonc\u00e9s? Si vous voulez aller au \u00a0\u00a0ou planifier des sorties, voil\u00e0 bien des questions existentielles qui doivent trouver une r\u00e9ponse rapide. <\/em><\/p>\n<p><em>Voil\u00e0 pourquoi, Cinevox lance deux rendez-vous d\u00e9sormais hebdomadaires, des articles qui seront r\u00e9guli\u00e8rement mis \u00e0 jour au fur et \u00e0 mesure que de nouvelles dates viendront s\u2019ajouter \u00e0 notre calendrier. <\/em><\/p>\n<p><em><br \/>\nAu menu: les films belges (chaque jeudi sur le site), mais aussi les coproductions et les films \u00e9trangers dans lesquels apparaissent des com\u00e9dien(ne)s belges (en ligne chaque vendredi).<\/em><\/p>\n<p>&nbsp;<\/p>\n<h1>[\u00c9dition du 30 octobre 2014]<\/h1>\n<p>&nbsp;<\/p>\n<p><!--more--><\/p>\n<p>&nbsp;<\/p>\n<p>&nbsp;<\/p>\n<p>&nbsp;<\/p>\n<p>&nbsp;<\/p>\n<p><a href=\"http:\/\/www.cinevox.be\/lagenda-sorties-films-belges\/trippel-trappel-albert-t-hooft-photo-420-1\/\" rel=\"attachment wp-att-64630\"><img loading=\"lazy\" decoding=\"async\" class=\"aligncenter size-full wp-image-64630\" src=\"http:\/\/www.cinevox.be\/wp-content\/uploads\/sites\/2\/2014\/10\/Trippel-Trappel-Albert-t-Hooft-photo-420-1.jpg\" alt=\"\" width=\"663\" height=\"373\" srcset=\"https:\/\/welovecinema.be\/wp-content\/uploads\/sites\/2\/2014\/10\/Trippel-Trappel-Albert-t-Hooft-photo-420-1.jpg 663w, https:\/\/welovecinema.be\/wp-content\/uploads\/sites\/2\/2014\/10\/Trippel-Trappel-Albert-t-Hooft-photo-420-1-200x113.jpg 200w, https:\/\/welovecinema.be\/wp-content\/uploads\/sites\/2\/2014\/10\/Trippel-Trappel-Albert-t-Hooft-photo-420-1-480x270.jpg 480w, https:\/\/welovecinema.be\/wp-content\/uploads\/sites\/2\/2014\/10\/Trippel-Trappel-Albert-t-Hooft-photo-420-1-300x169.jpg 300w, https:\/\/welovecinema.be\/wp-content\/uploads\/sites\/2\/2014\/10\/Trippel-Trappel-Albert-t-Hooft-photo-420-1-620x350.jpg 620w\" sizes=\"auto, (max-width: 663px) 100vw, 663px\" \/><\/a><\/p>\n<p>&nbsp;<\/p>\n<p>Vacances d\u2019automne obligent, l\u2019accent est mis sur les films tr\u00e8s grand public capables de toucher un public jeune.<br \/>\nEn t\u00eate de banc, bien s\u00fbr, <em>le Grimoire d\u2019Arkandias<\/em> et sa cohorte de com\u00e9diens belges (on y revient demain, dans notre agenda coprod) et\u00a0\u00a0<em>La Course aux cadeaux (Trippel Trappel <\/em>en V.O.), une anime pour les plus petits sorti fin octobre pour profiter du cong\u00e9. Un peu trop t\u00f4t?<\/p>\n<p>Les kids ont actuellement la t\u00eate pleine de citrouilles et St Nicolas n\u2019est pas encore tout \u00e0 fait d\u2019actualit\u00e9, contrairement \u00e0 ce que voudrait nous faire croire les commerces.<\/p>\n<p>Ce film d\u2019animation en 2D, un peu old fashioned, mais tr\u00e8s soign\u00e9, \u00a0raconte l\u2019odyss\u00e9e de trois amis qui partent \u00e0 la recherche du grand Saint barbu et d\u00e9bonnaire. Les protagonistes sont en fait trois animaux domestiques, un peu jaloux de voir que seuls les humains re\u00e7oivent des pr\u00e9sents.<\/p>\n<p>Produit en Belgique par Luna Blue et Vivi Film, le film qui a \u00e9t\u00e9 en partie r\u00e9alis\u00e9 chez les Li\u00e9geois de Digital Graphics devrait rester \u00e0 l\u2019affiche jusqu\u2019au d\u00e9but du mois de d\u00e9cembre pour vraiment concr\u00e9tiser son potentiel.<\/p>\n<p>VOIR <a href=\"http:\/\/www.cinevox.be\/course-aux-cadeaux-bande-annonce\">ICI<\/a><\/p>\n<p>&nbsp;<\/p>\n<p><a href=\"http:\/\/www.cinevox.be\/lagenda-sorties-films-belges\/tokyo_fiancee_04-2\/\" rel=\"attachment wp-att-64631\"><img loading=\"lazy\" decoding=\"async\" class=\"aligncenter size-large wp-image-64631\" src=\"http:\/\/www.cinevox.be\/wp-content\/uploads\/sites\/2\/2014\/10\/tokyo_fiancee_04-800x431.jpg\" alt=\"\" width=\"640\" height=\"344\" srcset=\"https:\/\/welovecinema.be\/wp-content\/uploads\/sites\/2\/2014\/10\/tokyo_fiancee_04-800x431.jpg 800w, https:\/\/welovecinema.be\/wp-content\/uploads\/sites\/2\/2014\/10\/tokyo_fiancee_04-480x258.jpg 480w\" sizes=\"auto, (max-width: 640px) 100vw, 640px\" \/><\/a><\/p>\n<p>&nbsp;<\/p>\n<p>D\u2019autres films sont toujours \u00e0 l\u2019affiche ici et l\u00e0, parfois de fa\u00e7on tr\u00e8s parcimonieuse : <em>Tokyo Fianc\u00e9e, Tokyo Anyway, Le Go\u00fbt des myrtilles, Yam Dam, The Loft, The Drop.<\/em><\/p>\n<p>Notre partenaire Cinenews vous dira tout sur les cin\u00e9mas qui les diffusent.<\/p>\n<p>&nbsp;<\/p>\n<p><a href=\"http:\/\/www.cinevox.be\/lagenda-sorties-films-belges\/maurice-luijten-is-sam-in-welpcub-jonas-govaertspotemkino-2014-3\/\" rel=\"attachment wp-att-64632\"><img loading=\"lazy\" decoding=\"async\" class=\"aligncenter size-large wp-image-64632\" src=\"http:\/\/www.cinevox.be\/wp-content\/uploads\/sites\/2\/2014\/10\/CUB_1_scope-thumb-2000x833-41306-800x333.jpg\" alt=\"\" width=\"640\" height=\"266\" srcset=\"https:\/\/welovecinema.be\/wp-content\/uploads\/sites\/2\/2014\/10\/CUB_1_scope-thumb-2000x833-41306-800x333.jpg 800w, https:\/\/welovecinema.be\/wp-content\/uploads\/sites\/2\/2014\/10\/CUB_1_scope-thumb-2000x833-41306-480x199.jpg 480w, https:\/\/welovecinema.be\/wp-content\/uploads\/sites\/2\/2014\/10\/CUB_1_scope-thumb-2000x833-41306.jpg 2000w\" sizes=\"auto, (max-width: 640px) 100vw, 640px\" \/><\/a><\/p>\n<p>&nbsp;<\/p>\n<p>Halloween oblige, nos \u00e9crans ont vu d\u00e9bouler ce mercredi un enfant sauvage et un Marauder qui hantent les for\u00eats wallonnes\u2026 et trucident des scouts (flamands, eux) dans <em>Welp (Cub<\/em> \u00e0 l\u2019international).<\/p>\n<p>Le premier grand film d\u2019horreur belge produit par Potemkino n\u2019a rien \u00e0 envier aux meilleurs sp\u00e9cimens anglo-saxons. Ludique et angoissant, c\u2019est un petit bijou d\u2019efficacit\u00e9 et d\u2019audace: pas de temps morts, des tonnes de r\u00e9f\u00e9rences aux classiques, de l\u2019humour, du suspense, d\u2019excellents acteurs, un sens de l\u2019image forte tr\u00e8s aiguis\u00e9 et un vrai jusqu\u2019au-boutisme tr\u00e8s belge: tout y est.<\/p>\n<p>Le prestigieux festival de Sitg\u00e8s ne s\u2019y est pas tromp\u00e9 en accordant son M\u00e9li\u00e8s d\u2019argent au film du jeune <strong>Jonas Govaerts<\/strong> lui-m\u00eame couronn\u00e9 par un prix du meilleur r\u00e9alisateur.<\/p>\n<p>LIRE <a href=\"http:\/\/www.cinevox.be\/welp-scout-jour-scout-pas-forcement-toujours\/\">ICI<\/a><\/p>\n<p>&nbsp;<\/p>\n<p><a href=\"http:\/\/www.cinevox.be\/lagenda-sorties-films-belges\/2014-10-07_15h15_26-2\/\" rel=\"attachment wp-att-64633\"><img loading=\"lazy\" decoding=\"async\" class=\"aligncenter size-large wp-image-64633\" src=\"http:\/\/www.cinevox.be\/wp-content\/uploads\/sites\/2\/2014\/10\/2014-10-07_15h15_261-800x346.jpg\" alt=\"\" width=\"640\" height=\"276\" srcset=\"https:\/\/welovecinema.be\/wp-content\/uploads\/sites\/2\/2014\/10\/2014-10-07_15h15_261-800x346.jpg 800w, https:\/\/welovecinema.be\/wp-content\/uploads\/sites\/2\/2014\/10\/2014-10-07_15h15_261-480x208.jpg 480w, https:\/\/welovecinema.be\/wp-content\/uploads\/sites\/2\/2014\/10\/2014-10-07_15h15_261.jpg 1860w\" sizes=\"auto, (max-width: 640px) 100vw, 640px\" \/><\/a><\/p>\n<p>&nbsp;<\/p>\n<p>C\u2019est \u00e0 Sitg\u00e8s aussi qu\u2019<em>Alleluia<\/em> a re\u00e7u son plus beau troph\u00e9e. En ouverture de cette manifestation qui cl\u00f4ture la saison des festivals fantastiques europ\u00e9ens (et inaugure la suivante), le cauchemar de <strong>Fabrice Du Welz<\/strong> a carr\u00e9ment \u00e9t\u00e9 distingu\u00e9 par le M\u00e9li\u00e8s d\u2019or du meilleur film europ\u00e9en de l\u2019ann\u00e9e.<\/p>\n<p>Tous les films ayant triomph\u00e9 pendant douze mois dans un des grands \u00e9v\u00e8nements continentaux (comme le BIFFF ou le festival de Gerardmer) \u00e9taient confront\u00e9s.<\/p>\n<p>Ce titre confirme la razzia r\u00e9alis\u00e9e au Filmfest d\u2019Austin, Texas o\u00f9 <em>Alleluia <\/em>(produit par Vincent Tavier pour Panique) a remport\u00e9 quatre des cinq r\u00e9compenses attribu\u00e9es aux meilleures \u0153uvres fantastiques (meilleurs film, r\u00e9al, actrice et acteur).<\/p>\n<p>Autant dire que tous ceux qui n\u2019ont pas peur de se faire secouer se rueront dans les salles le 12 novembre.<\/p>\n<p>LIRE <a href=\"http:\/\/www.cinevox.be\/alleluia-noir-cest-noir\/\">ICI<\/a><\/p>\n<p>&nbsp;<\/p>\n<p><a href=\"http:\/\/www.cinevox.be\/lagenda-sorties-films-belges\/2014-10-23_22h15_33-2\/\" rel=\"attachment wp-att-64634\"><img loading=\"lazy\" decoding=\"async\" class=\"aligncenter size-large wp-image-64634\" src=\"http:\/\/www.cinevox.be\/wp-content\/uploads\/sites\/2\/2014\/10\/2014-10-23_22h15_331-800x518.jpg\" alt=\"\" width=\"640\" height=\"414\" srcset=\"https:\/\/welovecinema.be\/wp-content\/uploads\/sites\/2\/2014\/10\/2014-10-23_22h15_331-800x518.jpg 800w, https:\/\/welovecinema.be\/wp-content\/uploads\/sites\/2\/2014\/10\/2014-10-23_22h15_331-416x270.jpg 416w, https:\/\/welovecinema.be\/wp-content\/uploads\/sites\/2\/2014\/10\/2014-10-23_22h15_331.jpg 825w\" sizes=\"auto, (max-width: 640px) 100vw, 640px\" \/><\/a><\/p>\n<p>&nbsp;<\/p>\n<p>Troisi\u00e8me chevalier de cette sainte trilogie tr\u00e8s noire qu\u2019on a d\u00e9couvert c\u00f4te \u00e0 c\u00f4te au festival de Toronto, <em>Waste Land <\/em>de <strong>Pieter Van Hees<\/strong> (une production CCCP avec Versus) nous plonge dans l\u2019esprit tortueux de L\u00e9o, un flic \u00e0 la d\u00e9rive. \u00a0Ce polar anthracite, tenu \u00e0 bout de bras par un J\u00e9r\u00e9mie Renier impressionnant se d\u00e9roule dans des recoins de Bruxelles plut\u00f4t anxiog\u00e8nes. Il m\u00eale le fran\u00e7ais et le flamand au gr\u00e9 des personnages et des conversations au c\u0153ur d\u2019un casting homog\u00e8ne fait de com\u00e9diens francophones et flamands parmi lesquels on note un excentrique Peter Van den Begin et un excellent Mourrade Zeguendi pour une prestation courte, mais fort convaincante. Sortie le 26 novembre.<\/p>\n<p>LIRE <a href=\"http:\/\/www.cinevox.be\/waste-land-bruxelles-noire\/\">ICI<\/a><\/p>\n<p>&nbsp;<\/p>\n<p><a href=\"http:\/\/www.cinevox.be\/lagenda-sorties-films-belges\/fu5a0952b-5\/\" rel=\"attachment wp-att-64635\"><img loading=\"lazy\" decoding=\"async\" class=\"aligncenter size-large wp-image-64635\" src=\"http:\/\/www.cinevox.be\/wp-content\/uploads\/sites\/2\/2014\/10\/FU5A0952b1-800x533.jpg\" alt=\"\" width=\"640\" height=\"426\" srcset=\"https:\/\/welovecinema.be\/wp-content\/uploads\/sites\/2\/2014\/10\/FU5A0952b1-800x533.jpg 800w, https:\/\/welovecinema.be\/wp-content\/uploads\/sites\/2\/2014\/10\/FU5A0952b1-404x270.jpg 404w, https:\/\/welovecinema.be\/wp-content\/uploads\/sites\/2\/2014\/10\/FU5A0952b1.jpg 1276w\" sizes=\"auto, (max-width: 640px) 100vw, 640px\" \/><\/a><\/p>\n<p>&nbsp;<\/p>\n<p>Le m\u00eame jour, on attend <em>Je suis \u00e0 toi<\/em> qui a r\u00e9ussi sa premi\u00e8re mondiale au 49<sup>e<\/sup> Festival de Karlovy Vary, o\u00f9 son acteur principal, l\u2019Argentin Nahuel Perez Biscayart d\u00e9crocha un prix d\u2019interpr\u00e9tation. Il incarne Lucas un jeune escort boy argentin qui d\u00e9barque en Belgique dans la boulangerie d\u2019Henry (\u00e9patant <strong>Jean-Michel Balthazar<\/strong>) et d\u00e9couvre que la vie chez nous n\u2019est pas forc\u00e9ment paradisiaque.<\/p>\n<p>Deuxi\u00e8me long m\u00e9trage de <strong>David Lambert<\/strong> apr\u00e8s <em>Hors les murs<\/em> (\u00e9galement produit par Frakas), <em>Je suis \u00e0 toi<\/em> est une histoire d\u2019amour triangulaire, pr\u00e9sent\u00e9e pour la premi\u00e8re fois en Belgique \u00e0 l\u2019occasion du Festival de Gand, sans rien ramener, h\u00e9las, de son voyage dans la cit\u00e9 des comtes.<\/p>\n<p>LIRE <a href=\"http:\/\/www.cinevox.be\/suis-toi-lhomme-du-boulanger\/\">ICI<\/a><\/p>\n<p>&nbsp;<\/p>\n<p><a href=\"http:\/\/www.cinevox.be\/lagenda-sorties-films-belges\/2014-09-19_11h51_44-2\/\" rel=\"attachment wp-att-64636\"><img loading=\"lazy\" decoding=\"async\" class=\"aligncenter size-large wp-image-64636\" src=\"http:\/\/www.cinevox.be\/wp-content\/uploads\/sites\/2\/2014\/10\/2014-09-19_11h51_44-800x330.jpg\" alt=\"\" width=\"640\" height=\"264\" srcset=\"https:\/\/welovecinema.be\/wp-content\/uploads\/sites\/2\/2014\/10\/2014-09-19_11h51_44-800x330.jpg 800w, https:\/\/welovecinema.be\/wp-content\/uploads\/sites\/2\/2014\/10\/2014-09-19_11h51_44-480x198.jpg 480w, https:\/\/welovecinema.be\/wp-content\/uploads\/sites\/2\/2014\/10\/2014-09-19_11h51_44.jpg 1095w\" sizes=\"auto, (max-width: 640px) 100vw, 640px\" \/><\/a><\/p>\n<p>&nbsp;<\/p>\n<p>Entre-temps, le 5 novembre, nous pourrons voir<em> Image<\/em> d\u2019Adil El Arbi et Billal Fallah. Les deux fous furieux qui, depuis lors ont d\u00e9j\u00e0 tourn\u00e9 <em>Black <\/em>(voir notre capsule du mois d\u2019octobre, ici), ont r\u00e9alis\u00e9 avec le budget d\u2019un (confortable) court m\u00e9trage un premier long d\u2019une incroyable intensit\u00e9 qui pose la question de la manipulation de l\u2019image d\u2019une communaut\u00e9 qu\u2019on peut facilement diaboliser en quelques minutes sans avoir l\u2019air d\u2019y toucher.<\/p>\n<p>Un exercice de style passionnant avec un final \u00e9bouriffant. Pas s\u00fbr que le film soit distribu\u00e9 au Sud de Bruxelles, mais on vous conseille quand m\u00eame de ne pas le louper.<\/p>\n<p>VOIR <a href=\"http:\/\/www.cinevox.be\/image-bande-annonce\">ICI<\/a><\/p>\n<p>&nbsp;<\/p>\n<p><a href=\"http:\/\/www.cinevox.be\/lagenda-sorties-films-belges\/10380719_596503097124225_1076666351206107138_o\/\" rel=\"attachment wp-att-64637\"><img loading=\"lazy\" decoding=\"async\" class=\"aligncenter size-large wp-image-64637\" src=\"http:\/\/www.cinevox.be\/wp-content\/uploads\/sites\/2\/2014\/10\/10380719_596503097124225_1076666351206107138_o-800x449.jpg\" alt=\"\" width=\"640\" height=\"359\" srcset=\"https:\/\/welovecinema.be\/wp-content\/uploads\/sites\/2\/2014\/10\/10380719_596503097124225_1076666351206107138_o-800x449.jpg 800w, https:\/\/welovecinema.be\/wp-content\/uploads\/sites\/2\/2014\/10\/10380719_596503097124225_1076666351206107138_o-200x113.jpg 200w, https:\/\/welovecinema.be\/wp-content\/uploads\/sites\/2\/2014\/10\/10380719_596503097124225_1076666351206107138_o-480x270.jpg 480w, https:\/\/welovecinema.be\/wp-content\/uploads\/sites\/2\/2014\/10\/10380719_596503097124225_1076666351206107138_o-300x169.jpg 300w, https:\/\/welovecinema.be\/wp-content\/uploads\/sites\/2\/2014\/10\/10380719_596503097124225_1076666351206107138_o.jpg 2048w\" sizes=\"auto, (max-width: 640px) 100vw, 640px\" \/><\/a><\/p>\n<p>&nbsp;<\/p>\n<p>De nombreux regards sont d\u2019ores et d\u00e9j\u00e0 tourn\u00e9s vers le 10 d\u00e9cembre, date \u00e0 laquelle nous arrivera <em>Braban\u00e7onne<\/em>. Comme <em>Waste Land,<\/em> il s\u2019agit d\u2019un exemple parfait de collaboration entre les deux communaut\u00e9s linguistiques principales du pays pour un film d\u2019autant plus marquant qu\u2019il est la premi\u00e8re com\u00e9die musicale jamais imagin\u00e9e en Belgique.<\/p>\n<p>On y suivra le combat acharn\u00e9 que se livrent deux harmonies. L\u2019une est flamande, l\u2019autre wallonne et toutes deux revendiquent un titre europ\u00e9en. Si l\u2019harmonie est dans les cuivres, elle ne r\u00e8gne pas entre les diff\u00e9rents protagonistes. Le climat va encore s\u2019envenimer quand le soliste wallon passe \u00e0 l\u2019ennemi.<\/p>\n<p>Histoires d\u2019amour, ranc\u0153urs, chansons populaires et\u2026 humour sont au programme de cette <em>Braban\u00e7onne<\/em>, orchestr\u00e9e par <strong>Vincent Bal<\/strong> qui devrait \u00eatre un \u00e9norme succ\u00e8s en Flandre, mais qu\u2019on esp\u00e8re voir aussi d\u00e9coller au Sud du Pays.<br \/>\nAvant-premi\u00e8res tapageuses, flash dans la capsule de novembre, interviews sur le site : Cinevox s\u2019associera \u00e0 cette sortie hors normes qui devrait surprendre.<\/p>\n<p>VOIR <a href=\"http:\/\/www.cinevox.be\/brabanconne-bande-annonce-2\">ICI<\/a><\/p>\n<p>&nbsp;<\/p>\n<p><a href=\"http:\/\/www.cinevox.be\/lagenda-sorties-films-belges\/2-11\/\" rel=\"attachment wp-att-64640\"><img loading=\"lazy\" decoding=\"async\" class=\"aligncenter size-full wp-image-64640\" src=\"http:\/\/www.cinevox.be\/wp-content\/uploads\/sites\/2\/2014\/10\/21.jpg\" alt=\"\" width=\"720\" height=\"280\" srcset=\"https:\/\/welovecinema.be\/wp-content\/uploads\/sites\/2\/2014\/10\/21.jpg 720w, https:\/\/welovecinema.be\/wp-content\/uploads\/sites\/2\/2014\/10\/21-480x186.jpg 480w\" sizes=\"auto, (max-width: 720px) 100vw, 720px\" \/><\/a><\/p>\n<p>&nbsp;<\/p>\n<p>Au c\u0153ur de ce tourbillon, les spectateurs flamands seront \u00e9galement all\u00e9ch\u00e9s par la sortie de <em>Violet<\/em> (ce 29 octobre) et de <em>Bowling Balls<\/em>, le 17 d\u00e9cembre, mais d\u00e9guster ces films au Sud du pays sera probablement assez gal\u00e8re. Guettez les programmes de notre partenaire Cin\u00e9news si vous \u00eates int\u00e9ress\u00e9s.<\/p>\n<p>&nbsp;<\/p>\n<p>Les autres longs m\u00e9trages belges d\u00e9j\u00e0 en bo\u00eete \u00e0 l\u2019heure qu\u2019il est nous parviendront plus tard : <em>Jacques a vu<\/em> pourrait nous \u00eatre servi frais en janvier, <em>Tous les chats sont gris (la nuit)<\/em>, l\u2019Ann\u00e9e Prochaine et sans doute Sauvez Wendy nous arriveront plut\u00f4t au printemps.<\/p>\n<p>Pour ce qui est des <em>Chevaliers Blancs<\/em> de <strong>Joachim Lafosse<\/strong>, de <em>Bee Lucky<\/em> de <strong>Philippe De Pierpont,<\/strong> <em>Hors cadre<\/em> de <strong>Guillaume Senez,<\/strong> <em>Un homme \u00e0 la mer<\/em> de <strong>G\u00e9raldine Doignon<\/strong>, <em>Seule comme une baignoire<\/em> de <strong>Rachel Lang <\/strong>ou de <em>Je suis mort, mais j\u2019ai des amis,<\/em> des fr\u00e8res<strong> Malandrin<\/strong> il faudra attendre l\u2019\u00e9ch\u00e9ance cannoise pour y voir plus clair.<\/p>\n<p>&nbsp;<\/p>\n<p>&nbsp;<\/p>\n<p><a href=\"http:\/\/www.cinevox.be\/lagenda-sorties-films-belges\/2014-07-03_16h46_09-6\/\" rel=\"attachment wp-att-64641\"><img loading=\"lazy\" decoding=\"async\" class=\"aligncenter size-large wp-image-64641\" src=\"http:\/\/www.cinevox.be\/wp-content\/uploads\/sites\/2\/2014\/10\/2014-07-03_16h46_091-800x400.jpg\" alt=\"\" width=\"640\" height=\"320\" srcset=\"https:\/\/welovecinema.be\/wp-content\/uploads\/sites\/2\/2014\/10\/2014-07-03_16h46_091-800x400.jpg 800w, https:\/\/welovecinema.be\/wp-content\/uploads\/sites\/2\/2014\/10\/2014-07-03_16h46_091-480x240.jpg 480w, https:\/\/welovecinema.be\/wp-content\/uploads\/sites\/2\/2014\/10\/2014-07-03_16h46_091.jpg 1000w\" sizes=\"auto, (max-width: 640px) 100vw, 640px\" \/><\/a><\/p>\n<p>&nbsp;<\/p>\n<p>Notons enfin que <em>Melody<\/em> de <strong>Bernard Bellefroid,<\/strong> doublement r\u00e9compens\u00e9 au FIFF namurois sortira le 8 mars\u2026 pour la journ\u00e9e de la femme. Un bel hommage \u00e0 ses deux formidables actrices conjointement distingu\u00e9es \u00e0 Montr\u00e9al lors du festival des films du monde en ao\u00fbt dernier.<\/p>\n<p>LIRE <a href=\"http:\/\/www.cinevox.be\/belle-melodie-du-prix-cinevox\/\">ICI<\/a><\/p>\n<p>&nbsp;<\/p>\n<p>Un mois plus tard, le 8 avril nous arrivera <em>Black<\/em> d\u2019<strong>Adil El Arbi<\/strong> et <strong>Billal Fallah<\/strong> tandis que <em>Belgica, <\/em>le nouvel opus du r\u00e9alisateur de <em>The Broken Circle Breakdown<\/em> est programm\u00e9 sur les \u00e9crans belges pour le 14 octobre 2015. \u00c7a sent l\u2019ouverture gantoise, \u00e7a\u2026<\/p>\n","protected":false},"excerpt":{"rendered":"<p>Quels sont les films \u00e0 l\u2019affiche? Quels sont les films annonc\u00e9s? Si vous voulez aller au \u00a0\u00a0ou planifier des sorties, voil\u00e0 bien des questions existentielles qui doivent trouver une r\u00e9ponse rapide. Voil\u00e0 pourquoi, Cinevox lance deux rendez-vous d\u00e9sormais hebdomadaires, des articles qui seront r\u00e9guli\u00e8rement mis \u00e0 jour au fur et \u00e0 mesure que de nouvelles &hellip;<\/p>\n","protected":false},"author":7,"featured_media":64644,"comment_status":"closed","ping_status":"closed","sticky":false,"template":"","format":"standard","meta":{"ngg_post_thumbnail":0,"footnotes":""},"categories":[53,7],"tags":[],"class_list":["post-64628","post","type-post","status-publish","format-standard","has-post-thumbnail","","category-coming-soon","category-actualites"],"yoast_head":"<!-- This site is optimized with the Yoast SEO plugin v20.4 - https:\/\/yoast.com\/wordpress\/plugins\/seo\/ -->\n<title>L\u2019agenda des sorties : films belges [30\/10] - We Love Cinema<\/title>\n<meta name=\"robots\" content=\"index, follow, max-snippet:-1, max-image-preview:large, max-video-preview:-1\" \/>\n<link rel=\"canonical\" href=\"https:\/\/welovecinema.be\/fr\/lagenda-sorties-films-belges\/\" \/>\n<meta property=\"og:locale\" content=\"fr_FR\" \/>\n<meta property=\"og:type\" content=\"article\" \/>\n<meta property=\"og:title\" content=\"L\u2019agenda des sorties : films belges [30\/10] - We Love Cinema\" \/>\n<meta property=\"og:description\" content=\"Quels sont les films \u00e0 l\u2019affiche? Quels sont les films annonc\u00e9s? Si vous voulez aller au \u00a0\u00a0ou planifier des sorties, voil\u00e0 bien des questions existentielles qui doivent trouver une r\u00e9ponse rapide. Voil\u00e0 pourquoi, Cinevox lance deux rendez-vous d\u00e9sormais hebdomadaires, des articles qui seront r\u00e9guli\u00e8rement mis \u00e0 jour au fur et \u00e0 mesure que de nouvelles &hellip;\" \/>\n<meta property=\"og:url\" content=\"https:\/\/welovecinema.be\/fr\/lagenda-sorties-films-belges\/\" \/>\n<meta property=\"og:site_name\" content=\"We Love Cinema\" \/>\n<meta property=\"article:publisher\" content=\"https:\/\/www.facebook.com\/welovecinema.be\" \/>\n<meta property=\"article:published_time\" content=\"2014-10-30T07:52:28+00:00\" \/>\n<meta property=\"article:modified_time\" content=\"2014-11-07T06:54:45+00:00\" \/>\n<meta property=\"og:image\" content=\"https:\/\/welovecinema.be\/wp-content\/uploads\/sites\/2\/2014\/10\/17291.comment-faire-une-citrouille-d-halloween-avec-une-pomme.w_1280.h_720.m_zoom.c_middle.ts_1335966838..jpg\" \/>\n\t<meta property=\"og:image:width\" content=\"1280\" \/>\n\t<meta property=\"og:image:height\" content=\"720\" \/>\n\t<meta property=\"og:image:type\" content=\"image\/jpeg\" \/>\n<meta name=\"author\" content=\"Philippe.Pierquin\" \/>\n<meta name=\"twitter:card\" content=\"summary_large_image\" \/>\n<meta name=\"twitter:label1\" content=\"\u00c9crit par\" \/>\n\t<meta name=\"twitter:data1\" content=\"Philippe.Pierquin\" \/>\n\t<meta name=\"twitter:label2\" content=\"Dur\u00e9e de lecture estim\u00e9e\" \/>\n\t<meta name=\"twitter:data2\" content=\"8 minutes\" \/>\n<script type=\"application\/ld+json\" class=\"yoast-schema-graph\">{\"@context\":\"https:\/\/schema.org\",\"@graph\":[{\"@type\":\"Article\",\"@id\":\"https:\/\/welovecinema.be\/fr\/lagenda-sorties-films-belges\/#article\",\"isPartOf\":{\"@id\":\"https:\/\/welovecinema.be\/fr\/lagenda-sorties-films-belges\/\"},\"author\":{\"name\":\"Philippe.Pierquin\",\"@id\":\"https:\/\/welovecinema.be\/nl\/#\/schema\/person\/4b9b1d857f0943453a38a7c2859ef756\"},\"headline\":\"L\u2019agenda des sorties : films belges [30\/10]\",\"datePublished\":\"2014-10-30T07:52:28+00:00\",\"dateModified\":\"2014-11-07T06:54:45+00:00\",\"mainEntityOfPage\":{\"@id\":\"https:\/\/welovecinema.be\/fr\/lagenda-sorties-films-belges\/\"},\"wordCount\":1508,\"publisher\":{\"@id\":\"https:\/\/welovecinema.be\/nl\/#organization\"},\"articleSection\":[\"Coming soon\",\"News\"],\"inLanguage\":\"fr-FR\"},{\"@type\":\"WebPage\",\"@id\":\"https:\/\/welovecinema.be\/fr\/lagenda-sorties-films-belges\/\",\"url\":\"https:\/\/welovecinema.be\/fr\/lagenda-sorties-films-belges\/\",\"name\":\"L\u2019agenda des sorties : films belges [30\/10] - We Love Cinema\",\"isPartOf\":{\"@id\":\"https:\/\/welovecinema.be\/nl\/#website\"},\"datePublished\":\"2014-10-30T07:52:28+00:00\",\"dateModified\":\"2014-11-07T06:54:45+00:00\",\"breadcrumb\":{\"@id\":\"https:\/\/welovecinema.be\/fr\/lagenda-sorties-films-belges\/#breadcrumb\"},\"inLanguage\":\"fr-FR\",\"potentialAction\":[{\"@type\":\"ReadAction\",\"target\":[\"https:\/\/welovecinema.be\/fr\/lagenda-sorties-films-belges\/\"]}]},{\"@type\":\"BreadcrumbList\",\"@id\":\"https:\/\/welovecinema.be\/fr\/lagenda-sorties-films-belges\/#breadcrumb\",\"itemListElement\":[{\"@type\":\"ListItem\",\"position\":1,\"name\":\"Accueil\",\"item\":\"https:\/\/welovecinema.be\/fr\/\"},{\"@type\":\"ListItem\",\"position\":2,\"name\":\"L\u2019agenda des sorties : films belges [30\/10]\"}]},{\"@type\":\"WebSite\",\"@id\":\"https:\/\/welovecinema.be\/nl\/#website\",\"url\":\"https:\/\/welovecinema.be\/nl\/\",\"name\":\"We Love Cinema\",\"description\":\"Toute l\u2019information du cin\u00e9ma en Belgique\",\"publisher\":{\"@id\":\"https:\/\/welovecinema.be\/nl\/#organization\"},\"potentialAction\":[{\"@type\":\"SearchAction\",\"target\":{\"@type\":\"EntryPoint\",\"urlTemplate\":\"https:\/\/welovecinema.be\/nl\/?s={search_term_string}\"},\"query-input\":\"required name=search_term_string\"}],\"inLanguage\":\"fr-FR\"},{\"@type\":\"Organization\",\"@id\":\"https:\/\/welovecinema.be\/nl\/#organization\",\"name\":\"We Love Cinema\",\"url\":\"https:\/\/welovecinema.be\/nl\/\",\"logo\":{\"@type\":\"ImageObject\",\"inLanguage\":\"fr-FR\",\"@id\":\"https:\/\/welovecinema.be\/nl\/#\/schema\/logo\/image\/\",\"url\":\"https:\/\/welovecinema.be\/wp-content\/uploads\/sites\/2\/2023\/03\/Logo-We-Love-Cinema305x128.jpg\",\"contentUrl\":\"https:\/\/welovecinema.be\/wp-content\/uploads\/sites\/2\/2023\/03\/Logo-We-Love-Cinema305x128.jpg\",\"width\":305,\"height\":128,\"caption\":\"We Love Cinema\"},\"image\":{\"@id\":\"https:\/\/welovecinema.be\/nl\/#\/schema\/logo\/image\/\"},\"sameAs\":[\"https:\/\/www.facebook.com\/welovecinema.be\",\"https:\/\/www.youtube.com\/channel\/UCX5LYGVhnKvYauW4Nta4HJA\",\"https:\/\/www.instagram.com\/welovecinema.be\/\"]},{\"@type\":\"Person\",\"@id\":\"https:\/\/welovecinema.be\/nl\/#\/schema\/person\/4b9b1d857f0943453a38a7c2859ef756\",\"name\":\"Philippe.Pierquin\",\"url\":\"https:\/\/welovecinema.be\/fr\/author\/philippe-pierquin\/\"}]}<\/script>\n<!-- \/ Yoast SEO plugin. -->","yoast_head_json":{"title":"L\u2019agenda des sorties : films belges [30\/10] - We Love Cinema","robots":{"index":"index","follow":"follow","max-snippet":"max-snippet:-1","max-image-preview":"max-image-preview:large","max-video-preview":"max-video-preview:-1"},"canonical":"https:\/\/welovecinema.be\/fr\/lagenda-sorties-films-belges\/","og_locale":"fr_FR","og_type":"article","og_title":"L\u2019agenda des sorties : films belges [30\/10] - We Love Cinema","og_description":"Quels sont les films \u00e0 l\u2019affiche? Quels sont les films annonc\u00e9s? Si vous voulez aller au \u00a0\u00a0ou planifier des sorties, voil\u00e0 bien des questions existentielles qui doivent trouver une r\u00e9ponse rapide. Voil\u00e0 pourquoi, Cinevox lance deux rendez-vous d\u00e9sormais hebdomadaires, des articles qui seront r\u00e9guli\u00e8rement mis \u00e0 jour au fur et \u00e0 mesure que de nouvelles &hellip;","og_url":"https:\/\/welovecinema.be\/fr\/lagenda-sorties-films-belges\/","og_site_name":"We Love Cinema","article_publisher":"https:\/\/www.facebook.com\/welovecinema.be","article_published_time":"2014-10-30T07:52:28+00:00","article_modified_time":"2014-11-07T06:54:45+00:00","og_image":[{"width":1280,"height":720,"url":"https:\/\/welovecinema.be\/wp-content\/uploads\/sites\/2\/2014\/10\/17291.comment-faire-une-citrouille-d-halloween-avec-une-pomme.w_1280.h_720.m_zoom.c_middle.ts_1335966838..jpg","type":"image\/jpeg"}],"author":"Philippe.Pierquin","twitter_card":"summary_large_image","twitter_misc":{"\u00c9crit par":"Philippe.Pierquin","Dur\u00e9e de lecture estim\u00e9e":"8 minutes"},"schema":{"@context":"https:\/\/schema.org","@graph":[{"@type":"Article","@id":"https:\/\/welovecinema.be\/fr\/lagenda-sorties-films-belges\/#article","isPartOf":{"@id":"https:\/\/welovecinema.be\/fr\/lagenda-sorties-films-belges\/"},"author":{"name":"Philippe.Pierquin","@id":"https:\/\/welovecinema.be\/nl\/#\/schema\/person\/4b9b1d857f0943453a38a7c2859ef756"},"headline":"L\u2019agenda des sorties : films belges [30\/10]","datePublished":"2014-10-30T07:52:28+00:00","dateModified":"2014-11-07T06:54:45+00:00","mainEntityOfPage":{"@id":"https:\/\/welovecinema.be\/fr\/lagenda-sorties-films-belges\/"},"wordCount":1508,"publisher":{"@id":"https:\/\/welovecinema.be\/nl\/#organization"},"articleSection":["Coming soon","News"],"inLanguage":"fr-FR"},{"@type":"WebPage","@id":"https:\/\/welovecinema.be\/fr\/lagenda-sorties-films-belges\/","url":"https:\/\/welovecinema.be\/fr\/lagenda-sorties-films-belges\/","name":"L\u2019agenda des sorties : films belges [30\/10] - We Love Cinema","isPartOf":{"@id":"https:\/\/welovecinema.be\/nl\/#website"},"datePublished":"2014-10-30T07:52:28+00:00","dateModified":"2014-11-07T06:54:45+00:00","breadcrumb":{"@id":"https:\/\/welovecinema.be\/fr\/lagenda-sorties-films-belges\/#breadcrumb"},"inLanguage":"fr-FR","potentialAction":[{"@type":"ReadAction","target":["https:\/\/welovecinema.be\/fr\/lagenda-sorties-films-belges\/"]}]},{"@type":"BreadcrumbList","@id":"https:\/\/welovecinema.be\/fr\/lagenda-sorties-films-belges\/#breadcrumb","itemListElement":[{"@type":"ListItem","position":1,"name":"Accueil","item":"https:\/\/welovecinema.be\/fr\/"},{"@type":"ListItem","position":2,"name":"L\u2019agenda des sorties : films belges [30\/10]"}]},{"@type":"WebSite","@id":"https:\/\/welovecinema.be\/nl\/#website","url":"https:\/\/welovecinema.be\/nl\/","name":"We Love Cinema","description":"Toute l\u2019information du cin\u00e9ma en Belgique","publisher":{"@id":"https:\/\/welovecinema.be\/nl\/#organization"},"potentialAction":[{"@type":"SearchAction","target":{"@type":"EntryPoint","urlTemplate":"https:\/\/welovecinema.be\/nl\/?s={search_term_string}"},"query-input":"required name=search_term_string"}],"inLanguage":"fr-FR"},{"@type":"Organization","@id":"https:\/\/welovecinema.be\/nl\/#organization","name":"We Love Cinema","url":"https:\/\/welovecinema.be\/nl\/","logo":{"@type":"ImageObject","inLanguage":"fr-FR","@id":"https:\/\/welovecinema.be\/nl\/#\/schema\/logo\/image\/","url":"https:\/\/welovecinema.be\/wp-content\/uploads\/sites\/2\/2023\/03\/Logo-We-Love-Cinema305x128.jpg","contentUrl":"https:\/\/welovecinema.be\/wp-content\/uploads\/sites\/2\/2023\/03\/Logo-We-Love-Cinema305x128.jpg","width":305,"height":128,"caption":"We Love Cinema"},"image":{"@id":"https:\/\/welovecinema.be\/nl\/#\/schema\/logo\/image\/"},"sameAs":["https:\/\/www.facebook.com\/welovecinema.be","https:\/\/www.youtube.com\/channel\/UCX5LYGVhnKvYauW4Nta4HJA","https:\/\/www.instagram.com\/welovecinema.be\/"]},{"@type":"Person","@id":"https:\/\/welovecinema.be\/nl\/#\/schema\/person\/4b9b1d857f0943453a38a7c2859ef756","name":"Philippe.Pierquin","url":"https:\/\/welovecinema.be\/fr\/author\/philippe-pierquin\/"}]}},"_links":{"self":[{"href":"https:\/\/welovecinema.be\/fr\/wp-json\/wp\/v2\/posts\/64628","targetHints":{"allow":["GET"]}}],"collection":[{"href":"https:\/\/welovecinema.be\/fr\/wp-json\/wp\/v2\/posts"}],"about":[{"href":"https:\/\/welovecinema.be\/fr\/wp-json\/wp\/v2\/types\/post"}],"author":[{"embeddable":true,"href":"https:\/\/welovecinema.be\/fr\/wp-json\/wp\/v2\/users\/7"}],"replies":[{"embeddable":true,"href":"https:\/\/welovecinema.be\/fr\/wp-json\/wp\/v2\/comments?post=64628"}],"version-history":[{"count":0,"href":"https:\/\/welovecinema.be\/fr\/wp-json\/wp\/v2\/posts\/64628\/revisions"}],"wp:featuredmedia":[{"embeddable":true,"href":"https:\/\/welovecinema.be\/fr\/wp-json\/wp\/v2\/media\/64644"}],"wp:attachment":[{"href":"https:\/\/welovecinema.be\/fr\/wp-json\/wp\/v2\/media?parent=64628"}],"wp:term":[{"taxonomy":"category","embeddable":true,"href":"https:\/\/welovecinema.be\/fr\/wp-json\/wp\/v2\/categories?post=64628"},{"taxonomy":"post_tag","embeddable":true,"href":"https:\/\/welovecinema.be\/fr\/wp-json\/wp\/v2\/tags?post=64628"}],"curies":[{"name":"wp","href":"https:\/\/api.w.org\/{rel}","templated":true}]}}