{"id":6434,"date":"2011-08-22T05:33:44","date_gmt":"2011-08-22T05:33:44","guid":{"rendered":"http:\/\/www.cinevox.be\/?p=6434"},"modified":"2012-01-19T10:30:36","modified_gmt":"2012-01-19T10:30:36","slug":"montreal-festival-des-films-du-monde-la-belgique-prend-laccint-quebekwais","status":"publish","type":"post","link":"https:\/\/welovecinema.be\/fr\/montreal-festival-des-films-du-monde-la-belgique-prend-laccint-quebekwais\/","title":{"rendered":"Montr\u00e9al : Festival des Films du Monde <br> La Belgique prend l&rsquo;accint&rsquo; qu\u00e9b\u00e9kwais"},"content":{"rendered":"<p>Le festival des Films du Monde de Montr\u00e9al a d\u00e9but\u00e9 jeudi 18 ao\u00fbt et se prolonge jusqu&rsquo;au 28. Il s&rsquo;agit d&rsquo;une manifestation tr\u00e8s en vue en Am\u00e9rique du Nord qui permet aux autochtones de d\u00e9couvrir des \u0153uvres mises en chantier dans les contr\u00e9es les plus diverses, ce qui n&rsquo;est pas forc\u00e9ment inscrit dans les g\u00e8nes nord-am\u00e9ricains. Depuis quelques ann\u00e9es, la manifestation a acquis un statut international envi\u00e9 et figurer \u00e0 son affiche est un must pris\u00e9 par les productions ind\u00e9pendantes. En Belgique, comme ailleurs.<!--more--><\/p>\n<p>&nbsp;<\/p>\n<p>Cette ann\u00e9e, 383 films seront mis \u00e0 l&rsquo;honneur l\u00e0-bas. 230 sont des longs m\u00e9trages. 70 pays diff\u00e9rents participent \u00e0 l&rsquo;\u00e9v\u00e9nement, mais tr\u00e8s peu d&rsquo;entre eux sont aussi bien repr\u00e9sent\u00e9s que la petite Belgique. Dans un pass\u00e9 r\u00e9cent, deux r\u00e9alisateurs flamands ont \u00a0remport\u00e9 la comp\u00e9tition officielle: <strong>Nic Balthazar<\/strong> avec son merveilleux <em>Ben X<\/em> et <strong>Hans Van Nuffel,<\/strong> l&rsquo;an dernier, pour <em>Adem <\/em>qui est un des deux immenses favoris des Vlaamse Film Prijzen bient\u00f4t d\u00e9cern\u00e9s \u00e0 Ostende.<\/p>\n<p>&nbsp;<\/p>\n<p style=\"text-align: right;\"><a rel=\"attachment wp-att-6439\" href=\"http:\/\/www.cinevox.be\/montreal-festival-des-films-du-monde-la-belgique-prend-laccint-quebekwais\/elle-pleure-pas-7-3\/\"><img loading=\"lazy\" decoding=\"async\" class=\"aligncenter size-full wp-image-6439\" title=\"elle pleure pas 7\" src=\"http:\/\/www.cinevox.be\/wp-content\/uploads\/sites\/2\/2011\/08\/elle-pleure-pas-7.jpg\" alt=\"\" width=\"1028\" height=\"558\" srcset=\"https:\/\/welovecinema.be\/wp-content\/uploads\/sites\/2\/2011\/08\/elle-pleure-pas-7.jpg 1028w, https:\/\/welovecinema.be\/wp-content\/uploads\/sites\/2\/2011\/08\/elle-pleure-pas-7-480x260.jpg 480w, https:\/\/welovecinema.be\/wp-content\/uploads\/sites\/2\/2011\/08\/elle-pleure-pas-7-800x434.jpg 800w\" sizes=\"auto, (max-width: 1028px) 100vw, 1028px\" \/><\/a><em>[Elle ne pleure pas, elle chante]<\/em><\/p>\n<p>&nbsp;<\/p>\n<p>Plusieurs films francophones ont \u00e9t\u00e9 s\u00e9lectionn\u00e9s pour ce voyage canadien. <strong>Philippe de Pierpont<\/strong>, tr\u00e8s enthousiaste \u00e0 l&rsquo;id\u00e9e de confronter son premier long m\u00e9trage de fiction \u00e0 un public qui en ignore tout, proposera <em>Elle ne pleure pas, elle chante,<\/em> quatre fois (22, 24, 25 et 26) au cin\u00e9ma Quartier Latin. Fid\u00e8les lecteurs de Cinevox, vous savez d\u00e9j\u00e0 pas mal de choses sur ce film dur, mais formidable. Pour rappel, vous pouvez lire une interview de Philippe de Pierpont (<a href=\"http:\/\/www.cinevox.be\/philippe-de-pierpont-premiere-mondiale-de-elle-ne-pleure-pas-elle-chante\/\">ici<\/a>), une pr\u00e9sentation du film (<a href=\"http:\/\/www.cinevox.be\/elle-ne-pleure-pas-elle-chante-on-en-frissonne-encore%E2%80%A6\/\">ici<\/a>) et un reportage sur la premi\u00e8re mondiale \u00e0 l&rsquo;Arenberg (<a href=\"http:\/\/www.cinevox.be\/elle-ne-pleure-pas-elle-chante-premiere-mondiale-a-larenberg\/\">ici<\/a>). La bande-annonce est visible sur notre site (<a href=\"http:\/\/www.cinevox.be\/videos\/elle-ne-pleure-pas-elle-chante-la-bande-annonce\/\">ici<\/a>) et nous reviendrons tr\u00e8s bient\u00f4t sur le film avec des extraits d&rsquo;une consistante interview que le tr\u00e8s sympathique r\u00e9alisateur nous a r\u00e9cemment accord\u00e9e, chez lui. Son drame intimiste et poignant participera \u00e0 la comp\u00e9tition qui r\u00e9unit une vingtaine de premi\u00e8res oeuvres, cat\u00e9gorie que le film a l&rsquo;occasion d&rsquo;int\u00e9grer puisque, malgr\u00e9 sa riche carri\u00e8re documentaire et ses courts m\u00e9trages, Philippe signe aujourd&rsquo;hui seulement son premier long m\u00e9trage de fiction.<\/p>\n<p>&nbsp;<\/p>\n<p style=\"text-align: right;\"><a rel=\"attachment wp-att-6440\" href=\"http:\/\/www.cinevox.be\/montreal-festival-des-films-du-monde-la-belgique-prend-laccint-quebekwais\/de-leur-vivant-1\/\"><img loading=\"lazy\" decoding=\"async\" class=\"aligncenter size-full wp-image-6440\" title=\"de leur vivant 1\" src=\"http:\/\/www.cinevox.be\/wp-content\/uploads\/sites\/2\/2011\/08\/de-leur-vivant-1.jpg\" alt=\"\" width=\"1024\" height=\"435\" srcset=\"https:\/\/welovecinema.be\/wp-content\/uploads\/sites\/2\/2011\/08\/de-leur-vivant-1.jpg 1024w, https:\/\/welovecinema.be\/wp-content\/uploads\/sites\/2\/2011\/08\/de-leur-vivant-1-480x203.jpg 480w, https:\/\/welovecinema.be\/wp-content\/uploads\/sites\/2\/2011\/08\/de-leur-vivant-1-800x339.jpg 800w\" sizes=\"auto, (max-width: 1024px) 100vw, 1024px\" \/><\/a><em>[De leur Vivant]<\/em><\/p>\n<p>&nbsp;<\/p>\n<p>Dans la m\u00eame section, un autre film wallon, dont nous ne vous avons pas encore parl\u00e9. <strong>G\u00e9raldine Doignon<\/strong> proposera l\u00e0-bas <em>De leur Vivant, <\/em>un film qu&rsquo;elle a r\u00e9alis\u00e9 avec tr\u00e8s peu de moyens, mais une passion hors du commun.<\/p>\n<p>Une b\u00e2tisse transform\u00e9e en h\u00f4tel, est le lieu d&rsquo;affrontement d&rsquo;un homme qui vient de perdre son \u00e9pouse et de ses trois enfants. Que va devenir le b\u00e2timent qu&rsquo;elle laisse en h\u00e9ritage et qui rappelle \u00e0 tous son tragique souvenir? L&rsquo;arriv\u00e9e d&rsquo;une jeune femme enceinte bouleversera la donne et attiser les sentiments. Film\u00e9 entre amis, ce premier long a tap\u00e9 dans l&rsquo;\u0153il des programmateurs.\u00a0 La belle histoire continue.<\/p>\n<p>&nbsp;<\/p>\n<p><a rel=\"attachment wp-att-6471\" href=\"http:\/\/www.cinevox.be\/montreal-festival-des-films-du-monde-la-belgique-prend-laccint-quebekwais\/f-u_patrick-chesnais-et-laurent-capelluto_-%c2%ae-ricardo-vaz-palma\/\"><img loading=\"lazy\" decoding=\"async\" class=\"aligncenter size-full wp-image-6471\" title=\"F U_Patrick Chesnais et Laurent Capelluto_-\u00ae Ricardo Vaz Palma\" src=\"http:\/\/www.cinevox.be\/wp-content\/uploads\/sites\/2\/2011\/08\/F-U_Patrick-Chesnais-et-Laurent-Capelluto_-\u00ae-Ricardo-Vaz-Palma.jpg\" alt=\"\" width=\"1000\" height=\"667\" srcset=\"https:\/\/welovecinema.be\/wp-content\/uploads\/sites\/2\/2011\/08\/F-U_Patrick-Chesnais-et-Laurent-Capelluto_-\u00ae-Ricardo-Vaz-Palma.jpg 1000w, https:\/\/welovecinema.be\/wp-content\/uploads\/sites\/2\/2011\/08\/F-U_Patrick-Chesnais-et-Laurent-Capelluto_-\u00ae-Ricardo-Vaz-Palma-404x270.jpg 404w, https:\/\/welovecinema.be\/wp-content\/uploads\/sites\/2\/2011\/08\/F-U_Patrick-Chesnais-et-Laurent-Capelluto_-\u00ae-Ricardo-Vaz-Palma-800x533.jpg 800w\" sizes=\"auto, (max-width: 1000px) 100vw, 1000px\" \/><\/a><\/p>\n<p style=\"text-align: right;\"><em>[Fils Unique]<\/em><\/p>\n<p>&nbsp;<\/p>\n<p><em>Entre Chien et Loup<\/em> accompagnera <em>Iota production<\/em> et <em>Helicotronic <\/em>(la structure qui a permis au r\u00eave de G\u00e9raldine Doignon de devenir r\u00e9alit\u00e9) dans ce p\u00e9riple outre-Atlantique avec <em>Fils Unique<\/em> de <strong>Miel Van Hoogenbemt<\/strong>. Le r\u00e9alisateur bruxellois, parfait bilingue, a connu le succ\u00e8s en Flandre avec <em>Man Zoek Vrouw<\/em> (Pas s\u00e9rieux, s&rsquo;abstenir) et tourn\u00e9 en Wallonie, un <em>Miss Montigny <\/em>d&rsquo;excellente m\u00e9moire avec une toute jeune <strong>Sophie Quinton <\/strong>qu&rsquo;il retrouve ici. Pour l&rsquo;\u00e9quipe du film, tendue comme un arc, il s&rsquo;agit d&rsquo;une premi\u00e8re mondiale : \u00ab\u00a0Dans moins qu&rsquo;une semaine je sais comment un &lsquo;vrai&rsquo; public (canadien, ouf pas encore Belgo\/Fran\u00e7ais) r\u00e9agit sur &lsquo;Fils Unique&rsquo;, je commence d\u00e9j\u00e0 \u00e0 trembler \u00e0 l&rsquo;id\u00e9e &#8230;.\u00a0\u00bb, explique Miel. Tu nous diras comment cela s&rsquo;est pass\u00e9, n&rsquo;est-ce pas?<\/p>\n<p>\u00c0 l&rsquo;affiche de <em>Fils Unique<\/em>, on croise avec un plaisir non dissimul\u00e9 le teigneux <strong>Patrick Chesnais<\/strong> et un <strong>Laurent Capelluto<\/strong> qui fait donc coup double puisqu&rsquo;il est aussi \u00e0 l&rsquo;affiche de <em>Elle ne pleure pas\u2026<\/em><\/p>\n<p>Le film est projet\u00e9 hors comp\u00e9tition dans la section \u00ab\u00a0films du monde\u00a0\u00bb, comme <em>O\u00f9 Va la Nuit de Martin Provost<\/em>, d\u00e9j\u00e0 sorti chez nous et dont nous vous avons parl\u00e9<a href=\"http:\/\/www.cinevox.be\/ou-va-la-nuit-yolande-moreau-femme-fatale\/\" target=\"_blank\"> ICI<\/a> (bande annonce \u00e0 d\u00e9couvrir <a href=\"http:\/\/www.cinevox.be\/videos\/ou-va-la-nuit\/\">ici<\/a>)<\/p>\n<p>&nbsp;<\/p>\n<p><a rel=\"attachment wp-att-6442\" href=\"http:\/\/www.cinevox.be\/montreal-festival-des-films-du-monde-la-belgique-prend-laccint-quebekwais\/hasta-la-vista-2\/\"><img loading=\"lazy\" decoding=\"async\" class=\"aligncenter size-full wp-image-6442\" title=\"Hasta-la-vista\" src=\"http:\/\/www.cinevox.be\/wp-content\/uploads\/sites\/2\/2011\/08\/Hasta-la-vista.jpg\" alt=\"\" width=\"800\" height=\"547\" srcset=\"https:\/\/welovecinema.be\/wp-content\/uploads\/sites\/2\/2011\/08\/Hasta-la-vista.jpg 800w, https:\/\/welovecinema.be\/wp-content\/uploads\/sites\/2\/2011\/08\/Hasta-la-vista-394x270.jpg 394w\" sizes=\"auto, (max-width: 800px) 100vw, 800px\" \/><\/a><\/p>\n<p style=\"text-align: right;\"><em>[Hasta La Vista]<\/em><\/p>\n<p>&nbsp;<\/p>\n<p>La d\u00e9l\u00e9gation flamande est emmen\u00e9e par <strong>Geoffrey Enthoven<\/strong> avec <em>Hasta La Vista<\/em> qui sera par ailleurs l&rsquo;\u00e9v\u00e9nement du festival d&rsquo;Ostende et sans (aucun) doute un des immenses succ\u00e8s populaires de cette fin d&rsquo;ann\u00e9e 2011 au Nord du pays. Projet\u00e9 ce week-end, <em>Hasta la Vista<\/em> a \u00e9t\u00e9\u00a0accueil\u00a0par une incroyable standing ovation, preuve que le r\u00e9alisateur et ses\u00a0formidables\u00a0acteurs touchent \u00e0 l&rsquo;universel avec ce film hors norme. <em>The (Montreal) Gazette<\/em>, quotidien anglophone, lui a d&rsquo;ailleurs octroy\u00e9 la note maximale de 4 \u00e9toiles et note que le week-end a \u00e9t\u00e9 marqu\u00e9 par un buzz \u00ab\u00a0<a href=\"http:\/\/www.montrealgazette.com\/perfect+place+break+down+cultural+borders\/5287125\/story.html\" target=\"_blank\">autour d&rsquo;un film flamand\u00a0\u00bb<\/a>. \u00a0\u00a0<strong>Bavo Defurme<\/strong> participe, pour sa part, \u00e0 la comp\u00e9tition du meilleur premier film avec <em>Noordzee, Texas<\/em>.<\/p>\n<p>&nbsp;<\/p>\n<p style=\"text-align: right;\"><a rel=\"attachment wp-att-6443\" href=\"http:\/\/www.cinevox.be\/montreal-festival-des-films-du-monde-la-belgique-prend-laccint-quebekwais\/fancy-fair-court\/\"><img loading=\"lazy\" decoding=\"async\" class=\"aligncenter size-full wp-image-6443\" title=\"fancy fair court\" src=\"http:\/\/www.cinevox.be\/wp-content\/uploads\/sites\/2\/2011\/08\/fancy-fair-court.jpeg\" alt=\"\" width=\"2896\" height=\"1944\" srcset=\"https:\/\/welovecinema.be\/wp-content\/uploads\/sites\/2\/2011\/08\/fancy-fair-court.jpeg 2896w, https:\/\/welovecinema.be\/wp-content\/uploads\/sites\/2\/2011\/08\/fancy-fair-court-402x270.jpg 402w, https:\/\/welovecinema.be\/wp-content\/uploads\/sites\/2\/2011\/08\/fancy-fair-court-800x537.jpg 800w\" sizes=\"auto, (max-width: 2896px) 100vw, 2896px\" \/><\/a><em>[Fancy-Fair]<\/em><\/p>\n<p>&nbsp;<\/p>\n<p>Six courts m\u00e9trages belges sont \u00e9galement s\u00e9lectionn\u00e9s : <a href=\"http:\/\/www.eklektik.be\/page\/root\/Fictions\/Courts-metrages\/8\/FancyFair.html\">Fancy-Fair<\/a> de <strong>Christophe Hermans,<\/strong> <a href=\"http:\/\/www.imdb.fr\/title\/tt1843133\/\">Dernier Rappel<\/a> de <strong>Mireille Verboomen<\/strong>, <a href=\"http:\/\/www.cinevox.be\/nl\/videos\/badpakje-46\/\">Badpakje 46<\/a>, prim\u00e9 \u00e0 Cannes, de <strong>Wannes Destoop<\/strong>, <a href=\"http:\/\/www.flandersimage.com\/browse-films\/detail\/dancing-with-travolta\">Dancing with Travolta<\/a> de <strong>Lenny Van Wesemael<\/strong>, <a href=\"http:\/\/www.flandersimage.com\/browse-films\/detail\/bento-monogatari-lunchbox-story\">Lunchbox Story<\/a> de <strong>Pieter Dirkx<\/strong> et <a href=\"http:\/\/www.flandersimage.com\/browse-films\/detail\/extraordinary-life-of-rocky\">The Extraordinary Life of Rocky<\/a> de <strong>Kevin Meul<\/strong>.<\/p>\n<p>Apr\u00e8s dix jours de ce r\u00e9gime, la colonie belge risque bien de revenir avec l&rsquo;accint de Marc Andr\u00e9 Grondin ou de Michel C\u00f4t\u00e9. Et quelques prix&#8230;<\/p>\n<p>&nbsp;<\/p>\n","protected":false},"excerpt":{"rendered":"<p>Le festival des Films du Monde de Montr\u00e9al a d\u00e9but\u00e9 jeudi 18 ao\u00fbt et se prolonge jusqu&rsquo;au 28. Il s&rsquo;agit d&rsquo;une manifestation tr\u00e8s en vue en Am\u00e9rique du Nord qui permet aux autochtones de d\u00e9couvrir des \u0153uvres mises en chantier dans les contr\u00e9es les plus diverses, ce qui n&rsquo;est pas forc\u00e9ment inscrit dans les g\u00e8nes &hellip;<\/p>\n","protected":false},"author":7,"featured_media":6438,"comment_status":"closed","ping_status":"closed","sticky":false,"template":"","format":"standard","meta":{"ngg_post_thumbnail":0,"footnotes":""},"categories":[12,7],"tags":[],"class_list":["post-6434","post","type-post","status-publish","format-standard","has-post-thumbnail","","category-awards","category-actualites"],"yoast_head":"<!-- This site is optimized with the Yoast SEO plugin v20.4 - https:\/\/yoast.com\/wordpress\/plugins\/seo\/ -->\n<title>Montr\u00e9al : Festival des Films du Monde  La Belgique prend l&#039;accint&#039; qu\u00e9b\u00e9kwais - We Love Cinema<\/title>\n<meta name=\"robots\" content=\"index, follow, max-snippet:-1, max-image-preview:large, max-video-preview:-1\" \/>\n<link rel=\"canonical\" href=\"https:\/\/welovecinema.be\/fr\/montreal-festival-des-films-du-monde-la-belgique-prend-laccint-quebekwais\/\" \/>\n<meta property=\"og:locale\" content=\"fr_FR\" \/>\n<meta property=\"og:type\" content=\"article\" \/>\n<meta property=\"og:title\" content=\"Montr\u00e9al : Festival des Films du Monde  La Belgique prend l&#039;accint&#039; qu\u00e9b\u00e9kwais - We Love Cinema\" \/>\n<meta property=\"og:description\" content=\"Le festival des Films du Monde de Montr\u00e9al a d\u00e9but\u00e9 jeudi 18 ao\u00fbt et se prolonge jusqu&rsquo;au 28. Il s&rsquo;agit d&rsquo;une manifestation tr\u00e8s en vue en Am\u00e9rique du Nord qui permet aux autochtones de d\u00e9couvrir des \u0153uvres mises en chantier dans les contr\u00e9es les plus diverses, ce qui n&rsquo;est pas forc\u00e9ment inscrit dans les g\u00e8nes &hellip;\" \/>\n<meta property=\"og:url\" content=\"https:\/\/welovecinema.be\/fr\/montreal-festival-des-films-du-monde-la-belgique-prend-laccint-quebekwais\/\" \/>\n<meta property=\"og:site_name\" content=\"We Love Cinema\" \/>\n<meta property=\"article:publisher\" content=\"https:\/\/www.facebook.com\/welovecinema.be\" \/>\n<meta property=\"article:published_time\" content=\"2011-08-22T05:33:44+00:00\" \/>\n<meta property=\"article:modified_time\" content=\"2012-01-19T10:30:36+00:00\" \/>\n<meta property=\"og:image\" content=\"https:\/\/welovecinema.be\/wp-content\/uploads\/sites\/2\/2011\/08\/ffm2.jpg\" \/>\n\t<meta property=\"og:image:width\" content=\"302\" \/>\n\t<meta property=\"og:image:height\" content=\"214\" \/>\n\t<meta property=\"og:image:type\" content=\"image\/jpeg\" \/>\n<meta name=\"author\" content=\"Philippe.Pierquin\" \/>\n<meta name=\"twitter:card\" content=\"summary_large_image\" \/>\n<meta name=\"twitter:label1\" content=\"\u00c9crit par\" \/>\n\t<meta name=\"twitter:data1\" content=\"Philippe.Pierquin\" \/>\n\t<meta name=\"twitter:label2\" content=\"Dur\u00e9e de lecture estim\u00e9e\" \/>\n\t<meta name=\"twitter:data2\" content=\"5 minutes\" \/>\n<script type=\"application\/ld+json\" class=\"yoast-schema-graph\">{\"@context\":\"https:\/\/schema.org\",\"@graph\":[{\"@type\":\"Article\",\"@id\":\"https:\/\/welovecinema.be\/fr\/montreal-festival-des-films-du-monde-la-belgique-prend-laccint-quebekwais\/#article\",\"isPartOf\":{\"@id\":\"https:\/\/welovecinema.be\/fr\/montreal-festival-des-films-du-monde-la-belgique-prend-laccint-quebekwais\/\"},\"author\":{\"name\":\"Philippe.Pierquin\",\"@id\":\"https:\/\/welovecinema.be\/nl\/#\/schema\/person\/4b9b1d857f0943453a38a7c2859ef756\"},\"headline\":\"Montr\u00e9al : Festival des Films du Monde La Belgique prend l&rsquo;accint&rsquo; qu\u00e9b\u00e9kwais\",\"datePublished\":\"2011-08-22T05:33:44+00:00\",\"dateModified\":\"2012-01-19T10:30:36+00:00\",\"mainEntityOfPage\":{\"@id\":\"https:\/\/welovecinema.be\/fr\/montreal-festival-des-films-du-monde-la-belgique-prend-laccint-quebekwais\/\"},\"wordCount\":956,\"publisher\":{\"@id\":\"https:\/\/welovecinema.be\/nl\/#organization\"},\"articleSection\":[\"Evenements\",\"News\"],\"inLanguage\":\"fr-FR\"},{\"@type\":\"WebPage\",\"@id\":\"https:\/\/welovecinema.be\/fr\/montreal-festival-des-films-du-monde-la-belgique-prend-laccint-quebekwais\/\",\"url\":\"https:\/\/welovecinema.be\/fr\/montreal-festival-des-films-du-monde-la-belgique-prend-laccint-quebekwais\/\",\"name\":\"Montr\u00e9al : Festival des Films du Monde La Belgique prend l'accint' qu\u00e9b\u00e9kwais - We Love Cinema\",\"isPartOf\":{\"@id\":\"https:\/\/welovecinema.be\/nl\/#website\"},\"datePublished\":\"2011-08-22T05:33:44+00:00\",\"dateModified\":\"2012-01-19T10:30:36+00:00\",\"breadcrumb\":{\"@id\":\"https:\/\/welovecinema.be\/fr\/montreal-festival-des-films-du-monde-la-belgique-prend-laccint-quebekwais\/#breadcrumb\"},\"inLanguage\":\"fr-FR\",\"potentialAction\":[{\"@type\":\"ReadAction\",\"target\":[\"https:\/\/welovecinema.be\/fr\/montreal-festival-des-films-du-monde-la-belgique-prend-laccint-quebekwais\/\"]}]},{\"@type\":\"BreadcrumbList\",\"@id\":\"https:\/\/welovecinema.be\/fr\/montreal-festival-des-films-du-monde-la-belgique-prend-laccint-quebekwais\/#breadcrumb\",\"itemListElement\":[{\"@type\":\"ListItem\",\"position\":1,\"name\":\"Accueil\",\"item\":\"https:\/\/welovecinema.be\/fr\/\"},{\"@type\":\"ListItem\",\"position\":2,\"name\":\"Montr\u00e9al : Festival des Films du Monde La Belgique prend l&rsquo;accint&rsquo; qu\u00e9b\u00e9kwais\"}]},{\"@type\":\"WebSite\",\"@id\":\"https:\/\/welovecinema.be\/nl\/#website\",\"url\":\"https:\/\/welovecinema.be\/nl\/\",\"name\":\"We Love Cinema\",\"description\":\"Toute l\u2019information du cin\u00e9ma en Belgique\",\"publisher\":{\"@id\":\"https:\/\/welovecinema.be\/nl\/#organization\"},\"potentialAction\":[{\"@type\":\"SearchAction\",\"target\":{\"@type\":\"EntryPoint\",\"urlTemplate\":\"https:\/\/welovecinema.be\/nl\/?s={search_term_string}\"},\"query-input\":\"required name=search_term_string\"}],\"inLanguage\":\"fr-FR\"},{\"@type\":\"Organization\",\"@id\":\"https:\/\/welovecinema.be\/nl\/#organization\",\"name\":\"We Love Cinema\",\"url\":\"https:\/\/welovecinema.be\/nl\/\",\"logo\":{\"@type\":\"ImageObject\",\"inLanguage\":\"fr-FR\",\"@id\":\"https:\/\/welovecinema.be\/nl\/#\/schema\/logo\/image\/\",\"url\":\"https:\/\/welovecinema.be\/wp-content\/uploads\/sites\/2\/2023\/03\/Logo-We-Love-Cinema305x128.jpg\",\"contentUrl\":\"https:\/\/welovecinema.be\/wp-content\/uploads\/sites\/2\/2023\/03\/Logo-We-Love-Cinema305x128.jpg\",\"width\":305,\"height\":128,\"caption\":\"We Love Cinema\"},\"image\":{\"@id\":\"https:\/\/welovecinema.be\/nl\/#\/schema\/logo\/image\/\"},\"sameAs\":[\"https:\/\/www.facebook.com\/welovecinema.be\",\"https:\/\/www.youtube.com\/channel\/UCX5LYGVhnKvYauW4Nta4HJA\",\"https:\/\/www.instagram.com\/welovecinema.be\/\"]},{\"@type\":\"Person\",\"@id\":\"https:\/\/welovecinema.be\/nl\/#\/schema\/person\/4b9b1d857f0943453a38a7c2859ef756\",\"name\":\"Philippe.Pierquin\",\"url\":\"https:\/\/welovecinema.be\/fr\/author\/philippe-pierquin\/\"}]}<\/script>\n<!-- \/ Yoast SEO plugin. -->","yoast_head_json":{"title":"Montr\u00e9al : Festival des Films du Monde  La Belgique prend l'accint' qu\u00e9b\u00e9kwais - We Love Cinema","robots":{"index":"index","follow":"follow","max-snippet":"max-snippet:-1","max-image-preview":"max-image-preview:large","max-video-preview":"max-video-preview:-1"},"canonical":"https:\/\/welovecinema.be\/fr\/montreal-festival-des-films-du-monde-la-belgique-prend-laccint-quebekwais\/","og_locale":"fr_FR","og_type":"article","og_title":"Montr\u00e9al : Festival des Films du Monde  La Belgique prend l'accint' qu\u00e9b\u00e9kwais - We Love Cinema","og_description":"Le festival des Films du Monde de Montr\u00e9al a d\u00e9but\u00e9 jeudi 18 ao\u00fbt et se prolonge jusqu&rsquo;au 28. Il s&rsquo;agit d&rsquo;une manifestation tr\u00e8s en vue en Am\u00e9rique du Nord qui permet aux autochtones de d\u00e9couvrir des \u0153uvres mises en chantier dans les contr\u00e9es les plus diverses, ce qui n&rsquo;est pas forc\u00e9ment inscrit dans les g\u00e8nes &hellip;","og_url":"https:\/\/welovecinema.be\/fr\/montreal-festival-des-films-du-monde-la-belgique-prend-laccint-quebekwais\/","og_site_name":"We Love Cinema","article_publisher":"https:\/\/www.facebook.com\/welovecinema.be","article_published_time":"2011-08-22T05:33:44+00:00","article_modified_time":"2012-01-19T10:30:36+00:00","og_image":[{"width":"302","height":"214","url":"https:\/\/welovecinema.be\/wp-content\/uploads\/sites\/2\/2011\/08\/ffm2.jpg","type":"image\/jpeg"}],"author":"Philippe.Pierquin","twitter_card":"summary_large_image","twitter_misc":{"\u00c9crit par":"Philippe.Pierquin","Dur\u00e9e de lecture estim\u00e9e":"5 minutes"},"schema":{"@context":"https:\/\/schema.org","@graph":[{"@type":"Article","@id":"https:\/\/welovecinema.be\/fr\/montreal-festival-des-films-du-monde-la-belgique-prend-laccint-quebekwais\/#article","isPartOf":{"@id":"https:\/\/welovecinema.be\/fr\/montreal-festival-des-films-du-monde-la-belgique-prend-laccint-quebekwais\/"},"author":{"name":"Philippe.Pierquin","@id":"https:\/\/welovecinema.be\/nl\/#\/schema\/person\/4b9b1d857f0943453a38a7c2859ef756"},"headline":"Montr\u00e9al : Festival des Films du Monde La Belgique prend l&rsquo;accint&rsquo; qu\u00e9b\u00e9kwais","datePublished":"2011-08-22T05:33:44+00:00","dateModified":"2012-01-19T10:30:36+00:00","mainEntityOfPage":{"@id":"https:\/\/welovecinema.be\/fr\/montreal-festival-des-films-du-monde-la-belgique-prend-laccint-quebekwais\/"},"wordCount":956,"publisher":{"@id":"https:\/\/welovecinema.be\/nl\/#organization"},"articleSection":["Evenements","News"],"inLanguage":"fr-FR"},{"@type":"WebPage","@id":"https:\/\/welovecinema.be\/fr\/montreal-festival-des-films-du-monde-la-belgique-prend-laccint-quebekwais\/","url":"https:\/\/welovecinema.be\/fr\/montreal-festival-des-films-du-monde-la-belgique-prend-laccint-quebekwais\/","name":"Montr\u00e9al : Festival des Films du Monde La Belgique prend l'accint' qu\u00e9b\u00e9kwais - We Love Cinema","isPartOf":{"@id":"https:\/\/welovecinema.be\/nl\/#website"},"datePublished":"2011-08-22T05:33:44+00:00","dateModified":"2012-01-19T10:30:36+00:00","breadcrumb":{"@id":"https:\/\/welovecinema.be\/fr\/montreal-festival-des-films-du-monde-la-belgique-prend-laccint-quebekwais\/#breadcrumb"},"inLanguage":"fr-FR","potentialAction":[{"@type":"ReadAction","target":["https:\/\/welovecinema.be\/fr\/montreal-festival-des-films-du-monde-la-belgique-prend-laccint-quebekwais\/"]}]},{"@type":"BreadcrumbList","@id":"https:\/\/welovecinema.be\/fr\/montreal-festival-des-films-du-monde-la-belgique-prend-laccint-quebekwais\/#breadcrumb","itemListElement":[{"@type":"ListItem","position":1,"name":"Accueil","item":"https:\/\/welovecinema.be\/fr\/"},{"@type":"ListItem","position":2,"name":"Montr\u00e9al : Festival des Films du Monde La Belgique prend l&rsquo;accint&rsquo; qu\u00e9b\u00e9kwais"}]},{"@type":"WebSite","@id":"https:\/\/welovecinema.be\/nl\/#website","url":"https:\/\/welovecinema.be\/nl\/","name":"We Love Cinema","description":"Toute l\u2019information du cin\u00e9ma en Belgique","publisher":{"@id":"https:\/\/welovecinema.be\/nl\/#organization"},"potentialAction":[{"@type":"SearchAction","target":{"@type":"EntryPoint","urlTemplate":"https:\/\/welovecinema.be\/nl\/?s={search_term_string}"},"query-input":"required name=search_term_string"}],"inLanguage":"fr-FR"},{"@type":"Organization","@id":"https:\/\/welovecinema.be\/nl\/#organization","name":"We Love Cinema","url":"https:\/\/welovecinema.be\/nl\/","logo":{"@type":"ImageObject","inLanguage":"fr-FR","@id":"https:\/\/welovecinema.be\/nl\/#\/schema\/logo\/image\/","url":"https:\/\/welovecinema.be\/wp-content\/uploads\/sites\/2\/2023\/03\/Logo-We-Love-Cinema305x128.jpg","contentUrl":"https:\/\/welovecinema.be\/wp-content\/uploads\/sites\/2\/2023\/03\/Logo-We-Love-Cinema305x128.jpg","width":305,"height":128,"caption":"We Love Cinema"},"image":{"@id":"https:\/\/welovecinema.be\/nl\/#\/schema\/logo\/image\/"},"sameAs":["https:\/\/www.facebook.com\/welovecinema.be","https:\/\/www.youtube.com\/channel\/UCX5LYGVhnKvYauW4Nta4HJA","https:\/\/www.instagram.com\/welovecinema.be\/"]},{"@type":"Person","@id":"https:\/\/welovecinema.be\/nl\/#\/schema\/person\/4b9b1d857f0943453a38a7c2859ef756","name":"Philippe.Pierquin","url":"https:\/\/welovecinema.be\/fr\/author\/philippe-pierquin\/"}]}},"_links":{"self":[{"href":"https:\/\/welovecinema.be\/fr\/wp-json\/wp\/v2\/posts\/6434","targetHints":{"allow":["GET"]}}],"collection":[{"href":"https:\/\/welovecinema.be\/fr\/wp-json\/wp\/v2\/posts"}],"about":[{"href":"https:\/\/welovecinema.be\/fr\/wp-json\/wp\/v2\/types\/post"}],"author":[{"embeddable":true,"href":"https:\/\/welovecinema.be\/fr\/wp-json\/wp\/v2\/users\/7"}],"replies":[{"embeddable":true,"href":"https:\/\/welovecinema.be\/fr\/wp-json\/wp\/v2\/comments?post=6434"}],"version-history":[{"count":0,"href":"https:\/\/welovecinema.be\/fr\/wp-json\/wp\/v2\/posts\/6434\/revisions"}],"wp:featuredmedia":[{"embeddable":true,"href":"https:\/\/welovecinema.be\/fr\/wp-json\/wp\/v2\/media\/6438"}],"wp:attachment":[{"href":"https:\/\/welovecinema.be\/fr\/wp-json\/wp\/v2\/media?parent=6434"}],"wp:term":[{"taxonomy":"category","embeddable":true,"href":"https:\/\/welovecinema.be\/fr\/wp-json\/wp\/v2\/categories?post=6434"},{"taxonomy":"post_tag","embeddable":true,"href":"https:\/\/welovecinema.be\/fr\/wp-json\/wp\/v2\/tags?post=6434"}],"curies":[{"name":"wp","href":"https:\/\/api.w.org\/{rel}","templated":true}]}}