{"id":64215,"date":"2015-12-26T08:54:05","date_gmt":"2015-12-26T07:54:05","guid":{"rendered":"http:\/\/www.cinevox.be\/?p=64215"},"modified":"2017-05-16T19:49:52","modified_gmt":"2017-05-16T17:49:52","slug":"waste-land-bruxelles-noire","status":"publish","type":"post","link":"https:\/\/welovecinema.be\/fr\/waste-land-bruxelles-noire\/","title":{"rendered":"Waste Land : Bruxelles, la noire."},"content":{"rendered":"<p>Le monde est en ruines. \u00c0 quoi bon, au c\u0153ur de ce cauchemar, vouloir encore donner la vie ?<\/p>\n<p>\u00c0 quoi bon aspirer \u00e0 devenir p\u00e8re quand on a soi-m\u00eame connu une exp\u00e9rience familiale d\u00e9sastreuse? <!--more--><br \/>\nL\u00e9o, policier impliqu\u00e9, \u00e9poux trop absent, ne voit plus son g\u00e9niteur que de fa\u00e7on sporadique, quand il s\u2019oblige \u00e0 aller lui rendre visite dans la maison de sant\u00e9 o\u00f9 il finit ses jours. L\u00e0, devant cet homme dur et autoritaire, il redevient soudain un enfant terroris\u00e9.<\/p>\n<p>\u00ab\u00a0C\u2019est moi qui d\u00e9cide quand tu pars\u00a0\u00bb lui lance son paternel alors qu\u2019il fait mine de se lever.<\/p>\n<p>Et L\u00e9o de se rasseoir, l\u2019air d\u00e9confit.<\/p>\n<p>&nbsp;<\/p>\n<p><a href=\"http:\/\/www.cinevox.be\/waste-land-bruxelles-noire\/2014-10-23_22h15_33\/\" rel=\"attachment wp-att-64386\"><img loading=\"lazy\" decoding=\"async\" class=\"aligncenter size-large wp-image-64386\" src=\"http:\/\/www.cinevox.be\/wp-content\/uploads\/sites\/2\/2014\/10\/2014-10-23_22h15_33-800x518.jpg\" alt=\"\" width=\"640\" height=\"414\" srcset=\"https:\/\/welovecinema.be\/wp-content\/uploads\/sites\/2\/2014\/10\/2014-10-23_22h15_33-800x518.jpg 800w, https:\/\/welovecinema.be\/wp-content\/uploads\/sites\/2\/2014\/10\/2014-10-23_22h15_33-416x270.jpg 416w, https:\/\/welovecinema.be\/wp-content\/uploads\/sites\/2\/2014\/10\/2014-10-23_22h15_33.jpg 825w\" sizes=\"auto, (max-width: 640px) 100vw, 640px\" \/><\/a><\/p>\n<p>&nbsp;<\/p>\n<p>&nbsp;<\/p>\n<p>Alors, quand il est seul dans sa salle de bains, L\u00e9o serre les dents et s\u2019entaille les bras avec une lame.<\/p>\n<p>Histoire de se r\u00e9volter, de se punir, de se sentir vivre.<\/p>\n<p>Histoire aussi de se rappeler que son existence n\u2019est pas une com\u00e9die romantique.<\/p>\n<p>&nbsp;<\/p>\n<p>Quand il apprend que sa compagne est enceinte, il h\u00e9site: est-ce pour lui le signal de la r\u00e9demption ou une punition divine? Il aimerait se persuader de la premi\u00e8re option, mais chassez le naturel\u2026<\/p>\n<p>&nbsp;<\/p>\n<p>Au boulot, L\u00e9o enqu\u00eate sur des faits divers sordides qui secouent Bruxelles. Le dernier en date? La d\u00e9couverte du corps d\u2019un jeune noir dans un sac-poubelle jet\u00e9 dans le canal.<\/p>\n<p>Un meurtre qui pourrait \u00eatre li\u00e9 \u00e0 une affaire de trafic d\u2019art africain.<\/p>\n<p>Ou \u00e0 la magie noire.<\/p>\n<p>&nbsp;<\/p>\n<p><a href=\"http:\/\/www.cinevox.be\/waste-land-bruxelles-noire\/2014-10-23_22h11_56\/\" rel=\"attachment wp-att-64387\"><img loading=\"lazy\" decoding=\"async\" class=\"aligncenter size-large wp-image-64387\" src=\"http:\/\/www.cinevox.be\/wp-content\/uploads\/sites\/2\/2014\/10\/2014-10-23_22h11_56-800x531.jpg\" alt=\"\" width=\"640\" height=\"424\" srcset=\"https:\/\/welovecinema.be\/wp-content\/uploads\/sites\/2\/2014\/10\/2014-10-23_22h11_56-800x531.jpg 800w, https:\/\/welovecinema.be\/wp-content\/uploads\/sites\/2\/2014\/10\/2014-10-23_22h11_56-406x270.jpg 406w, https:\/\/welovecinema.be\/wp-content\/uploads\/sites\/2\/2014\/10\/2014-10-23_22h11_56.jpg 830w\" sizes=\"auto, (max-width: 640px) 100vw, 640px\" \/><\/a><\/p>\n<p>&nbsp;<\/p>\n<p>&nbsp;<\/p>\n<p>Rapidement, pour L\u00e9o, c\u2019est cette piste qui prend le dessus et, irr\u00e9m\u00e9diablement, le voil\u00e0 qui s\u2019enfonce dans un mar\u00e9cage qui se d\u00e9robe sans cesse sous ses pieds.<\/p>\n<p>Qui peut le sauver? Son \u00e9pouse enceinte doit d\u00e9j\u00e0 s\u2019occuper de son fils issu d\u2019une premi\u00e8re relation. Son meilleur pote nage dans la coke qu\u2019il vole dans les r\u00e9serves du bureau. Son patron d\u00e9sabus\u00e9 souffre d\u2019un cancer.<\/p>\n<p>La seule personne sur qui il semble pouvoir s\u2019appuyer est la s\u0153ur de la victime, une jolie femme qui pourrait bien lui faire perdre la t\u00eate.<\/p>\n<p>&nbsp;<\/p>\n<p>&nbsp;<\/p>\n<p><a href=\"http:\/\/www.cinevox.be\/waste-land-bruxelles-noire\/2014-10-23_22h12_20\/\" rel=\"attachment wp-att-64388\"><img loading=\"lazy\" decoding=\"async\" class=\"aligncenter size-large wp-image-64388\" src=\"http:\/\/www.cinevox.be\/wp-content\/uploads\/sites\/2\/2014\/10\/2014-10-23_22h12_20-800x531.jpg\" alt=\"\" width=\"640\" height=\"424\" srcset=\"https:\/\/welovecinema.be\/wp-content\/uploads\/sites\/2\/2014\/10\/2014-10-23_22h12_20-800x531.jpg 800w, https:\/\/welovecinema.be\/wp-content\/uploads\/sites\/2\/2014\/10\/2014-10-23_22h12_20-406x270.jpg 406w, https:\/\/welovecinema.be\/wp-content\/uploads\/sites\/2\/2014\/10\/2014-10-23_22h12_20.jpg 833w\" sizes=\"auto, (max-width: 640px) 100vw, 640px\" \/><\/a><\/p>\n<p>&nbsp;<\/p>\n<p>Ce tableau angoissant est celui bross\u00e9 dans <em>Waste Land<\/em> par <strong>Pieter Van Hees<\/strong> \u00e0 qui on doit deux longs m\u00e9trages bien trippants: <em>Linkeroever<\/em> avec Matthias Schoenaerts et <em>Dirty Minds<\/em> avec Wim Helsen, Robby Cleiren, Kristine Van Pellicom et Peter Van Den Begin qu\u2019on retrouve ici dans le r\u00f4le de l\u2019acolyte de L\u00e9o.<\/p>\n<p>&nbsp;<\/p>\n<p>D\u2019apparences assez diff\u00e9rentes, ces trois longs m\u00e9trages s\u2019inscrivent n\u00e9anmoins dans une trilogie imagin\u00e9e par l\u2019auteur-r\u00e9alisateur qui se boucle avec cet opus (tr\u00e8s) sombre : \u00ab\u00a0Anatomie d\u2019Amour et de Mal\u00a0\u00bb. Tout un programme\u2026<\/p>\n<p>&nbsp;<\/p>\n<p><a href=\"http:\/\/www.cinevox.be\/waste-land-bruxelles-noire\/2014-10-23_22h12_11\/\" rel=\"attachment wp-att-64389\"><img loading=\"lazy\" decoding=\"async\" class=\"aligncenter size-large wp-image-64389\" src=\"http:\/\/www.cinevox.be\/wp-content\/uploads\/sites\/2\/2014\/10\/2014-10-23_22h12_11-800x526.jpg\" alt=\"\" width=\"640\" height=\"420\" srcset=\"https:\/\/welovecinema.be\/wp-content\/uploads\/sites\/2\/2014\/10\/2014-10-23_22h12_11-800x526.jpg 800w, https:\/\/welovecinema.be\/wp-content\/uploads\/sites\/2\/2014\/10\/2014-10-23_22h12_11-410x270.jpg 410w, https:\/\/welovecinema.be\/wp-content\/uploads\/sites\/2\/2014\/10\/2014-10-23_22h12_11.jpg 834w\" sizes=\"auto, (max-width: 640px) 100vw, 640px\" \/><\/a><\/p>\n<p>&nbsp;<\/p>\n<p>&nbsp;<\/p>\n<p>On vous a d\u00e9j\u00e0 parl\u00e9 de <em>Waste Land<\/em> \u00e0 divers reprises : son parcours de production fut en effet tr\u00e8s chaotique. \u00c0 l\u2019origine, L\u00e9o devait \u00eatre interpr\u00e9t\u00e9 par Matthias Schoenaerts et son pote policier par Bouli Lanners, un all\u00e9chant duo wallo-flamand pour un film \u00e0 l\u2019intrigue 100% bruxelloise.<\/p>\n<p>Mais tr\u00e8s peu de temps avant le premier clap, Matthias d\u00e9clara forfait et tout le monde crut que le projet allait p\u00e9ricliter. C\u2019\u00e9tait compter sans l\u2019acharnement des producteurs, <strong>Eurydice Gysel<\/strong> et <strong>Koen Mortier <\/strong>qui tent\u00e8rent par tous les moyens de garder <em>Waste Land<\/em> \u00e0 flot.<\/p>\n<p>Un moment le nom de\u00a0 Jonathan Zacca\u00ef circula, mais cette option-l\u00e0 aussi tomba \u00e0 l\u2019eau\u2026 ce qui lib\u00e9ra in extremis l\u2019acteur pour remplacer Renaud Rutten bless\u00e9 dans <em>Je te survivrai<\/em>. \u00c0 quelque chose malheur est bon.<\/p>\n<p>&nbsp;<\/p>\n<p>C\u2019est donc dans une troisi\u00e8me configuration (connue du public, on imagine qu\u2019il y a eu d\u2019autres versions envisag\u00e9es) que le film a \u00e9t\u00e9 tourn\u00e9. Une configuration qui n\u2019a rien \u00e0 envier aux pr\u00e9c\u00e9dentes puisqu\u2019on y retrouve <strong>J\u00e9r\u00e9mie Renier<\/strong> dans le r\u00f4le principal et <strong>Peter Van den Begin<\/strong> \u00e0 ses c\u00f4t\u00e9s. Un choix gonfl\u00e9 pour un film produit majoritairement en Flandre o\u00f9, malgr\u00e9 son talent, J\u00e9r\u00e9mie reste peu connu.<\/p>\n<p>Pour le reste, au c\u0153ur d&rsquo;un casting homog\u00e8ne fait de com\u00e9diens francophones et flamands, on notera un excellent <strong>Mourrade Zeguendi<\/strong> pour une prestation courte, mais remarquable\u00a0ainsi que les convaincantes\u00a0<strong>Babetido Sadjo<\/strong> et <strong>Natali Broods<\/strong>\u00a0qui se disputent l\u2019attention de L\u00e9o.<\/p>\n<p>&nbsp;<\/p>\n<p><a href=\"http:\/\/www.cinevox.be\/waste-land-bruxelles-noire\/2014-10-23_22h11_46\/\" rel=\"attachment wp-att-64390\"><img loading=\"lazy\" decoding=\"async\" class=\"aligncenter size-large wp-image-64390\" src=\"http:\/\/www.cinevox.be\/wp-content\/uploads\/sites\/2\/2014\/10\/2014-10-23_22h11_46-800x528.jpg\" alt=\"\" width=\"640\" height=\"422\" srcset=\"https:\/\/welovecinema.be\/wp-content\/uploads\/sites\/2\/2014\/10\/2014-10-23_22h11_46-800x528.jpg 800w, https:\/\/welovecinema.be\/wp-content\/uploads\/sites\/2\/2014\/10\/2014-10-23_22h11_46-408x270.jpg 408w, https:\/\/welovecinema.be\/wp-content\/uploads\/sites\/2\/2014\/10\/2014-10-23_22h11_46.jpg 832w\" sizes=\"auto, (max-width: 640px) 100vw, 640px\" \/><\/a><\/p>\n<p>&nbsp;<\/p>\n<p>\u00c9gal \u00e0 lui-m\u00eame, J\u00e9r\u00e9mie \u00a0fait le job: dans un climat de confusion psychologique qui rappelle sa prestation dans le court m\u00e9trage<em> Intus<\/em> (vu plusieurs fois \u00e0 la t\u00e9l\u00e9 dans le pr\u00e9cieux programme <em>Tout Court<\/em>), il associe \u00e0 sa d\u00e9ch\u00e9ance mentale, une d\u00e9cadence physique : plus de dix kilos s\u00e9parent le flic nerveux du d\u00e9but et le personnage parano\u00efaque terr\u00e9 dans une chambre d\u2019h\u00f4tel aux prises avec ses d\u00e9mons.<\/p>\n<p>&nbsp;<\/p>\n<p>Loin des polars flamands tr\u00e8s esth\u00e9tiques qui ont secou\u00e9 le box-office comme <em>Loft, De Zaak Alzheimer<\/em> ou <em>Dossier K,<\/em> tourn\u00e9s \u00e0 l\u2019am\u00e9ricaine, <em>Waste Land<\/em> nous plonge dans un univers opaque et \u00e9touffant. La photo tr\u00e8s sombre et la musique omnipr\u00e9sente ne nous permettent jamais de reprendre notre respiration. Bruxelles n\u2019en sort pas indemne non plus : film\u00e9e dans ses recoins les moins affriolants, elle ressemble \u00e0 une cit\u00e9 \u00e0 l\u2019agonie, \u00e9pousant les d\u00e9dales parano\u00efaques de l\u2019esprit du h\u00e9ros. Ou inversement.<\/p>\n<p>&nbsp;<\/p>\n<p>Sans sourciller, <strong>Pieter Van Hees<\/strong> va au bout de sa logique en nous engloutissant dans un cauchemar o\u00f9 la forme de plus une plus chaotique se calque sur l\u2019\u00e9tat mental de L\u00e9o. Vous l\u2019aurez compris: on ne sort pas forc\u00e9ment de la salle avec la banane.<\/p>\n<p>Mais \u00e7a n\u2019a jamais \u00e9t\u00e9 l\u2019objectif du projet.<\/p>\n<p>&nbsp;<\/p>\n","protected":false},"excerpt":{"rendered":"<p>Le monde est en ruines. \u00c0 quoi bon, au c\u0153ur de ce cauchemar, vouloir encore donner la vie ? \u00c0 quoi bon aspirer \u00e0 devenir p\u00e8re quand on a soi-m\u00eame connu une exp\u00e9rience familiale d\u00e9sastreuse?<\/p>\n","protected":false},"author":7,"featured_media":64392,"comment_status":"closed","ping_status":"closed","sticky":false,"template":"","format":"standard","meta":{"ngg_post_thumbnail":0,"footnotes":""},"categories":[12],"tags":[],"class_list":["post-64215","post","type-post","status-publish","format-standard","has-post-thumbnail","","category-awards"],"yoast_head":"<!-- This site is optimized with the Yoast SEO plugin v20.4 - https:\/\/yoast.com\/wordpress\/plugins\/seo\/ -->\n<title>Waste Land : Bruxelles, la noire. - We Love Cinema<\/title>\n<meta name=\"robots\" content=\"index, follow, max-snippet:-1, max-image-preview:large, max-video-preview:-1\" \/>\n<link rel=\"canonical\" href=\"https:\/\/welovecinema.be\/fr\/waste-land-bruxelles-noire\/\" \/>\n<meta property=\"og:locale\" content=\"fr_FR\" \/>\n<meta property=\"og:type\" content=\"article\" \/>\n<meta property=\"og:title\" content=\"Waste Land : Bruxelles, la noire. - We Love Cinema\" \/>\n<meta property=\"og:description\" content=\"Le monde est en ruines. \u00c0 quoi bon, au c\u0153ur de ce cauchemar, vouloir encore donner la vie ? \u00c0 quoi bon aspirer \u00e0 devenir p\u00e8re quand on a soi-m\u00eame connu une exp\u00e9rience familiale d\u00e9sastreuse?\" \/>\n<meta property=\"og:url\" content=\"https:\/\/welovecinema.be\/fr\/waste-land-bruxelles-noire\/\" \/>\n<meta property=\"og:site_name\" content=\"We Love Cinema\" \/>\n<meta property=\"article:publisher\" content=\"https:\/\/www.facebook.com\/welovecinema.be\" \/>\n<meta property=\"article:published_time\" content=\"2015-12-26T07:54:05+00:00\" \/>\n<meta property=\"article:modified_time\" content=\"2017-05-16T17:49:52+00:00\" \/>\n<meta property=\"og:image\" content=\"https:\/\/welovecinema.be\/wp-content\/uploads\/sites\/2\/2014\/10\/2014-10-23_22h13_04.jpg\" \/>\n\t<meta property=\"og:image:width\" content=\"834\" \/>\n\t<meta property=\"og:image:height\" content=\"550\" \/>\n\t<meta property=\"og:image:type\" content=\"image\/jpeg\" \/>\n<meta name=\"author\" content=\"Philippe.Pierquin\" \/>\n<meta name=\"twitter:card\" content=\"summary_large_image\" \/>\n<meta name=\"twitter:label1\" content=\"\u00c9crit par\" \/>\n\t<meta name=\"twitter:data1\" content=\"Philippe.Pierquin\" \/>\n\t<meta name=\"twitter:label2\" content=\"Dur\u00e9e de lecture estim\u00e9e\" \/>\n\t<meta name=\"twitter:data2\" content=\"5 minutes\" \/>\n<script type=\"application\/ld+json\" class=\"yoast-schema-graph\">{\"@context\":\"https:\/\/schema.org\",\"@graph\":[{\"@type\":\"Article\",\"@id\":\"https:\/\/welovecinema.be\/fr\/waste-land-bruxelles-noire\/#article\",\"isPartOf\":{\"@id\":\"https:\/\/welovecinema.be\/fr\/waste-land-bruxelles-noire\/\"},\"author\":{\"name\":\"Philippe.Pierquin\",\"@id\":\"https:\/\/welovecinema.be\/nl\/#\/schema\/person\/4b9b1d857f0943453a38a7c2859ef756\"},\"headline\":\"Waste Land : Bruxelles, la noire.\",\"datePublished\":\"2015-12-26T07:54:05+00:00\",\"dateModified\":\"2017-05-16T17:49:52+00:00\",\"mainEntityOfPage\":{\"@id\":\"https:\/\/welovecinema.be\/fr\/waste-land-bruxelles-noire\/\"},\"wordCount\":980,\"publisher\":{\"@id\":\"https:\/\/welovecinema.be\/nl\/#organization\"},\"articleSection\":[\"Evenements\"],\"inLanguage\":\"fr-FR\"},{\"@type\":\"WebPage\",\"@id\":\"https:\/\/welovecinema.be\/fr\/waste-land-bruxelles-noire\/\",\"url\":\"https:\/\/welovecinema.be\/fr\/waste-land-bruxelles-noire\/\",\"name\":\"Waste Land : Bruxelles, la noire. - We Love Cinema\",\"isPartOf\":{\"@id\":\"https:\/\/welovecinema.be\/nl\/#website\"},\"datePublished\":\"2015-12-26T07:54:05+00:00\",\"dateModified\":\"2017-05-16T17:49:52+00:00\",\"breadcrumb\":{\"@id\":\"https:\/\/welovecinema.be\/fr\/waste-land-bruxelles-noire\/#breadcrumb\"},\"inLanguage\":\"fr-FR\",\"potentialAction\":[{\"@type\":\"ReadAction\",\"target\":[\"https:\/\/welovecinema.be\/fr\/waste-land-bruxelles-noire\/\"]}]},{\"@type\":\"BreadcrumbList\",\"@id\":\"https:\/\/welovecinema.be\/fr\/waste-land-bruxelles-noire\/#breadcrumb\",\"itemListElement\":[{\"@type\":\"ListItem\",\"position\":1,\"name\":\"Accueil\",\"item\":\"https:\/\/welovecinema.be\/fr\/\"},{\"@type\":\"ListItem\",\"position\":2,\"name\":\"Waste Land : Bruxelles, la noire.\"}]},{\"@type\":\"WebSite\",\"@id\":\"https:\/\/welovecinema.be\/nl\/#website\",\"url\":\"https:\/\/welovecinema.be\/nl\/\",\"name\":\"We Love Cinema\",\"description\":\"Toute l\u2019information du cin\u00e9ma en Belgique\",\"publisher\":{\"@id\":\"https:\/\/welovecinema.be\/nl\/#organization\"},\"potentialAction\":[{\"@type\":\"SearchAction\",\"target\":{\"@type\":\"EntryPoint\",\"urlTemplate\":\"https:\/\/welovecinema.be\/nl\/?s={search_term_string}\"},\"query-input\":\"required name=search_term_string\"}],\"inLanguage\":\"fr-FR\"},{\"@type\":\"Organization\",\"@id\":\"https:\/\/welovecinema.be\/nl\/#organization\",\"name\":\"We Love Cinema\",\"url\":\"https:\/\/welovecinema.be\/nl\/\",\"logo\":{\"@type\":\"ImageObject\",\"inLanguage\":\"fr-FR\",\"@id\":\"https:\/\/welovecinema.be\/nl\/#\/schema\/logo\/image\/\",\"url\":\"https:\/\/welovecinema.be\/wp-content\/uploads\/sites\/2\/2023\/03\/Logo-We-Love-Cinema305x128.jpg\",\"contentUrl\":\"https:\/\/welovecinema.be\/wp-content\/uploads\/sites\/2\/2023\/03\/Logo-We-Love-Cinema305x128.jpg\",\"width\":305,\"height\":128,\"caption\":\"We Love Cinema\"},\"image\":{\"@id\":\"https:\/\/welovecinema.be\/nl\/#\/schema\/logo\/image\/\"},\"sameAs\":[\"https:\/\/www.facebook.com\/welovecinema.be\",\"https:\/\/www.youtube.com\/channel\/UCX5LYGVhnKvYauW4Nta4HJA\",\"https:\/\/www.instagram.com\/welovecinema.be\/\"]},{\"@type\":\"Person\",\"@id\":\"https:\/\/welovecinema.be\/nl\/#\/schema\/person\/4b9b1d857f0943453a38a7c2859ef756\",\"name\":\"Philippe.Pierquin\",\"url\":\"https:\/\/welovecinema.be\/fr\/author\/philippe-pierquin\/\"}]}<\/script>\n<!-- \/ Yoast SEO plugin. -->","yoast_head_json":{"title":"Waste Land : Bruxelles, la noire. - We Love Cinema","robots":{"index":"index","follow":"follow","max-snippet":"max-snippet:-1","max-image-preview":"max-image-preview:large","max-video-preview":"max-video-preview:-1"},"canonical":"https:\/\/welovecinema.be\/fr\/waste-land-bruxelles-noire\/","og_locale":"fr_FR","og_type":"article","og_title":"Waste Land : Bruxelles, la noire. - We Love Cinema","og_description":"Le monde est en ruines. \u00c0 quoi bon, au c\u0153ur de ce cauchemar, vouloir encore donner la vie ? \u00c0 quoi bon aspirer \u00e0 devenir p\u00e8re quand on a soi-m\u00eame connu une exp\u00e9rience familiale d\u00e9sastreuse?","og_url":"https:\/\/welovecinema.be\/fr\/waste-land-bruxelles-noire\/","og_site_name":"We Love Cinema","article_publisher":"https:\/\/www.facebook.com\/welovecinema.be","article_published_time":"2015-12-26T07:54:05+00:00","article_modified_time":"2017-05-16T17:49:52+00:00","og_image":[{"width":834,"height":550,"url":"https:\/\/welovecinema.be\/wp-content\/uploads\/sites\/2\/2014\/10\/2014-10-23_22h13_04.jpg","type":"image\/jpeg"}],"author":"Philippe.Pierquin","twitter_card":"summary_large_image","twitter_misc":{"\u00c9crit par":"Philippe.Pierquin","Dur\u00e9e de lecture estim\u00e9e":"5 minutes"},"schema":{"@context":"https:\/\/schema.org","@graph":[{"@type":"Article","@id":"https:\/\/welovecinema.be\/fr\/waste-land-bruxelles-noire\/#article","isPartOf":{"@id":"https:\/\/welovecinema.be\/fr\/waste-land-bruxelles-noire\/"},"author":{"name":"Philippe.Pierquin","@id":"https:\/\/welovecinema.be\/nl\/#\/schema\/person\/4b9b1d857f0943453a38a7c2859ef756"},"headline":"Waste Land : Bruxelles, la noire.","datePublished":"2015-12-26T07:54:05+00:00","dateModified":"2017-05-16T17:49:52+00:00","mainEntityOfPage":{"@id":"https:\/\/welovecinema.be\/fr\/waste-land-bruxelles-noire\/"},"wordCount":980,"publisher":{"@id":"https:\/\/welovecinema.be\/nl\/#organization"},"articleSection":["Evenements"],"inLanguage":"fr-FR"},{"@type":"WebPage","@id":"https:\/\/welovecinema.be\/fr\/waste-land-bruxelles-noire\/","url":"https:\/\/welovecinema.be\/fr\/waste-land-bruxelles-noire\/","name":"Waste Land : Bruxelles, la noire. - We Love Cinema","isPartOf":{"@id":"https:\/\/welovecinema.be\/nl\/#website"},"datePublished":"2015-12-26T07:54:05+00:00","dateModified":"2017-05-16T17:49:52+00:00","breadcrumb":{"@id":"https:\/\/welovecinema.be\/fr\/waste-land-bruxelles-noire\/#breadcrumb"},"inLanguage":"fr-FR","potentialAction":[{"@type":"ReadAction","target":["https:\/\/welovecinema.be\/fr\/waste-land-bruxelles-noire\/"]}]},{"@type":"BreadcrumbList","@id":"https:\/\/welovecinema.be\/fr\/waste-land-bruxelles-noire\/#breadcrumb","itemListElement":[{"@type":"ListItem","position":1,"name":"Accueil","item":"https:\/\/welovecinema.be\/fr\/"},{"@type":"ListItem","position":2,"name":"Waste Land : Bruxelles, la noire."}]},{"@type":"WebSite","@id":"https:\/\/welovecinema.be\/nl\/#website","url":"https:\/\/welovecinema.be\/nl\/","name":"We Love Cinema","description":"Toute l\u2019information du cin\u00e9ma en Belgique","publisher":{"@id":"https:\/\/welovecinema.be\/nl\/#organization"},"potentialAction":[{"@type":"SearchAction","target":{"@type":"EntryPoint","urlTemplate":"https:\/\/welovecinema.be\/nl\/?s={search_term_string}"},"query-input":"required name=search_term_string"}],"inLanguage":"fr-FR"},{"@type":"Organization","@id":"https:\/\/welovecinema.be\/nl\/#organization","name":"We Love Cinema","url":"https:\/\/welovecinema.be\/nl\/","logo":{"@type":"ImageObject","inLanguage":"fr-FR","@id":"https:\/\/welovecinema.be\/nl\/#\/schema\/logo\/image\/","url":"https:\/\/welovecinema.be\/wp-content\/uploads\/sites\/2\/2023\/03\/Logo-We-Love-Cinema305x128.jpg","contentUrl":"https:\/\/welovecinema.be\/wp-content\/uploads\/sites\/2\/2023\/03\/Logo-We-Love-Cinema305x128.jpg","width":305,"height":128,"caption":"We Love Cinema"},"image":{"@id":"https:\/\/welovecinema.be\/nl\/#\/schema\/logo\/image\/"},"sameAs":["https:\/\/www.facebook.com\/welovecinema.be","https:\/\/www.youtube.com\/channel\/UCX5LYGVhnKvYauW4Nta4HJA","https:\/\/www.instagram.com\/welovecinema.be\/"]},{"@type":"Person","@id":"https:\/\/welovecinema.be\/nl\/#\/schema\/person\/4b9b1d857f0943453a38a7c2859ef756","name":"Philippe.Pierquin","url":"https:\/\/welovecinema.be\/fr\/author\/philippe-pierquin\/"}]}},"_links":{"self":[{"href":"https:\/\/welovecinema.be\/fr\/wp-json\/wp\/v2\/posts\/64215","targetHints":{"allow":["GET"]}}],"collection":[{"href":"https:\/\/welovecinema.be\/fr\/wp-json\/wp\/v2\/posts"}],"about":[{"href":"https:\/\/welovecinema.be\/fr\/wp-json\/wp\/v2\/types\/post"}],"author":[{"embeddable":true,"href":"https:\/\/welovecinema.be\/fr\/wp-json\/wp\/v2\/users\/7"}],"replies":[{"embeddable":true,"href":"https:\/\/welovecinema.be\/fr\/wp-json\/wp\/v2\/comments?post=64215"}],"version-history":[{"count":0,"href":"https:\/\/welovecinema.be\/fr\/wp-json\/wp\/v2\/posts\/64215\/revisions"}],"wp:featuredmedia":[{"embeddable":true,"href":"https:\/\/welovecinema.be\/fr\/wp-json\/wp\/v2\/media\/64392"}],"wp:attachment":[{"href":"https:\/\/welovecinema.be\/fr\/wp-json\/wp\/v2\/media?parent=64215"}],"wp:term":[{"taxonomy":"category","embeddable":true,"href":"https:\/\/welovecinema.be\/fr\/wp-json\/wp\/v2\/categories?post=64215"},{"taxonomy":"post_tag","embeddable":true,"href":"https:\/\/welovecinema.be\/fr\/wp-json\/wp\/v2\/tags?post=64215"}],"curies":[{"name":"wp","href":"https:\/\/api.w.org\/{rel}","templated":true}]}}