{"id":64181,"date":"2014-10-20T08:41:47","date_gmt":"2014-10-20T06:41:47","guid":{"rendered":"http:\/\/www.cinevox.be\/?p=64181"},"modified":"2014-10-20T08:41:47","modified_gmt":"2014-10-20T06:41:47","slug":"va-ouvrir-grimoire-darkandias","status":"publish","type":"post","link":"https:\/\/welovecinema.be\/fr\/va-ouvrir-grimoire-darkandias\/","title":{"rendered":"Qui va ouvrir le Grimoire d&rsquo;Arkandias?"},"content":{"rendered":"<p><em>Le Grimoire d&rsquo;Arkandias<\/em> sort ce mercredi.<\/p>\n<p>Ce film d&rsquo;aventures franco-belge met en vedette trois jeunes acteurs belges (c&rsquo;\u00e9tait la r\u00e9ponse \u00e0 notre question) que nous vous avons pr\u00e9sent\u00e9s lors d&rsquo;un \u00e9pique Cinevox Happening le 27 septembre dernier dans le cadre des BNP Paribas Fortis Film Days (voir <a href=\"http:\/\/www.cinevox.be\/?p=62892\" target=\"_blank\">ici<\/a>)<!--more--><\/p>\n<p>&nbsp;<\/p>\n<p>Gr\u00e2ce \u00e0 Belga qui le distribue nous avons aussi pu, en plus, vous offrir 10X2 places pour aller le d\u00e9couvrir dans la salle de votre choix qui le diffusera d\u00e8s cette semaine (infos <a href=\"http:\/\/www.cinenews.be\/fr\/films\/le-grimoire-d-arkandias\/\" target=\"_blank\">ici<\/a> \u00e0 partir de mercredi).<\/p>\n<p>Dix gagnants pour pr\u00e8s de 1000 participants. Autant dire que les vainqueurs ont de quoi se r\u00e9jouir.<\/p>\n<p>Ils recevront leurs tickets (2 chacun, donc) par la poste.<\/p>\n<p>&nbsp;<\/p>\n<p>Voici leurs noms :<\/p>\n<p>&nbsp;<\/p>\n<p>Aurore Bazin &#8211; 6042 Lodelinsart<\/p>\n<p>Adrien Matheve &#8211; 6120 Ham-sur-Heure<\/p>\n<p>Alexandro Benvegnu &#8211; 1030 Bruxelles<\/p>\n<p>Bertrand Hallet &#8211; 5100 Jambes<\/p>\n<p>Maryse Hennau &#8211; 5081 Meux<\/p>\n<p>Guillaume Feron &#8211; 7330 Saint-Ghislain<\/p>\n<p>Sylvie Gr\u00e9goire &#8211; 4990 Lierneux<\/p>\n<p>Sylvie Colin &#8211; 4300 Waremme<\/p>\n<p>Juan Marquez &#8211; 1060 Bruxelles<\/p>\n<p>Anne Robert &#8211; 4800 Petit-Rechain<\/p>\n","protected":false},"excerpt":{"rendered":"<p>Le Grimoire d&rsquo;Arkandias sort ce mercredi. Ce film d&rsquo;aventures franco-belge met en vedette trois jeunes acteurs belges (c&rsquo;\u00e9tait la r\u00e9ponse \u00e0 notre question) que nous vous avons pr\u00e9sent\u00e9s lors d&rsquo;un \u00e9pique Cinevox Happening le 27 septembre dernier dans le cadre des BNP Paribas Fortis Film Days (voir ici)<\/p>\n","protected":false},"author":7,"featured_media":64183,"comment_status":"closed","ping_status":"closed","sticky":false,"template":"","format":"standard","meta":{"ngg_post_thumbnail":0,"footnotes":""},"categories":[1923],"tags":[],"class_list":["post-64181","post","type-post","status-publish","format-standard","has-post-thumbnail","","category-en-bref"],"yoast_head":"<!-- This site is optimized with the Yoast SEO plugin v20.4 - https:\/\/yoast.com\/wordpress\/plugins\/seo\/ -->\n<title>Qui va ouvrir le Grimoire d&#039;Arkandias? - We Love Cinema<\/title>\n<meta name=\"robots\" content=\"index, follow, max-snippet:-1, max-image-preview:large, max-video-preview:-1\" \/>\n<link rel=\"canonical\" href=\"https:\/\/welovecinema.be\/fr\/va-ouvrir-grimoire-darkandias\/\" \/>\n<meta property=\"og:locale\" content=\"fr_FR\" \/>\n<meta property=\"og:type\" content=\"article\" \/>\n<meta property=\"og:title\" content=\"Qui va ouvrir le Grimoire d&#039;Arkandias? - We Love Cinema\" \/>\n<meta property=\"og:description\" content=\"Le Grimoire d&rsquo;Arkandias sort ce mercredi. Ce film d&rsquo;aventures franco-belge met en vedette trois jeunes acteurs belges (c&rsquo;\u00e9tait la r\u00e9ponse \u00e0 notre question) que nous vous avons pr\u00e9sent\u00e9s lors d&rsquo;un \u00e9pique Cinevox Happening le 27 septembre dernier dans le cadre des BNP Paribas Fortis Film Days (voir ici)\" \/>\n<meta property=\"og:url\" content=\"https:\/\/welovecinema.be\/fr\/va-ouvrir-grimoire-darkandias\/\" \/>\n<meta property=\"og:site_name\" content=\"We Love Cinema\" \/>\n<meta property=\"article:publisher\" content=\"https:\/\/www.facebook.com\/welovecinema.be\" \/>\n<meta property=\"article:published_time\" content=\"2014-10-20T06:41:47+00:00\" \/>\n<meta property=\"og:image\" content=\"https:\/\/welovecinema.be\/wp-content\/uploads\/sites\/2\/2014\/10\/grimoire-vid-01.jpg\" \/>\n\t<meta property=\"og:image:width\" content=\"1242\" \/>\n\t<meta property=\"og:image:height\" content=\"543\" \/>\n\t<meta property=\"og:image:type\" content=\"image\/jpeg\" \/>\n<meta name=\"author\" content=\"Philippe.Pierquin\" \/>\n<meta name=\"twitter:card\" content=\"summary_large_image\" \/>\n<meta name=\"twitter:label1\" content=\"\u00c9crit par\" \/>\n\t<meta name=\"twitter:data1\" content=\"Philippe.Pierquin\" \/>\n\t<meta name=\"twitter:label2\" content=\"Dur\u00e9e de lecture estim\u00e9e\" \/>\n\t<meta name=\"twitter:data2\" content=\"1 minute\" \/>\n<script type=\"application\/ld+json\" class=\"yoast-schema-graph\">{\"@context\":\"https:\/\/schema.org\",\"@graph\":[{\"@type\":\"Article\",\"@id\":\"https:\/\/welovecinema.be\/fr\/va-ouvrir-grimoire-darkandias\/#article\",\"isPartOf\":{\"@id\":\"https:\/\/welovecinema.be\/fr\/va-ouvrir-grimoire-darkandias\/\"},\"author\":{\"name\":\"Philippe.Pierquin\",\"@id\":\"https:\/\/welovecinema.be\/nl\/#\/schema\/person\/4b9b1d857f0943453a38a7c2859ef756\"},\"headline\":\"Qui va ouvrir le Grimoire d&rsquo;Arkandias?\",\"datePublished\":\"2014-10-20T06:41:47+00:00\",\"dateModified\":\"2014-10-20T06:41:47+00:00\",\"mainEntityOfPage\":{\"@id\":\"https:\/\/welovecinema.be\/fr\/va-ouvrir-grimoire-darkandias\/\"},\"wordCount\":173,\"publisher\":{\"@id\":\"https:\/\/welovecinema.be\/nl\/#organization\"},\"articleSection\":[\"En bref\"],\"inLanguage\":\"fr-FR\"},{\"@type\":\"WebPage\",\"@id\":\"https:\/\/welovecinema.be\/fr\/va-ouvrir-grimoire-darkandias\/\",\"url\":\"https:\/\/welovecinema.be\/fr\/va-ouvrir-grimoire-darkandias\/\",\"name\":\"Qui va ouvrir le Grimoire d'Arkandias? - We Love Cinema\",\"isPartOf\":{\"@id\":\"https:\/\/welovecinema.be\/nl\/#website\"},\"datePublished\":\"2014-10-20T06:41:47+00:00\",\"dateModified\":\"2014-10-20T06:41:47+00:00\",\"breadcrumb\":{\"@id\":\"https:\/\/welovecinema.be\/fr\/va-ouvrir-grimoire-darkandias\/#breadcrumb\"},\"inLanguage\":\"fr-FR\",\"potentialAction\":[{\"@type\":\"ReadAction\",\"target\":[\"https:\/\/welovecinema.be\/fr\/va-ouvrir-grimoire-darkandias\/\"]}]},{\"@type\":\"BreadcrumbList\",\"@id\":\"https:\/\/welovecinema.be\/fr\/va-ouvrir-grimoire-darkandias\/#breadcrumb\",\"itemListElement\":[{\"@type\":\"ListItem\",\"position\":1,\"name\":\"Accueil\",\"item\":\"https:\/\/welovecinema.be\/fr\/\"},{\"@type\":\"ListItem\",\"position\":2,\"name\":\"Qui va ouvrir le Grimoire d&rsquo;Arkandias?\"}]},{\"@type\":\"WebSite\",\"@id\":\"https:\/\/welovecinema.be\/nl\/#website\",\"url\":\"https:\/\/welovecinema.be\/nl\/\",\"name\":\"We Love Cinema\",\"description\":\"Toute l\u2019information du cin\u00e9ma en Belgique\",\"publisher\":{\"@id\":\"https:\/\/welovecinema.be\/nl\/#organization\"},\"potentialAction\":[{\"@type\":\"SearchAction\",\"target\":{\"@type\":\"EntryPoint\",\"urlTemplate\":\"https:\/\/welovecinema.be\/nl\/?s={search_term_string}\"},\"query-input\":\"required name=search_term_string\"}],\"inLanguage\":\"fr-FR\"},{\"@type\":\"Organization\",\"@id\":\"https:\/\/welovecinema.be\/nl\/#organization\",\"name\":\"We Love Cinema\",\"url\":\"https:\/\/welovecinema.be\/nl\/\",\"logo\":{\"@type\":\"ImageObject\",\"inLanguage\":\"fr-FR\",\"@id\":\"https:\/\/welovecinema.be\/nl\/#\/schema\/logo\/image\/\",\"url\":\"https:\/\/welovecinema.be\/wp-content\/uploads\/sites\/2\/2023\/03\/Logo-We-Love-Cinema305x128.jpg\",\"contentUrl\":\"https:\/\/welovecinema.be\/wp-content\/uploads\/sites\/2\/2023\/03\/Logo-We-Love-Cinema305x128.jpg\",\"width\":305,\"height\":128,\"caption\":\"We Love Cinema\"},\"image\":{\"@id\":\"https:\/\/welovecinema.be\/nl\/#\/schema\/logo\/image\/\"},\"sameAs\":[\"https:\/\/www.facebook.com\/welovecinema.be\",\"https:\/\/www.youtube.com\/channel\/UCX5LYGVhnKvYauW4Nta4HJA\",\"https:\/\/www.instagram.com\/welovecinema.be\/\"]},{\"@type\":\"Person\",\"@id\":\"https:\/\/welovecinema.be\/nl\/#\/schema\/person\/4b9b1d857f0943453a38a7c2859ef756\",\"name\":\"Philippe.Pierquin\",\"url\":\"https:\/\/welovecinema.be\/fr\/author\/philippe-pierquin\/\"}]}<\/script>\n<!-- \/ Yoast SEO plugin. -->","yoast_head_json":{"title":"Qui va ouvrir le Grimoire d'Arkandias? - We Love Cinema","robots":{"index":"index","follow":"follow","max-snippet":"max-snippet:-1","max-image-preview":"max-image-preview:large","max-video-preview":"max-video-preview:-1"},"canonical":"https:\/\/welovecinema.be\/fr\/va-ouvrir-grimoire-darkandias\/","og_locale":"fr_FR","og_type":"article","og_title":"Qui va ouvrir le Grimoire d'Arkandias? - We Love Cinema","og_description":"Le Grimoire d&rsquo;Arkandias sort ce mercredi. Ce film d&rsquo;aventures franco-belge met en vedette trois jeunes acteurs belges (c&rsquo;\u00e9tait la r\u00e9ponse \u00e0 notre question) que nous vous avons pr\u00e9sent\u00e9s lors d&rsquo;un \u00e9pique Cinevox Happening le 27 septembre dernier dans le cadre des BNP Paribas Fortis Film Days (voir ici)","og_url":"https:\/\/welovecinema.be\/fr\/va-ouvrir-grimoire-darkandias\/","og_site_name":"We Love Cinema","article_publisher":"https:\/\/www.facebook.com\/welovecinema.be","article_published_time":"2014-10-20T06:41:47+00:00","og_image":[{"width":1242,"height":543,"url":"https:\/\/welovecinema.be\/wp-content\/uploads\/sites\/2\/2014\/10\/grimoire-vid-01.jpg","type":"image\/jpeg"}],"author":"Philippe.Pierquin","twitter_card":"summary_large_image","twitter_misc":{"\u00c9crit par":"Philippe.Pierquin","Dur\u00e9e de lecture estim\u00e9e":"1 minute"},"schema":{"@context":"https:\/\/schema.org","@graph":[{"@type":"Article","@id":"https:\/\/welovecinema.be\/fr\/va-ouvrir-grimoire-darkandias\/#article","isPartOf":{"@id":"https:\/\/welovecinema.be\/fr\/va-ouvrir-grimoire-darkandias\/"},"author":{"name":"Philippe.Pierquin","@id":"https:\/\/welovecinema.be\/nl\/#\/schema\/person\/4b9b1d857f0943453a38a7c2859ef756"},"headline":"Qui va ouvrir le Grimoire d&rsquo;Arkandias?","datePublished":"2014-10-20T06:41:47+00:00","dateModified":"2014-10-20T06:41:47+00:00","mainEntityOfPage":{"@id":"https:\/\/welovecinema.be\/fr\/va-ouvrir-grimoire-darkandias\/"},"wordCount":173,"publisher":{"@id":"https:\/\/welovecinema.be\/nl\/#organization"},"articleSection":["En bref"],"inLanguage":"fr-FR"},{"@type":"WebPage","@id":"https:\/\/welovecinema.be\/fr\/va-ouvrir-grimoire-darkandias\/","url":"https:\/\/welovecinema.be\/fr\/va-ouvrir-grimoire-darkandias\/","name":"Qui va ouvrir le Grimoire d'Arkandias? - We Love Cinema","isPartOf":{"@id":"https:\/\/welovecinema.be\/nl\/#website"},"datePublished":"2014-10-20T06:41:47+00:00","dateModified":"2014-10-20T06:41:47+00:00","breadcrumb":{"@id":"https:\/\/welovecinema.be\/fr\/va-ouvrir-grimoire-darkandias\/#breadcrumb"},"inLanguage":"fr-FR","potentialAction":[{"@type":"ReadAction","target":["https:\/\/welovecinema.be\/fr\/va-ouvrir-grimoire-darkandias\/"]}]},{"@type":"BreadcrumbList","@id":"https:\/\/welovecinema.be\/fr\/va-ouvrir-grimoire-darkandias\/#breadcrumb","itemListElement":[{"@type":"ListItem","position":1,"name":"Accueil","item":"https:\/\/welovecinema.be\/fr\/"},{"@type":"ListItem","position":2,"name":"Qui va ouvrir le Grimoire d&rsquo;Arkandias?"}]},{"@type":"WebSite","@id":"https:\/\/welovecinema.be\/nl\/#website","url":"https:\/\/welovecinema.be\/nl\/","name":"We Love Cinema","description":"Toute l\u2019information du cin\u00e9ma en Belgique","publisher":{"@id":"https:\/\/welovecinema.be\/nl\/#organization"},"potentialAction":[{"@type":"SearchAction","target":{"@type":"EntryPoint","urlTemplate":"https:\/\/welovecinema.be\/nl\/?s={search_term_string}"},"query-input":"required name=search_term_string"}],"inLanguage":"fr-FR"},{"@type":"Organization","@id":"https:\/\/welovecinema.be\/nl\/#organization","name":"We Love Cinema","url":"https:\/\/welovecinema.be\/nl\/","logo":{"@type":"ImageObject","inLanguage":"fr-FR","@id":"https:\/\/welovecinema.be\/nl\/#\/schema\/logo\/image\/","url":"https:\/\/welovecinema.be\/wp-content\/uploads\/sites\/2\/2023\/03\/Logo-We-Love-Cinema305x128.jpg","contentUrl":"https:\/\/welovecinema.be\/wp-content\/uploads\/sites\/2\/2023\/03\/Logo-We-Love-Cinema305x128.jpg","width":305,"height":128,"caption":"We Love Cinema"},"image":{"@id":"https:\/\/welovecinema.be\/nl\/#\/schema\/logo\/image\/"},"sameAs":["https:\/\/www.facebook.com\/welovecinema.be","https:\/\/www.youtube.com\/channel\/UCX5LYGVhnKvYauW4Nta4HJA","https:\/\/www.instagram.com\/welovecinema.be\/"]},{"@type":"Person","@id":"https:\/\/welovecinema.be\/nl\/#\/schema\/person\/4b9b1d857f0943453a38a7c2859ef756","name":"Philippe.Pierquin","url":"https:\/\/welovecinema.be\/fr\/author\/philippe-pierquin\/"}]}},"_links":{"self":[{"href":"https:\/\/welovecinema.be\/fr\/wp-json\/wp\/v2\/posts\/64181","targetHints":{"allow":["GET"]}}],"collection":[{"href":"https:\/\/welovecinema.be\/fr\/wp-json\/wp\/v2\/posts"}],"about":[{"href":"https:\/\/welovecinema.be\/fr\/wp-json\/wp\/v2\/types\/post"}],"author":[{"embeddable":true,"href":"https:\/\/welovecinema.be\/fr\/wp-json\/wp\/v2\/users\/7"}],"replies":[{"embeddable":true,"href":"https:\/\/welovecinema.be\/fr\/wp-json\/wp\/v2\/comments?post=64181"}],"version-history":[{"count":0,"href":"https:\/\/welovecinema.be\/fr\/wp-json\/wp\/v2\/posts\/64181\/revisions"}],"wp:featuredmedia":[{"embeddable":true,"href":"https:\/\/welovecinema.be\/fr\/wp-json\/wp\/v2\/media\/64183"}],"wp:attachment":[{"href":"https:\/\/welovecinema.be\/fr\/wp-json\/wp\/v2\/media?parent=64181"}],"wp:term":[{"taxonomy":"category","embeddable":true,"href":"https:\/\/welovecinema.be\/fr\/wp-json\/wp\/v2\/categories?post=64181"},{"taxonomy":"post_tag","embeddable":true,"href":"https:\/\/welovecinema.be\/fr\/wp-json\/wp\/v2\/tags?post=64181"}],"curies":[{"name":"wp","href":"https:\/\/api.w.org\/{rel}","templated":true}]}}