{"id":63053,"date":"2014-10-01T10:32:38","date_gmt":"2014-10-01T08:32:38","guid":{"rendered":"http:\/\/www.cinevox.be\/?p=63053"},"modified":"2022-12-05T11:24:42","modified_gmt":"2022-12-05T10:24:42","slug":"pourriez-etre-doublure-daniel-bruhl","status":"publish","type":"post","link":"https:\/\/welovecinema.be\/fr\/pourriez-etre-doublure-daniel-bruhl\/","title":{"rendered":"Pourriez-vous \u00eatre la doublure de Daniel Bruhl?"},"content":{"rendered":"<p>Anne Jacques recherche d\u2019extr\u00eame urgence la doublure de Daniel BRUHL.<br \/>\nVous devez avoir des cheveux plus ou moins semblables, mesurer entre 1m78 et 1m82 et surtout &nbsp;comprendre l&rsquo;anglais<\/p>\n<p>C&rsquo;est indispensable<\/p>\n<p>Tournage au Luxembourg les 2,6,7,8,9,13,15,18,21,22,23,24 et 28 octobre (journ\u00e9es compl\u00e8tes)<br \/>\nD\u00e9fraiement : 150\u20ac\/jour<br \/>\nEnvoyer photos et coordonn\u00e9es tr\u00e9\u00e9\u00e9\u00e9\u00e9\u00e9\u00e9\u00e9\u00e9\u00e9\u00e9\u00e9\u00e9\u00e9\u00e9\u00e9\u00e9\u00e9\u00e9\u00e9\u00e9s vite \u00e0 annejacques@live.be avec \u00ab\u00a0Doublure\u00a0\u00bb en objet<\/p>\n","protected":false},"excerpt":{"rendered":"<p>Anne Jacques recherche d\u2019extr\u00eame urgence la doublure de Daniel BRUHL. Vous devez avoir des cheveux plus ou moins semblables, mesurer entre 1m78 et 1m82 et surtout &nbsp;comprendre l&rsquo;anglais C&rsquo;est indispensable Tournage au Luxembourg les 2,6,7,8,9,13,15,18,21,22,23,24 et 28 octobre (journ\u00e9es compl\u00e8tes) D\u00e9fraiement : 150\u20ac\/jour Envoyer photos et coordonn\u00e9es tr\u00e9\u00e9\u00e9\u00e9\u00e9\u00e9\u00e9\u00e9\u00e9\u00e9\u00e9\u00e9\u00e9\u00e9\u00e9\u00e9\u00e9\u00e9\u00e9\u00e9\u00e9s vite \u00e0 annejacques@live.be avec \u00ab\u00a0Doublure\u00a0\u00bb en objet<\/p>\n","protected":false},"author":7,"featured_media":48836,"comment_status":"closed","ping_status":"closed","sticky":false,"template":"","format":"standard","meta":{"ngg_post_thumbnail":0,"footnotes":""},"categories":[20],"tags":[],"class_list":["post-63053","post","type-post","status-publish","format-standard","has-post-thumbnail","","category-cinejobs"],"yoast_head":"<!-- This site is optimized with the Yoast SEO plugin v20.4 - https:\/\/yoast.com\/wordpress\/plugins\/seo\/ -->\n<title>Pourriez-vous \u00eatre la doublure de Daniel Bruhl? - We Love Cinema<\/title>\n<meta name=\"robots\" content=\"index, follow, max-snippet:-1, max-image-preview:large, max-video-preview:-1\" \/>\n<link rel=\"canonical\" href=\"https:\/\/welovecinema.be\/fr\/pourriez-etre-doublure-daniel-bruhl\/\" \/>\n<meta property=\"og:locale\" content=\"fr_FR\" \/>\n<meta property=\"og:type\" content=\"article\" \/>\n<meta property=\"og:title\" content=\"Pourriez-vous \u00eatre la doublure de Daniel Bruhl? - We Love Cinema\" \/>\n<meta property=\"og:description\" content=\"Anne Jacques recherche d\u2019extr\u00eame urgence la doublure de Daniel BRUHL. Vous devez avoir des cheveux plus ou moins semblables, mesurer entre 1m78 et 1m82 et surtout &nbsp;comprendre l&rsquo;anglais C&rsquo;est indispensable Tournage au Luxembourg les 2,6,7,8,9,13,15,18,21,22,23,24 et 28 octobre (journ\u00e9es compl\u00e8tes) D\u00e9fraiement : 150\u20ac\/jour Envoyer photos et coordonn\u00e9es tr\u00e9\u00e9\u00e9\u00e9\u00e9\u00e9\u00e9\u00e9\u00e9\u00e9\u00e9\u00e9\u00e9\u00e9\u00e9\u00e9\u00e9\u00e9\u00e9\u00e9\u00e9s vite \u00e0 annejacques@live.be avec \u00ab\u00a0Doublure\u00a0\u00bb en objet\" \/>\n<meta property=\"og:url\" content=\"https:\/\/welovecinema.be\/fr\/pourriez-etre-doublure-daniel-bruhl\/\" \/>\n<meta property=\"og:site_name\" content=\"We Love Cinema\" \/>\n<meta property=\"article:publisher\" content=\"https:\/\/www.facebook.com\/welovecinema.be\" \/>\n<meta property=\"article:published_time\" content=\"2014-10-01T08:32:38+00:00\" \/>\n<meta property=\"article:modified_time\" content=\"2022-12-05T10:24:42+00:00\" \/>\n<meta property=\"og:image\" content=\"https:\/\/welovecinema.be\/wp-content\/uploads\/sites\/2\/2013\/12\/fifth-estate-daniel-bruhl-benedict-cumberbatch-800x533.jpg\" \/>\n\t<meta property=\"og:image:width\" content=\"800\" \/>\n\t<meta property=\"og:image:height\" content=\"533\" \/>\n\t<meta property=\"og:image:type\" content=\"image\/jpeg\" \/>\n<meta name=\"author\" content=\"Philippe.Pierquin\" \/>\n<meta name=\"twitter:card\" content=\"summary_large_image\" \/>\n<meta name=\"twitter:label1\" content=\"\u00c9crit par\" \/>\n\t<meta name=\"twitter:data1\" content=\"Philippe.Pierquin\" \/>\n<script type=\"application\/ld+json\" class=\"yoast-schema-graph\">{\"@context\":\"https:\/\/schema.org\",\"@graph\":[{\"@type\":\"Article\",\"@id\":\"https:\/\/welovecinema.be\/fr\/pourriez-etre-doublure-daniel-bruhl\/#article\",\"isPartOf\":{\"@id\":\"https:\/\/welovecinema.be\/fr\/pourriez-etre-doublure-daniel-bruhl\/\"},\"author\":{\"name\":\"Philippe.Pierquin\",\"@id\":\"https:\/\/welovecinema.be\/nl\/#\/schema\/person\/4b9b1d857f0943453a38a7c2859ef756\"},\"headline\":\"Pourriez-vous \u00eatre la doublure de Daniel Bruhl?\",\"datePublished\":\"2014-10-01T08:32:38+00:00\",\"dateModified\":\"2022-12-05T10:24:42+00:00\",\"mainEntityOfPage\":{\"@id\":\"https:\/\/welovecinema.be\/fr\/pourriez-etre-doublure-daniel-bruhl\/\"},\"wordCount\":70,\"publisher\":{\"@id\":\"https:\/\/welovecinema.be\/nl\/#organization\"},\"articleSection\":[\"Cinejobs\"],\"inLanguage\":\"fr-FR\"},{\"@type\":\"WebPage\",\"@id\":\"https:\/\/welovecinema.be\/fr\/pourriez-etre-doublure-daniel-bruhl\/\",\"url\":\"https:\/\/welovecinema.be\/fr\/pourriez-etre-doublure-daniel-bruhl\/\",\"name\":\"Pourriez-vous \u00eatre la doublure de Daniel Bruhl? - We Love Cinema\",\"isPartOf\":{\"@id\":\"https:\/\/welovecinema.be\/nl\/#website\"},\"datePublished\":\"2014-10-01T08:32:38+00:00\",\"dateModified\":\"2022-12-05T10:24:42+00:00\",\"breadcrumb\":{\"@id\":\"https:\/\/welovecinema.be\/fr\/pourriez-etre-doublure-daniel-bruhl\/#breadcrumb\"},\"inLanguage\":\"fr-FR\",\"potentialAction\":[{\"@type\":\"ReadAction\",\"target\":[\"https:\/\/welovecinema.be\/fr\/pourriez-etre-doublure-daniel-bruhl\/\"]}]},{\"@type\":\"BreadcrumbList\",\"@id\":\"https:\/\/welovecinema.be\/fr\/pourriez-etre-doublure-daniel-bruhl\/#breadcrumb\",\"itemListElement\":[{\"@type\":\"ListItem\",\"position\":1,\"name\":\"Accueil\",\"item\":\"https:\/\/welovecinema.be\/fr\/\"},{\"@type\":\"ListItem\",\"position\":2,\"name\":\"Pourriez-vous \u00eatre la doublure de Daniel Bruhl?\"}]},{\"@type\":\"WebSite\",\"@id\":\"https:\/\/welovecinema.be\/nl\/#website\",\"url\":\"https:\/\/welovecinema.be\/nl\/\",\"name\":\"We Love Cinema\",\"description\":\"Toute l\u2019information du cin\u00e9ma en Belgique\",\"publisher\":{\"@id\":\"https:\/\/welovecinema.be\/nl\/#organization\"},\"potentialAction\":[{\"@type\":\"SearchAction\",\"target\":{\"@type\":\"EntryPoint\",\"urlTemplate\":\"https:\/\/welovecinema.be\/nl\/?s={search_term_string}\"},\"query-input\":\"required name=search_term_string\"}],\"inLanguage\":\"fr-FR\"},{\"@type\":\"Organization\",\"@id\":\"https:\/\/welovecinema.be\/nl\/#organization\",\"name\":\"We Love Cinema\",\"url\":\"https:\/\/welovecinema.be\/nl\/\",\"logo\":{\"@type\":\"ImageObject\",\"inLanguage\":\"fr-FR\",\"@id\":\"https:\/\/welovecinema.be\/nl\/#\/schema\/logo\/image\/\",\"url\":\"https:\/\/welovecinema.be\/wp-content\/uploads\/sites\/2\/2023\/03\/Logo-We-Love-Cinema305x128.jpg\",\"contentUrl\":\"https:\/\/welovecinema.be\/wp-content\/uploads\/sites\/2\/2023\/03\/Logo-We-Love-Cinema305x128.jpg\",\"width\":305,\"height\":128,\"caption\":\"We Love Cinema\"},\"image\":{\"@id\":\"https:\/\/welovecinema.be\/nl\/#\/schema\/logo\/image\/\"},\"sameAs\":[\"https:\/\/www.facebook.com\/welovecinema.be\",\"https:\/\/www.youtube.com\/channel\/UCX5LYGVhnKvYauW4Nta4HJA\",\"https:\/\/www.instagram.com\/welovecinema.be\/\"]},{\"@type\":\"Person\",\"@id\":\"https:\/\/welovecinema.be\/nl\/#\/schema\/person\/4b9b1d857f0943453a38a7c2859ef756\",\"name\":\"Philippe.Pierquin\",\"url\":\"https:\/\/welovecinema.be\/fr\/author\/philippe-pierquin\/\"}]}<\/script>\n<!-- \/ Yoast SEO plugin. -->","yoast_head_json":{"title":"Pourriez-vous \u00eatre la doublure de Daniel Bruhl? - We Love Cinema","robots":{"index":"index","follow":"follow","max-snippet":"max-snippet:-1","max-image-preview":"max-image-preview:large","max-video-preview":"max-video-preview:-1"},"canonical":"https:\/\/welovecinema.be\/fr\/pourriez-etre-doublure-daniel-bruhl\/","og_locale":"fr_FR","og_type":"article","og_title":"Pourriez-vous \u00eatre la doublure de Daniel Bruhl? - We Love Cinema","og_description":"Anne Jacques recherche d\u2019extr\u00eame urgence la doublure de Daniel BRUHL. Vous devez avoir des cheveux plus ou moins semblables, mesurer entre 1m78 et 1m82 et surtout &nbsp;comprendre l&rsquo;anglais C&rsquo;est indispensable Tournage au Luxembourg les 2,6,7,8,9,13,15,18,21,22,23,24 et 28 octobre (journ\u00e9es compl\u00e8tes) D\u00e9fraiement : 150\u20ac\/jour Envoyer photos et coordonn\u00e9es tr\u00e9\u00e9\u00e9\u00e9\u00e9\u00e9\u00e9\u00e9\u00e9\u00e9\u00e9\u00e9\u00e9\u00e9\u00e9\u00e9\u00e9\u00e9\u00e9\u00e9\u00e9s vite \u00e0 annejacques@live.be avec \u00ab\u00a0Doublure\u00a0\u00bb en objet","og_url":"https:\/\/welovecinema.be\/fr\/pourriez-etre-doublure-daniel-bruhl\/","og_site_name":"We Love Cinema","article_publisher":"https:\/\/www.facebook.com\/welovecinema.be","article_published_time":"2014-10-01T08:32:38+00:00","article_modified_time":"2022-12-05T10:24:42+00:00","og_image":[{"width":800,"height":533,"url":"https:\/\/welovecinema.be\/wp-content\/uploads\/sites\/2\/2013\/12\/fifth-estate-daniel-bruhl-benedict-cumberbatch-800x533.jpg","type":"image\/jpeg"}],"author":"Philippe.Pierquin","twitter_card":"summary_large_image","twitter_misc":{"\u00c9crit par":"Philippe.Pierquin"},"schema":{"@context":"https:\/\/schema.org","@graph":[{"@type":"Article","@id":"https:\/\/welovecinema.be\/fr\/pourriez-etre-doublure-daniel-bruhl\/#article","isPartOf":{"@id":"https:\/\/welovecinema.be\/fr\/pourriez-etre-doublure-daniel-bruhl\/"},"author":{"name":"Philippe.Pierquin","@id":"https:\/\/welovecinema.be\/nl\/#\/schema\/person\/4b9b1d857f0943453a38a7c2859ef756"},"headline":"Pourriez-vous \u00eatre la doublure de Daniel Bruhl?","datePublished":"2014-10-01T08:32:38+00:00","dateModified":"2022-12-05T10:24:42+00:00","mainEntityOfPage":{"@id":"https:\/\/welovecinema.be\/fr\/pourriez-etre-doublure-daniel-bruhl\/"},"wordCount":70,"publisher":{"@id":"https:\/\/welovecinema.be\/nl\/#organization"},"articleSection":["Cinejobs"],"inLanguage":"fr-FR"},{"@type":"WebPage","@id":"https:\/\/welovecinema.be\/fr\/pourriez-etre-doublure-daniel-bruhl\/","url":"https:\/\/welovecinema.be\/fr\/pourriez-etre-doublure-daniel-bruhl\/","name":"Pourriez-vous \u00eatre la doublure de Daniel Bruhl? - We Love Cinema","isPartOf":{"@id":"https:\/\/welovecinema.be\/nl\/#website"},"datePublished":"2014-10-01T08:32:38+00:00","dateModified":"2022-12-05T10:24:42+00:00","breadcrumb":{"@id":"https:\/\/welovecinema.be\/fr\/pourriez-etre-doublure-daniel-bruhl\/#breadcrumb"},"inLanguage":"fr-FR","potentialAction":[{"@type":"ReadAction","target":["https:\/\/welovecinema.be\/fr\/pourriez-etre-doublure-daniel-bruhl\/"]}]},{"@type":"BreadcrumbList","@id":"https:\/\/welovecinema.be\/fr\/pourriez-etre-doublure-daniel-bruhl\/#breadcrumb","itemListElement":[{"@type":"ListItem","position":1,"name":"Accueil","item":"https:\/\/welovecinema.be\/fr\/"},{"@type":"ListItem","position":2,"name":"Pourriez-vous \u00eatre la doublure de Daniel Bruhl?"}]},{"@type":"WebSite","@id":"https:\/\/welovecinema.be\/nl\/#website","url":"https:\/\/welovecinema.be\/nl\/","name":"We Love Cinema","description":"Toute l\u2019information du cin\u00e9ma en Belgique","publisher":{"@id":"https:\/\/welovecinema.be\/nl\/#organization"},"potentialAction":[{"@type":"SearchAction","target":{"@type":"EntryPoint","urlTemplate":"https:\/\/welovecinema.be\/nl\/?s={search_term_string}"},"query-input":"required name=search_term_string"}],"inLanguage":"fr-FR"},{"@type":"Organization","@id":"https:\/\/welovecinema.be\/nl\/#organization","name":"We Love Cinema","url":"https:\/\/welovecinema.be\/nl\/","logo":{"@type":"ImageObject","inLanguage":"fr-FR","@id":"https:\/\/welovecinema.be\/nl\/#\/schema\/logo\/image\/","url":"https:\/\/welovecinema.be\/wp-content\/uploads\/sites\/2\/2023\/03\/Logo-We-Love-Cinema305x128.jpg","contentUrl":"https:\/\/welovecinema.be\/wp-content\/uploads\/sites\/2\/2023\/03\/Logo-We-Love-Cinema305x128.jpg","width":305,"height":128,"caption":"We Love Cinema"},"image":{"@id":"https:\/\/welovecinema.be\/nl\/#\/schema\/logo\/image\/"},"sameAs":["https:\/\/www.facebook.com\/welovecinema.be","https:\/\/www.youtube.com\/channel\/UCX5LYGVhnKvYauW4Nta4HJA","https:\/\/www.instagram.com\/welovecinema.be\/"]},{"@type":"Person","@id":"https:\/\/welovecinema.be\/nl\/#\/schema\/person\/4b9b1d857f0943453a38a7c2859ef756","name":"Philippe.Pierquin","url":"https:\/\/welovecinema.be\/fr\/author\/philippe-pierquin\/"}]}},"_links":{"self":[{"href":"https:\/\/welovecinema.be\/fr\/wp-json\/wp\/v2\/posts\/63053","targetHints":{"allow":["GET"]}}],"collection":[{"href":"https:\/\/welovecinema.be\/fr\/wp-json\/wp\/v2\/posts"}],"about":[{"href":"https:\/\/welovecinema.be\/fr\/wp-json\/wp\/v2\/types\/post"}],"author":[{"embeddable":true,"href":"https:\/\/welovecinema.be\/fr\/wp-json\/wp\/v2\/users\/7"}],"replies":[{"embeddable":true,"href":"https:\/\/welovecinema.be\/fr\/wp-json\/wp\/v2\/comments?post=63053"}],"version-history":[{"count":0,"href":"https:\/\/welovecinema.be\/fr\/wp-json\/wp\/v2\/posts\/63053\/revisions"}],"wp:featuredmedia":[{"embeddable":true,"href":"https:\/\/welovecinema.be\/fr\/wp-json\/wp\/v2\/media\/48836"}],"wp:attachment":[{"href":"https:\/\/welovecinema.be\/fr\/wp-json\/wp\/v2\/media?parent=63053"}],"wp:term":[{"taxonomy":"category","embeddable":true,"href":"https:\/\/welovecinema.be\/fr\/wp-json\/wp\/v2\/categories?post=63053"},{"taxonomy":"post_tag","embeddable":true,"href":"https:\/\/welovecinema.be\/fr\/wp-json\/wp\/v2\/tags?post=63053"}],"curies":[{"name":"wp","href":"https:\/\/api.w.org\/{rel}","templated":true}]}}