{"id":62970,"date":"2014-09-30T07:33:18","date_gmt":"2014-09-30T05:33:18","guid":{"rendered":"http:\/\/www.cinevox.be\/?p=62970"},"modified":"2014-09-30T10:18:40","modified_gmt":"2014-09-30T08:18:40","slug":"image-bande-annonce","status":"publish","type":"post","link":"https:\/\/welovecinema.be\/fr\/image-bande-annonce\/","title":{"rendered":"Image : la bande-annonce"},"content":{"rendered":"<p>Eva Hendrickx est une jeune journaliste ambitieuse qui travaille pour l\u2019\u00e9quipe de t\u00e9l\u00e9 du l\u00e9gendaire Herman Verbeeck. Elle est d\u00e9termin\u00e9e de boucler un documentaire sur les quartiers chauds de Bruxelles. Alors que la violence se r\u00e9pand dans la ville enti\u00e8re, Eva rencontre Lahbib, un Maroccain avec un pass\u00e9 troubl\u00e9. Il l\u2019emm\u00e8ne dans son monde rude et complexe. Entretemps, dans le monde comp\u00e9titive des m\u00e9dias, Herman Verbeeck essaie d\u2019exploiter le documentaire d\u2019Eva.<\/p>\n<p><!--more--><\/p>\n<p>&nbsp;<\/p>\n<table id=\"informations_txt\" cellspacing=\"3\" cellpadding=\"3\" align=\"center\">\n<tbody>\n<tr>\n<td class=\"titre\" valign=\"top\">R\u00e9alisation :<\/td>\n<td class=\"txt\" valign=\"top\">Adil El Arbi, Bilall Fallah<\/td>\n<\/tr>\n<tr>\n<td class=\"titre\" valign=\"top\">Pays :<\/td>\n<td class=\"txt\" valign=\"top\">Belgique<\/td>\n<\/tr>\n<tr>\n<td class=\"titre\" valign=\"top\">Ann\u00e9e :<\/td>\n<td class=\"txt\" valign=\"top\">2014<\/td>\n<\/tr>\n<tr>\n<td class=\"titre\" valign=\"top\">Genre :<\/td>\n<td class=\"txt\" valign=\"top\">Couleur &#8211; Fiction &#8211; VOstFR<\/td>\n<\/tr>\n<tr>\n<td class=\"titre\" valign=\"top\">Dur\u00e9e :<\/td>\n<td class=\"txt\" valign=\"top\">90 min<\/td>\n<\/tr>\n<tr>\n<td class=\"titre\" valign=\"top\">Sc\u00e9nario &amp; dialogue :<\/td>\n<td class=\"txt\" valign=\"top\">Adil El Arbi, Bilall Fallah<\/td>\n<\/tr>\n<tr>\n<td class=\"titre\" valign=\"top\">Montage :<\/td>\n<td class=\"txt\" valign=\"top\">Adil El Arbi, Bilall Fallah<\/td>\n<\/tr>\n<tr>\n<td class=\"titre\" valign=\"top\">Photographe :<\/td>\n<td class=\"txt\" valign=\"top\">Robrecht Heyvaert<\/td>\n<\/tr>\n<tr>\n<td class=\"titre\" valign=\"top\">Interpr\u00e8tes :<\/td>\n<td class=\"txt\" valign=\"top\">Laura Verlinden, Nabil Mallat, G\u00e8ne Bervoets, Geert Van Rampelberg, Wouter Hendrickx, Sanaa Alaaoui, Fran\u00e7ois Beukelaers<\/td>\n<\/tr>\n<tr>\n<td class=\"titre\" valign=\"top\">Distributeur belge :<\/td>\n<td class=\"txt\" valign=\"top\"><a class=\"tooltip\" title=\"Kinepolis KFD&lt;br \/&gt;\">Kinepolis KFD<\/a><\/td>\n<\/tr>\n<tr>\n<td class=\"titre\" valign=\"top\">Production :<\/td>\n<td class=\"txt\" valign=\"top\"><a class=\"tooltip\" title=\"a team productions - Eyeworks&lt;br \/&gt;Schipstraat 60, 9550 Herzele&lt;br \/&gt; &lt;br \/&gt;Belgique&lt;br \/&gt;T\u00e9l: +32 477 43 65 67&lt;br \/&gt;Courriel: vicky@ateamproductions.be&lt;br \/&gt;\">a team productions &#8211; Eyeworks<\/a><\/td>\n<\/tr>\n<tr>\n<td class=\"titre\" valign=\"top\">Site web :<\/td>\n<td class=\"txt\" valign=\"top\"><a href=\"http:\/\/ateamproductions.be\/\" target=\"_blank\">ateamproductions.be<\/a><\/td>\n<\/tr>\n<\/tbody>\n<\/table>\n<p>&nbsp;<\/p>\n<p>Bilall Fallah et Adil El Arbi font leurs \u00e9tudes \u00e0 Saint-Luc \u00e0 Bruxelles o\u00f9 ils se rencontrent. Ils deviennent d\u00e8s lors un duo de r\u00e9alisateurs ins\u00e9parable. En 2011, ils r\u00e9alisent \u00ab Broeders \u00bb qui re\u00e7oit le prix du meilleur court m\u00e9trage belge r\u00e9alis\u00e9 par des \u00e9tudiants au Festival du Film de Gand. Avec ce film, ils remportent le VAF Wildcard (2011) dot\u00e9 d\u2019une bourse qui leur permet de r\u00e9aliser leur premier long m\u00e9trage \u00ab Image \u00bb. Produit par A team Productions et Eyeworks, \u00ab Image \u00bb est pr\u00e9sent\u00e9 au FIFF en avant-premi\u00e8re mondiale !<\/p>\n<p>&nbsp;<\/p>\n<p>Sortie en Belgique : le 5 novembre<\/p>\n","protected":false},"excerpt":{"rendered":"<p>Eva Hendrickx est une jeune journaliste ambitieuse qui travaille pour l\u2019\u00e9quipe de t\u00e9l\u00e9 du l\u00e9gendaire Herman Verbeeck. Elle est d\u00e9termin\u00e9e de boucler un documentaire sur les quartiers chauds de Bruxelles. Alors que la violence se r\u00e9pand dans la ville enti\u00e8re, Eva rencontre Lahbib, un Maroccain avec un pass\u00e9 troubl\u00e9. Il l\u2019emm\u00e8ne dans son monde rude &hellip;<\/p>\n","protected":false},"author":7,"featured_media":62972,"comment_status":"closed","ping_status":"closed","sticky":false,"template":"","format":"standard","meta":{"ngg_post_thumbnail":0,"footnotes":""},"categories":[53],"tags":[],"class_list":["post-62970","post","type-post","status-publish","format-standard","has-post-thumbnail","","category-coming-soon"],"yoast_head":"<!-- This site is optimized with the Yoast SEO plugin v20.4 - https:\/\/yoast.com\/wordpress\/plugins\/seo\/ -->\n<title>Image : la bande-annonce - We Love Cinema<\/title>\n<meta name=\"robots\" content=\"index, follow, max-snippet:-1, max-image-preview:large, max-video-preview:-1\" \/>\n<link rel=\"canonical\" href=\"https:\/\/welovecinema.be\/fr\/image-bande-annonce\/\" \/>\n<meta property=\"og:locale\" content=\"fr_FR\" \/>\n<meta property=\"og:type\" content=\"article\" \/>\n<meta property=\"og:title\" content=\"Image : la bande-annonce - We Love Cinema\" \/>\n<meta property=\"og:description\" content=\"Eva Hendrickx est une jeune journaliste ambitieuse qui travaille pour l\u2019\u00e9quipe de t\u00e9l\u00e9 du l\u00e9gendaire Herman Verbeeck. Elle est d\u00e9termin\u00e9e de boucler un documentaire sur les quartiers chauds de Bruxelles. Alors que la violence se r\u00e9pand dans la ville enti\u00e8re, Eva rencontre Lahbib, un Maroccain avec un pass\u00e9 troubl\u00e9. Il l\u2019emm\u00e8ne dans son monde rude &hellip;\" \/>\n<meta property=\"og:url\" content=\"https:\/\/welovecinema.be\/fr\/image-bande-annonce\/\" \/>\n<meta property=\"og:site_name\" content=\"We Love Cinema\" \/>\n<meta property=\"article:publisher\" content=\"https:\/\/www.facebook.com\/welovecinema.be\" \/>\n<meta property=\"article:published_time\" content=\"2014-09-30T05:33:18+00:00\" \/>\n<meta property=\"article:modified_time\" content=\"2014-09-30T08:18:40+00:00\" \/>\n<meta property=\"og:image\" content=\"https:\/\/welovecinema.be\/wp-content\/uploads\/sites\/2\/2014\/09\/2014-09-30_07h32_22.jpg\" \/>\n\t<meta property=\"og:image:width\" content=\"838\" \/>\n\t<meta property=\"og:image:height\" content=\"350\" \/>\n\t<meta property=\"og:image:type\" content=\"image\/jpeg\" \/>\n<meta name=\"author\" content=\"Philippe.Pierquin\" \/>\n<meta name=\"twitter:card\" content=\"summary_large_image\" \/>\n<meta name=\"twitter:label1\" content=\"\u00c9crit par\" \/>\n\t<meta name=\"twitter:data1\" content=\"Philippe.Pierquin\" \/>\n\t<meta name=\"twitter:label2\" content=\"Dur\u00e9e de lecture estim\u00e9e\" \/>\n\t<meta name=\"twitter:data2\" content=\"1 minute\" \/>\n<script type=\"application\/ld+json\" class=\"yoast-schema-graph\">{\"@context\":\"https:\/\/schema.org\",\"@graph\":[{\"@type\":\"Article\",\"@id\":\"https:\/\/welovecinema.be\/fr\/image-bande-annonce\/#article\",\"isPartOf\":{\"@id\":\"https:\/\/welovecinema.be\/fr\/image-bande-annonce\/\"},\"author\":{\"name\":\"Philippe.Pierquin\",\"@id\":\"https:\/\/welovecinema.be\/nl\/#\/schema\/person\/4b9b1d857f0943453a38a7c2859ef756\"},\"headline\":\"Image : la bande-annonce\",\"datePublished\":\"2014-09-30T05:33:18+00:00\",\"dateModified\":\"2014-09-30T08:18:40+00:00\",\"mainEntityOfPage\":{\"@id\":\"https:\/\/welovecinema.be\/fr\/image-bande-annonce\/\"},\"wordCount\":261,\"publisher\":{\"@id\":\"https:\/\/welovecinema.be\/nl\/#organization\"},\"articleSection\":[\"Coming soon\"],\"inLanguage\":\"fr-FR\"},{\"@type\":\"WebPage\",\"@id\":\"https:\/\/welovecinema.be\/fr\/image-bande-annonce\/\",\"url\":\"https:\/\/welovecinema.be\/fr\/image-bande-annonce\/\",\"name\":\"Image : la bande-annonce - We Love Cinema\",\"isPartOf\":{\"@id\":\"https:\/\/welovecinema.be\/nl\/#website\"},\"datePublished\":\"2014-09-30T05:33:18+00:00\",\"dateModified\":\"2014-09-30T08:18:40+00:00\",\"breadcrumb\":{\"@id\":\"https:\/\/welovecinema.be\/fr\/image-bande-annonce\/#breadcrumb\"},\"inLanguage\":\"fr-FR\",\"potentialAction\":[{\"@type\":\"ReadAction\",\"target\":[\"https:\/\/welovecinema.be\/fr\/image-bande-annonce\/\"]}]},{\"@type\":\"BreadcrumbList\",\"@id\":\"https:\/\/welovecinema.be\/fr\/image-bande-annonce\/#breadcrumb\",\"itemListElement\":[{\"@type\":\"ListItem\",\"position\":1,\"name\":\"Accueil\",\"item\":\"https:\/\/welovecinema.be\/fr\/\"},{\"@type\":\"ListItem\",\"position\":2,\"name\":\"Image : la bande-annonce\"}]},{\"@type\":\"WebSite\",\"@id\":\"https:\/\/welovecinema.be\/nl\/#website\",\"url\":\"https:\/\/welovecinema.be\/nl\/\",\"name\":\"We Love Cinema\",\"description\":\"Toute l\u2019information du cin\u00e9ma en Belgique\",\"publisher\":{\"@id\":\"https:\/\/welovecinema.be\/nl\/#organization\"},\"potentialAction\":[{\"@type\":\"SearchAction\",\"target\":{\"@type\":\"EntryPoint\",\"urlTemplate\":\"https:\/\/welovecinema.be\/nl\/?s={search_term_string}\"},\"query-input\":\"required name=search_term_string\"}],\"inLanguage\":\"fr-FR\"},{\"@type\":\"Organization\",\"@id\":\"https:\/\/welovecinema.be\/nl\/#organization\",\"name\":\"We Love Cinema\",\"url\":\"https:\/\/welovecinema.be\/nl\/\",\"logo\":{\"@type\":\"ImageObject\",\"inLanguage\":\"fr-FR\",\"@id\":\"https:\/\/welovecinema.be\/nl\/#\/schema\/logo\/image\/\",\"url\":\"https:\/\/welovecinema.be\/wp-content\/uploads\/sites\/2\/2023\/03\/Logo-We-Love-Cinema305x128.jpg\",\"contentUrl\":\"https:\/\/welovecinema.be\/wp-content\/uploads\/sites\/2\/2023\/03\/Logo-We-Love-Cinema305x128.jpg\",\"width\":305,\"height\":128,\"caption\":\"We Love Cinema\"},\"image\":{\"@id\":\"https:\/\/welovecinema.be\/nl\/#\/schema\/logo\/image\/\"},\"sameAs\":[\"https:\/\/www.facebook.com\/welovecinema.be\",\"https:\/\/www.youtube.com\/channel\/UCX5LYGVhnKvYauW4Nta4HJA\",\"https:\/\/www.instagram.com\/welovecinema.be\/\"]},{\"@type\":\"Person\",\"@id\":\"https:\/\/welovecinema.be\/nl\/#\/schema\/person\/4b9b1d857f0943453a38a7c2859ef756\",\"name\":\"Philippe.Pierquin\",\"url\":\"https:\/\/welovecinema.be\/fr\/author\/philippe-pierquin\/\"}]}<\/script>\n<!-- \/ Yoast SEO plugin. -->","yoast_head_json":{"title":"Image : la bande-annonce - We Love Cinema","robots":{"index":"index","follow":"follow","max-snippet":"max-snippet:-1","max-image-preview":"max-image-preview:large","max-video-preview":"max-video-preview:-1"},"canonical":"https:\/\/welovecinema.be\/fr\/image-bande-annonce\/","og_locale":"fr_FR","og_type":"article","og_title":"Image : la bande-annonce - We Love Cinema","og_description":"Eva Hendrickx est une jeune journaliste ambitieuse qui travaille pour l\u2019\u00e9quipe de t\u00e9l\u00e9 du l\u00e9gendaire Herman Verbeeck. Elle est d\u00e9termin\u00e9e de boucler un documentaire sur les quartiers chauds de Bruxelles. Alors que la violence se r\u00e9pand dans la ville enti\u00e8re, Eva rencontre Lahbib, un Maroccain avec un pass\u00e9 troubl\u00e9. Il l\u2019emm\u00e8ne dans son monde rude &hellip;","og_url":"https:\/\/welovecinema.be\/fr\/image-bande-annonce\/","og_site_name":"We Love Cinema","article_publisher":"https:\/\/www.facebook.com\/welovecinema.be","article_published_time":"2014-09-30T05:33:18+00:00","article_modified_time":"2014-09-30T08:18:40+00:00","og_image":[{"width":838,"height":350,"url":"https:\/\/welovecinema.be\/wp-content\/uploads\/sites\/2\/2014\/09\/2014-09-30_07h32_22.jpg","type":"image\/jpeg"}],"author":"Philippe.Pierquin","twitter_card":"summary_large_image","twitter_misc":{"\u00c9crit par":"Philippe.Pierquin","Dur\u00e9e de lecture estim\u00e9e":"1 minute"},"schema":{"@context":"https:\/\/schema.org","@graph":[{"@type":"Article","@id":"https:\/\/welovecinema.be\/fr\/image-bande-annonce\/#article","isPartOf":{"@id":"https:\/\/welovecinema.be\/fr\/image-bande-annonce\/"},"author":{"name":"Philippe.Pierquin","@id":"https:\/\/welovecinema.be\/nl\/#\/schema\/person\/4b9b1d857f0943453a38a7c2859ef756"},"headline":"Image : la bande-annonce","datePublished":"2014-09-30T05:33:18+00:00","dateModified":"2014-09-30T08:18:40+00:00","mainEntityOfPage":{"@id":"https:\/\/welovecinema.be\/fr\/image-bande-annonce\/"},"wordCount":261,"publisher":{"@id":"https:\/\/welovecinema.be\/nl\/#organization"},"articleSection":["Coming soon"],"inLanguage":"fr-FR"},{"@type":"WebPage","@id":"https:\/\/welovecinema.be\/fr\/image-bande-annonce\/","url":"https:\/\/welovecinema.be\/fr\/image-bande-annonce\/","name":"Image : la bande-annonce - We Love Cinema","isPartOf":{"@id":"https:\/\/welovecinema.be\/nl\/#website"},"datePublished":"2014-09-30T05:33:18+00:00","dateModified":"2014-09-30T08:18:40+00:00","breadcrumb":{"@id":"https:\/\/welovecinema.be\/fr\/image-bande-annonce\/#breadcrumb"},"inLanguage":"fr-FR","potentialAction":[{"@type":"ReadAction","target":["https:\/\/welovecinema.be\/fr\/image-bande-annonce\/"]}]},{"@type":"BreadcrumbList","@id":"https:\/\/welovecinema.be\/fr\/image-bande-annonce\/#breadcrumb","itemListElement":[{"@type":"ListItem","position":1,"name":"Accueil","item":"https:\/\/welovecinema.be\/fr\/"},{"@type":"ListItem","position":2,"name":"Image : la bande-annonce"}]},{"@type":"WebSite","@id":"https:\/\/welovecinema.be\/nl\/#website","url":"https:\/\/welovecinema.be\/nl\/","name":"We Love Cinema","description":"Toute l\u2019information du cin\u00e9ma en Belgique","publisher":{"@id":"https:\/\/welovecinema.be\/nl\/#organization"},"potentialAction":[{"@type":"SearchAction","target":{"@type":"EntryPoint","urlTemplate":"https:\/\/welovecinema.be\/nl\/?s={search_term_string}"},"query-input":"required name=search_term_string"}],"inLanguage":"fr-FR"},{"@type":"Organization","@id":"https:\/\/welovecinema.be\/nl\/#organization","name":"We Love Cinema","url":"https:\/\/welovecinema.be\/nl\/","logo":{"@type":"ImageObject","inLanguage":"fr-FR","@id":"https:\/\/welovecinema.be\/nl\/#\/schema\/logo\/image\/","url":"https:\/\/welovecinema.be\/wp-content\/uploads\/sites\/2\/2023\/03\/Logo-We-Love-Cinema305x128.jpg","contentUrl":"https:\/\/welovecinema.be\/wp-content\/uploads\/sites\/2\/2023\/03\/Logo-We-Love-Cinema305x128.jpg","width":305,"height":128,"caption":"We Love Cinema"},"image":{"@id":"https:\/\/welovecinema.be\/nl\/#\/schema\/logo\/image\/"},"sameAs":["https:\/\/www.facebook.com\/welovecinema.be","https:\/\/www.youtube.com\/channel\/UCX5LYGVhnKvYauW4Nta4HJA","https:\/\/www.instagram.com\/welovecinema.be\/"]},{"@type":"Person","@id":"https:\/\/welovecinema.be\/nl\/#\/schema\/person\/4b9b1d857f0943453a38a7c2859ef756","name":"Philippe.Pierquin","url":"https:\/\/welovecinema.be\/fr\/author\/philippe-pierquin\/"}]}},"_links":{"self":[{"href":"https:\/\/welovecinema.be\/fr\/wp-json\/wp\/v2\/posts\/62970","targetHints":{"allow":["GET"]}}],"collection":[{"href":"https:\/\/welovecinema.be\/fr\/wp-json\/wp\/v2\/posts"}],"about":[{"href":"https:\/\/welovecinema.be\/fr\/wp-json\/wp\/v2\/types\/post"}],"author":[{"embeddable":true,"href":"https:\/\/welovecinema.be\/fr\/wp-json\/wp\/v2\/users\/7"}],"replies":[{"embeddable":true,"href":"https:\/\/welovecinema.be\/fr\/wp-json\/wp\/v2\/comments?post=62970"}],"version-history":[{"count":0,"href":"https:\/\/welovecinema.be\/fr\/wp-json\/wp\/v2\/posts\/62970\/revisions"}],"wp:featuredmedia":[{"embeddable":true,"href":"https:\/\/welovecinema.be\/fr\/wp-json\/wp\/v2\/media\/62972"}],"wp:attachment":[{"href":"https:\/\/welovecinema.be\/fr\/wp-json\/wp\/v2\/media?parent=62970"}],"wp:term":[{"taxonomy":"category","embeddable":true,"href":"https:\/\/welovecinema.be\/fr\/wp-json\/wp\/v2\/categories?post=62970"},{"taxonomy":"post_tag","embeddable":true,"href":"https:\/\/welovecinema.be\/fr\/wp-json\/wp\/v2\/tags?post=62970"}],"curies":[{"name":"wp","href":"https:\/\/api.w.org\/{rel}","templated":true}]}}