{"id":62927,"date":"2014-10-02T09:34:59","date_gmt":"2014-10-02T07:34:59","guid":{"rendered":"http:\/\/www.cinevox.be\/?p=62927"},"modified":"2014-10-02T13:44:19","modified_gmt":"2014-10-02T11:44:19","slug":"thomas-gunzig-ce-rythme-effrene-va-bien","status":"publish","type":"post","link":"https:\/\/welovecinema.be\/fr\/thomas-gunzig-ce-rythme-effrene-va-bien\/","title":{"rendered":"Thomas Gunzig\u00a0: ce rythme effr\u00e9n\u00e9 vous va si bien."},"content":{"rendered":"<p>Mais quand m\u00eame, comment fait-il\u00a0? Il a beau dire qu\u2019il carbure \u00e0 Joe Bonamassa (fulgurant guitariste de blues rock qui, heureusement pour Thomas, encha\u00eene les albums avec une remarquable constance) pour \u00e9crire, cela n\u2019explique pas les croissants photos de 6h du mat, les chroniques Caf\u00e9 serr\u00e9 de Matin Premi\u00e8re, les romans, les sc\u00e9narios, les textes pour la c\u00e9r\u00e9monie des Magritte\u2026<\/p>\n<p>&nbsp;<\/p>\n<p>C\u2019est un Thomas guilleret, que nous avons crois\u00e9 cet \u00e9t\u00e9 dans le jardin du Th\u00e9\u00e2tre des Doms \u00e0 Avignon : cette \u00e9poque marquait le d\u00e9but du tournage du film qu\u2019il a co\u00e9crit avec <strong>Jaco Van Dormael,<\/strong> <em>Le tout Nouveau Testament,<\/em> avec Catherine Deneuve et <strong>Benoit Poelvoorde<\/strong>. Un tournage qui vient tout juste de s&rsquo;achever et sur lequel nous nous sommes rendus mardi dernier en vue, vous l&rsquo;aviez compris, d&rsquo;un Cinevox que vous pourrez d\u00e9guster dans les salles d\u00e8s mi-novembre.<\/p>\n<p>&nbsp;<\/p>\n<p style=\"text-align: right;\"><em>Par Maryline Laurin (avec P.P.) &#8211; Photo d&rsquo;ouverture Maryline Laurin<\/em><!--more--><\/p>\n<p>&nbsp;<\/p>\n<p>&nbsp;<\/p>\n<p>La petite photo qu\u2019il a re\u00e7ue sur son iPhone ce jour-l\u00e0 est celle d\u2019une des toutes premi\u00e8res sc\u00e8nes tourn\u00e9es. Elle est tr\u00e8s intrigante. Mais chut\u00a0! Il ne faut encore rien r\u00e9v\u00e9ler\u00a0! Thomas Gunzig\u00a0 a promis-jur\u00e9 et peut \u00eatre m\u00eame crach\u00e9. Et nous pareil\u00a0!<\/p>\n<p>&nbsp;<\/p>\n<p>On peut lui faire confiance pour garder un secret, car l\u2019amiti\u00e9 n\u2019est pas qu\u2019un des th\u00e8mes de son dernier roman <em>Manuel \u00e0 l\u2019usage des incapables<strong>. <\/strong><\/em>Une histoire de supermarch\u00e9 o\u00f9 convergent et se croisent les destins des h\u00e9ros involontaires: un employ\u00e9, un assistant au rayon primeur, un baleinier compatissant et quatre fr\u00e8res, Blanc, Brun, Gris et Noir, jeunes loups aux dents longues, surentra\u00een\u00e9s et pr\u00eats \u00e0 tout, vont ainsi se retrouver li\u00e9s par la conjonction fortuite d\u2019un attentat frauduleux et du licenciement abusif d\u2019une caissi\u00e8re.<\/p>\n<p>Thomas Gunzig n\u2019a pas son pareil pour nous embarquer dans des histoires loufoques o\u00f9 le cin\u00e9ma est toujours pr\u00e9sent. Ne clame-t-il pas\u00a0: \u00ab\u00a0Je me tue \u00e0 dire que la litt\u00e9rature est un art de l\u2019image avant tout\u00a0\u00bb\u00a0?<br \/>\nDans ce roman mi-thriller\u00a0<em>no-futuriste<\/em>, mi-conte philosophique d\u00e9jant\u00e9 o\u00f9 comme toujours l\u2019humour pr\u00e9domine, ce sont les films\u2026 gores qui ont fa\u00e7onn\u00e9 son imaginaire.<\/p>\n<p>&nbsp;<\/p>\n<p>Cet \u00e9t\u00e9, le Th\u00e9\u00e2tre des Doms avait organis\u00e9 une rencontre entre <strong>Thomas Gunzig<\/strong> et son \u00e9ditrice <strong>Marion <\/strong><strong>Mazauric<\/strong> <em>(Le Diable Vauvert),<\/em> install\u00e9e \u00e0 deux pas, pour parler de ce dernier roman, mais surtout de sa pi\u00e8ce <em>Avec sa queue il frappe<\/em> (mise en sc\u00e8ne par <strong>David Strosberg<\/strong>) qui se jouait en soir\u00e9e aux Doms .<\/p>\n<p>&nbsp;<\/p>\n<p><a href=\"http:\/\/www.cinevox.be\/thomas-gunzig-ce-rythme-effrene-va-bien\/2014-07-09-12-19-29\/\" rel=\"attachment wp-att-62928\"><img loading=\"lazy\" decoding=\"async\" class=\"aligncenter size-full wp-image-62928\" src=\"http:\/\/www.cinevox.be\/wp-content\/uploads\/sites\/2\/2014\/09\/2014-07-09-12-19-29.jpg\" alt=\"\" width=\"717\" height=\"510\" srcset=\"https:\/\/welovecinema.be\/wp-content\/uploads\/sites\/2\/2014\/09\/2014-07-09-12-19-29.jpg 717w, https:\/\/welovecinema.be\/wp-content\/uploads\/sites\/2\/2014\/09\/2014-07-09-12-19-29-379x270.jpg 379w\" sizes=\"auto, (max-width: 717px) 100vw, 717px\" \/><\/a><\/p>\n<p>&nbsp;<\/p>\n<p>Cette pi\u00e8ce, Thomas l\u2019a \u00e9crite pour un acteur et quel acteur\u00a0: Alexandre Trocki\u00a0! \u00c9poustouflant de justesse, de finesse, d\u2019humilit\u00e9, de v\u00e9rit\u00e9. Pendant plus d\u2019une heure, sous une pluie battante Alexandre Trocki\u00a0se met dans la peau d\u2019un papa divorc\u00e9 qui, comprenant que son fils se fait chahuter \u00e0 l\u2019\u00e9cole, ne peut lui prodiguer que les conseils que lui-m\u00eame a appliqu\u00e9s \u00e0 son \u00e2ge, les techniques de combat du Big Boss, ce bon vieux Bruce Lee.<\/p>\n<p>&nbsp;<\/p>\n<p>Selon Thomas Gunzig, voir la violence expos\u00e9e c\u2019est la domestiquer et c\u2019est exactement l\u2019intention qu\u2019il donne \u00e0 ce p\u00e8re un peu poule mouill\u00e9e (dans tous les sens du terme ce soir-l\u00e0), qui relate \u00e0 son fils les films de s\u00e9rie B de Bruce Lee comme un r\u00e9cit d\u2019aventures qui se conte le soir au coucher.<\/p>\n<p>&nbsp;<\/p>\n<p>On a beaucoup mis en lumi\u00e8re les rapports de plus en plus intimes qui se nouent entre cin\u00e9ma et th\u00e9\u00e2tre. Ici, nous voil\u00e0 carr\u00e9ment, dans du cin\u00e9ma racont\u00e9 : les images s\u2019impriment dans notre imagination au lieu de d\u00e9filer sur l\u2019\u00e9cran par la gr\u00e2ce du langage particulier de Thomas Gunzig et du talent d\u2019Alexandre Trocki.<\/p>\n<p>Alexandre Trocki? Mais si, vous l&rsquo;avez d\u00e9j\u00e0 vu au cin\u00e9ma. Et devinez chez qui\u00a0? Chez les fr\u00e8res Dardenne, bien s\u00fbr. Dans <em>le Silence de Lorna<\/em> avec son ami <a href=\"http:\/\/www.cinevox.be\/?p=61004\">Phillipe Jeusette<\/a>, par exemple. Il a aussi fr\u00e9quent\u00e9 plusieurs courts m\u00e9trages.<\/p>\n<p>&nbsp;<\/p>\n<p><a href=\"http:\/\/www.cinevox.be\/thomas-gunzig-ce-rythme-effrene-va-bien\/etavecsaqueue_03czenograton\/\" rel=\"attachment wp-att-62929\"><img loading=\"lazy\" decoding=\"async\" class=\"aligncenter size-large wp-image-62929\" src=\"http:\/\/www.cinevox.be\/wp-content\/uploads\/sites\/2\/2014\/09\/etavecsaqueue_03cZenoGraton-800x531.jpg\" alt=\"\" width=\"640\" height=\"424\" srcset=\"https:\/\/welovecinema.be\/wp-content\/uploads\/sites\/2\/2014\/09\/etavecsaqueue_03cZenoGraton-800x531.jpg 800w, https:\/\/welovecinema.be\/wp-content\/uploads\/sites\/2\/2014\/09\/etavecsaqueue_03cZenoGraton-406x270.jpg 406w, https:\/\/welovecinema.be\/wp-content\/uploads\/sites\/2\/2014\/09\/etavecsaqueue_03cZenoGraton.jpg 1024w\" sizes=\"auto, (max-width: 640px) 100vw, 640px\" \/><\/a><\/p>\n<p style=\"text-align: right;\"><em>Photo : Zeno Graton<\/em><\/p>\n<p>&nbsp;<\/p>\n<p>Th\u00e9\u00e2tre\/cin\u00e9ma, cin\u00e9ma\/th\u00e9\u00e2tre\u2026 :s&rsquo;il marie les m\u00e9dias, ne comptez pas sur Thomas Gunzing pour vous sortir une th\u00e9orie des genres\u00a0!<\/p>\n<p>&nbsp;<\/p>\n<p>\u00a0\u00bb\u00a0J&rsquo;ai toujours aim\u00e9 les histoires. Qu&rsquo;elles soient dans un livre, sur une sc\u00e8ne ou sur un \u00e9cran ne change pas grand-chose. Je sais qu&rsquo;un tas de gens disent que le cin\u00e9ma ce n&rsquo;est pas du th\u00e9\u00e2tre et que le th\u00e9\u00e2tre ce n&rsquo;est pas de la litt\u00e9rature et que la litt\u00e9rature ce n&rsquo;est pas du cin\u00e9ma.<\/p>\n<p>Je me suis longtemps \u00e9puis\u00e9 l&rsquo;esprit \u00e0 essayer de comprendre ce qu&rsquo;ils voulaient me dire et je n&rsquo;y suis jamais parvenu.<\/p>\n<p>L&rsquo;excitation que j\u2019ai devant une bonne histoire est toujours la m\u00eame. L&rsquo;imagination ne se pose pas de limite : voir un bon film vous donne envie d&rsquo;\u00e9crire un livre, lire un bon livre vous donne envie d&rsquo;\u00e9crire un film. Les personnages, les situations, les d\u00e9cors, les enjeux, les \u00e9motions tout le reste, \u00e7a reste dans cette grande et belle maison qu&rsquo;on appelle la fiction, une maison que j&rsquo;habite et o\u00f9 j&rsquo;ai une jolie chambre avec une vue qui change tous les jours.<\/p>\n<p>&nbsp;<\/p>\n<p>Le cin\u00e9ma c&rsquo;est de la litt\u00e9rature, la litt\u00e9rature c&rsquo;est du th\u00e9\u00e2tre et le th\u00e9\u00e2tre c&rsquo;est du cin\u00e9ma.<\/p>\n<p>&nbsp;<\/p>\n<p><a href=\"http:\/\/www.cinevox.be\/thomas-gunzig-ce-rythme-effrene-va-bien\/audsc04197\/\" rel=\"attachment wp-att-62930\"><img loading=\"lazy\" decoding=\"async\" class=\"alignright size-large wp-image-62930\" src=\"http:\/\/www.cinevox.be\/wp-content\/uploads\/sites\/2\/2014\/09\/AUDSC04197-450x600.jpg\" alt=\"\" width=\"450\" height=\"600\" srcset=\"https:\/\/welovecinema.be\/wp-content\/uploads\/sites\/2\/2014\/09\/AUDSC04197-450x600.jpg 450w, https:\/\/welovecinema.be\/wp-content\/uploads\/sites\/2\/2014\/09\/AUDSC04197-202x270.jpg 202w\" sizes=\"auto, (max-width: 450px) 100vw, 450px\" \/><\/a>En dehors de \u00e7a, ce qu&rsquo;on peut en dire c&rsquo;est sans doute de l&rsquo;enculage de mouche. Il y a quelques ann\u00e9es, j&rsquo;avais fait un spectacle qui tournait autour de Spiderman, j&rsquo;en ai fait un autre o\u00f9 je lisais des bouts de textes litt\u00e9raires avec Isabelle Wery, pour Josse De Pauw, j&rsquo;ai \u00e9crit un spectacle sur le foot (Raymond), j&rsquo;ai \u00e9crit Kiss &amp; Cry avec Jaco Van Dormael et Michel-Anne De Mey&#8230;<\/p>\n<p>Chaque fois, consciemment ou pas, je crois que j&rsquo;ai pris plaisir \u00e0 ne pas mettre de fronti\u00e8res entre les genres&#8230; Peut-\u00eatre qu&rsquo;il y a plus de plaisir dans le principe de l&rsquo;accouplement que dans celui de la s\u00e9paration. \u00a0\u00bb<\/p>\n<p>&nbsp;<\/p>\n<p>C&rsquo;est ainsi qu&rsquo;on quitte les studios de radio, le jardin de Jaco Van Dormael o\u00f9 on tente de repousser les limites de la fantaisie\u2026 pour se retrouver \u00e0 Avignon<\/p>\n<p>&nbsp;<\/p>\n<p>\u00ab\u00a0J&rsquo;y \u00e9tais pour soutenir Alexandre Trocki qui s&rsquo;est tremp\u00e9 le corps jour apr\u00e8s jour \u00e0 cause de moi. Mais en fait, Alexandre est un grand gar\u00e7on et il n&rsquo;avait pas besoin de soutien. Du coup, j&rsquo;ai pu travailler pour un autre projet de th\u00e9\u00e2tre pour la Compagnie Point Z\u00e9ro de Jean Michel D&rsquo;Hoop. Lui aussi, c&rsquo;est quelqu&rsquo;un qui aime les m\u00e9langes, le genre \u00e0 mettre des marionnettes et dix com\u00e9diens sur une sc\u00e8ne pour interpr\u00e9ter, avec un peu de vid\u00e9o et de la musique, des textes \u00e9crits par des \u00e9crivains (L\u2019\u00e9cole des ventriloques).<\/p>\n<p>Et puis, j&rsquo;ai aussi essay\u00e9 de soutenir Jaco Van Dormael qui \u00e9tait en plein tournage du <em>Tout Nouveau Testament<\/em>. Mais lui aussi, c&rsquo;est un grand gar\u00e7on qui sait se soutenir tout seul et du coup, les quelques fois o\u00f9 je suis pass\u00e9 sur le tournage, je suis rest\u00e9 dans un coin \u00e0 ne rien dire et \u00e0 \u00eatre dans le chemin des machinos.<\/p>\n<p>&nbsp;<\/p>\n<p>Apr\u00e8s \u00e7a, \u00e7a a \u00e9t\u00e9 la rentr\u00e9e et je me suis dit qu&rsquo;il \u00e9tait temps de me mettre \u00e0 travailler s\u00e9rieusement : Sam Gabarski m&rsquo;a demand\u00e9 un sc\u00e9nario. Ca m&rsquo;a fait plaisir, j&rsquo;avais ador\u00e9 <em>Irina Palm <\/em>et <em>Vijay and I<\/em>. Et puis, il fallait que je commence le livre romantique et triste \u00e0 la fois, mais qui finit bien qui me trotte en t\u00eate depuis six mois\u2026\u00a0\u00bb<\/p>\n<p>&nbsp;<\/p>\n<p>Inventer, \u00e9crire, lire, dire\u2026 La vie de Thomas Gunzig est toute enti\u00e8re conduite par son imagination, son aptitude hors normes \u00e0 empiler les mots et les genres, \u00e0 les bouscules, les d\u00e9manteler, les recombiner, pour faire na\u00eetre des histoires que personne, avant lui, n&rsquo;avait envisag\u00e9es sous cet angle.<br \/>\nLa radio, les planches, les pages, l&rsquo;\u00e9cran: tous les m\u00e9dias l&rsquo;accueillent avec d\u00e9lectation.<br \/>\nEt si on attend encore de voir ce qu&rsquo;il a amen\u00e9 \u00e0 l&rsquo;univers d\u00e9j\u00e0 riche et original de Jaco Van Dormael, on sait ce qu&rsquo;il a apport\u00e9 aux Magritte, seul, ou en mariant son talent \u00e0 ceux de Fabrizio Rongione et Samuel Tilman pour une quatri\u00e8me \u00e9dition \u00e0 haute teneur d&rsquo;humour et de d\u00e9rision.<\/p>\n<p>Ce qui n&rsquo;a rien de d\u00e9risoire.<\/p>\n<p>&nbsp;<\/p>\n","protected":false},"excerpt":{"rendered":"<p>Mais quand m\u00eame, comment fait-il\u00a0? Il a beau dire qu\u2019il carbure \u00e0 Joe Bonamassa (fulgurant guitariste de blues rock qui, heureusement pour Thomas, encha\u00eene les albums avec une remarquable constance) pour \u00e9crire, cela n\u2019explique pas les croissants photos de 6h du mat, les chroniques Caf\u00e9 serr\u00e9 de Matin Premi\u00e8re, les romans, les sc\u00e9narios, les textes &hellip;<\/p>\n","protected":false},"author":7,"featured_media":62932,"comment_status":"closed","ping_status":"closed","sticky":false,"template":"","format":"standard","meta":{"ngg_post_thumbnail":0,"footnotes":""},"categories":[1978],"tags":[],"class_list":["post-62927","post","type-post","status-publish","format-standard","has-post-thumbnail","","category-interviews"],"yoast_head":"<!-- This site is optimized with the Yoast SEO plugin v20.4 - https:\/\/yoast.com\/wordpress\/plugins\/seo\/ -->\n<title>Thomas Gunzig\u00a0: ce rythme effr\u00e9n\u00e9 vous va si bien. - We Love Cinema<\/title>\n<meta name=\"robots\" content=\"index, follow, max-snippet:-1, max-image-preview:large, max-video-preview:-1\" \/>\n<link rel=\"canonical\" href=\"https:\/\/welovecinema.be\/fr\/thomas-gunzig-ce-rythme-effrene-va-bien\/\" \/>\n<meta property=\"og:locale\" content=\"fr_FR\" \/>\n<meta property=\"og:type\" content=\"article\" \/>\n<meta property=\"og:title\" content=\"Thomas Gunzig\u00a0: ce rythme effr\u00e9n\u00e9 vous va si bien. - We Love Cinema\" \/>\n<meta property=\"og:description\" content=\"Mais quand m\u00eame, comment fait-il\u00a0? Il a beau dire qu\u2019il carbure \u00e0 Joe Bonamassa (fulgurant guitariste de blues rock qui, heureusement pour Thomas, encha\u00eene les albums avec une remarquable constance) pour \u00e9crire, cela n\u2019explique pas les croissants photos de 6h du mat, les chroniques Caf\u00e9 serr\u00e9 de Matin Premi\u00e8re, les romans, les sc\u00e9narios, les textes &hellip;\" \/>\n<meta property=\"og:url\" content=\"https:\/\/welovecinema.be\/fr\/thomas-gunzig-ce-rythme-effrene-va-bien\/\" \/>\n<meta property=\"og:site_name\" content=\"We Love Cinema\" \/>\n<meta property=\"article:publisher\" content=\"https:\/\/www.facebook.com\/welovecinema.be\" \/>\n<meta property=\"article:published_time\" content=\"2014-10-02T07:34:59+00:00\" \/>\n<meta property=\"article:modified_time\" content=\"2014-10-02T11:44:19+00:00\" \/>\n<meta property=\"og:image\" content=\"https:\/\/welovecinema.be\/wp-content\/uploads\/sites\/2\/2014\/09\/\u00a9Maryline-Laurin.jpeg\" \/>\n\t<meta property=\"og:image:width\" content=\"2048\" \/>\n\t<meta property=\"og:image:height\" content=\"1115\" \/>\n\t<meta property=\"og:image:type\" content=\"image\/jpeg\" \/>\n<meta name=\"author\" content=\"Philippe.Pierquin\" \/>\n<meta name=\"twitter:card\" content=\"summary_large_image\" \/>\n<meta name=\"twitter:label1\" content=\"\u00c9crit par\" \/>\n\t<meta name=\"twitter:data1\" content=\"Philippe.Pierquin\" \/>\n\t<meta name=\"twitter:label2\" content=\"Dur\u00e9e de lecture estim\u00e9e\" \/>\n\t<meta name=\"twitter:data2\" content=\"7 minutes\" \/>\n<script type=\"application\/ld+json\" class=\"yoast-schema-graph\">{\"@context\":\"https:\/\/schema.org\",\"@graph\":[{\"@type\":\"Article\",\"@id\":\"https:\/\/welovecinema.be\/fr\/thomas-gunzig-ce-rythme-effrene-va-bien\/#article\",\"isPartOf\":{\"@id\":\"https:\/\/welovecinema.be\/fr\/thomas-gunzig-ce-rythme-effrene-va-bien\/\"},\"author\":{\"name\":\"Philippe.Pierquin\",\"@id\":\"https:\/\/welovecinema.be\/nl\/#\/schema\/person\/4b9b1d857f0943453a38a7c2859ef756\"},\"headline\":\"Thomas Gunzig\u00a0: ce rythme effr\u00e9n\u00e9 vous va si bien.\",\"datePublished\":\"2014-10-02T07:34:59+00:00\",\"dateModified\":\"2014-10-02T11:44:19+00:00\",\"mainEntityOfPage\":{\"@id\":\"https:\/\/welovecinema.be\/fr\/thomas-gunzig-ce-rythme-effrene-va-bien\/\"},\"wordCount\":1498,\"publisher\":{\"@id\":\"https:\/\/welovecinema.be\/nl\/#organization\"},\"articleSection\":[\"Rencontres\"],\"inLanguage\":\"fr-FR\"},{\"@type\":\"WebPage\",\"@id\":\"https:\/\/welovecinema.be\/fr\/thomas-gunzig-ce-rythme-effrene-va-bien\/\",\"url\":\"https:\/\/welovecinema.be\/fr\/thomas-gunzig-ce-rythme-effrene-va-bien\/\",\"name\":\"Thomas Gunzig\u00a0: ce rythme effr\u00e9n\u00e9 vous va si bien. - We Love Cinema\",\"isPartOf\":{\"@id\":\"https:\/\/welovecinema.be\/nl\/#website\"},\"datePublished\":\"2014-10-02T07:34:59+00:00\",\"dateModified\":\"2014-10-02T11:44:19+00:00\",\"breadcrumb\":{\"@id\":\"https:\/\/welovecinema.be\/fr\/thomas-gunzig-ce-rythme-effrene-va-bien\/#breadcrumb\"},\"inLanguage\":\"fr-FR\",\"potentialAction\":[{\"@type\":\"ReadAction\",\"target\":[\"https:\/\/welovecinema.be\/fr\/thomas-gunzig-ce-rythme-effrene-va-bien\/\"]}]},{\"@type\":\"BreadcrumbList\",\"@id\":\"https:\/\/welovecinema.be\/fr\/thomas-gunzig-ce-rythme-effrene-va-bien\/#breadcrumb\",\"itemListElement\":[{\"@type\":\"ListItem\",\"position\":1,\"name\":\"Accueil\",\"item\":\"https:\/\/welovecinema.be\/fr\/\"},{\"@type\":\"ListItem\",\"position\":2,\"name\":\"Thomas Gunzig\u00a0: ce rythme effr\u00e9n\u00e9 vous va si bien.\"}]},{\"@type\":\"WebSite\",\"@id\":\"https:\/\/welovecinema.be\/nl\/#website\",\"url\":\"https:\/\/welovecinema.be\/nl\/\",\"name\":\"We Love Cinema\",\"description\":\"Toute l\u2019information du cin\u00e9ma en Belgique\",\"publisher\":{\"@id\":\"https:\/\/welovecinema.be\/nl\/#organization\"},\"potentialAction\":[{\"@type\":\"SearchAction\",\"target\":{\"@type\":\"EntryPoint\",\"urlTemplate\":\"https:\/\/welovecinema.be\/nl\/?s={search_term_string}\"},\"query-input\":\"required name=search_term_string\"}],\"inLanguage\":\"fr-FR\"},{\"@type\":\"Organization\",\"@id\":\"https:\/\/welovecinema.be\/nl\/#organization\",\"name\":\"We Love Cinema\",\"url\":\"https:\/\/welovecinema.be\/nl\/\",\"logo\":{\"@type\":\"ImageObject\",\"inLanguage\":\"fr-FR\",\"@id\":\"https:\/\/welovecinema.be\/nl\/#\/schema\/logo\/image\/\",\"url\":\"https:\/\/welovecinema.be\/wp-content\/uploads\/sites\/2\/2023\/03\/Logo-We-Love-Cinema305x128.jpg\",\"contentUrl\":\"https:\/\/welovecinema.be\/wp-content\/uploads\/sites\/2\/2023\/03\/Logo-We-Love-Cinema305x128.jpg\",\"width\":305,\"height\":128,\"caption\":\"We Love Cinema\"},\"image\":{\"@id\":\"https:\/\/welovecinema.be\/nl\/#\/schema\/logo\/image\/\"},\"sameAs\":[\"https:\/\/www.facebook.com\/welovecinema.be\",\"https:\/\/www.youtube.com\/channel\/UCX5LYGVhnKvYauW4Nta4HJA\",\"https:\/\/www.instagram.com\/welovecinema.be\/\"]},{\"@type\":\"Person\",\"@id\":\"https:\/\/welovecinema.be\/nl\/#\/schema\/person\/4b9b1d857f0943453a38a7c2859ef756\",\"name\":\"Philippe.Pierquin\",\"url\":\"https:\/\/welovecinema.be\/fr\/author\/philippe-pierquin\/\"}]}<\/script>\n<!-- \/ Yoast SEO plugin. -->","yoast_head_json":{"title":"Thomas Gunzig\u00a0: ce rythme effr\u00e9n\u00e9 vous va si bien. - We Love Cinema","robots":{"index":"index","follow":"follow","max-snippet":"max-snippet:-1","max-image-preview":"max-image-preview:large","max-video-preview":"max-video-preview:-1"},"canonical":"https:\/\/welovecinema.be\/fr\/thomas-gunzig-ce-rythme-effrene-va-bien\/","og_locale":"fr_FR","og_type":"article","og_title":"Thomas Gunzig\u00a0: ce rythme effr\u00e9n\u00e9 vous va si bien. - We Love Cinema","og_description":"Mais quand m\u00eame, comment fait-il\u00a0? Il a beau dire qu\u2019il carbure \u00e0 Joe Bonamassa (fulgurant guitariste de blues rock qui, heureusement pour Thomas, encha\u00eene les albums avec une remarquable constance) pour \u00e9crire, cela n\u2019explique pas les croissants photos de 6h du mat, les chroniques Caf\u00e9 serr\u00e9 de Matin Premi\u00e8re, les romans, les sc\u00e9narios, les textes &hellip;","og_url":"https:\/\/welovecinema.be\/fr\/thomas-gunzig-ce-rythme-effrene-va-bien\/","og_site_name":"We Love Cinema","article_publisher":"https:\/\/www.facebook.com\/welovecinema.be","article_published_time":"2014-10-02T07:34:59+00:00","article_modified_time":"2014-10-02T11:44:19+00:00","og_image":[{"width":2048,"height":1115,"url":"https:\/\/welovecinema.be\/wp-content\/uploads\/sites\/2\/2014\/09\/\u00a9Maryline-Laurin.jpeg","type":"image\/jpeg"}],"author":"Philippe.Pierquin","twitter_card":"summary_large_image","twitter_misc":{"\u00c9crit par":"Philippe.Pierquin","Dur\u00e9e de lecture estim\u00e9e":"7 minutes"},"schema":{"@context":"https:\/\/schema.org","@graph":[{"@type":"Article","@id":"https:\/\/welovecinema.be\/fr\/thomas-gunzig-ce-rythme-effrene-va-bien\/#article","isPartOf":{"@id":"https:\/\/welovecinema.be\/fr\/thomas-gunzig-ce-rythme-effrene-va-bien\/"},"author":{"name":"Philippe.Pierquin","@id":"https:\/\/welovecinema.be\/nl\/#\/schema\/person\/4b9b1d857f0943453a38a7c2859ef756"},"headline":"Thomas Gunzig\u00a0: ce rythme effr\u00e9n\u00e9 vous va si bien.","datePublished":"2014-10-02T07:34:59+00:00","dateModified":"2014-10-02T11:44:19+00:00","mainEntityOfPage":{"@id":"https:\/\/welovecinema.be\/fr\/thomas-gunzig-ce-rythme-effrene-va-bien\/"},"wordCount":1498,"publisher":{"@id":"https:\/\/welovecinema.be\/nl\/#organization"},"articleSection":["Rencontres"],"inLanguage":"fr-FR"},{"@type":"WebPage","@id":"https:\/\/welovecinema.be\/fr\/thomas-gunzig-ce-rythme-effrene-va-bien\/","url":"https:\/\/welovecinema.be\/fr\/thomas-gunzig-ce-rythme-effrene-va-bien\/","name":"Thomas Gunzig\u00a0: ce rythme effr\u00e9n\u00e9 vous va si bien. - We Love Cinema","isPartOf":{"@id":"https:\/\/welovecinema.be\/nl\/#website"},"datePublished":"2014-10-02T07:34:59+00:00","dateModified":"2014-10-02T11:44:19+00:00","breadcrumb":{"@id":"https:\/\/welovecinema.be\/fr\/thomas-gunzig-ce-rythme-effrene-va-bien\/#breadcrumb"},"inLanguage":"fr-FR","potentialAction":[{"@type":"ReadAction","target":["https:\/\/welovecinema.be\/fr\/thomas-gunzig-ce-rythme-effrene-va-bien\/"]}]},{"@type":"BreadcrumbList","@id":"https:\/\/welovecinema.be\/fr\/thomas-gunzig-ce-rythme-effrene-va-bien\/#breadcrumb","itemListElement":[{"@type":"ListItem","position":1,"name":"Accueil","item":"https:\/\/welovecinema.be\/fr\/"},{"@type":"ListItem","position":2,"name":"Thomas Gunzig\u00a0: ce rythme effr\u00e9n\u00e9 vous va si bien."}]},{"@type":"WebSite","@id":"https:\/\/welovecinema.be\/nl\/#website","url":"https:\/\/welovecinema.be\/nl\/","name":"We Love Cinema","description":"Toute l\u2019information du cin\u00e9ma en Belgique","publisher":{"@id":"https:\/\/welovecinema.be\/nl\/#organization"},"potentialAction":[{"@type":"SearchAction","target":{"@type":"EntryPoint","urlTemplate":"https:\/\/welovecinema.be\/nl\/?s={search_term_string}"},"query-input":"required name=search_term_string"}],"inLanguage":"fr-FR"},{"@type":"Organization","@id":"https:\/\/welovecinema.be\/nl\/#organization","name":"We Love Cinema","url":"https:\/\/welovecinema.be\/nl\/","logo":{"@type":"ImageObject","inLanguage":"fr-FR","@id":"https:\/\/welovecinema.be\/nl\/#\/schema\/logo\/image\/","url":"https:\/\/welovecinema.be\/wp-content\/uploads\/sites\/2\/2023\/03\/Logo-We-Love-Cinema305x128.jpg","contentUrl":"https:\/\/welovecinema.be\/wp-content\/uploads\/sites\/2\/2023\/03\/Logo-We-Love-Cinema305x128.jpg","width":305,"height":128,"caption":"We Love Cinema"},"image":{"@id":"https:\/\/welovecinema.be\/nl\/#\/schema\/logo\/image\/"},"sameAs":["https:\/\/www.facebook.com\/welovecinema.be","https:\/\/www.youtube.com\/channel\/UCX5LYGVhnKvYauW4Nta4HJA","https:\/\/www.instagram.com\/welovecinema.be\/"]},{"@type":"Person","@id":"https:\/\/welovecinema.be\/nl\/#\/schema\/person\/4b9b1d857f0943453a38a7c2859ef756","name":"Philippe.Pierquin","url":"https:\/\/welovecinema.be\/fr\/author\/philippe-pierquin\/"}]}},"_links":{"self":[{"href":"https:\/\/welovecinema.be\/fr\/wp-json\/wp\/v2\/posts\/62927","targetHints":{"allow":["GET"]}}],"collection":[{"href":"https:\/\/welovecinema.be\/fr\/wp-json\/wp\/v2\/posts"}],"about":[{"href":"https:\/\/welovecinema.be\/fr\/wp-json\/wp\/v2\/types\/post"}],"author":[{"embeddable":true,"href":"https:\/\/welovecinema.be\/fr\/wp-json\/wp\/v2\/users\/7"}],"replies":[{"embeddable":true,"href":"https:\/\/welovecinema.be\/fr\/wp-json\/wp\/v2\/comments?post=62927"}],"version-history":[{"count":0,"href":"https:\/\/welovecinema.be\/fr\/wp-json\/wp\/v2\/posts\/62927\/revisions"}],"wp:featuredmedia":[{"embeddable":true,"href":"https:\/\/welovecinema.be\/fr\/wp-json\/wp\/v2\/media\/62932"}],"wp:attachment":[{"href":"https:\/\/welovecinema.be\/fr\/wp-json\/wp\/v2\/media?parent=62927"}],"wp:term":[{"taxonomy":"category","embeddable":true,"href":"https:\/\/welovecinema.be\/fr\/wp-json\/wp\/v2\/categories?post=62927"},{"taxonomy":"post_tag","embeddable":true,"href":"https:\/\/welovecinema.be\/fr\/wp-json\/wp\/v2\/tags?post=62927"}],"curies":[{"name":"wp","href":"https:\/\/api.w.org\/{rel}","templated":true}]}}