{"id":62654,"date":"2014-09-24T15:18:19","date_gmt":"2014-09-24T13:18:19","guid":{"rendered":"http:\/\/www.cinevox.be\/?p=62654"},"modified":"2014-09-24T15:20:02","modified_gmt":"2014-09-24T13:20:02","slug":"fantastic-fest-alleluia","status":"publish","type":"post","link":"https:\/\/welovecinema.be\/fr\/fantastic-fest-alleluia\/","title":{"rendered":"Fantastic Fest pour Alleluia"},"content":{"rendered":"<p>Le festival du film fantastique d&rsquo;Austin, Texas, vient de s&rsquo;achever et le moins qu&rsquo;on puisse dire est qu&rsquo;<em>Alelluia <\/em>de <strong>Fabrice Du Welz<\/strong> y a fait sensation.<!--more--><\/p>\n<p>&nbsp;<\/p>\n<p>La s\u00e9lection globale \u00e9tait divis\u00e9e en trois cat\u00e9gories: l&rsquo;horreur (prix pour le film australien <em>Badabook<\/em>), le gutbusterq fantasy features, pleins feux sur le gore donc, et la section fantastique.<\/p>\n<p>&nbsp;<\/p>\n<p>Dans ce rayon, <em>The World Of Kanako<\/em> a rafl\u00e9 le prix du meilleur scenario tandis que TOUT LE RESTE est all\u00e9 \u00e0 <em>Alleuia<\/em>: meilleur film, meilleur real, meilleur acteur (<strong>Laurent Lucas<\/strong>) et meilleure actrice<strong> Lola Due\u00f1as<\/strong>.<\/p>\n<p>&nbsp;<\/p>\n<p>Rappelons que le film qui a remport\u00e9 le prix du jury \u00e0 Strasbourg ce week-end sera pr\u00e9sent\u00e9 en premi\u00e8re belge le 7 octobre au FIFF namurois dans le cadre de la soir\u00e9e du Centre du Cin\u00e9ma de la F\u00e9d\u00e9ration Wallonie-Bruxelles. Il sera distribu\u00e9 un peu plus tard dans les salles par O&rsquo;Brother.<\/p>\n<p>&nbsp;<\/p>\n<p><a href=\"http:\/\/www.cinevox.be\/fantastic-fest-alleluia\/alleluia_4-2\/\" rel=\"attachment wp-att-62655\"><img loading=\"lazy\" decoding=\"async\" class=\"aligncenter size-large wp-image-62655\" src=\"http:\/\/www.cinevox.be\/wp-content\/uploads\/sites\/2\/2014\/09\/alleluia_4-800x543.jpg\" alt=\"\" width=\"640\" height=\"434\" srcset=\"https:\/\/welovecinema.be\/wp-content\/uploads\/sites\/2\/2014\/09\/alleluia_4-800x543.jpg 800w, https:\/\/welovecinema.be\/wp-content\/uploads\/sites\/2\/2014\/09\/alleluia_4-397x270.jpg 397w\" sizes=\"auto, (max-width: 640px) 100vw, 640px\" \/><\/a><\/p>\n<p>&nbsp;<\/p>\n","protected":false},"excerpt":{"rendered":"<p>Le festival du film fantastique d&rsquo;Austin, Texas, vient de s&rsquo;achever et le moins qu&rsquo;on puisse dire est qu&rsquo;Alelluia de Fabrice Du Welz y a fait sensation.<\/p>\n","protected":false},"author":7,"featured_media":62657,"comment_status":"closed","ping_status":"closed","sticky":false,"template":"","format":"standard","meta":{"ngg_post_thumbnail":0,"footnotes":""},"categories":[12],"tags":[],"class_list":["post-62654","post","type-post","status-publish","format-standard","has-post-thumbnail","","category-awards"],"yoast_head":"<!-- This site is optimized with the Yoast SEO plugin v20.4 - https:\/\/yoast.com\/wordpress\/plugins\/seo\/ -->\n<title>Fantastic Fest pour Alleluia - We Love Cinema<\/title>\n<meta name=\"robots\" content=\"index, follow, max-snippet:-1, max-image-preview:large, max-video-preview:-1\" \/>\n<link rel=\"canonical\" href=\"https:\/\/welovecinema.be\/fr\/fantastic-fest-alleluia\/\" \/>\n<meta property=\"og:locale\" content=\"fr_FR\" \/>\n<meta property=\"og:type\" content=\"article\" \/>\n<meta property=\"og:title\" content=\"Fantastic Fest pour Alleluia - We Love Cinema\" \/>\n<meta property=\"og:description\" content=\"Le festival du film fantastique d&rsquo;Austin, Texas, vient de s&rsquo;achever et le moins qu&rsquo;on puisse dire est qu&rsquo;Alelluia de Fabrice Du Welz y a fait sensation.\" \/>\n<meta property=\"og:url\" content=\"https:\/\/welovecinema.be\/fr\/fantastic-fest-alleluia\/\" \/>\n<meta property=\"og:site_name\" content=\"We Love Cinema\" \/>\n<meta property=\"article:publisher\" content=\"https:\/\/www.facebook.com\/welovecinema.be\" \/>\n<meta property=\"article:published_time\" content=\"2014-09-24T13:18:19+00:00\" \/>\n<meta property=\"article:modified_time\" content=\"2014-09-24T13:20:02+00:00\" \/>\n<meta property=\"og:image\" content=\"https:\/\/welovecinema.be\/wp-content\/uploads\/sites\/2\/2014\/09\/alleluia-1.jpg\" \/>\n\t<meta property=\"og:image:width\" content=\"1023\" \/>\n\t<meta property=\"og:image:height\" content=\"693\" \/>\n\t<meta property=\"og:image:type\" content=\"image\/jpeg\" \/>\n<meta name=\"author\" content=\"Philippe.Pierquin\" \/>\n<meta name=\"twitter:card\" content=\"summary_large_image\" \/>\n<meta name=\"twitter:label1\" content=\"\u00c9crit par\" \/>\n\t<meta name=\"twitter:data1\" content=\"Philippe.Pierquin\" \/>\n\t<meta name=\"twitter:label2\" content=\"Dur\u00e9e de lecture estim\u00e9e\" \/>\n\t<meta name=\"twitter:data2\" content=\"1 minute\" \/>\n<script type=\"application\/ld+json\" class=\"yoast-schema-graph\">{\"@context\":\"https:\/\/schema.org\",\"@graph\":[{\"@type\":\"Article\",\"@id\":\"https:\/\/welovecinema.be\/fr\/fantastic-fest-alleluia\/#article\",\"isPartOf\":{\"@id\":\"https:\/\/welovecinema.be\/fr\/fantastic-fest-alleluia\/\"},\"author\":{\"name\":\"Philippe.Pierquin\",\"@id\":\"https:\/\/welovecinema.be\/nl\/#\/schema\/person\/4b9b1d857f0943453a38a7c2859ef756\"},\"headline\":\"Fantastic Fest pour Alleluia\",\"datePublished\":\"2014-09-24T13:18:19+00:00\",\"dateModified\":\"2014-09-24T13:20:02+00:00\",\"mainEntityOfPage\":{\"@id\":\"https:\/\/welovecinema.be\/fr\/fantastic-fest-alleluia\/\"},\"wordCount\":165,\"publisher\":{\"@id\":\"https:\/\/welovecinema.be\/nl\/#organization\"},\"articleSection\":[\"Evenements\"],\"inLanguage\":\"fr-FR\"},{\"@type\":\"WebPage\",\"@id\":\"https:\/\/welovecinema.be\/fr\/fantastic-fest-alleluia\/\",\"url\":\"https:\/\/welovecinema.be\/fr\/fantastic-fest-alleluia\/\",\"name\":\"Fantastic Fest pour Alleluia - We Love Cinema\",\"isPartOf\":{\"@id\":\"https:\/\/welovecinema.be\/nl\/#website\"},\"datePublished\":\"2014-09-24T13:18:19+00:00\",\"dateModified\":\"2014-09-24T13:20:02+00:00\",\"breadcrumb\":{\"@id\":\"https:\/\/welovecinema.be\/fr\/fantastic-fest-alleluia\/#breadcrumb\"},\"inLanguage\":\"fr-FR\",\"potentialAction\":[{\"@type\":\"ReadAction\",\"target\":[\"https:\/\/welovecinema.be\/fr\/fantastic-fest-alleluia\/\"]}]},{\"@type\":\"BreadcrumbList\",\"@id\":\"https:\/\/welovecinema.be\/fr\/fantastic-fest-alleluia\/#breadcrumb\",\"itemListElement\":[{\"@type\":\"ListItem\",\"position\":1,\"name\":\"Accueil\",\"item\":\"https:\/\/welovecinema.be\/fr\/\"},{\"@type\":\"ListItem\",\"position\":2,\"name\":\"Fantastic Fest pour Alleluia\"}]},{\"@type\":\"WebSite\",\"@id\":\"https:\/\/welovecinema.be\/nl\/#website\",\"url\":\"https:\/\/welovecinema.be\/nl\/\",\"name\":\"We Love Cinema\",\"description\":\"Toute l\u2019information du cin\u00e9ma en Belgique\",\"publisher\":{\"@id\":\"https:\/\/welovecinema.be\/nl\/#organization\"},\"potentialAction\":[{\"@type\":\"SearchAction\",\"target\":{\"@type\":\"EntryPoint\",\"urlTemplate\":\"https:\/\/welovecinema.be\/nl\/?s={search_term_string}\"},\"query-input\":\"required name=search_term_string\"}],\"inLanguage\":\"fr-FR\"},{\"@type\":\"Organization\",\"@id\":\"https:\/\/welovecinema.be\/nl\/#organization\",\"name\":\"We Love Cinema\",\"url\":\"https:\/\/welovecinema.be\/nl\/\",\"logo\":{\"@type\":\"ImageObject\",\"inLanguage\":\"fr-FR\",\"@id\":\"https:\/\/welovecinema.be\/nl\/#\/schema\/logo\/image\/\",\"url\":\"https:\/\/welovecinema.be\/wp-content\/uploads\/sites\/2\/2023\/03\/Logo-We-Love-Cinema305x128.jpg\",\"contentUrl\":\"https:\/\/welovecinema.be\/wp-content\/uploads\/sites\/2\/2023\/03\/Logo-We-Love-Cinema305x128.jpg\",\"width\":305,\"height\":128,\"caption\":\"We Love Cinema\"},\"image\":{\"@id\":\"https:\/\/welovecinema.be\/nl\/#\/schema\/logo\/image\/\"},\"sameAs\":[\"https:\/\/www.facebook.com\/welovecinema.be\",\"https:\/\/www.youtube.com\/channel\/UCX5LYGVhnKvYauW4Nta4HJA\",\"https:\/\/www.instagram.com\/welovecinema.be\/\"]},{\"@type\":\"Person\",\"@id\":\"https:\/\/welovecinema.be\/nl\/#\/schema\/person\/4b9b1d857f0943453a38a7c2859ef756\",\"name\":\"Philippe.Pierquin\",\"url\":\"https:\/\/welovecinema.be\/fr\/author\/philippe-pierquin\/\"}]}<\/script>\n<!-- \/ Yoast SEO plugin. -->","yoast_head_json":{"title":"Fantastic Fest pour Alleluia - We Love Cinema","robots":{"index":"index","follow":"follow","max-snippet":"max-snippet:-1","max-image-preview":"max-image-preview:large","max-video-preview":"max-video-preview:-1"},"canonical":"https:\/\/welovecinema.be\/fr\/fantastic-fest-alleluia\/","og_locale":"fr_FR","og_type":"article","og_title":"Fantastic Fest pour Alleluia - We Love Cinema","og_description":"Le festival du film fantastique d&rsquo;Austin, Texas, vient de s&rsquo;achever et le moins qu&rsquo;on puisse dire est qu&rsquo;Alelluia de Fabrice Du Welz y a fait sensation.","og_url":"https:\/\/welovecinema.be\/fr\/fantastic-fest-alleluia\/","og_site_name":"We Love Cinema","article_publisher":"https:\/\/www.facebook.com\/welovecinema.be","article_published_time":"2014-09-24T13:18:19+00:00","article_modified_time":"2014-09-24T13:20:02+00:00","og_image":[{"width":1023,"height":693,"url":"https:\/\/welovecinema.be\/wp-content\/uploads\/sites\/2\/2014\/09\/alleluia-1.jpg","type":"image\/jpeg"}],"author":"Philippe.Pierquin","twitter_card":"summary_large_image","twitter_misc":{"\u00c9crit par":"Philippe.Pierquin","Dur\u00e9e de lecture estim\u00e9e":"1 minute"},"schema":{"@context":"https:\/\/schema.org","@graph":[{"@type":"Article","@id":"https:\/\/welovecinema.be\/fr\/fantastic-fest-alleluia\/#article","isPartOf":{"@id":"https:\/\/welovecinema.be\/fr\/fantastic-fest-alleluia\/"},"author":{"name":"Philippe.Pierquin","@id":"https:\/\/welovecinema.be\/nl\/#\/schema\/person\/4b9b1d857f0943453a38a7c2859ef756"},"headline":"Fantastic Fest pour Alleluia","datePublished":"2014-09-24T13:18:19+00:00","dateModified":"2014-09-24T13:20:02+00:00","mainEntityOfPage":{"@id":"https:\/\/welovecinema.be\/fr\/fantastic-fest-alleluia\/"},"wordCount":165,"publisher":{"@id":"https:\/\/welovecinema.be\/nl\/#organization"},"articleSection":["Evenements"],"inLanguage":"fr-FR"},{"@type":"WebPage","@id":"https:\/\/welovecinema.be\/fr\/fantastic-fest-alleluia\/","url":"https:\/\/welovecinema.be\/fr\/fantastic-fest-alleluia\/","name":"Fantastic Fest pour Alleluia - We Love Cinema","isPartOf":{"@id":"https:\/\/welovecinema.be\/nl\/#website"},"datePublished":"2014-09-24T13:18:19+00:00","dateModified":"2014-09-24T13:20:02+00:00","breadcrumb":{"@id":"https:\/\/welovecinema.be\/fr\/fantastic-fest-alleluia\/#breadcrumb"},"inLanguage":"fr-FR","potentialAction":[{"@type":"ReadAction","target":["https:\/\/welovecinema.be\/fr\/fantastic-fest-alleluia\/"]}]},{"@type":"BreadcrumbList","@id":"https:\/\/welovecinema.be\/fr\/fantastic-fest-alleluia\/#breadcrumb","itemListElement":[{"@type":"ListItem","position":1,"name":"Accueil","item":"https:\/\/welovecinema.be\/fr\/"},{"@type":"ListItem","position":2,"name":"Fantastic Fest pour Alleluia"}]},{"@type":"WebSite","@id":"https:\/\/welovecinema.be\/nl\/#website","url":"https:\/\/welovecinema.be\/nl\/","name":"We Love Cinema","description":"Toute l\u2019information du cin\u00e9ma en Belgique","publisher":{"@id":"https:\/\/welovecinema.be\/nl\/#organization"},"potentialAction":[{"@type":"SearchAction","target":{"@type":"EntryPoint","urlTemplate":"https:\/\/welovecinema.be\/nl\/?s={search_term_string}"},"query-input":"required name=search_term_string"}],"inLanguage":"fr-FR"},{"@type":"Organization","@id":"https:\/\/welovecinema.be\/nl\/#organization","name":"We Love Cinema","url":"https:\/\/welovecinema.be\/nl\/","logo":{"@type":"ImageObject","inLanguage":"fr-FR","@id":"https:\/\/welovecinema.be\/nl\/#\/schema\/logo\/image\/","url":"https:\/\/welovecinema.be\/wp-content\/uploads\/sites\/2\/2023\/03\/Logo-We-Love-Cinema305x128.jpg","contentUrl":"https:\/\/welovecinema.be\/wp-content\/uploads\/sites\/2\/2023\/03\/Logo-We-Love-Cinema305x128.jpg","width":305,"height":128,"caption":"We Love Cinema"},"image":{"@id":"https:\/\/welovecinema.be\/nl\/#\/schema\/logo\/image\/"},"sameAs":["https:\/\/www.facebook.com\/welovecinema.be","https:\/\/www.youtube.com\/channel\/UCX5LYGVhnKvYauW4Nta4HJA","https:\/\/www.instagram.com\/welovecinema.be\/"]},{"@type":"Person","@id":"https:\/\/welovecinema.be\/nl\/#\/schema\/person\/4b9b1d857f0943453a38a7c2859ef756","name":"Philippe.Pierquin","url":"https:\/\/welovecinema.be\/fr\/author\/philippe-pierquin\/"}]}},"_links":{"self":[{"href":"https:\/\/welovecinema.be\/fr\/wp-json\/wp\/v2\/posts\/62654","targetHints":{"allow":["GET"]}}],"collection":[{"href":"https:\/\/welovecinema.be\/fr\/wp-json\/wp\/v2\/posts"}],"about":[{"href":"https:\/\/welovecinema.be\/fr\/wp-json\/wp\/v2\/types\/post"}],"author":[{"embeddable":true,"href":"https:\/\/welovecinema.be\/fr\/wp-json\/wp\/v2\/users\/7"}],"replies":[{"embeddable":true,"href":"https:\/\/welovecinema.be\/fr\/wp-json\/wp\/v2\/comments?post=62654"}],"version-history":[{"count":0,"href":"https:\/\/welovecinema.be\/fr\/wp-json\/wp\/v2\/posts\/62654\/revisions"}],"wp:featuredmedia":[{"embeddable":true,"href":"https:\/\/welovecinema.be\/fr\/wp-json\/wp\/v2\/media\/62657"}],"wp:attachment":[{"href":"https:\/\/welovecinema.be\/fr\/wp-json\/wp\/v2\/media?parent=62654"}],"wp:term":[{"taxonomy":"category","embeddable":true,"href":"https:\/\/welovecinema.be\/fr\/wp-json\/wp\/v2\/categories?post=62654"},{"taxonomy":"post_tag","embeddable":true,"href":"https:\/\/welovecinema.be\/fr\/wp-json\/wp\/v2\/tags?post=62654"}],"curies":[{"name":"wp","href":"https:\/\/api.w.org\/{rel}","templated":true}]}}