{"id":62632,"date":"2014-09-24T10:14:57","date_gmt":"2014-09-24T08:14:57","guid":{"rendered":"http:\/\/www.cinevox.be\/?p=62632"},"modified":"2014-09-24T10:15:00","modified_gmt":"2014-09-24T08:15:00","slug":"tango-libre-en-force-aux-trophees-francophones-du-cinema","status":"publish","type":"post","link":"https:\/\/welovecinema.be\/fr\/tango-libre-en-force-aux-trophees-francophones-du-cinema\/","title":{"rendered":"Tango libre en force aux troph\u00e9es francophones du cin\u00e9ma"},"content":{"rendered":"<p>La 2e \u00e9dition des troph\u00e9es francophones du cin\u00e9ma se tiendra \u00e0 Dakar, du 6 au 15 octobre. 34 films et 12 courts m\u00e9trages venant de 20 pays avaient \u00e9t\u00e9 pr\u00e9s\u00e9lectionn\u00e9s. \u00c0 l\u2019issue du premier tour de vote, les nominations se sont r\u00e9parties sur 22 longs m\u00e9trages et 5 courts repr\u00e9sentant 16 pays. <em>Tango Libre<\/em> de Fr\u00e9d\u00e9ric Fonteyne y est triplement nomm\u00e9.<!--more--><\/p>\n<p>&nbsp;<\/p>\n<p><strong>Fran\u00e7ois Damiens<\/strong> \u00a0est nomm\u00e9 pour le Prix d&rsquo;interpr\u00e9tation masculine, <strong>Sergi Lopez<\/strong> est quant \u00e0 lui nomm\u00e9 dans la cat\u00e9gorie second r\u00f4le masculin et le duo <strong>Anne Paulicevich<\/strong> et <strong>Philippe Blasband<\/strong> concourront pour le prix du meilleur sc\u00e9nario.<\/p>\n<p>&nbsp;<\/p>\n<p><a href=\"http:\/\/www.cinevox.be\/tango-libre-en-force-aux-trophees-francophones-du-cinema\/tango-libre-4-p-muller\/\" rel=\"attachment wp-att-62633\"><img loading=\"lazy\" decoding=\"async\" class=\"aligncenter size-large wp-image-62633\" src=\"http:\/\/www.cinevox.be\/wp-content\/uploads\/sites\/2\/2014\/09\/TANGO-LIBRE-4-\u00a9-P.Muller-800x449.jpg\" alt=\"\" width=\"640\" height=\"359\" srcset=\"https:\/\/welovecinema.be\/wp-content\/uploads\/sites\/2\/2014\/09\/TANGO-LIBRE-4-\u00a9-P.Muller-800x449.jpg 800w, https:\/\/welovecinema.be\/wp-content\/uploads\/sites\/2\/2014\/09\/TANGO-LIBRE-4-\u00a9-P.Muller-200x113.jpg 200w, https:\/\/welovecinema.be\/wp-content\/uploads\/sites\/2\/2014\/09\/TANGO-LIBRE-4-\u00a9-P.Muller-480x270.jpg 480w, https:\/\/welovecinema.be\/wp-content\/uploads\/sites\/2\/2014\/09\/TANGO-LIBRE-4-\u00a9-P.Muller-300x169.jpg 300w\" sizes=\"auto, (max-width: 640px) 100vw, 640px\" \/><\/a><\/p>\n<p>&nbsp;<\/p>\n<p>\u00c0 noter \u00e9galement la pr\u00e9sence d\u2019Emmanuel de Boissieu et Fr\u00e9d\u00e9ric Demolder dans la cat\u00e9gorie Prix de la contribution technique pour leur travail sur le son d\u2019Ernest et C\u00e9l\u00e9stine de Vincent Patar, Stephane Aubier et Benjamin Renner (La Parti Production).<\/p>\n<p>&nbsp;<\/p>\n<p><a href=\"http:\/\/www.cinevox.be\/tango-libre-en-force-aux-trophees-francophones-du-cinema\/ernest-et-celestine-2-2\/\" rel=\"attachment wp-att-62634\"><img loading=\"lazy\" decoding=\"async\" class=\"aligncenter size-full wp-image-62634\" src=\"http:\/\/www.cinevox.be\/wp-content\/uploads\/sites\/2\/2014\/09\/Ernest-et-Celestine-2.jpg\" alt=\"\" width=\"580\" height=\"340\" srcset=\"https:\/\/welovecinema.be\/wp-content\/uploads\/sites\/2\/2014\/09\/Ernest-et-Celestine-2.jpg 580w, https:\/\/welovecinema.be\/wp-content\/uploads\/sites\/2\/2014\/09\/Ernest-et-Celestine-2-460x270.jpg 460w\" sizes=\"auto, (max-width: 580px) 100vw, 580px\" \/><\/a><\/p>\n<p>&nbsp;<\/p>\n<p>Les laur\u00e9ats seront connus lors de la remise des Troph\u00e9es francophones du cin\u00e9ma, pr\u00e9sent\u00e9e par Michel Drucker et diffus\u00e9e le 3 novembre sur l\u2019ensemble du r\u00e9seau de TV5Monde.<\/p>\n","protected":false},"excerpt":{"rendered":"<p>La 2e \u00e9dition des troph\u00e9es francophones du cin\u00e9ma se tiendra \u00e0 Dakar, du 6 au 15 octobre. 34 films et 12 courts m\u00e9trages venant de 20 pays avaient \u00e9t\u00e9 pr\u00e9s\u00e9lectionn\u00e9s. \u00c0 l\u2019issue du premier tour de vote, les nominations se sont r\u00e9parties sur 22 longs m\u00e9trages et 5 courts repr\u00e9sentant 16 pays. Tango Libre de &hellip;<\/p>\n","protected":false},"author":7,"featured_media":62636,"comment_status":"closed","ping_status":"closed","sticky":false,"template":"","format":"standard","meta":{"ngg_post_thumbnail":0,"footnotes":""},"categories":[12],"tags":[],"class_list":["post-62632","post","type-post","status-publish","format-standard","has-post-thumbnail","","category-awards"],"yoast_head":"<!-- This site is optimized with the Yoast SEO plugin v20.4 - https:\/\/yoast.com\/wordpress\/plugins\/seo\/ -->\n<title>Tango libre en force aux troph\u00e9es francophones du cin\u00e9ma - We Love Cinema<\/title>\n<meta name=\"robots\" content=\"index, follow, max-snippet:-1, max-image-preview:large, max-video-preview:-1\" \/>\n<link rel=\"canonical\" href=\"https:\/\/welovecinema.be\/fr\/tango-libre-en-force-aux-trophees-francophones-du-cinema\/\" \/>\n<meta property=\"og:locale\" content=\"fr_FR\" \/>\n<meta property=\"og:type\" content=\"article\" \/>\n<meta property=\"og:title\" content=\"Tango libre en force aux troph\u00e9es francophones du cin\u00e9ma - We Love Cinema\" \/>\n<meta property=\"og:description\" content=\"La 2e \u00e9dition des troph\u00e9es francophones du cin\u00e9ma se tiendra \u00e0 Dakar, du 6 au 15 octobre. 34 films et 12 courts m\u00e9trages venant de 20 pays avaient \u00e9t\u00e9 pr\u00e9s\u00e9lectionn\u00e9s. \u00c0 l\u2019issue du premier tour de vote, les nominations se sont r\u00e9parties sur 22 longs m\u00e9trages et 5 courts repr\u00e9sentant 16 pays. Tango Libre de &hellip;\" \/>\n<meta property=\"og:url\" content=\"https:\/\/welovecinema.be\/fr\/tango-libre-en-force-aux-trophees-francophones-du-cinema\/\" \/>\n<meta property=\"og:site_name\" content=\"We Love Cinema\" \/>\n<meta property=\"article:publisher\" content=\"https:\/\/www.facebook.com\/welovecinema.be\" \/>\n<meta property=\"article:published_time\" content=\"2014-09-24T08:14:57+00:00\" \/>\n<meta property=\"article:modified_time\" content=\"2014-09-24T08:15:00+00:00\" \/>\n<meta property=\"og:image\" content=\"https:\/\/welovecinema.be\/wp-content\/uploads\/sites\/2\/2014\/09\/TANGO-LIBRE-3-\u00a9-P.Muller.jpg\" \/>\n\t<meta property=\"og:image:width\" content=\"3500\" \/>\n\t<meta property=\"og:image:height\" content=\"1968\" \/>\n\t<meta property=\"og:image:type\" content=\"image\/jpeg\" \/>\n<meta name=\"author\" content=\"Philippe.Pierquin\" \/>\n<meta name=\"twitter:card\" content=\"summary_large_image\" \/>\n<meta name=\"twitter:label1\" content=\"\u00c9crit par\" \/>\n\t<meta name=\"twitter:data1\" content=\"Philippe.Pierquin\" \/>\n\t<meta name=\"twitter:label2\" content=\"Dur\u00e9e de lecture estim\u00e9e\" \/>\n\t<meta name=\"twitter:data2\" content=\"1 minute\" \/>\n<script type=\"application\/ld+json\" class=\"yoast-schema-graph\">{\"@context\":\"https:\/\/schema.org\",\"@graph\":[{\"@type\":\"Article\",\"@id\":\"https:\/\/welovecinema.be\/fr\/tango-libre-en-force-aux-trophees-francophones-du-cinema\/#article\",\"isPartOf\":{\"@id\":\"https:\/\/welovecinema.be\/fr\/tango-libre-en-force-aux-trophees-francophones-du-cinema\/\"},\"author\":{\"name\":\"Philippe.Pierquin\",\"@id\":\"https:\/\/welovecinema.be\/nl\/#\/schema\/person\/4b9b1d857f0943453a38a7c2859ef756\"},\"headline\":\"Tango libre en force aux troph\u00e9es francophones du cin\u00e9ma\",\"datePublished\":\"2014-09-24T08:14:57+00:00\",\"dateModified\":\"2014-09-24T08:15:00+00:00\",\"mainEntityOfPage\":{\"@id\":\"https:\/\/welovecinema.be\/fr\/tango-libre-en-force-aux-trophees-francophones-du-cinema\/\"},\"wordCount\":203,\"publisher\":{\"@id\":\"https:\/\/welovecinema.be\/nl\/#organization\"},\"articleSection\":[\"Evenements\"],\"inLanguage\":\"fr-FR\"},{\"@type\":\"WebPage\",\"@id\":\"https:\/\/welovecinema.be\/fr\/tango-libre-en-force-aux-trophees-francophones-du-cinema\/\",\"url\":\"https:\/\/welovecinema.be\/fr\/tango-libre-en-force-aux-trophees-francophones-du-cinema\/\",\"name\":\"Tango libre en force aux troph\u00e9es francophones du cin\u00e9ma - We Love Cinema\",\"isPartOf\":{\"@id\":\"https:\/\/welovecinema.be\/nl\/#website\"},\"datePublished\":\"2014-09-24T08:14:57+00:00\",\"dateModified\":\"2014-09-24T08:15:00+00:00\",\"breadcrumb\":{\"@id\":\"https:\/\/welovecinema.be\/fr\/tango-libre-en-force-aux-trophees-francophones-du-cinema\/#breadcrumb\"},\"inLanguage\":\"fr-FR\",\"potentialAction\":[{\"@type\":\"ReadAction\",\"target\":[\"https:\/\/welovecinema.be\/fr\/tango-libre-en-force-aux-trophees-francophones-du-cinema\/\"]}]},{\"@type\":\"BreadcrumbList\",\"@id\":\"https:\/\/welovecinema.be\/fr\/tango-libre-en-force-aux-trophees-francophones-du-cinema\/#breadcrumb\",\"itemListElement\":[{\"@type\":\"ListItem\",\"position\":1,\"name\":\"Accueil\",\"item\":\"https:\/\/welovecinema.be\/fr\/\"},{\"@type\":\"ListItem\",\"position\":2,\"name\":\"Tango libre en force aux troph\u00e9es francophones du cin\u00e9ma\"}]},{\"@type\":\"WebSite\",\"@id\":\"https:\/\/welovecinema.be\/nl\/#website\",\"url\":\"https:\/\/welovecinema.be\/nl\/\",\"name\":\"We Love Cinema\",\"description\":\"Toute l\u2019information du cin\u00e9ma en Belgique\",\"publisher\":{\"@id\":\"https:\/\/welovecinema.be\/nl\/#organization\"},\"potentialAction\":[{\"@type\":\"SearchAction\",\"target\":{\"@type\":\"EntryPoint\",\"urlTemplate\":\"https:\/\/welovecinema.be\/nl\/?s={search_term_string}\"},\"query-input\":\"required name=search_term_string\"}],\"inLanguage\":\"fr-FR\"},{\"@type\":\"Organization\",\"@id\":\"https:\/\/welovecinema.be\/nl\/#organization\",\"name\":\"We Love Cinema\",\"url\":\"https:\/\/welovecinema.be\/nl\/\",\"logo\":{\"@type\":\"ImageObject\",\"inLanguage\":\"fr-FR\",\"@id\":\"https:\/\/welovecinema.be\/nl\/#\/schema\/logo\/image\/\",\"url\":\"https:\/\/welovecinema.be\/wp-content\/uploads\/sites\/2\/2023\/03\/Logo-We-Love-Cinema305x128.jpg\",\"contentUrl\":\"https:\/\/welovecinema.be\/wp-content\/uploads\/sites\/2\/2023\/03\/Logo-We-Love-Cinema305x128.jpg\",\"width\":305,\"height\":128,\"caption\":\"We Love Cinema\"},\"image\":{\"@id\":\"https:\/\/welovecinema.be\/nl\/#\/schema\/logo\/image\/\"},\"sameAs\":[\"https:\/\/www.facebook.com\/welovecinema.be\",\"https:\/\/www.youtube.com\/channel\/UCX5LYGVhnKvYauW4Nta4HJA\",\"https:\/\/www.instagram.com\/welovecinema.be\/\"]},{\"@type\":\"Person\",\"@id\":\"https:\/\/welovecinema.be\/nl\/#\/schema\/person\/4b9b1d857f0943453a38a7c2859ef756\",\"name\":\"Philippe.Pierquin\",\"url\":\"https:\/\/welovecinema.be\/fr\/author\/philippe-pierquin\/\"}]}<\/script>\n<!-- \/ Yoast SEO plugin. -->","yoast_head_json":{"title":"Tango libre en force aux troph\u00e9es francophones du cin\u00e9ma - We Love Cinema","robots":{"index":"index","follow":"follow","max-snippet":"max-snippet:-1","max-image-preview":"max-image-preview:large","max-video-preview":"max-video-preview:-1"},"canonical":"https:\/\/welovecinema.be\/fr\/tango-libre-en-force-aux-trophees-francophones-du-cinema\/","og_locale":"fr_FR","og_type":"article","og_title":"Tango libre en force aux troph\u00e9es francophones du cin\u00e9ma - We Love Cinema","og_description":"La 2e \u00e9dition des troph\u00e9es francophones du cin\u00e9ma se tiendra \u00e0 Dakar, du 6 au 15 octobre. 34 films et 12 courts m\u00e9trages venant de 20 pays avaient \u00e9t\u00e9 pr\u00e9s\u00e9lectionn\u00e9s. \u00c0 l\u2019issue du premier tour de vote, les nominations se sont r\u00e9parties sur 22 longs m\u00e9trages et 5 courts repr\u00e9sentant 16 pays. Tango Libre de &hellip;","og_url":"https:\/\/welovecinema.be\/fr\/tango-libre-en-force-aux-trophees-francophones-du-cinema\/","og_site_name":"We Love Cinema","article_publisher":"https:\/\/www.facebook.com\/welovecinema.be","article_published_time":"2014-09-24T08:14:57+00:00","article_modified_time":"2014-09-24T08:15:00+00:00","og_image":[{"width":3500,"height":1968,"url":"https:\/\/welovecinema.be\/wp-content\/uploads\/sites\/2\/2014\/09\/TANGO-LIBRE-3-\u00a9-P.Muller.jpg","type":"image\/jpeg"}],"author":"Philippe.Pierquin","twitter_card":"summary_large_image","twitter_misc":{"\u00c9crit par":"Philippe.Pierquin","Dur\u00e9e de lecture estim\u00e9e":"1 minute"},"schema":{"@context":"https:\/\/schema.org","@graph":[{"@type":"Article","@id":"https:\/\/welovecinema.be\/fr\/tango-libre-en-force-aux-trophees-francophones-du-cinema\/#article","isPartOf":{"@id":"https:\/\/welovecinema.be\/fr\/tango-libre-en-force-aux-trophees-francophones-du-cinema\/"},"author":{"name":"Philippe.Pierquin","@id":"https:\/\/welovecinema.be\/nl\/#\/schema\/person\/4b9b1d857f0943453a38a7c2859ef756"},"headline":"Tango libre en force aux troph\u00e9es francophones du cin\u00e9ma","datePublished":"2014-09-24T08:14:57+00:00","dateModified":"2014-09-24T08:15:00+00:00","mainEntityOfPage":{"@id":"https:\/\/welovecinema.be\/fr\/tango-libre-en-force-aux-trophees-francophones-du-cinema\/"},"wordCount":203,"publisher":{"@id":"https:\/\/welovecinema.be\/nl\/#organization"},"articleSection":["Evenements"],"inLanguage":"fr-FR"},{"@type":"WebPage","@id":"https:\/\/welovecinema.be\/fr\/tango-libre-en-force-aux-trophees-francophones-du-cinema\/","url":"https:\/\/welovecinema.be\/fr\/tango-libre-en-force-aux-trophees-francophones-du-cinema\/","name":"Tango libre en force aux troph\u00e9es francophones du cin\u00e9ma - We Love Cinema","isPartOf":{"@id":"https:\/\/welovecinema.be\/nl\/#website"},"datePublished":"2014-09-24T08:14:57+00:00","dateModified":"2014-09-24T08:15:00+00:00","breadcrumb":{"@id":"https:\/\/welovecinema.be\/fr\/tango-libre-en-force-aux-trophees-francophones-du-cinema\/#breadcrumb"},"inLanguage":"fr-FR","potentialAction":[{"@type":"ReadAction","target":["https:\/\/welovecinema.be\/fr\/tango-libre-en-force-aux-trophees-francophones-du-cinema\/"]}]},{"@type":"BreadcrumbList","@id":"https:\/\/welovecinema.be\/fr\/tango-libre-en-force-aux-trophees-francophones-du-cinema\/#breadcrumb","itemListElement":[{"@type":"ListItem","position":1,"name":"Accueil","item":"https:\/\/welovecinema.be\/fr\/"},{"@type":"ListItem","position":2,"name":"Tango libre en force aux troph\u00e9es francophones du cin\u00e9ma"}]},{"@type":"WebSite","@id":"https:\/\/welovecinema.be\/nl\/#website","url":"https:\/\/welovecinema.be\/nl\/","name":"We Love Cinema","description":"Toute l\u2019information du cin\u00e9ma en Belgique","publisher":{"@id":"https:\/\/welovecinema.be\/nl\/#organization"},"potentialAction":[{"@type":"SearchAction","target":{"@type":"EntryPoint","urlTemplate":"https:\/\/welovecinema.be\/nl\/?s={search_term_string}"},"query-input":"required name=search_term_string"}],"inLanguage":"fr-FR"},{"@type":"Organization","@id":"https:\/\/welovecinema.be\/nl\/#organization","name":"We Love Cinema","url":"https:\/\/welovecinema.be\/nl\/","logo":{"@type":"ImageObject","inLanguage":"fr-FR","@id":"https:\/\/welovecinema.be\/nl\/#\/schema\/logo\/image\/","url":"https:\/\/welovecinema.be\/wp-content\/uploads\/sites\/2\/2023\/03\/Logo-We-Love-Cinema305x128.jpg","contentUrl":"https:\/\/welovecinema.be\/wp-content\/uploads\/sites\/2\/2023\/03\/Logo-We-Love-Cinema305x128.jpg","width":305,"height":128,"caption":"We Love Cinema"},"image":{"@id":"https:\/\/welovecinema.be\/nl\/#\/schema\/logo\/image\/"},"sameAs":["https:\/\/www.facebook.com\/welovecinema.be","https:\/\/www.youtube.com\/channel\/UCX5LYGVhnKvYauW4Nta4HJA","https:\/\/www.instagram.com\/welovecinema.be\/"]},{"@type":"Person","@id":"https:\/\/welovecinema.be\/nl\/#\/schema\/person\/4b9b1d857f0943453a38a7c2859ef756","name":"Philippe.Pierquin","url":"https:\/\/welovecinema.be\/fr\/author\/philippe-pierquin\/"}]}},"_links":{"self":[{"href":"https:\/\/welovecinema.be\/fr\/wp-json\/wp\/v2\/posts\/62632","targetHints":{"allow":["GET"]}}],"collection":[{"href":"https:\/\/welovecinema.be\/fr\/wp-json\/wp\/v2\/posts"}],"about":[{"href":"https:\/\/welovecinema.be\/fr\/wp-json\/wp\/v2\/types\/post"}],"author":[{"embeddable":true,"href":"https:\/\/welovecinema.be\/fr\/wp-json\/wp\/v2\/users\/7"}],"replies":[{"embeddable":true,"href":"https:\/\/welovecinema.be\/fr\/wp-json\/wp\/v2\/comments?post=62632"}],"version-history":[{"count":0,"href":"https:\/\/welovecinema.be\/fr\/wp-json\/wp\/v2\/posts\/62632\/revisions"}],"wp:featuredmedia":[{"embeddable":true,"href":"https:\/\/welovecinema.be\/fr\/wp-json\/wp\/v2\/media\/62636"}],"wp:attachment":[{"href":"https:\/\/welovecinema.be\/fr\/wp-json\/wp\/v2\/media?parent=62632"}],"wp:term":[{"taxonomy":"category","embeddable":true,"href":"https:\/\/welovecinema.be\/fr\/wp-json\/wp\/v2\/categories?post=62632"},{"taxonomy":"post_tag","embeddable":true,"href":"https:\/\/welovecinema.be\/fr\/wp-json\/wp\/v2\/tags?post=62632"}],"curies":[{"name":"wp","href":"https:\/\/api.w.org\/{rel}","templated":true}]}}