{"id":62623,"date":"2014-09-25T06:36:27","date_gmt":"2014-09-25T04:36:27","guid":{"rendered":"http:\/\/www.cinevox.be\/?p=62623"},"modified":"2014-09-25T10:41:43","modified_gmt":"2014-09-25T08:41:43","slug":"photo-du-jour-jeudi-25-septembre-2014","status":"publish","type":"post","link":"https:\/\/welovecinema.be\/fr\/photo-du-jour-jeudi-25-septembre-2014\/","title":{"rendered":"La photo du jour &#8211; Jeudi 25 septembre 2014"},"content":{"rendered":"<p>Trois\u00a0films belges ont \u00e9t\u00e9 pr\u00e9sent\u00e9s au Fantastic Film Festival in Austin, Texas.(domin\u00e9 par Alleluia, lire <a href=\"http:\/\/www.cinevox.be\/?p=62654\" target=\"_blank\">ici<\/a>)<br \/>\nPour se d\u00e9tendre, entre deux interviews et une apparition en salle, quelques r\u00e9alisateurs se livrent aux petits plaisirs du coin.<br \/>\nEn haut: Pieter Van Hees (<em>Waste Land<\/em>), en bas Hans Herbots (<em>De Behandeling<\/em>).<\/p>\n<p><!--more--><\/p>\n<p>&nbsp;<\/p>\n<p>&nbsp;<\/p>\n<p><a href=\"http:\/\/www.cinevox.be\/photo-du-jour-jeudi-25-septembre-2014\/10406416_809691779074227_677632019571111706_n\/\" rel=\"attachment wp-att-62626\"><img loading=\"lazy\" decoding=\"async\" class=\"aligncenter size-large wp-image-62626\" src=\"http:\/\/www.cinevox.be\/wp-content\/uploads\/sites\/2\/2014\/09\/10406416_809691779074227_677632019571111706_n-800x588.jpg\" alt=\"\" width=\"640\" height=\"470\" srcset=\"https:\/\/welovecinema.be\/wp-content\/uploads\/sites\/2\/2014\/09\/10406416_809691779074227_677632019571111706_n-800x588.jpg 800w, https:\/\/welovecinema.be\/wp-content\/uploads\/sites\/2\/2014\/09\/10406416_809691779074227_677632019571111706_n-367x270.jpg 367w, https:\/\/welovecinema.be\/wp-content\/uploads\/sites\/2\/2014\/09\/10406416_809691779074227_677632019571111706_n.jpg 960w\" sizes=\"auto, (max-width: 640px) 100vw, 640px\" \/><\/a><\/p>\n<p>&nbsp;<\/p>\n<p><a href=\"http:\/\/www.cinevox.be\/photo-du-jour-jeudi-25-septembre-2014\/10541899_809691715740900_6675054892183866316_n\/\" rel=\"attachment wp-att-62627\"><img loading=\"lazy\" decoding=\"async\" class=\"aligncenter size-large wp-image-62627\" src=\"http:\/\/www.cinevox.be\/wp-content\/uploads\/sites\/2\/2014\/09\/10541899_809691715740900_6675054892183866316_n-800x593.jpg\" alt=\"\" width=\"640\" height=\"474\" srcset=\"https:\/\/welovecinema.be\/wp-content\/uploads\/sites\/2\/2014\/09\/10541899_809691715740900_6675054892183866316_n-800x593.jpg 800w, https:\/\/welovecinema.be\/wp-content\/uploads\/sites\/2\/2014\/09\/10541899_809691715740900_6675054892183866316_n-364x270.jpg 364w, https:\/\/welovecinema.be\/wp-content\/uploads\/sites\/2\/2014\/09\/10541899_809691715740900_6675054892183866316_n.jpg 960w\" sizes=\"auto, (max-width: 640px) 100vw, 640px\" \/><\/a><\/p>\n","protected":false},"excerpt":{"rendered":"<p>Trois\u00a0films belges ont \u00e9t\u00e9 pr\u00e9sent\u00e9s au Fantastic Film Festival in Austin, Texas.(domin\u00e9 par Alleluia, lire ici) Pour se d\u00e9tendre, entre deux interviews et une apparition en salle, quelques r\u00e9alisateurs se livrent aux petits plaisirs du coin. En haut: Pieter Van Hees (Waste Land), en bas Hans Herbots (De Behandeling).<\/p>\n","protected":false},"author":7,"featured_media":62630,"comment_status":"closed","ping_status":"closed","sticky":false,"template":"","format":"standard","meta":{"ngg_post_thumbnail":0,"footnotes":""},"categories":[1923],"tags":[],"class_list":["post-62623","post","type-post","status-publish","format-standard","has-post-thumbnail","","category-en-bref"],"yoast_head":"<!-- This site is optimized with the Yoast SEO plugin v20.4 - https:\/\/yoast.com\/wordpress\/plugins\/seo\/ -->\n<title>La photo du jour - Jeudi 25 septembre 2014 - We Love Cinema<\/title>\n<meta name=\"robots\" content=\"index, follow, max-snippet:-1, max-image-preview:large, max-video-preview:-1\" \/>\n<link rel=\"canonical\" href=\"https:\/\/welovecinema.be\/fr\/photo-du-jour-jeudi-25-septembre-2014\/\" \/>\n<meta property=\"og:locale\" content=\"fr_FR\" \/>\n<meta property=\"og:type\" content=\"article\" \/>\n<meta property=\"og:title\" content=\"La photo du jour - Jeudi 25 septembre 2014 - We Love Cinema\" \/>\n<meta property=\"og:description\" content=\"Trois\u00a0films belges ont \u00e9t\u00e9 pr\u00e9sent\u00e9s au Fantastic Film Festival in Austin, Texas.(domin\u00e9 par Alleluia, lire ici) Pour se d\u00e9tendre, entre deux interviews et une apparition en salle, quelques r\u00e9alisateurs se livrent aux petits plaisirs du coin. En haut: Pieter Van Hees (Waste Land), en bas Hans Herbots (De Behandeling).\" \/>\n<meta property=\"og:url\" content=\"https:\/\/welovecinema.be\/fr\/photo-du-jour-jeudi-25-septembre-2014\/\" \/>\n<meta property=\"og:site_name\" content=\"We Love Cinema\" \/>\n<meta property=\"article:publisher\" content=\"https:\/\/www.facebook.com\/welovecinema.be\" \/>\n<meta property=\"article:published_time\" content=\"2014-09-25T04:36:27+00:00\" \/>\n<meta property=\"article:modified_time\" content=\"2014-09-25T08:41:43+00:00\" \/>\n<meta property=\"og:image\" content=\"https:\/\/welovecinema.be\/wp-content\/uploads\/sites\/2\/2010\/09\/app10.jpg\" \/>\n\t<meta property=\"og:image:width\" content=\"1536\" \/>\n\t<meta property=\"og:image:height\" content=\"1024\" \/>\n\t<meta property=\"og:image:type\" content=\"image\/jpeg\" \/>\n<meta name=\"author\" content=\"Philippe.Pierquin\" \/>\n<meta name=\"twitter:card\" content=\"summary_large_image\" \/>\n<meta name=\"twitter:label1\" content=\"\u00c9crit par\" \/>\n\t<meta name=\"twitter:data1\" content=\"Philippe.Pierquin\" \/>\n<script type=\"application\/ld+json\" class=\"yoast-schema-graph\">{\"@context\":\"https:\/\/schema.org\",\"@graph\":[{\"@type\":\"Article\",\"@id\":\"https:\/\/welovecinema.be\/fr\/photo-du-jour-jeudi-25-septembre-2014\/#article\",\"isPartOf\":{\"@id\":\"https:\/\/welovecinema.be\/fr\/photo-du-jour-jeudi-25-septembre-2014\/\"},\"author\":{\"name\":\"Philippe.Pierquin\",\"@id\":\"https:\/\/welovecinema.be\/nl\/#\/schema\/person\/4b9b1d857f0943453a38a7c2859ef756\"},\"headline\":\"La photo du jour &#8211; Jeudi 25 septembre 2014\",\"datePublished\":\"2014-09-25T04:36:27+00:00\",\"dateModified\":\"2014-09-25T08:41:43+00:00\",\"mainEntityOfPage\":{\"@id\":\"https:\/\/welovecinema.be\/fr\/photo-du-jour-jeudi-25-septembre-2014\/\"},\"wordCount\":65,\"publisher\":{\"@id\":\"https:\/\/welovecinema.be\/nl\/#organization\"},\"articleSection\":[\"En bref\"],\"inLanguage\":\"fr-FR\"},{\"@type\":\"WebPage\",\"@id\":\"https:\/\/welovecinema.be\/fr\/photo-du-jour-jeudi-25-septembre-2014\/\",\"url\":\"https:\/\/welovecinema.be\/fr\/photo-du-jour-jeudi-25-septembre-2014\/\",\"name\":\"La photo du jour - Jeudi 25 septembre 2014 - We Love Cinema\",\"isPartOf\":{\"@id\":\"https:\/\/welovecinema.be\/nl\/#website\"},\"datePublished\":\"2014-09-25T04:36:27+00:00\",\"dateModified\":\"2014-09-25T08:41:43+00:00\",\"breadcrumb\":{\"@id\":\"https:\/\/welovecinema.be\/fr\/photo-du-jour-jeudi-25-septembre-2014\/#breadcrumb\"},\"inLanguage\":\"fr-FR\",\"potentialAction\":[{\"@type\":\"ReadAction\",\"target\":[\"https:\/\/welovecinema.be\/fr\/photo-du-jour-jeudi-25-septembre-2014\/\"]}]},{\"@type\":\"BreadcrumbList\",\"@id\":\"https:\/\/welovecinema.be\/fr\/photo-du-jour-jeudi-25-septembre-2014\/#breadcrumb\",\"itemListElement\":[{\"@type\":\"ListItem\",\"position\":1,\"name\":\"Accueil\",\"item\":\"https:\/\/welovecinema.be\/fr\/\"},{\"@type\":\"ListItem\",\"position\":2,\"name\":\"La photo du jour &#8211; Jeudi 25 septembre 2014\"}]},{\"@type\":\"WebSite\",\"@id\":\"https:\/\/welovecinema.be\/nl\/#website\",\"url\":\"https:\/\/welovecinema.be\/nl\/\",\"name\":\"We Love Cinema\",\"description\":\"Toute l\u2019information du cin\u00e9ma en Belgique\",\"publisher\":{\"@id\":\"https:\/\/welovecinema.be\/nl\/#organization\"},\"potentialAction\":[{\"@type\":\"SearchAction\",\"target\":{\"@type\":\"EntryPoint\",\"urlTemplate\":\"https:\/\/welovecinema.be\/nl\/?s={search_term_string}\"},\"query-input\":\"required name=search_term_string\"}],\"inLanguage\":\"fr-FR\"},{\"@type\":\"Organization\",\"@id\":\"https:\/\/welovecinema.be\/nl\/#organization\",\"name\":\"We Love Cinema\",\"url\":\"https:\/\/welovecinema.be\/nl\/\",\"logo\":{\"@type\":\"ImageObject\",\"inLanguage\":\"fr-FR\",\"@id\":\"https:\/\/welovecinema.be\/nl\/#\/schema\/logo\/image\/\",\"url\":\"https:\/\/welovecinema.be\/wp-content\/uploads\/sites\/2\/2023\/03\/Logo-We-Love-Cinema305x128.jpg\",\"contentUrl\":\"https:\/\/welovecinema.be\/wp-content\/uploads\/sites\/2\/2023\/03\/Logo-We-Love-Cinema305x128.jpg\",\"width\":305,\"height\":128,\"caption\":\"We Love Cinema\"},\"image\":{\"@id\":\"https:\/\/welovecinema.be\/nl\/#\/schema\/logo\/image\/\"},\"sameAs\":[\"https:\/\/www.facebook.com\/welovecinema.be\",\"https:\/\/www.youtube.com\/channel\/UCX5LYGVhnKvYauW4Nta4HJA\",\"https:\/\/www.instagram.com\/welovecinema.be\/\"]},{\"@type\":\"Person\",\"@id\":\"https:\/\/welovecinema.be\/nl\/#\/schema\/person\/4b9b1d857f0943453a38a7c2859ef756\",\"name\":\"Philippe.Pierquin\",\"url\":\"https:\/\/welovecinema.be\/fr\/author\/philippe-pierquin\/\"}]}<\/script>\n<!-- \/ Yoast SEO plugin. -->","yoast_head_json":{"title":"La photo du jour - Jeudi 25 septembre 2014 - We Love Cinema","robots":{"index":"index","follow":"follow","max-snippet":"max-snippet:-1","max-image-preview":"max-image-preview:large","max-video-preview":"max-video-preview:-1"},"canonical":"https:\/\/welovecinema.be\/fr\/photo-du-jour-jeudi-25-septembre-2014\/","og_locale":"fr_FR","og_type":"article","og_title":"La photo du jour - Jeudi 25 septembre 2014 - We Love Cinema","og_description":"Trois\u00a0films belges ont \u00e9t\u00e9 pr\u00e9sent\u00e9s au Fantastic Film Festival in Austin, Texas.(domin\u00e9 par Alleluia, lire ici) Pour se d\u00e9tendre, entre deux interviews et une apparition en salle, quelques r\u00e9alisateurs se livrent aux petits plaisirs du coin. En haut: Pieter Van Hees (Waste Land), en bas Hans Herbots (De Behandeling).","og_url":"https:\/\/welovecinema.be\/fr\/photo-du-jour-jeudi-25-septembre-2014\/","og_site_name":"We Love Cinema","article_publisher":"https:\/\/www.facebook.com\/welovecinema.be","article_published_time":"2014-09-25T04:36:27+00:00","article_modified_time":"2014-09-25T08:41:43+00:00","og_image":[{"width":1536,"height":1024,"url":"https:\/\/welovecinema.be\/wp-content\/uploads\/sites\/2\/2010\/09\/app10.jpg","type":"image\/jpeg"}],"author":"Philippe.Pierquin","twitter_card":"summary_large_image","twitter_misc":{"\u00c9crit par":"Philippe.Pierquin"},"schema":{"@context":"https:\/\/schema.org","@graph":[{"@type":"Article","@id":"https:\/\/welovecinema.be\/fr\/photo-du-jour-jeudi-25-septembre-2014\/#article","isPartOf":{"@id":"https:\/\/welovecinema.be\/fr\/photo-du-jour-jeudi-25-septembre-2014\/"},"author":{"name":"Philippe.Pierquin","@id":"https:\/\/welovecinema.be\/nl\/#\/schema\/person\/4b9b1d857f0943453a38a7c2859ef756"},"headline":"La photo du jour &#8211; Jeudi 25 septembre 2014","datePublished":"2014-09-25T04:36:27+00:00","dateModified":"2014-09-25T08:41:43+00:00","mainEntityOfPage":{"@id":"https:\/\/welovecinema.be\/fr\/photo-du-jour-jeudi-25-septembre-2014\/"},"wordCount":65,"publisher":{"@id":"https:\/\/welovecinema.be\/nl\/#organization"},"articleSection":["En bref"],"inLanguage":"fr-FR"},{"@type":"WebPage","@id":"https:\/\/welovecinema.be\/fr\/photo-du-jour-jeudi-25-septembre-2014\/","url":"https:\/\/welovecinema.be\/fr\/photo-du-jour-jeudi-25-septembre-2014\/","name":"La photo du jour - Jeudi 25 septembre 2014 - We Love Cinema","isPartOf":{"@id":"https:\/\/welovecinema.be\/nl\/#website"},"datePublished":"2014-09-25T04:36:27+00:00","dateModified":"2014-09-25T08:41:43+00:00","breadcrumb":{"@id":"https:\/\/welovecinema.be\/fr\/photo-du-jour-jeudi-25-septembre-2014\/#breadcrumb"},"inLanguage":"fr-FR","potentialAction":[{"@type":"ReadAction","target":["https:\/\/welovecinema.be\/fr\/photo-du-jour-jeudi-25-septembre-2014\/"]}]},{"@type":"BreadcrumbList","@id":"https:\/\/welovecinema.be\/fr\/photo-du-jour-jeudi-25-septembre-2014\/#breadcrumb","itemListElement":[{"@type":"ListItem","position":1,"name":"Accueil","item":"https:\/\/welovecinema.be\/fr\/"},{"@type":"ListItem","position":2,"name":"La photo du jour &#8211; Jeudi 25 septembre 2014"}]},{"@type":"WebSite","@id":"https:\/\/welovecinema.be\/nl\/#website","url":"https:\/\/welovecinema.be\/nl\/","name":"We Love Cinema","description":"Toute l\u2019information du cin\u00e9ma en Belgique","publisher":{"@id":"https:\/\/welovecinema.be\/nl\/#organization"},"potentialAction":[{"@type":"SearchAction","target":{"@type":"EntryPoint","urlTemplate":"https:\/\/welovecinema.be\/nl\/?s={search_term_string}"},"query-input":"required name=search_term_string"}],"inLanguage":"fr-FR"},{"@type":"Organization","@id":"https:\/\/welovecinema.be\/nl\/#organization","name":"We Love Cinema","url":"https:\/\/welovecinema.be\/nl\/","logo":{"@type":"ImageObject","inLanguage":"fr-FR","@id":"https:\/\/welovecinema.be\/nl\/#\/schema\/logo\/image\/","url":"https:\/\/welovecinema.be\/wp-content\/uploads\/sites\/2\/2023\/03\/Logo-We-Love-Cinema305x128.jpg","contentUrl":"https:\/\/welovecinema.be\/wp-content\/uploads\/sites\/2\/2023\/03\/Logo-We-Love-Cinema305x128.jpg","width":305,"height":128,"caption":"We Love Cinema"},"image":{"@id":"https:\/\/welovecinema.be\/nl\/#\/schema\/logo\/image\/"},"sameAs":["https:\/\/www.facebook.com\/welovecinema.be","https:\/\/www.youtube.com\/channel\/UCX5LYGVhnKvYauW4Nta4HJA","https:\/\/www.instagram.com\/welovecinema.be\/"]},{"@type":"Person","@id":"https:\/\/welovecinema.be\/nl\/#\/schema\/person\/4b9b1d857f0943453a38a7c2859ef756","name":"Philippe.Pierquin","url":"https:\/\/welovecinema.be\/fr\/author\/philippe-pierquin\/"}]}},"_links":{"self":[{"href":"https:\/\/welovecinema.be\/fr\/wp-json\/wp\/v2\/posts\/62623","targetHints":{"allow":["GET"]}}],"collection":[{"href":"https:\/\/welovecinema.be\/fr\/wp-json\/wp\/v2\/posts"}],"about":[{"href":"https:\/\/welovecinema.be\/fr\/wp-json\/wp\/v2\/types\/post"}],"author":[{"embeddable":true,"href":"https:\/\/welovecinema.be\/fr\/wp-json\/wp\/v2\/users\/7"}],"replies":[{"embeddable":true,"href":"https:\/\/welovecinema.be\/fr\/wp-json\/wp\/v2\/comments?post=62623"}],"version-history":[{"count":0,"href":"https:\/\/welovecinema.be\/fr\/wp-json\/wp\/v2\/posts\/62623\/revisions"}],"wp:featuredmedia":[{"embeddable":true,"href":"https:\/\/welovecinema.be\/fr\/wp-json\/wp\/v2\/media\/62630"}],"wp:attachment":[{"href":"https:\/\/welovecinema.be\/fr\/wp-json\/wp\/v2\/media?parent=62623"}],"wp:term":[{"taxonomy":"category","embeddable":true,"href":"https:\/\/welovecinema.be\/fr\/wp-json\/wp\/v2\/categories?post=62623"},{"taxonomy":"post_tag","embeddable":true,"href":"https:\/\/welovecinema.be\/fr\/wp-json\/wp\/v2\/tags?post=62623"}],"curies":[{"name":"wp","href":"https:\/\/api.w.org\/{rel}","templated":true}]}}