{"id":61986,"date":"2014-09-13T09:47:34","date_gmt":"2014-09-13T07:47:34","guid":{"rendered":"http:\/\/www.cinevox.be\/?p=61986"},"modified":"2014-09-13T09:48:19","modified_gmt":"2014-09-13T07:48:19","slug":"casting-court-metrage-2","status":"publish","type":"post","link":"https:\/\/welovecinema.be\/fr\/casting-court-metrage-2\/","title":{"rendered":"Casting pour court m\u00e9trage"},"content":{"rendered":"<p>Dans le cadre du court m\u00e9trage <em>La Graine <\/em>r\u00e9alis\u00e9 par <strong>Barney Frydman<\/strong> (projet soutenu par la Communaut\u00e9 Fran\u00e7aise Wallonie-Bruxelles &amp; Arte), la maison de Production Scarfilm est \u00e0 la recherche de :<!--more--><\/p>\n<p>&nbsp;<\/p>\n<p>&nbsp;<\/p>\n<p>&nbsp;<\/p>\n<p>&nbsp;<\/p>\n<p>&nbsp;<\/p>\n<p>&#8211; UN BEBE de 2 \u00e0 4 mois de type europ\u00e9en pour quelques heures de tournage en soir\u00e9e (encadrement pr\u00e9vu &#8211; r\u00e9mun\u00e9ration de 100 EUR\/JOUR)<\/p>\n<p>&nbsp;<\/p>\n<p>&#8211; TROIS HOMMES d&rsquo;origine Indienne\u00a0 et\/ou Pakistanaise (un jeune d&rsquo;une vingtaine d&rsquo;ann\u00e9es sachant rouler \u00e0 scooter \/ un homme entre 25 et 35 ans, grand et costaud \/ un homme de 40-50 ans pour jouer le r\u00f4le d&rsquo;un vendeur de Night Shop)<\/p>\n<p>&nbsp;<\/p>\n<p>&#8211; UNE FEMME de 35 \u00e0 45 ans pour jouer le r\u00f4le d\u2019Adriana une prostitu\u00e9e, sachant parler avec un accent de l\u2019est (russe, roumain, etc.).<\/p>\n<p>&nbsp;<\/p>\n<p>&nbsp;<\/p>\n<p>Pitch : \u00ab Deux jeunes d\u00e9linquants en marge de la soci\u00e9t\u00e9 provoquent accidentellement la mort d\u2019une jeune femme. Ils font alors une d\u00e9couverte qui va changer leur vie\u2026 \u00bb<\/p>\n<p>Le tournage du court m\u00e9trage se d\u00e9roulera dans la p\u00e9riode du 15 au 25 octobre 2014. Les prestations seront r\u00e9mun\u00e9r\u00e9es.<\/p>\n<p>&nbsp;<\/p>\n<p>Merci d\u2019envoyer vos CV et photos \u00e0 l\u2019adresse suivante. Seuls les profils correspondant \u00e0 l\u2019annonce seront recontact\u00e9s : casting.scarfilm@gmail.com<\/p>\n<p>&nbsp;<\/p>\n<p>La Production (www.scarfilm.net)<\/p>\n<p>&nbsp;<\/p>\n<p>&nbsp;<\/p>\n<p><i>NDLR. Cinevox relaie volontiers et gratuitement des annonces qui semblent s\u00e9rieuses et peuvent permettre \u00e0 nos lecteurs de plonger dans le monde du cin\u00e9ma. Nous ne faisons n\u00e9anmoins que mettre en contact une production ou une soci\u00e9t\u00e9 avec notre communaut\u00e9. Pour tous renseignements compl\u00e9mentaires et revendications \u00e9ventuelles, merci de vous adresser \u00e0 l\u2019adresse pr\u00e9sente dans l\u2019annonce.\u00a0<\/i><\/p>\n<p>&nbsp;<\/p>\n","protected":false},"excerpt":{"rendered":"<p>Dans le cadre du court m\u00e9trage La Graine r\u00e9alis\u00e9 par Barney Frydman (projet soutenu par la Communaut\u00e9 Fran\u00e7aise Wallonie-Bruxelles &amp; Arte), la maison de Production Scarfilm est \u00e0 la recherche de :<\/p>\n","protected":false},"author":7,"featured_media":61988,"comment_status":"closed","ping_status":"closed","sticky":false,"template":"","format":"standard","meta":{"ngg_post_thumbnail":0,"footnotes":""},"categories":[1923],"tags":[],"class_list":["post-61986","post","type-post","status-publish","format-standard","has-post-thumbnail","","category-en-bref"],"yoast_head":"<!-- This site is optimized with the Yoast SEO plugin v20.4 - https:\/\/yoast.com\/wordpress\/plugins\/seo\/ -->\n<title>Casting pour court m\u00e9trage - We Love Cinema<\/title>\n<meta name=\"robots\" content=\"index, follow, max-snippet:-1, max-image-preview:large, max-video-preview:-1\" \/>\n<link rel=\"canonical\" href=\"https:\/\/welovecinema.be\/fr\/casting-court-metrage-2\/\" \/>\n<meta property=\"og:locale\" content=\"fr_FR\" \/>\n<meta property=\"og:type\" content=\"article\" \/>\n<meta property=\"og:title\" content=\"Casting pour court m\u00e9trage - We Love Cinema\" \/>\n<meta property=\"og:description\" content=\"Dans le cadre du court m\u00e9trage La Graine r\u00e9alis\u00e9 par Barney Frydman (projet soutenu par la Communaut\u00e9 Fran\u00e7aise Wallonie-Bruxelles &amp; Arte), la maison de Production Scarfilm est \u00e0 la recherche de :\" \/>\n<meta property=\"og:url\" content=\"https:\/\/welovecinema.be\/fr\/casting-court-metrage-2\/\" \/>\n<meta property=\"og:site_name\" content=\"We Love Cinema\" \/>\n<meta property=\"article:publisher\" content=\"https:\/\/www.facebook.com\/welovecinema.be\" \/>\n<meta property=\"article:published_time\" content=\"2014-09-13T07:47:34+00:00\" \/>\n<meta property=\"article:modified_time\" content=\"2014-09-13T07:48:19+00:00\" \/>\n<meta property=\"og:image\" content=\"https:\/\/welovecinema.be\/wp-content\/uploads\/sites\/2\/2014\/09\/ALEXA-HERO-LHS-3-4-300dpi._1330093092.0277.jpg\" \/>\n\t<meta property=\"og:image:width\" content=\"700\" \/>\n\t<meta property=\"og:image:height\" content=\"466\" \/>\n\t<meta property=\"og:image:type\" content=\"image\/jpeg\" \/>\n<meta name=\"author\" content=\"Philippe.Pierquin\" \/>\n<meta name=\"twitter:card\" content=\"summary_large_image\" \/>\n<meta name=\"twitter:label1\" content=\"\u00c9crit par\" \/>\n\t<meta name=\"twitter:data1\" content=\"Philippe.Pierquin\" \/>\n\t<meta name=\"twitter:label2\" content=\"Dur\u00e9e de lecture estim\u00e9e\" \/>\n\t<meta name=\"twitter:data2\" content=\"1 minute\" \/>\n<script type=\"application\/ld+json\" class=\"yoast-schema-graph\">{\"@context\":\"https:\/\/schema.org\",\"@graph\":[{\"@type\":\"Article\",\"@id\":\"https:\/\/welovecinema.be\/fr\/casting-court-metrage-2\/#article\",\"isPartOf\":{\"@id\":\"https:\/\/welovecinema.be\/fr\/casting-court-metrage-2\/\"},\"author\":{\"name\":\"Philippe.Pierquin\",\"@id\":\"https:\/\/welovecinema.be\/nl\/#\/schema\/person\/4b9b1d857f0943453a38a7c2859ef756\"},\"headline\":\"Casting pour court m\u00e9trage\",\"datePublished\":\"2014-09-13T07:47:34+00:00\",\"dateModified\":\"2014-09-13T07:48:19+00:00\",\"mainEntityOfPage\":{\"@id\":\"https:\/\/welovecinema.be\/fr\/casting-court-metrage-2\/\"},\"wordCount\":292,\"publisher\":{\"@id\":\"https:\/\/welovecinema.be\/nl\/#organization\"},\"articleSection\":[\"En bref\"],\"inLanguage\":\"fr-FR\"},{\"@type\":\"WebPage\",\"@id\":\"https:\/\/welovecinema.be\/fr\/casting-court-metrage-2\/\",\"url\":\"https:\/\/welovecinema.be\/fr\/casting-court-metrage-2\/\",\"name\":\"Casting pour court m\u00e9trage - We Love Cinema\",\"isPartOf\":{\"@id\":\"https:\/\/welovecinema.be\/nl\/#website\"},\"datePublished\":\"2014-09-13T07:47:34+00:00\",\"dateModified\":\"2014-09-13T07:48:19+00:00\",\"breadcrumb\":{\"@id\":\"https:\/\/welovecinema.be\/fr\/casting-court-metrage-2\/#breadcrumb\"},\"inLanguage\":\"fr-FR\",\"potentialAction\":[{\"@type\":\"ReadAction\",\"target\":[\"https:\/\/welovecinema.be\/fr\/casting-court-metrage-2\/\"]}]},{\"@type\":\"BreadcrumbList\",\"@id\":\"https:\/\/welovecinema.be\/fr\/casting-court-metrage-2\/#breadcrumb\",\"itemListElement\":[{\"@type\":\"ListItem\",\"position\":1,\"name\":\"Accueil\",\"item\":\"https:\/\/welovecinema.be\/fr\/\"},{\"@type\":\"ListItem\",\"position\":2,\"name\":\"Casting pour court m\u00e9trage\"}]},{\"@type\":\"WebSite\",\"@id\":\"https:\/\/welovecinema.be\/nl\/#website\",\"url\":\"https:\/\/welovecinema.be\/nl\/\",\"name\":\"We Love Cinema\",\"description\":\"Toute l\u2019information du cin\u00e9ma en Belgique\",\"publisher\":{\"@id\":\"https:\/\/welovecinema.be\/nl\/#organization\"},\"potentialAction\":[{\"@type\":\"SearchAction\",\"target\":{\"@type\":\"EntryPoint\",\"urlTemplate\":\"https:\/\/welovecinema.be\/nl\/?s={search_term_string}\"},\"query-input\":\"required name=search_term_string\"}],\"inLanguage\":\"fr-FR\"},{\"@type\":\"Organization\",\"@id\":\"https:\/\/welovecinema.be\/nl\/#organization\",\"name\":\"We Love Cinema\",\"url\":\"https:\/\/welovecinema.be\/nl\/\",\"logo\":{\"@type\":\"ImageObject\",\"inLanguage\":\"fr-FR\",\"@id\":\"https:\/\/welovecinema.be\/nl\/#\/schema\/logo\/image\/\",\"url\":\"https:\/\/welovecinema.be\/wp-content\/uploads\/sites\/2\/2023\/03\/Logo-We-Love-Cinema305x128.jpg\",\"contentUrl\":\"https:\/\/welovecinema.be\/wp-content\/uploads\/sites\/2\/2023\/03\/Logo-We-Love-Cinema305x128.jpg\",\"width\":305,\"height\":128,\"caption\":\"We Love Cinema\"},\"image\":{\"@id\":\"https:\/\/welovecinema.be\/nl\/#\/schema\/logo\/image\/\"},\"sameAs\":[\"https:\/\/www.facebook.com\/welovecinema.be\",\"https:\/\/www.youtube.com\/channel\/UCX5LYGVhnKvYauW4Nta4HJA\",\"https:\/\/www.instagram.com\/welovecinema.be\/\"]},{\"@type\":\"Person\",\"@id\":\"https:\/\/welovecinema.be\/nl\/#\/schema\/person\/4b9b1d857f0943453a38a7c2859ef756\",\"name\":\"Philippe.Pierquin\",\"url\":\"https:\/\/welovecinema.be\/fr\/author\/philippe-pierquin\/\"}]}<\/script>\n<!-- \/ Yoast SEO plugin. -->","yoast_head_json":{"title":"Casting pour court m\u00e9trage - We Love Cinema","robots":{"index":"index","follow":"follow","max-snippet":"max-snippet:-1","max-image-preview":"max-image-preview:large","max-video-preview":"max-video-preview:-1"},"canonical":"https:\/\/welovecinema.be\/fr\/casting-court-metrage-2\/","og_locale":"fr_FR","og_type":"article","og_title":"Casting pour court m\u00e9trage - We Love Cinema","og_description":"Dans le cadre du court m\u00e9trage La Graine r\u00e9alis\u00e9 par Barney Frydman (projet soutenu par la Communaut\u00e9 Fran\u00e7aise Wallonie-Bruxelles &amp; Arte), la maison de Production Scarfilm est \u00e0 la recherche de :","og_url":"https:\/\/welovecinema.be\/fr\/casting-court-metrage-2\/","og_site_name":"We Love Cinema","article_publisher":"https:\/\/www.facebook.com\/welovecinema.be","article_published_time":"2014-09-13T07:47:34+00:00","article_modified_time":"2014-09-13T07:48:19+00:00","og_image":[{"width":700,"height":466,"url":"https:\/\/welovecinema.be\/wp-content\/uploads\/sites\/2\/2014\/09\/ALEXA-HERO-LHS-3-4-300dpi._1330093092.0277.jpg","type":"image\/jpeg"}],"author":"Philippe.Pierquin","twitter_card":"summary_large_image","twitter_misc":{"\u00c9crit par":"Philippe.Pierquin","Dur\u00e9e de lecture estim\u00e9e":"1 minute"},"schema":{"@context":"https:\/\/schema.org","@graph":[{"@type":"Article","@id":"https:\/\/welovecinema.be\/fr\/casting-court-metrage-2\/#article","isPartOf":{"@id":"https:\/\/welovecinema.be\/fr\/casting-court-metrage-2\/"},"author":{"name":"Philippe.Pierquin","@id":"https:\/\/welovecinema.be\/nl\/#\/schema\/person\/4b9b1d857f0943453a38a7c2859ef756"},"headline":"Casting pour court m\u00e9trage","datePublished":"2014-09-13T07:47:34+00:00","dateModified":"2014-09-13T07:48:19+00:00","mainEntityOfPage":{"@id":"https:\/\/welovecinema.be\/fr\/casting-court-metrage-2\/"},"wordCount":292,"publisher":{"@id":"https:\/\/welovecinema.be\/nl\/#organization"},"articleSection":["En bref"],"inLanguage":"fr-FR"},{"@type":"WebPage","@id":"https:\/\/welovecinema.be\/fr\/casting-court-metrage-2\/","url":"https:\/\/welovecinema.be\/fr\/casting-court-metrage-2\/","name":"Casting pour court m\u00e9trage - We Love Cinema","isPartOf":{"@id":"https:\/\/welovecinema.be\/nl\/#website"},"datePublished":"2014-09-13T07:47:34+00:00","dateModified":"2014-09-13T07:48:19+00:00","breadcrumb":{"@id":"https:\/\/welovecinema.be\/fr\/casting-court-metrage-2\/#breadcrumb"},"inLanguage":"fr-FR","potentialAction":[{"@type":"ReadAction","target":["https:\/\/welovecinema.be\/fr\/casting-court-metrage-2\/"]}]},{"@type":"BreadcrumbList","@id":"https:\/\/welovecinema.be\/fr\/casting-court-metrage-2\/#breadcrumb","itemListElement":[{"@type":"ListItem","position":1,"name":"Accueil","item":"https:\/\/welovecinema.be\/fr\/"},{"@type":"ListItem","position":2,"name":"Casting pour court m\u00e9trage"}]},{"@type":"WebSite","@id":"https:\/\/welovecinema.be\/nl\/#website","url":"https:\/\/welovecinema.be\/nl\/","name":"We Love Cinema","description":"Toute l\u2019information du cin\u00e9ma en Belgique","publisher":{"@id":"https:\/\/welovecinema.be\/nl\/#organization"},"potentialAction":[{"@type":"SearchAction","target":{"@type":"EntryPoint","urlTemplate":"https:\/\/welovecinema.be\/nl\/?s={search_term_string}"},"query-input":"required name=search_term_string"}],"inLanguage":"fr-FR"},{"@type":"Organization","@id":"https:\/\/welovecinema.be\/nl\/#organization","name":"We Love Cinema","url":"https:\/\/welovecinema.be\/nl\/","logo":{"@type":"ImageObject","inLanguage":"fr-FR","@id":"https:\/\/welovecinema.be\/nl\/#\/schema\/logo\/image\/","url":"https:\/\/welovecinema.be\/wp-content\/uploads\/sites\/2\/2023\/03\/Logo-We-Love-Cinema305x128.jpg","contentUrl":"https:\/\/welovecinema.be\/wp-content\/uploads\/sites\/2\/2023\/03\/Logo-We-Love-Cinema305x128.jpg","width":305,"height":128,"caption":"We Love Cinema"},"image":{"@id":"https:\/\/welovecinema.be\/nl\/#\/schema\/logo\/image\/"},"sameAs":["https:\/\/www.facebook.com\/welovecinema.be","https:\/\/www.youtube.com\/channel\/UCX5LYGVhnKvYauW4Nta4HJA","https:\/\/www.instagram.com\/welovecinema.be\/"]},{"@type":"Person","@id":"https:\/\/welovecinema.be\/nl\/#\/schema\/person\/4b9b1d857f0943453a38a7c2859ef756","name":"Philippe.Pierquin","url":"https:\/\/welovecinema.be\/fr\/author\/philippe-pierquin\/"}]}},"_links":{"self":[{"href":"https:\/\/welovecinema.be\/fr\/wp-json\/wp\/v2\/posts\/61986","targetHints":{"allow":["GET"]}}],"collection":[{"href":"https:\/\/welovecinema.be\/fr\/wp-json\/wp\/v2\/posts"}],"about":[{"href":"https:\/\/welovecinema.be\/fr\/wp-json\/wp\/v2\/types\/post"}],"author":[{"embeddable":true,"href":"https:\/\/welovecinema.be\/fr\/wp-json\/wp\/v2\/users\/7"}],"replies":[{"embeddable":true,"href":"https:\/\/welovecinema.be\/fr\/wp-json\/wp\/v2\/comments?post=61986"}],"version-history":[{"count":0,"href":"https:\/\/welovecinema.be\/fr\/wp-json\/wp\/v2\/posts\/61986\/revisions"}],"wp:featuredmedia":[{"embeddable":true,"href":"https:\/\/welovecinema.be\/fr\/wp-json\/wp\/v2\/media\/61988"}],"wp:attachment":[{"href":"https:\/\/welovecinema.be\/fr\/wp-json\/wp\/v2\/media?parent=61986"}],"wp:term":[{"taxonomy":"category","embeddable":true,"href":"https:\/\/welovecinema.be\/fr\/wp-json\/wp\/v2\/categories?post=61986"},{"taxonomy":"post_tag","embeddable":true,"href":"https:\/\/welovecinema.be\/fr\/wp-json\/wp\/v2\/tags?post=61986"}],"curies":[{"name":"wp","href":"https:\/\/api.w.org\/{rel}","templated":true}]}}