{"id":61588,"date":"2014-09-05T10:07:03","date_gmt":"2014-09-05T08:07:03","guid":{"rendered":"http:\/\/www.cinevox.be\/?p=61588"},"modified":"2014-09-05T10:11:10","modified_gmt":"2014-09-05T08:11:10","slug":"figuration-peu-speciale-film-jaco-van-dormael-benoit-poelvoorde","status":"publish","type":"post","link":"https:\/\/welovecinema.be\/fr\/figuration-peu-speciale-film-jaco-van-dormael-benoit-poelvoorde\/","title":{"rendered":"Figuration un peu sp\u00e9ciale pour le film de Jaco van Dormael avec Benoit Poelvoorde"},"content":{"rendered":"<p>La production du long m\u00e9trage de Jaco Van Dormael <em>Le tout nouveau testament<\/em> avec entre autres Catherine Deneuve, Beno\u00eet Poelvoorde, Fran\u00e7ois Damiens.recherche des JEUNES FEMMES, entre 22 et 35 ans, minces, jolies et ACCEPTANT DE TOURNER NUES<\/p>\n<p>Tournage le 11 septembre, en journ\u00e9e \u00e0 Namur,<\/p>\n<p>D\u00e9fraiement de 100\u20ac<\/p>\n<p>Merci d&rsquo;envoyer photos et coordonn\u00e9es compl\u00e8tes \u00e0 annejacques@live.be avec \u00ab\u00a0Femmes nues\u00a0\u00bb en objet.<\/p>\n<p>Merci!<\/p>\n<p>&nbsp;<\/p>\n<p>&nbsp;<\/p>\n<p>&nbsp;<\/p>\n","protected":false},"excerpt":{"rendered":"<p>La production du long m\u00e9trage de Jaco Van Dormael Le tout nouveau testament avec entre autres Catherine Deneuve, Beno\u00eet Poelvoorde, Fran\u00e7ois Damiens.recherche des JEUNES FEMMES, entre 22 et 35 ans, minces, jolies et ACCEPTANT DE TOURNER NUES Tournage le 11 septembre, en journ\u00e9e \u00e0 Namur, D\u00e9fraiement de 100\u20ac Merci d&rsquo;envoyer photos et coordonn\u00e9es compl\u00e8tes \u00e0 &hellip;<\/p>\n","protected":false},"author":7,"featured_media":61595,"comment_status":"closed","ping_status":"closed","sticky":false,"template":"","format":"standard","meta":{"ngg_post_thumbnail":0,"footnotes":""},"categories":[20],"tags":[],"class_list":["post-61588","post","type-post","status-publish","format-standard","has-post-thumbnail","","category-cinejobs"],"yoast_head":"<!-- This site is optimized with the Yoast SEO plugin v20.4 - https:\/\/yoast.com\/wordpress\/plugins\/seo\/ -->\n<title>Figuration un peu sp\u00e9ciale pour le film de Jaco van Dormael avec Benoit Poelvoorde - We Love Cinema<\/title>\n<meta name=\"robots\" content=\"index, follow, max-snippet:-1, max-image-preview:large, max-video-preview:-1\" \/>\n<link rel=\"canonical\" href=\"https:\/\/welovecinema.be\/fr\/figuration-peu-speciale-film-jaco-van-dormael-benoit-poelvoorde\/\" \/>\n<meta property=\"og:locale\" content=\"fr_FR\" \/>\n<meta property=\"og:type\" content=\"article\" \/>\n<meta property=\"og:title\" content=\"Figuration un peu sp\u00e9ciale pour le film de Jaco van Dormael avec Benoit Poelvoorde - We Love Cinema\" \/>\n<meta property=\"og:description\" content=\"La production du long m\u00e9trage de Jaco Van Dormael Le tout nouveau testament avec entre autres Catherine Deneuve, Beno\u00eet Poelvoorde, Fran\u00e7ois Damiens.recherche des JEUNES FEMMES, entre 22 et 35 ans, minces, jolies et ACCEPTANT DE TOURNER NUES Tournage le 11 septembre, en journ\u00e9e \u00e0 Namur, D\u00e9fraiement de 100\u20ac Merci d&rsquo;envoyer photos et coordonn\u00e9es compl\u00e8tes \u00e0 &hellip;\" \/>\n<meta property=\"og:url\" content=\"https:\/\/welovecinema.be\/fr\/figuration-peu-speciale-film-jaco-van-dormael-benoit-poelvoorde\/\" \/>\n<meta property=\"og:site_name\" content=\"We Love Cinema\" \/>\n<meta property=\"article:publisher\" content=\"https:\/\/www.facebook.com\/welovecinema.be\" \/>\n<meta property=\"article:published_time\" content=\"2014-09-05T08:07:03+00:00\" \/>\n<meta property=\"article:modified_time\" content=\"2014-09-05T08:11:10+00:00\" \/>\n<meta property=\"og:image\" content=\"https:\/\/welovecinema.be\/wp-content\/uploads\/sites\/2\/2014\/09\/testament2.jpg\" \/>\n\t<meta property=\"og:image:width\" content=\"987\" \/>\n\t<meta property=\"og:image:height\" content=\"523\" \/>\n\t<meta property=\"og:image:type\" content=\"image\/jpeg\" \/>\n<meta name=\"author\" content=\"Philippe.Pierquin\" \/>\n<meta name=\"twitter:card\" content=\"summary_large_image\" \/>\n<meta name=\"twitter:label1\" content=\"\u00c9crit par\" \/>\n\t<meta name=\"twitter:data1\" content=\"Philippe.Pierquin\" \/>\n<script type=\"application\/ld+json\" class=\"yoast-schema-graph\">{\"@context\":\"https:\/\/schema.org\",\"@graph\":[{\"@type\":\"Article\",\"@id\":\"https:\/\/welovecinema.be\/fr\/figuration-peu-speciale-film-jaco-van-dormael-benoit-poelvoorde\/#article\",\"isPartOf\":{\"@id\":\"https:\/\/welovecinema.be\/fr\/figuration-peu-speciale-film-jaco-van-dormael-benoit-poelvoorde\/\"},\"author\":{\"name\":\"Philippe.Pierquin\",\"@id\":\"https:\/\/welovecinema.be\/nl\/#\/schema\/person\/4b9b1d857f0943453a38a7c2859ef756\"},\"headline\":\"Figuration un peu sp\u00e9ciale pour le film de Jaco van Dormael avec Benoit Poelvoorde\",\"datePublished\":\"2014-09-05T08:07:03+00:00\",\"dateModified\":\"2014-09-05T08:11:10+00:00\",\"mainEntityOfPage\":{\"@id\":\"https:\/\/welovecinema.be\/fr\/figuration-peu-speciale-film-jaco-van-dormael-benoit-poelvoorde\/\"},\"wordCount\":85,\"publisher\":{\"@id\":\"https:\/\/welovecinema.be\/nl\/#organization\"},\"articleSection\":[\"Cinejobs\"],\"inLanguage\":\"fr-FR\"},{\"@type\":\"WebPage\",\"@id\":\"https:\/\/welovecinema.be\/fr\/figuration-peu-speciale-film-jaco-van-dormael-benoit-poelvoorde\/\",\"url\":\"https:\/\/welovecinema.be\/fr\/figuration-peu-speciale-film-jaco-van-dormael-benoit-poelvoorde\/\",\"name\":\"Figuration un peu sp\u00e9ciale pour le film de Jaco van Dormael avec Benoit Poelvoorde - We Love Cinema\",\"isPartOf\":{\"@id\":\"https:\/\/welovecinema.be\/nl\/#website\"},\"datePublished\":\"2014-09-05T08:07:03+00:00\",\"dateModified\":\"2014-09-05T08:11:10+00:00\",\"breadcrumb\":{\"@id\":\"https:\/\/welovecinema.be\/fr\/figuration-peu-speciale-film-jaco-van-dormael-benoit-poelvoorde\/#breadcrumb\"},\"inLanguage\":\"fr-FR\",\"potentialAction\":[{\"@type\":\"ReadAction\",\"target\":[\"https:\/\/welovecinema.be\/fr\/figuration-peu-speciale-film-jaco-van-dormael-benoit-poelvoorde\/\"]}]},{\"@type\":\"BreadcrumbList\",\"@id\":\"https:\/\/welovecinema.be\/fr\/figuration-peu-speciale-film-jaco-van-dormael-benoit-poelvoorde\/#breadcrumb\",\"itemListElement\":[{\"@type\":\"ListItem\",\"position\":1,\"name\":\"Accueil\",\"item\":\"https:\/\/welovecinema.be\/fr\/\"},{\"@type\":\"ListItem\",\"position\":2,\"name\":\"Figuration un peu sp\u00e9ciale pour le film de Jaco van Dormael avec Benoit Poelvoorde\"}]},{\"@type\":\"WebSite\",\"@id\":\"https:\/\/welovecinema.be\/nl\/#website\",\"url\":\"https:\/\/welovecinema.be\/nl\/\",\"name\":\"We Love Cinema\",\"description\":\"Toute l\u2019information du cin\u00e9ma en Belgique\",\"publisher\":{\"@id\":\"https:\/\/welovecinema.be\/nl\/#organization\"},\"potentialAction\":[{\"@type\":\"SearchAction\",\"target\":{\"@type\":\"EntryPoint\",\"urlTemplate\":\"https:\/\/welovecinema.be\/nl\/?s={search_term_string}\"},\"query-input\":\"required name=search_term_string\"}],\"inLanguage\":\"fr-FR\"},{\"@type\":\"Organization\",\"@id\":\"https:\/\/welovecinema.be\/nl\/#organization\",\"name\":\"We Love Cinema\",\"url\":\"https:\/\/welovecinema.be\/nl\/\",\"logo\":{\"@type\":\"ImageObject\",\"inLanguage\":\"fr-FR\",\"@id\":\"https:\/\/welovecinema.be\/nl\/#\/schema\/logo\/image\/\",\"url\":\"https:\/\/welovecinema.be\/wp-content\/uploads\/sites\/2\/2023\/03\/Logo-We-Love-Cinema305x128.jpg\",\"contentUrl\":\"https:\/\/welovecinema.be\/wp-content\/uploads\/sites\/2\/2023\/03\/Logo-We-Love-Cinema305x128.jpg\",\"width\":305,\"height\":128,\"caption\":\"We Love Cinema\"},\"image\":{\"@id\":\"https:\/\/welovecinema.be\/nl\/#\/schema\/logo\/image\/\"},\"sameAs\":[\"https:\/\/www.facebook.com\/welovecinema.be\",\"https:\/\/www.youtube.com\/channel\/UCX5LYGVhnKvYauW4Nta4HJA\",\"https:\/\/www.instagram.com\/welovecinema.be\/\"]},{\"@type\":\"Person\",\"@id\":\"https:\/\/welovecinema.be\/nl\/#\/schema\/person\/4b9b1d857f0943453a38a7c2859ef756\",\"name\":\"Philippe.Pierquin\",\"url\":\"https:\/\/welovecinema.be\/fr\/author\/philippe-pierquin\/\"}]}<\/script>\n<!-- \/ Yoast SEO plugin. -->","yoast_head_json":{"title":"Figuration un peu sp\u00e9ciale pour le film de Jaco van Dormael avec Benoit Poelvoorde - We Love Cinema","robots":{"index":"index","follow":"follow","max-snippet":"max-snippet:-1","max-image-preview":"max-image-preview:large","max-video-preview":"max-video-preview:-1"},"canonical":"https:\/\/welovecinema.be\/fr\/figuration-peu-speciale-film-jaco-van-dormael-benoit-poelvoorde\/","og_locale":"fr_FR","og_type":"article","og_title":"Figuration un peu sp\u00e9ciale pour le film de Jaco van Dormael avec Benoit Poelvoorde - We Love Cinema","og_description":"La production du long m\u00e9trage de Jaco Van Dormael Le tout nouveau testament avec entre autres Catherine Deneuve, Beno\u00eet Poelvoorde, Fran\u00e7ois Damiens.recherche des JEUNES FEMMES, entre 22 et 35 ans, minces, jolies et ACCEPTANT DE TOURNER NUES Tournage le 11 septembre, en journ\u00e9e \u00e0 Namur, D\u00e9fraiement de 100\u20ac Merci d&rsquo;envoyer photos et coordonn\u00e9es compl\u00e8tes \u00e0 &hellip;","og_url":"https:\/\/welovecinema.be\/fr\/figuration-peu-speciale-film-jaco-van-dormael-benoit-poelvoorde\/","og_site_name":"We Love Cinema","article_publisher":"https:\/\/www.facebook.com\/welovecinema.be","article_published_time":"2014-09-05T08:07:03+00:00","article_modified_time":"2014-09-05T08:11:10+00:00","og_image":[{"width":987,"height":523,"url":"https:\/\/welovecinema.be\/wp-content\/uploads\/sites\/2\/2014\/09\/testament2.jpg","type":"image\/jpeg"}],"author":"Philippe.Pierquin","twitter_card":"summary_large_image","twitter_misc":{"\u00c9crit par":"Philippe.Pierquin"},"schema":{"@context":"https:\/\/schema.org","@graph":[{"@type":"Article","@id":"https:\/\/welovecinema.be\/fr\/figuration-peu-speciale-film-jaco-van-dormael-benoit-poelvoorde\/#article","isPartOf":{"@id":"https:\/\/welovecinema.be\/fr\/figuration-peu-speciale-film-jaco-van-dormael-benoit-poelvoorde\/"},"author":{"name":"Philippe.Pierquin","@id":"https:\/\/welovecinema.be\/nl\/#\/schema\/person\/4b9b1d857f0943453a38a7c2859ef756"},"headline":"Figuration un peu sp\u00e9ciale pour le film de Jaco van Dormael avec Benoit Poelvoorde","datePublished":"2014-09-05T08:07:03+00:00","dateModified":"2014-09-05T08:11:10+00:00","mainEntityOfPage":{"@id":"https:\/\/welovecinema.be\/fr\/figuration-peu-speciale-film-jaco-van-dormael-benoit-poelvoorde\/"},"wordCount":85,"publisher":{"@id":"https:\/\/welovecinema.be\/nl\/#organization"},"articleSection":["Cinejobs"],"inLanguage":"fr-FR"},{"@type":"WebPage","@id":"https:\/\/welovecinema.be\/fr\/figuration-peu-speciale-film-jaco-van-dormael-benoit-poelvoorde\/","url":"https:\/\/welovecinema.be\/fr\/figuration-peu-speciale-film-jaco-van-dormael-benoit-poelvoorde\/","name":"Figuration un peu sp\u00e9ciale pour le film de Jaco van Dormael avec Benoit Poelvoorde - We Love Cinema","isPartOf":{"@id":"https:\/\/welovecinema.be\/nl\/#website"},"datePublished":"2014-09-05T08:07:03+00:00","dateModified":"2014-09-05T08:11:10+00:00","breadcrumb":{"@id":"https:\/\/welovecinema.be\/fr\/figuration-peu-speciale-film-jaco-van-dormael-benoit-poelvoorde\/#breadcrumb"},"inLanguage":"fr-FR","potentialAction":[{"@type":"ReadAction","target":["https:\/\/welovecinema.be\/fr\/figuration-peu-speciale-film-jaco-van-dormael-benoit-poelvoorde\/"]}]},{"@type":"BreadcrumbList","@id":"https:\/\/welovecinema.be\/fr\/figuration-peu-speciale-film-jaco-van-dormael-benoit-poelvoorde\/#breadcrumb","itemListElement":[{"@type":"ListItem","position":1,"name":"Accueil","item":"https:\/\/welovecinema.be\/fr\/"},{"@type":"ListItem","position":2,"name":"Figuration un peu sp\u00e9ciale pour le film de Jaco van Dormael avec Benoit Poelvoorde"}]},{"@type":"WebSite","@id":"https:\/\/welovecinema.be\/nl\/#website","url":"https:\/\/welovecinema.be\/nl\/","name":"We Love Cinema","description":"Toute l\u2019information du cin\u00e9ma en Belgique","publisher":{"@id":"https:\/\/welovecinema.be\/nl\/#organization"},"potentialAction":[{"@type":"SearchAction","target":{"@type":"EntryPoint","urlTemplate":"https:\/\/welovecinema.be\/nl\/?s={search_term_string}"},"query-input":"required name=search_term_string"}],"inLanguage":"fr-FR"},{"@type":"Organization","@id":"https:\/\/welovecinema.be\/nl\/#organization","name":"We Love Cinema","url":"https:\/\/welovecinema.be\/nl\/","logo":{"@type":"ImageObject","inLanguage":"fr-FR","@id":"https:\/\/welovecinema.be\/nl\/#\/schema\/logo\/image\/","url":"https:\/\/welovecinema.be\/wp-content\/uploads\/sites\/2\/2023\/03\/Logo-We-Love-Cinema305x128.jpg","contentUrl":"https:\/\/welovecinema.be\/wp-content\/uploads\/sites\/2\/2023\/03\/Logo-We-Love-Cinema305x128.jpg","width":305,"height":128,"caption":"We Love Cinema"},"image":{"@id":"https:\/\/welovecinema.be\/nl\/#\/schema\/logo\/image\/"},"sameAs":["https:\/\/www.facebook.com\/welovecinema.be","https:\/\/www.youtube.com\/channel\/UCX5LYGVhnKvYauW4Nta4HJA","https:\/\/www.instagram.com\/welovecinema.be\/"]},{"@type":"Person","@id":"https:\/\/welovecinema.be\/nl\/#\/schema\/person\/4b9b1d857f0943453a38a7c2859ef756","name":"Philippe.Pierquin","url":"https:\/\/welovecinema.be\/fr\/author\/philippe-pierquin\/"}]}},"_links":{"self":[{"href":"https:\/\/welovecinema.be\/fr\/wp-json\/wp\/v2\/posts\/61588","targetHints":{"allow":["GET"]}}],"collection":[{"href":"https:\/\/welovecinema.be\/fr\/wp-json\/wp\/v2\/posts"}],"about":[{"href":"https:\/\/welovecinema.be\/fr\/wp-json\/wp\/v2\/types\/post"}],"author":[{"embeddable":true,"href":"https:\/\/welovecinema.be\/fr\/wp-json\/wp\/v2\/users\/7"}],"replies":[{"embeddable":true,"href":"https:\/\/welovecinema.be\/fr\/wp-json\/wp\/v2\/comments?post=61588"}],"version-history":[{"count":0,"href":"https:\/\/welovecinema.be\/fr\/wp-json\/wp\/v2\/posts\/61588\/revisions"}],"wp:featuredmedia":[{"embeddable":true,"href":"https:\/\/welovecinema.be\/fr\/wp-json\/wp\/v2\/media\/61595"}],"wp:attachment":[{"href":"https:\/\/welovecinema.be\/fr\/wp-json\/wp\/v2\/media?parent=61588"}],"wp:term":[{"taxonomy":"category","embeddable":true,"href":"https:\/\/welovecinema.be\/fr\/wp-json\/wp\/v2\/categories?post=61588"},{"taxonomy":"post_tag","embeddable":true,"href":"https:\/\/welovecinema.be\/fr\/wp-json\/wp\/v2\/tags?post=61588"}],"curies":[{"name":"wp","href":"https:\/\/api.w.org\/{rel}","templated":true}]}}