{"id":60696,"date":"2014-08-25T11:33:04","date_gmt":"2014-08-25T09:33:04","guid":{"rendered":"http:\/\/www.cinevox.be\/?p=60696"},"modified":"2014-08-25T18:41:59","modified_gmt":"2014-08-25T16:41:59","slug":"passe-leurs-vacances","status":"publish","type":"post","link":"https:\/\/welovecinema.be\/fr\/passe-leurs-vacances\/","title":{"rendered":"O\u00f9 ont-ils pass\u00e9 leurs vacances ?"},"content":{"rendered":"<p>La rentr\u00e9e se profile, les derniers vacanciers s\u2019appr\u00eatent \u00e0 remonter dans les avions, les trains et les voitures pour revenir au bercail. Ne vous affolez pas\u00a0: vous n\u2019avez rien rat\u00e9. Un mois de juillet instable et un mois d\u2019ao\u00fbt unanimement gris et tr\u00e8s frais pour la saison\u00a0: la Belgique telle qu\u2019en elle-m\u00eame.<\/p>\n<p>Et c\u00f4t\u00e9 cin\u00e9\u00a0? Pas une seule sortie belge dans les salles. Pas une\u2026<\/p>\n<p>Mais o\u00f9 \u00e9taient donc les ressortissants belges\u00a0? Si vous fr\u00e9quentez les r\u00e9seaux sociaux, vous avez une partie de la r\u00e9ponse \u00e0 cette question\u00a0: vous avez \u00e9t\u00e9 abreuv\u00e9s de photos prises en Provence, de St Remy \u00e0 St Tropez. La France, son tiers le plus m\u00e9ridional surtout, reste une destination pris\u00e9e par nos compatriotes.<\/p>\n<p>&nbsp;<\/p>\n<p style=\"text-align: right;\"><strong>par Maryline Laurin<\/strong><\/p>\n<p><!--more--><\/p>\n<p>&nbsp;<\/p>\n<p>Les com\u00e9diens et r\u00e9alisateurs que vous avez crois\u00e9s tout au long de l\u2019ann\u00e9e sur vos \u00e9crans de cin\u00e9ma ne font pas exception. Au contraire\u2026<\/p>\n<p>Mais y \u00e9taient-ils tous en vill\u00e9giature, fuyant le mauvais temps de la Belgique\u00a0?<\/p>\n<p>&nbsp;<\/p>\n<p>Pas s\u00fbr\u00a0! Certains \u00e9taient l\u00e0-bas en vacances studieuses\u00a0: imaginez-les, les pieds dans la piscine, un sc\u00e9nario \u00e0 la main, t\u00e2chant de le m\u00e9moriser pour la rentr\u00e9e. Pas simple avec le pastis. Ou encore, les doigts de pieds en \u00e9ventails au bord de la M\u00e9diterran\u00e9e en train de peaufiner les dialogues du long qu\u2019ils pr\u00e9parent avec acharnement.<br \/>\nMais la grande majorit\u00e9 des artistes belges \u00e9tait venue l\u00e0\u2026 en repr\u00e9sentation.<\/p>\n<p>&nbsp;<\/p>\n<p>Comme dans <i>la Rose pourpre du Caire<\/i> de Woody Allen, les acteurs belges avaient quitt\u00e9 la toile blanche pour venir fouler les planches d\u2019un des plus c\u00e9l\u00e8bres festivals au monde, celui d\u2019Avignon.<\/p>\n<p>&nbsp;<\/p>\n<p><a href=\"http:\/\/www.cinevox.be\/passe-leurs-vacances\/2014-07-05-19-55-06-copie\/\" rel=\"attachment wp-att-60697\"><img loading=\"lazy\" decoding=\"async\" class=\"aligncenter size-full wp-image-60697\" alt=\"\" src=\"http:\/\/www.cinevox.be\/wp-content\/uploads\/sites\/2\/2014\/08\/2014-07-05-19-55-06-Copie.jpg\" width=\"800\" height=\"600\" srcset=\"https:\/\/welovecinema.be\/wp-content\/uploads\/sites\/2\/2014\/08\/2014-07-05-19-55-06-Copie.jpg 800w, https:\/\/welovecinema.be\/wp-content\/uploads\/sites\/2\/2014\/08\/2014-07-05-19-55-06-Copie-360x270.jpg 360w, https:\/\/welovecinema.be\/wp-content\/uploads\/sites\/2\/2014\/08\/2014-07-05-19-55-06-Copie-300x225.jpg 300w\" sizes=\"auto, (max-width: 800px) 100vw, 800px\" \/><\/a><\/p>\n<p>&nbsp;<\/p>\n<p>Cette ann\u00e9e pas moins de 38 compagnies belges \u00e9taient dans le <i>Off du Festival d\u2019Avignon. <\/i><\/p>\n<p>Le <i>In, <\/i>n\u2019\u00e9tait pas oubli\u00e9 non plus\u00a0: parmi les spectacles qui ont connu le plus de succ\u00e8s, public et critique figuraient quatre spectacles belges <i>Coup fatal\u00a0<\/i>de <i>Platel<\/i>,<i>\u00a0Huis<\/i>\u00a0et\u00a0<i>An old Monk<\/i>\u00a0 de l\u2019incroyable acteur <i>Josse de Pauw<\/i>. Sans oublier la superbe et cin\u00e9matographique pi\u00e8ce <i>Notre peur de n\u2019\u00eatre<\/i>, \u00e9crite et mise en sc\u00e8ne par la valeur s\u00fbre belge qui monte plus vite que les meilleures actions du cac quarante\u00a0:\u00a0 <b>Fabrice Murgia.<\/b> Oui, le fr\u00e8re de\u2026<\/p>\n<p>Certains l\u2019ont revu sur TV5 dans <i>Melting pot caf\u00e9<\/i>\u00a0avec<i> Stephane Bissot<\/i>, mais cette ann\u00e9e, il s\u2019est surtout illustr\u00e9 sur la sc\u00e8ne internationale avec la remise d\u2019un Lion d\u2019Agent pour son innovation \u00e0 la <i>Biennale de Venise\u00a02014<\/i>. Classe\u00a0! Et on attend toujours le film commun que les fr\u00e9rots nous promettent depuis des ann\u00e9es<\/p>\n<p>&nbsp;<\/p>\n<p><a href=\"http:\/\/www.cinevox.be\/passe-leurs-vacances\/dsc04406-copie\/\" rel=\"attachment wp-att-60698\"><img loading=\"lazy\" decoding=\"async\" class=\"aligncenter size-large wp-image-60698\" alt=\"\" src=\"http:\/\/www.cinevox.be\/wp-content\/uploads\/sites\/2\/2014\/08\/DSC04406-Copie-800x250.jpg\" width=\"640\" height=\"200\" srcset=\"https:\/\/welovecinema.be\/wp-content\/uploads\/sites\/2\/2014\/08\/DSC04406-Copie-800x250.jpg 800w, https:\/\/welovecinema.be\/wp-content\/uploads\/sites\/2\/2014\/08\/DSC04406-Copie-480x150.jpg 480w\" sizes=\"auto, (max-width: 640px) 100vw, 640px\" \/><\/a><\/p>\n<p style=\"text-align: right;\"><em>La r\u00e9ception pour Notre peur de n&rsquo;\u00eatre\u00a0de Fabrice Murgia. On aper\u00e7oit Fr\u00e9d\u00e9ric Delcor \u00e0 c\u00f4t\u00e9 du metteur en sc\u00e8ne. A gauche, avec le sac rouge, c&rsquo;est Olivier Py, le directeur du festival &#8211; <em>Photo Maryline Laurin<\/em>\u00a0<\/em><\/p>\n<p>&nbsp;<\/p>\n<p>Cette ann\u00e9e encore, vous l\u2019aurez compris\u00a0: impossible d\u2019\u00e9chapper au Belge dans la cit\u00e9 papale. \u00c0 chaque coin de rue les affiches se multipliaient pour vendre du noir, or et rouge, de <i>Je suis belge mais \u00e7a ne se voit pas<\/i>, \u00e0 <i>La Belgique expliqu\u00e9e aux Fran\u00e7ais<\/i> ou l\u2019incontournable\u00a0<i>Faites l\u2019amour avec un Belge<\/i>\u00a0!<\/p>\n<p>&nbsp;<\/p>\n<p><a href=\"http:\/\/www.cinevox.be\/passe-leurs-vacances\/20140719_213755-copie\/\" rel=\"attachment wp-att-60706\"><img loading=\"lazy\" decoding=\"async\" class=\"alignright  wp-image-60706\" alt=\"\" src=\"http:\/\/www.cinevox.be\/wp-content\/uploads\/sites\/2\/2014\/08\/20140719_213755-Copie-708x600.jpg\" width=\"448\" height=\"379\" srcset=\"https:\/\/welovecinema.be\/wp-content\/uploads\/sites\/2\/2014\/08\/20140719_213755-Copie-708x600.jpg 708w, https:\/\/welovecinema.be\/wp-content\/uploads\/sites\/2\/2014\/08\/20140719_213755-Copie-319x270.jpg 319w\" sizes=\"auto, (max-width: 448px) 100vw, 448px\" \/><\/a>Persuad\u00e9s que pour terminer ces vacances, vous serez ravis de d\u00e9couvrir celles des autres, nous avons rencontr\u00e9 quelques-unes de ces personnalit\u00e9s belges aussi \u00e0 l\u2019aise sur les planches que sur les \u00e9crans\u00a0: <b>Tania Garbarski<\/b> et <b>Charlie Dupont<\/b>\u00a0, <b>Fabrice\u00a0<\/b>et\u00a0<b>David Murgia,<\/b>\u00a0<b>Jean Fran\u00e7ois Ravagnan,<\/b> <b>Philippe Jeusette<\/b>, <b>Isma\u00ebl Saidi, Arnaud Demuynck&#8230;\u00a0<\/b><em>Tous<\/em>\u00a0ont brill\u00e9 sous le soleil avignonnais.<\/p>\n<p>&nbsp;<\/p>\n<p style=\"text-align: right;\">\u00a0<em>Photo : \u00a0Josse de Pauw\u00a0\u00e0 la sortie de\u00a0An old Monk &#8211; Photo Maryline Laurin<\/em><\/p>\n<p>&nbsp;<\/p>\n<p>Vous vous demandez sans doute pourquoi tant de personnalit\u00e9s de cin\u00e9ma se retrouvent chaque ann\u00e9e ou presque, \u00e0 Avignon pour br\u00fbler les planches.<\/p>\n<p>D\u2019abord, et ce n\u2019est un scoop pour personne, surtout depuis que tout le monde parle de ce statut d\u2019artiste plus en danger que jamais, l\u2019\u00e9troitesse du \u00ab\u00a0march\u00e9\u00a0\u00bb en Belgique rend assez difficile une sp\u00e9cialisation unique. Surtout si le com\u00e9dien veut avoir une activit\u00e9 continue. Contrairement \u00e0 la France, qui a tendance \u00e0 cantonner ses acteurs dans une discipline pr\u00e9cise, la Belgique favorise donc les \u00e9changes et les aller-retours entre les deux univers. Ce qui est une source d\u2019enrichissement mutuel.<\/p>\n<p>&nbsp;<\/p>\n<p>Et comme Avignon est le seul endroit o\u00f9 on peut voir autant de com\u00e9diens jouer, en m\u00eame temps, il est assez normal qu\u2019il se soit transform\u00e9 en vivier \u00e0 talents et soit devenu un lieu de rencontres incroyables.<\/p>\n<p>&nbsp;<\/p>\n<p><a href=\"http:\/\/www.cinevox.be\/passe-leurs-vacances\/np3%e2%94%acjeanlouisfernandez09\/\" rel=\"attachment wp-att-60699\"><img loading=\"lazy\" decoding=\"async\" class=\"aligncenter size-large wp-image-60699\" alt=\"\" src=\"http:\/\/www.cinevox.be\/wp-content\/uploads\/sites\/2\/2014\/08\/NP3\u252c\u00aeJeanLouisFernandez09-800x533.jpg\" width=\"640\" height=\"426\" srcset=\"https:\/\/welovecinema.be\/wp-content\/uploads\/sites\/2\/2014\/08\/NP3\u252c\u00aeJeanLouisFernandez09-800x533.jpg 800w, https:\/\/welovecinema.be\/wp-content\/uploads\/sites\/2\/2014\/08\/NP3\u252c\u00aeJeanLouisFernandez09-405x270.jpg 405w\" sizes=\"auto, (max-width: 640px) 100vw, 640px\" \/><\/a><\/p>\n<p style=\"text-align: right;\">\u00a0<em>Vid\u00e9o de Jean Fran\u00e7ois Ravagnan et \u00a0<i>Giacinto Caponio<\/i>\u00a0pour \u00a0Notre peur de n&rsquo;\u00eatre Fabrice Mugia \u00a0&#8211; \u00a0\u00ae Jean-Louis Fernandez09<\/em><\/p>\n<p>&nbsp;<\/p>\n<p>Par ailleurs le th\u00e9\u00e2tre est de plus en plus un spectacle pluridisciplinaire, utilisant la\u00a0<a href=\"http:\/\/www.larousse.fr\/encyclopedie\/divers\/vid%C3%A9o\/187169\">vid\u00e9o<\/a>\u00a0ou des projections filmiques\u2026 Si l\u2019on part du principe que l\u2019on parle fr\u00e9quemment de th\u00e9\u00e2tralit\u00e9 au cin\u00e9ma et de \u00ab\u00a0cin\u00e9matographicit\u00e9\u00a0\u00bb au th\u00e9\u00e2tre. Sans oublier ce que ces deux arts ont en commun\u00a0: la mise en sc\u00e8ne (mise en espace dans un plateau et direction d&rsquo;acteur).<\/p>\n<p>Rien de surprenant donc \u00e0 ce que ces deux univers et leurs artistes s\u2019y croisent. Mais plus encore, \u00e9changent, s\u2019interrogent mutuellement et s\u2019enrichissent continuellement.<\/p>\n<p>&nbsp;<\/p>\n<p>\u00c0 Avignon il y a m\u00eame un th\u00e9\u00e2tre qui s\u2019appelle le Cinevox, c\u2019est vous dire !<\/p>\n<p>&nbsp;<\/p>\n<p><a href=\"http:\/\/www.cinevox.be\/passe-leurs-vacances\/10485145_1539928116235047_8080800327824492277_n-2\/\" rel=\"attachment wp-att-60713\"><img loading=\"lazy\" decoding=\"async\" class=\"alignright size-large wp-image-60713\" alt=\"\" src=\"http:\/\/www.cinevox.be\/wp-content\/uploads\/sites\/2\/2014\/08\/10485145_1539928116235047_8080800327824492277_n-800x478.jpg\" width=\"640\" height=\"382\" srcset=\"https:\/\/welovecinema.be\/wp-content\/uploads\/sites\/2\/2014\/08\/10485145_1539928116235047_8080800327824492277_n-800x478.jpg 800w, https:\/\/welovecinema.be\/wp-content\/uploads\/sites\/2\/2014\/08\/10485145_1539928116235047_8080800327824492277_n-451x270.jpg 451w, https:\/\/welovecinema.be\/wp-content\/uploads\/sites\/2\/2014\/08\/10485145_1539928116235047_8080800327824492277_n.jpg 960w\" sizes=\"auto, (max-width: 640px) 100vw, 640px\" \/><\/a><\/p>\n<p style=\"text-align: right;\"><em>\u00a0Photo : Lucille Poulain<\/em><\/p>\n<p>&nbsp;<\/p>\n<p><b><i>Olivier Py<\/i><\/b> , le nouveau directeur du festival d\u2019Avignon, est l\u2019exemple de cette mixit\u00e9, homme de th\u00e9\u00e2tre, dramaturge, r\u00e9alisateur, com\u00e9dien de cin\u00e9ma. Rappelons qu\u2019il a jou\u00e9 dans le dernier film de Martin Provost,<i> <\/i><a title=\"Violette (film)\" href=\"http:\/\/fr.wikipedia.org\/wiki\/Violette_(film)\"><i>Violette<\/i><\/a><i> <\/i>avec <b>Olivier Gourmet<\/b><i> <\/i>et <b>Fabrizio Rongione<\/b>.<\/p>\n<p>&nbsp;<\/p>\n<p>Il a donn\u00e9 le ton en choisissant dans sa programmation des spectacles comme l\u2019adaptation th\u00e9\u00e2trale par Ostermeier\u00a0 d\u2019un des films mythiques de <b><i>Fassbinder,<\/i><\/b><b><i>\u00a0<\/i><\/b><i>Le mariage de Maria Braun. <\/i>\u00a0Fassbinder qui, lui-m\u00eame, adaptait au cin\u00e9ma certaines de ses pi\u00e8ces de th\u00e9\u00e2tre.<\/p>\n<p>Cette fois-ci, le metteur en sc\u00e8ne <i>Thomas Ostermeier<\/i> a travaill\u00e9 \u00e0 partir d\u2019un sc\u00e9nario pour le mettre en sc\u00e8ne, en inventant une \u00e9criture sc\u00e9nique proche du montage et ne faisant pas regretter la cam\u00e9ra.<\/p>\n<p>&nbsp;<\/p>\n<p><b>Olivier Py<\/b> a \u00e9galement imagin\u00e9 avec le cin\u00e9ma art et essai l\u2019Utopia, un programme qui s\u2019intitule<b>\u00a0<\/b><i>Les territoires cin\u00e9matographiques<b>\u00a0<\/b><\/i>avec l\u2019aide de la SACD.<br \/>\nIl le d\u00e9finit comme un lieu de rencontre et de dialogue entre le spectacle vivant et le cin\u00e9ma. Il s\u2019agit de permettre au public de d\u00e9couvrir ou revoir des films en r\u00e9sonance avec la programmation jeune public du festival et de faire se croiser les regards entre cin\u00e9ma et th\u00e9\u00e2tre. C\u2019est comme cela qu\u2019on a pu revoir le Magritte\u00a02014, \u00a0<i>Ernest et C\u00e9lestine<\/i> et y retrouver <b>Arnaud Demuynck<\/b>, invit\u00e9 \u00e0 pr\u00e9senter <i>le parfum de la carotte<b>\u00a0<\/b><\/i><\/p>\n<p>&nbsp;<\/p>\n<p>&nbsp;<\/p>\n<p><a href=\"http:\/\/www.cinevox.be\/passe-leurs-vacances\/stephanie-dubus\/\" rel=\"attachment wp-att-60703\"><img loading=\"lazy\" decoding=\"async\" class=\"alignright  wp-image-60703\" alt=\"\" src=\"http:\/\/www.cinevox.be\/wp-content\/uploads\/sites\/2\/2014\/08\/\u00a9Stephanie-Dubus.jpg\" width=\"421\" height=\"421\" srcset=\"https:\/\/welovecinema.be\/wp-content\/uploads\/sites\/2\/2014\/08\/\u00a9Stephanie-Dubus.jpg 526w, https:\/\/welovecinema.be\/wp-content\/uploads\/sites\/2\/2014\/08\/\u00a9Stephanie-Dubus-270x270.jpg 270w, https:\/\/welovecinema.be\/wp-content\/uploads\/sites\/2\/2014\/08\/\u00a9Stephanie-Dubus-87x87.jpg 87w\" sizes=\"auto, (max-width: 421px) 100vw, 421px\" \/><\/a>Au fil de nos p\u00e9r\u00e9grinations estivales, nous avons eu l\u2019occasion d\u2019interroger tous ces artistes \u00e0 propos de cette intime relation entre cin\u00e9ma et th\u00e9\u00e2tre. Et de parler de leurs projets, cela va de soi.<\/p>\n<p>&nbsp;<\/p>\n<p>&nbsp;<\/p>\n<p>Un peu plus loin dans la garrigue, cette campagne aride du Sud , s\u2019est tenu un nouveau festival , le fameux et d\u00e9j\u00e0 tr\u00e8s pris\u00e9 <i>Festival du cin\u00e9ma belge \u00e0 N\u00eemes et en garrigue<\/i> ( du 16 au 21 juillet ) qui a re\u00e7u une partie du palmar\u00e8s des Magritte de ces deux derni\u00e8res ann\u00e9es\u00a0: <b>Pablo Munoz Gomez<\/b><b>,<\/b><b>\u00a0<\/b><b>S\u00e9bastien Petit<\/b>, <b>Val\u00e9ry Rosier,<\/b><b>\u00a0<\/b><b>Fran\u00e7ois Bierry<\/b> et <b>Fr\u00e9deric Fonteyne<\/b> en t\u00eate, venu faire l\u2019ouverture.<\/p>\n<p>&nbsp;<\/p>\n<p style=\"text-align: right;\"><em>Photo : \u00a0\u00a9 St\u00e9phanie Dubus<\/em><\/p>\n<p>&nbsp;<\/p>\n<p>De quoi agiter le site de Cinevox toute cette semaine, vous ne croyez pas\u00a0?<\/p>\n<p>Du coup, on se dit que le titre de cette s\u00e9rie est sans doute un peu erron\u00e9. La question n\u2019est pas vraiment \u00ab\u00a0o\u00f9 les artistes belges partent en vacances\u00a0?\u00a0\u00bb, mais\u2026 \u00ab\u00a0quand prennent-ils des vacances\u00a0?\u00a0\u00bb<\/p>\n<p>&nbsp;<\/p>\n","protected":false},"excerpt":{"rendered":"<p>La rentr\u00e9e se profile, les derniers vacanciers s\u2019appr\u00eatent \u00e0 remonter dans les avions, les trains et les voitures pour revenir au bercail. Ne vous affolez pas\u00a0: vous n\u2019avez rien rat\u00e9. Un mois de juillet instable et un mois d\u2019ao\u00fbt unanimement gris et tr\u00e8s frais pour la saison\u00a0: la Belgique telle qu\u2019en elle-m\u00eame. Et c\u00f4t\u00e9 cin\u00e9\u00a0? &hellip;<\/p>\n","protected":false},"author":7,"featured_media":60701,"comment_status":"closed","ping_status":"closed","sticky":false,"template":"","format":"standard","meta":{"ngg_post_thumbnail":0,"footnotes":""},"categories":[1923,7],"tags":[],"class_list":["post-60696","post","type-post","status-publish","format-standard","has-post-thumbnail","","category-en-bref","category-actualites"],"yoast_head":"<!-- This site is optimized with the Yoast SEO plugin v20.4 - https:\/\/yoast.com\/wordpress\/plugins\/seo\/ -->\n<title>O\u00f9 ont-ils pass\u00e9 leurs vacances ? - We Love Cinema<\/title>\n<meta name=\"robots\" content=\"index, follow, max-snippet:-1, max-image-preview:large, max-video-preview:-1\" \/>\n<link rel=\"canonical\" href=\"https:\/\/welovecinema.be\/fr\/passe-leurs-vacances\/\" \/>\n<meta property=\"og:locale\" content=\"fr_FR\" \/>\n<meta property=\"og:type\" content=\"article\" \/>\n<meta property=\"og:title\" content=\"O\u00f9 ont-ils pass\u00e9 leurs vacances ? - We Love Cinema\" \/>\n<meta property=\"og:description\" content=\"La rentr\u00e9e se profile, les derniers vacanciers s\u2019appr\u00eatent \u00e0 remonter dans les avions, les trains et les voitures pour revenir au bercail. Ne vous affolez pas\u00a0: vous n\u2019avez rien rat\u00e9. Un mois de juillet instable et un mois d\u2019ao\u00fbt unanimement gris et tr\u00e8s frais pour la saison\u00a0: la Belgique telle qu\u2019en elle-m\u00eame. Et c\u00f4t\u00e9 cin\u00e9\u00a0? &hellip;\" \/>\n<meta property=\"og:url\" content=\"https:\/\/welovecinema.be\/fr\/passe-leurs-vacances\/\" \/>\n<meta property=\"og:site_name\" content=\"We Love Cinema\" \/>\n<meta property=\"article:publisher\" content=\"https:\/\/www.facebook.com\/welovecinema.be\" \/>\n<meta property=\"article:published_time\" content=\"2014-08-25T09:33:04+00:00\" \/>\n<meta property=\"article:modified_time\" content=\"2014-08-25T16:41:59+00:00\" \/>\n<meta property=\"og:image\" content=\"https:\/\/welovecinema.be\/wp-content\/uploads\/sites\/2\/2014\/08\/cour-honneur-avignon-Christophe-Raynaud-de-Lage-1.jpg\" \/>\n\t<meta property=\"og:image:width\" content=\"2362\" \/>\n\t<meta property=\"og:image:height\" content=\"1574\" \/>\n\t<meta property=\"og:image:type\" content=\"image\/jpeg\" \/>\n<meta name=\"author\" content=\"Philippe.Pierquin\" \/>\n<meta name=\"twitter:card\" content=\"summary_large_image\" \/>\n<meta name=\"twitter:label1\" content=\"\u00c9crit par\" \/>\n\t<meta name=\"twitter:data1\" content=\"Philippe.Pierquin\" \/>\n\t<meta name=\"twitter:label2\" content=\"Dur\u00e9e de lecture estim\u00e9e\" \/>\n\t<meta name=\"twitter:data2\" content=\"7 minutes\" \/>\n<script type=\"application\/ld+json\" class=\"yoast-schema-graph\">{\"@context\":\"https:\/\/schema.org\",\"@graph\":[{\"@type\":\"Article\",\"@id\":\"https:\/\/welovecinema.be\/fr\/passe-leurs-vacances\/#article\",\"isPartOf\":{\"@id\":\"https:\/\/welovecinema.be\/fr\/passe-leurs-vacances\/\"},\"author\":{\"name\":\"Philippe.Pierquin\",\"@id\":\"https:\/\/welovecinema.be\/nl\/#\/schema\/person\/4b9b1d857f0943453a38a7c2859ef756\"},\"headline\":\"O\u00f9 ont-ils pass\u00e9 leurs vacances ?\",\"datePublished\":\"2014-08-25T09:33:04+00:00\",\"dateModified\":\"2014-08-25T16:41:59+00:00\",\"mainEntityOfPage\":{\"@id\":\"https:\/\/welovecinema.be\/fr\/passe-leurs-vacances\/\"},\"wordCount\":1372,\"publisher\":{\"@id\":\"https:\/\/welovecinema.be\/nl\/#organization\"},\"articleSection\":[\"En bref\",\"News\"],\"inLanguage\":\"fr-FR\"},{\"@type\":\"WebPage\",\"@id\":\"https:\/\/welovecinema.be\/fr\/passe-leurs-vacances\/\",\"url\":\"https:\/\/welovecinema.be\/fr\/passe-leurs-vacances\/\",\"name\":\"O\u00f9 ont-ils pass\u00e9 leurs vacances ? - We Love Cinema\",\"isPartOf\":{\"@id\":\"https:\/\/welovecinema.be\/nl\/#website\"},\"datePublished\":\"2014-08-25T09:33:04+00:00\",\"dateModified\":\"2014-08-25T16:41:59+00:00\",\"breadcrumb\":{\"@id\":\"https:\/\/welovecinema.be\/fr\/passe-leurs-vacances\/#breadcrumb\"},\"inLanguage\":\"fr-FR\",\"potentialAction\":[{\"@type\":\"ReadAction\",\"target\":[\"https:\/\/welovecinema.be\/fr\/passe-leurs-vacances\/\"]}]},{\"@type\":\"BreadcrumbList\",\"@id\":\"https:\/\/welovecinema.be\/fr\/passe-leurs-vacances\/#breadcrumb\",\"itemListElement\":[{\"@type\":\"ListItem\",\"position\":1,\"name\":\"Accueil\",\"item\":\"https:\/\/welovecinema.be\/fr\/\"},{\"@type\":\"ListItem\",\"position\":2,\"name\":\"O\u00f9 ont-ils pass\u00e9 leurs vacances ?\"}]},{\"@type\":\"WebSite\",\"@id\":\"https:\/\/welovecinema.be\/nl\/#website\",\"url\":\"https:\/\/welovecinema.be\/nl\/\",\"name\":\"We Love Cinema\",\"description\":\"Toute l\u2019information du cin\u00e9ma en Belgique\",\"publisher\":{\"@id\":\"https:\/\/welovecinema.be\/nl\/#organization\"},\"potentialAction\":[{\"@type\":\"SearchAction\",\"target\":{\"@type\":\"EntryPoint\",\"urlTemplate\":\"https:\/\/welovecinema.be\/nl\/?s={search_term_string}\"},\"query-input\":\"required name=search_term_string\"}],\"inLanguage\":\"fr-FR\"},{\"@type\":\"Organization\",\"@id\":\"https:\/\/welovecinema.be\/nl\/#organization\",\"name\":\"We Love Cinema\",\"url\":\"https:\/\/welovecinema.be\/nl\/\",\"logo\":{\"@type\":\"ImageObject\",\"inLanguage\":\"fr-FR\",\"@id\":\"https:\/\/welovecinema.be\/nl\/#\/schema\/logo\/image\/\",\"url\":\"https:\/\/welovecinema.be\/wp-content\/uploads\/sites\/2\/2023\/03\/Logo-We-Love-Cinema305x128.jpg\",\"contentUrl\":\"https:\/\/welovecinema.be\/wp-content\/uploads\/sites\/2\/2023\/03\/Logo-We-Love-Cinema305x128.jpg\",\"width\":305,\"height\":128,\"caption\":\"We Love Cinema\"},\"image\":{\"@id\":\"https:\/\/welovecinema.be\/nl\/#\/schema\/logo\/image\/\"},\"sameAs\":[\"https:\/\/www.facebook.com\/welovecinema.be\",\"https:\/\/www.youtube.com\/channel\/UCX5LYGVhnKvYauW4Nta4HJA\",\"https:\/\/www.instagram.com\/welovecinema.be\/\"]},{\"@type\":\"Person\",\"@id\":\"https:\/\/welovecinema.be\/nl\/#\/schema\/person\/4b9b1d857f0943453a38a7c2859ef756\",\"name\":\"Philippe.Pierquin\",\"url\":\"https:\/\/welovecinema.be\/fr\/author\/philippe-pierquin\/\"}]}<\/script>\n<!-- \/ Yoast SEO plugin. -->","yoast_head_json":{"title":"O\u00f9 ont-ils pass\u00e9 leurs vacances ? - We Love Cinema","robots":{"index":"index","follow":"follow","max-snippet":"max-snippet:-1","max-image-preview":"max-image-preview:large","max-video-preview":"max-video-preview:-1"},"canonical":"https:\/\/welovecinema.be\/fr\/passe-leurs-vacances\/","og_locale":"fr_FR","og_type":"article","og_title":"O\u00f9 ont-ils pass\u00e9 leurs vacances ? - We Love Cinema","og_description":"La rentr\u00e9e se profile, les derniers vacanciers s\u2019appr\u00eatent \u00e0 remonter dans les avions, les trains et les voitures pour revenir au bercail. Ne vous affolez pas\u00a0: vous n\u2019avez rien rat\u00e9. Un mois de juillet instable et un mois d\u2019ao\u00fbt unanimement gris et tr\u00e8s frais pour la saison\u00a0: la Belgique telle qu\u2019en elle-m\u00eame. Et c\u00f4t\u00e9 cin\u00e9\u00a0? &hellip;","og_url":"https:\/\/welovecinema.be\/fr\/passe-leurs-vacances\/","og_site_name":"We Love Cinema","article_publisher":"https:\/\/www.facebook.com\/welovecinema.be","article_published_time":"2014-08-25T09:33:04+00:00","article_modified_time":"2014-08-25T16:41:59+00:00","og_image":[{"width":2362,"height":1574,"url":"https:\/\/welovecinema.be\/wp-content\/uploads\/sites\/2\/2014\/08\/cour-honneur-avignon-Christophe-Raynaud-de-Lage-1.jpg","type":"image\/jpeg"}],"author":"Philippe.Pierquin","twitter_card":"summary_large_image","twitter_misc":{"\u00c9crit par":"Philippe.Pierquin","Dur\u00e9e de lecture estim\u00e9e":"7 minutes"},"schema":{"@context":"https:\/\/schema.org","@graph":[{"@type":"Article","@id":"https:\/\/welovecinema.be\/fr\/passe-leurs-vacances\/#article","isPartOf":{"@id":"https:\/\/welovecinema.be\/fr\/passe-leurs-vacances\/"},"author":{"name":"Philippe.Pierquin","@id":"https:\/\/welovecinema.be\/nl\/#\/schema\/person\/4b9b1d857f0943453a38a7c2859ef756"},"headline":"O\u00f9 ont-ils pass\u00e9 leurs vacances ?","datePublished":"2014-08-25T09:33:04+00:00","dateModified":"2014-08-25T16:41:59+00:00","mainEntityOfPage":{"@id":"https:\/\/welovecinema.be\/fr\/passe-leurs-vacances\/"},"wordCount":1372,"publisher":{"@id":"https:\/\/welovecinema.be\/nl\/#organization"},"articleSection":["En bref","News"],"inLanguage":"fr-FR"},{"@type":"WebPage","@id":"https:\/\/welovecinema.be\/fr\/passe-leurs-vacances\/","url":"https:\/\/welovecinema.be\/fr\/passe-leurs-vacances\/","name":"O\u00f9 ont-ils pass\u00e9 leurs vacances ? - We Love Cinema","isPartOf":{"@id":"https:\/\/welovecinema.be\/nl\/#website"},"datePublished":"2014-08-25T09:33:04+00:00","dateModified":"2014-08-25T16:41:59+00:00","breadcrumb":{"@id":"https:\/\/welovecinema.be\/fr\/passe-leurs-vacances\/#breadcrumb"},"inLanguage":"fr-FR","potentialAction":[{"@type":"ReadAction","target":["https:\/\/welovecinema.be\/fr\/passe-leurs-vacances\/"]}]},{"@type":"BreadcrumbList","@id":"https:\/\/welovecinema.be\/fr\/passe-leurs-vacances\/#breadcrumb","itemListElement":[{"@type":"ListItem","position":1,"name":"Accueil","item":"https:\/\/welovecinema.be\/fr\/"},{"@type":"ListItem","position":2,"name":"O\u00f9 ont-ils pass\u00e9 leurs vacances ?"}]},{"@type":"WebSite","@id":"https:\/\/welovecinema.be\/nl\/#website","url":"https:\/\/welovecinema.be\/nl\/","name":"We Love Cinema","description":"Toute l\u2019information du cin\u00e9ma en Belgique","publisher":{"@id":"https:\/\/welovecinema.be\/nl\/#organization"},"potentialAction":[{"@type":"SearchAction","target":{"@type":"EntryPoint","urlTemplate":"https:\/\/welovecinema.be\/nl\/?s={search_term_string}"},"query-input":"required name=search_term_string"}],"inLanguage":"fr-FR"},{"@type":"Organization","@id":"https:\/\/welovecinema.be\/nl\/#organization","name":"We Love Cinema","url":"https:\/\/welovecinema.be\/nl\/","logo":{"@type":"ImageObject","inLanguage":"fr-FR","@id":"https:\/\/welovecinema.be\/nl\/#\/schema\/logo\/image\/","url":"https:\/\/welovecinema.be\/wp-content\/uploads\/sites\/2\/2023\/03\/Logo-We-Love-Cinema305x128.jpg","contentUrl":"https:\/\/welovecinema.be\/wp-content\/uploads\/sites\/2\/2023\/03\/Logo-We-Love-Cinema305x128.jpg","width":305,"height":128,"caption":"We Love Cinema"},"image":{"@id":"https:\/\/welovecinema.be\/nl\/#\/schema\/logo\/image\/"},"sameAs":["https:\/\/www.facebook.com\/welovecinema.be","https:\/\/www.youtube.com\/channel\/UCX5LYGVhnKvYauW4Nta4HJA","https:\/\/www.instagram.com\/welovecinema.be\/"]},{"@type":"Person","@id":"https:\/\/welovecinema.be\/nl\/#\/schema\/person\/4b9b1d857f0943453a38a7c2859ef756","name":"Philippe.Pierquin","url":"https:\/\/welovecinema.be\/fr\/author\/philippe-pierquin\/"}]}},"_links":{"self":[{"href":"https:\/\/welovecinema.be\/fr\/wp-json\/wp\/v2\/posts\/60696","targetHints":{"allow":["GET"]}}],"collection":[{"href":"https:\/\/welovecinema.be\/fr\/wp-json\/wp\/v2\/posts"}],"about":[{"href":"https:\/\/welovecinema.be\/fr\/wp-json\/wp\/v2\/types\/post"}],"author":[{"embeddable":true,"href":"https:\/\/welovecinema.be\/fr\/wp-json\/wp\/v2\/users\/7"}],"replies":[{"embeddable":true,"href":"https:\/\/welovecinema.be\/fr\/wp-json\/wp\/v2\/comments?post=60696"}],"version-history":[{"count":0,"href":"https:\/\/welovecinema.be\/fr\/wp-json\/wp\/v2\/posts\/60696\/revisions"}],"wp:featuredmedia":[{"embeddable":true,"href":"https:\/\/welovecinema.be\/fr\/wp-json\/wp\/v2\/media\/60701"}],"wp:attachment":[{"href":"https:\/\/welovecinema.be\/fr\/wp-json\/wp\/v2\/media?parent=60696"}],"wp:term":[{"taxonomy":"category","embeddable":true,"href":"https:\/\/welovecinema.be\/fr\/wp-json\/wp\/v2\/categories?post=60696"},{"taxonomy":"post_tag","embeddable":true,"href":"https:\/\/welovecinema.be\/fr\/wp-json\/wp\/v2\/tags?post=60696"}],"curies":[{"name":"wp","href":"https:\/\/api.w.org\/{rel}","templated":true}]}}