{"id":60614,"date":"2014-08-20T15:36:29","date_gmt":"2014-08-20T13:36:29","guid":{"rendered":"http:\/\/www.cinevox.be\/?p=60614"},"modified":"2014-08-20T16:14:28","modified_gmt":"2014-08-20T14:14:28","slug":"casting-3-roles-court-metrage","status":"publish","type":"post","link":"https:\/\/welovecinema.be\/fr\/casting-3-roles-court-metrage\/","title":{"rendered":"Casting : 3 r\u00f4les pour un court m\u00e9trage"},"content":{"rendered":"<p align=\"left\"><span style=\"font-size: 16px;\">Dans le cadre du film de fin d&rsquo;\u00e9tude de Carline Albert, \u00e9tudiante en r\u00e9alisation Master 2 \u00e0 l&rsquo;INSAS, nous cherchons pour les personnages principaux :<\/span><\/p>\n<p align=\"left\">&#8211; Margot, une petite fille entre 6 et 9 ans (le personnage a 7 ans)<\/p>\n<p align=\"left\">&#8211; Louise, une femme entre 35 et 40 ans, le personnage est clarinettiste, donc la pratique de cet instrument est un plus mais pas une n\u00e9cessit\u00e9.<\/p>\n<p align=\"left\">&#8211; Marthe, une femme autour de 65 ans, pour jouer une fermi\u00e8re, il est donc important d&rsquo;avoir un physique correspondant \u00e0 ce m\u00e9tier et d&rsquo;avoir les capacit\u00e9s d&rsquo;effectuer certains travaux physiques.<\/p>\n<p align=\"left\">Le tournage aura lieu enti\u00e8rement dans une ferme, en Wallonie, et un certain nombre de sc\u00e8nes seront tourn\u00e9es avec des animaux, entre le 6 et le 19 avril 2015.<\/p>\n<p align=\"left\">Les castings commenceront dans le cours du mois de septembre. Merci de nous envoyer CV, photos, vid\u00e9os, etc. et n&rsquo;h\u00e9sitez pas \u00e0 demander plus de renseignements \u00e0 l&rsquo;adresse <i>castingregain@gmail.com<\/i><\/p>\n<p align=\"left\">Personnes de contact :<\/p>\n<p align=\"left\">Jeanne Cousseau, 1e assistante r\u00e9alisatrice<\/p>\n<p align=\"left\">Carole Rouquier, coach enfant<\/p>\n<p align=\"left\"><b>Synopsis :<\/b> Margot, une petite fille de 7 ans, accompagne sa m\u00e8re en visite chez la grand-m\u00e8re, Marthe, une \u00e9leveuse de vaches laiti\u00e8res. Heureuse de retrouver cet espace de libert\u00e9, Margot d\u00e9couvre un petit veau \u00e0 peine n\u00e9 dans les herbes du champ. A travers les \u00e9v\u00e9nements et les disputes entre les deux adultes, Margot d\u00e9couvrira peu \u00e0 peu la situation : Marthe vend son troupeau de vaches. Elle arr\u00eate son exploitation. Margot assistera \u00e0 la mort in\u00e9luctable de la ferme familiale tandis qu&rsquo;un amour et une passion puissante pour ce lieu, et ces b\u00eates et ces gestes grandissent en elle. Germes d&rsquo;une possible vocation ; terreau d&rsquo;un probable espoir de renouveau.<\/p>\n<p align=\"left\"><i>NDLR. Cinevox relaie volontiers et gratuitement des annonces qui semblent s\u00e9rieuses et peuvent permettre \u00e0 nos lecteurs de plonger dans le monde du cin\u00e9ma. Nous ne faisons n\u00e9anmoins que mettre en contact une production ou une soci\u00e9t\u00e9 avec notre communaut\u00e9. Pour tous renseignements compl\u00e9mentaires et revendications \u00e9ventuelles, merci de vous adresser \u00e0 l\u2019adresse pr\u00e9sente dans l\u2019annonce.\u00a0<\/i><\/p>\n","protected":false},"excerpt":{"rendered":"<p>Dans le cadre du film de fin d&rsquo;\u00e9tude de Carline Albert, \u00e9tudiante en r\u00e9alisation Master 2 \u00e0 l&rsquo;INSAS, nous cherchons pour les personnages principaux : &#8211; Margot, une petite fille entre 6 et 9 ans (le personnage a 7 ans) &#8211; Louise, une femme entre 35 et 40 ans, le personnage est clarinettiste, donc la &hellip;<\/p>\n","protected":false},"author":7,"featured_media":60616,"comment_status":"closed","ping_status":"closed","sticky":false,"template":"","format":"standard","meta":{"ngg_post_thumbnail":0,"footnotes":""},"categories":[1923,7],"tags":[],"class_list":["post-60614","post","type-post","status-publish","format-standard","has-post-thumbnail","","category-en-bref","category-actualites"],"yoast_head":"<!-- This site is optimized with the Yoast SEO plugin v20.4 - https:\/\/yoast.com\/wordpress\/plugins\/seo\/ -->\n<title>Casting : 3 r\u00f4les pour un court m\u00e9trage - We Love Cinema<\/title>\n<meta name=\"robots\" content=\"index, follow, max-snippet:-1, max-image-preview:large, max-video-preview:-1\" \/>\n<link rel=\"canonical\" href=\"https:\/\/welovecinema.be\/fr\/casting-3-roles-court-metrage\/\" \/>\n<meta property=\"og:locale\" content=\"fr_FR\" \/>\n<meta property=\"og:type\" content=\"article\" \/>\n<meta property=\"og:title\" content=\"Casting : 3 r\u00f4les pour un court m\u00e9trage - We Love Cinema\" \/>\n<meta property=\"og:description\" content=\"Dans le cadre du film de fin d&rsquo;\u00e9tude de Carline Albert, \u00e9tudiante en r\u00e9alisation Master 2 \u00e0 l&rsquo;INSAS, nous cherchons pour les personnages principaux : &#8211; Margot, une petite fille entre 6 et 9 ans (le personnage a 7 ans) &#8211; Louise, une femme entre 35 et 40 ans, le personnage est clarinettiste, donc la &hellip;\" \/>\n<meta property=\"og:url\" content=\"https:\/\/welovecinema.be\/fr\/casting-3-roles-court-metrage\/\" \/>\n<meta property=\"og:site_name\" content=\"We Love Cinema\" \/>\n<meta property=\"article:publisher\" content=\"https:\/\/www.facebook.com\/welovecinema.be\" \/>\n<meta property=\"article:published_time\" content=\"2014-08-20T13:36:29+00:00\" \/>\n<meta property=\"article:modified_time\" content=\"2014-08-20T14:14:28+00:00\" \/>\n<meta property=\"og:image\" content=\"https:\/\/welovecinema.be\/wp-content\/uploads\/sites\/2\/2014\/08\/2014-08-20_15h35_36.jpg\" \/>\n\t<meta property=\"og:image:width\" content=\"521\" \/>\n\t<meta property=\"og:image:height\" content=\"244\" \/>\n\t<meta property=\"og:image:type\" content=\"image\/jpeg\" \/>\n<meta name=\"author\" content=\"Philippe.Pierquin\" \/>\n<meta name=\"twitter:card\" content=\"summary_large_image\" \/>\n<meta name=\"twitter:label1\" content=\"\u00c9crit par\" \/>\n\t<meta name=\"twitter:data1\" content=\"Philippe.Pierquin\" \/>\n\t<meta name=\"twitter:label2\" content=\"Dur\u00e9e de lecture estim\u00e9e\" \/>\n\t<meta name=\"twitter:data2\" content=\"2 minutes\" \/>\n<script type=\"application\/ld+json\" class=\"yoast-schema-graph\">{\"@context\":\"https:\/\/schema.org\",\"@graph\":[{\"@type\":\"Article\",\"@id\":\"https:\/\/welovecinema.be\/fr\/casting-3-roles-court-metrage\/#article\",\"isPartOf\":{\"@id\":\"https:\/\/welovecinema.be\/fr\/casting-3-roles-court-metrage\/\"},\"author\":{\"name\":\"Philippe.Pierquin\",\"@id\":\"https:\/\/welovecinema.be\/nl\/#\/schema\/person\/4b9b1d857f0943453a38a7c2859ef756\"},\"headline\":\"Casting : 3 r\u00f4les pour un court m\u00e9trage\",\"datePublished\":\"2014-08-20T13:36:29+00:00\",\"dateModified\":\"2014-08-20T14:14:28+00:00\",\"mainEntityOfPage\":{\"@id\":\"https:\/\/welovecinema.be\/fr\/casting-3-roles-court-metrage\/\"},\"wordCount\":359,\"publisher\":{\"@id\":\"https:\/\/welovecinema.be\/nl\/#organization\"},\"articleSection\":[\"En bref\",\"News\"],\"inLanguage\":\"fr-FR\"},{\"@type\":\"WebPage\",\"@id\":\"https:\/\/welovecinema.be\/fr\/casting-3-roles-court-metrage\/\",\"url\":\"https:\/\/welovecinema.be\/fr\/casting-3-roles-court-metrage\/\",\"name\":\"Casting : 3 r\u00f4les pour un court m\u00e9trage - We Love Cinema\",\"isPartOf\":{\"@id\":\"https:\/\/welovecinema.be\/nl\/#website\"},\"datePublished\":\"2014-08-20T13:36:29+00:00\",\"dateModified\":\"2014-08-20T14:14:28+00:00\",\"breadcrumb\":{\"@id\":\"https:\/\/welovecinema.be\/fr\/casting-3-roles-court-metrage\/#breadcrumb\"},\"inLanguage\":\"fr-FR\",\"potentialAction\":[{\"@type\":\"ReadAction\",\"target\":[\"https:\/\/welovecinema.be\/fr\/casting-3-roles-court-metrage\/\"]}]},{\"@type\":\"BreadcrumbList\",\"@id\":\"https:\/\/welovecinema.be\/fr\/casting-3-roles-court-metrage\/#breadcrumb\",\"itemListElement\":[{\"@type\":\"ListItem\",\"position\":1,\"name\":\"Accueil\",\"item\":\"https:\/\/welovecinema.be\/fr\/\"},{\"@type\":\"ListItem\",\"position\":2,\"name\":\"Casting : 3 r\u00f4les pour un court m\u00e9trage\"}]},{\"@type\":\"WebSite\",\"@id\":\"https:\/\/welovecinema.be\/nl\/#website\",\"url\":\"https:\/\/welovecinema.be\/nl\/\",\"name\":\"We Love Cinema\",\"description\":\"Toute l\u2019information du cin\u00e9ma en Belgique\",\"publisher\":{\"@id\":\"https:\/\/welovecinema.be\/nl\/#organization\"},\"potentialAction\":[{\"@type\":\"SearchAction\",\"target\":{\"@type\":\"EntryPoint\",\"urlTemplate\":\"https:\/\/welovecinema.be\/nl\/?s={search_term_string}\"},\"query-input\":\"required name=search_term_string\"}],\"inLanguage\":\"fr-FR\"},{\"@type\":\"Organization\",\"@id\":\"https:\/\/welovecinema.be\/nl\/#organization\",\"name\":\"We Love Cinema\",\"url\":\"https:\/\/welovecinema.be\/nl\/\",\"logo\":{\"@type\":\"ImageObject\",\"inLanguage\":\"fr-FR\",\"@id\":\"https:\/\/welovecinema.be\/nl\/#\/schema\/logo\/image\/\",\"url\":\"https:\/\/welovecinema.be\/wp-content\/uploads\/sites\/2\/2023\/03\/Logo-We-Love-Cinema305x128.jpg\",\"contentUrl\":\"https:\/\/welovecinema.be\/wp-content\/uploads\/sites\/2\/2023\/03\/Logo-We-Love-Cinema305x128.jpg\",\"width\":305,\"height\":128,\"caption\":\"We Love Cinema\"},\"image\":{\"@id\":\"https:\/\/welovecinema.be\/nl\/#\/schema\/logo\/image\/\"},\"sameAs\":[\"https:\/\/www.facebook.com\/welovecinema.be\",\"https:\/\/www.youtube.com\/channel\/UCX5LYGVhnKvYauW4Nta4HJA\",\"https:\/\/www.instagram.com\/welovecinema.be\/\"]},{\"@type\":\"Person\",\"@id\":\"https:\/\/welovecinema.be\/nl\/#\/schema\/person\/4b9b1d857f0943453a38a7c2859ef756\",\"name\":\"Philippe.Pierquin\",\"url\":\"https:\/\/welovecinema.be\/fr\/author\/philippe-pierquin\/\"}]}<\/script>\n<!-- \/ Yoast SEO plugin. -->","yoast_head_json":{"title":"Casting : 3 r\u00f4les pour un court m\u00e9trage - We Love Cinema","robots":{"index":"index","follow":"follow","max-snippet":"max-snippet:-1","max-image-preview":"max-image-preview:large","max-video-preview":"max-video-preview:-1"},"canonical":"https:\/\/welovecinema.be\/fr\/casting-3-roles-court-metrage\/","og_locale":"fr_FR","og_type":"article","og_title":"Casting : 3 r\u00f4les pour un court m\u00e9trage - We Love Cinema","og_description":"Dans le cadre du film de fin d&rsquo;\u00e9tude de Carline Albert, \u00e9tudiante en r\u00e9alisation Master 2 \u00e0 l&rsquo;INSAS, nous cherchons pour les personnages principaux : &#8211; Margot, une petite fille entre 6 et 9 ans (le personnage a 7 ans) &#8211; Louise, une femme entre 35 et 40 ans, le personnage est clarinettiste, donc la &hellip;","og_url":"https:\/\/welovecinema.be\/fr\/casting-3-roles-court-metrage\/","og_site_name":"We Love Cinema","article_publisher":"https:\/\/www.facebook.com\/welovecinema.be","article_published_time":"2014-08-20T13:36:29+00:00","article_modified_time":"2014-08-20T14:14:28+00:00","og_image":[{"width":521,"height":244,"url":"https:\/\/welovecinema.be\/wp-content\/uploads\/sites\/2\/2014\/08\/2014-08-20_15h35_36.jpg","type":"image\/jpeg"}],"author":"Philippe.Pierquin","twitter_card":"summary_large_image","twitter_misc":{"\u00c9crit par":"Philippe.Pierquin","Dur\u00e9e de lecture estim\u00e9e":"2 minutes"},"schema":{"@context":"https:\/\/schema.org","@graph":[{"@type":"Article","@id":"https:\/\/welovecinema.be\/fr\/casting-3-roles-court-metrage\/#article","isPartOf":{"@id":"https:\/\/welovecinema.be\/fr\/casting-3-roles-court-metrage\/"},"author":{"name":"Philippe.Pierquin","@id":"https:\/\/welovecinema.be\/nl\/#\/schema\/person\/4b9b1d857f0943453a38a7c2859ef756"},"headline":"Casting : 3 r\u00f4les pour un court m\u00e9trage","datePublished":"2014-08-20T13:36:29+00:00","dateModified":"2014-08-20T14:14:28+00:00","mainEntityOfPage":{"@id":"https:\/\/welovecinema.be\/fr\/casting-3-roles-court-metrage\/"},"wordCount":359,"publisher":{"@id":"https:\/\/welovecinema.be\/nl\/#organization"},"articleSection":["En bref","News"],"inLanguage":"fr-FR"},{"@type":"WebPage","@id":"https:\/\/welovecinema.be\/fr\/casting-3-roles-court-metrage\/","url":"https:\/\/welovecinema.be\/fr\/casting-3-roles-court-metrage\/","name":"Casting : 3 r\u00f4les pour un court m\u00e9trage - We Love Cinema","isPartOf":{"@id":"https:\/\/welovecinema.be\/nl\/#website"},"datePublished":"2014-08-20T13:36:29+00:00","dateModified":"2014-08-20T14:14:28+00:00","breadcrumb":{"@id":"https:\/\/welovecinema.be\/fr\/casting-3-roles-court-metrage\/#breadcrumb"},"inLanguage":"fr-FR","potentialAction":[{"@type":"ReadAction","target":["https:\/\/welovecinema.be\/fr\/casting-3-roles-court-metrage\/"]}]},{"@type":"BreadcrumbList","@id":"https:\/\/welovecinema.be\/fr\/casting-3-roles-court-metrage\/#breadcrumb","itemListElement":[{"@type":"ListItem","position":1,"name":"Accueil","item":"https:\/\/welovecinema.be\/fr\/"},{"@type":"ListItem","position":2,"name":"Casting : 3 r\u00f4les pour un court m\u00e9trage"}]},{"@type":"WebSite","@id":"https:\/\/welovecinema.be\/nl\/#website","url":"https:\/\/welovecinema.be\/nl\/","name":"We Love Cinema","description":"Toute l\u2019information du cin\u00e9ma en Belgique","publisher":{"@id":"https:\/\/welovecinema.be\/nl\/#organization"},"potentialAction":[{"@type":"SearchAction","target":{"@type":"EntryPoint","urlTemplate":"https:\/\/welovecinema.be\/nl\/?s={search_term_string}"},"query-input":"required name=search_term_string"}],"inLanguage":"fr-FR"},{"@type":"Organization","@id":"https:\/\/welovecinema.be\/nl\/#organization","name":"We Love Cinema","url":"https:\/\/welovecinema.be\/nl\/","logo":{"@type":"ImageObject","inLanguage":"fr-FR","@id":"https:\/\/welovecinema.be\/nl\/#\/schema\/logo\/image\/","url":"https:\/\/welovecinema.be\/wp-content\/uploads\/sites\/2\/2023\/03\/Logo-We-Love-Cinema305x128.jpg","contentUrl":"https:\/\/welovecinema.be\/wp-content\/uploads\/sites\/2\/2023\/03\/Logo-We-Love-Cinema305x128.jpg","width":305,"height":128,"caption":"We Love Cinema"},"image":{"@id":"https:\/\/welovecinema.be\/nl\/#\/schema\/logo\/image\/"},"sameAs":["https:\/\/www.facebook.com\/welovecinema.be","https:\/\/www.youtube.com\/channel\/UCX5LYGVhnKvYauW4Nta4HJA","https:\/\/www.instagram.com\/welovecinema.be\/"]},{"@type":"Person","@id":"https:\/\/welovecinema.be\/nl\/#\/schema\/person\/4b9b1d857f0943453a38a7c2859ef756","name":"Philippe.Pierquin","url":"https:\/\/welovecinema.be\/fr\/author\/philippe-pierquin\/"}]}},"_links":{"self":[{"href":"https:\/\/welovecinema.be\/fr\/wp-json\/wp\/v2\/posts\/60614","targetHints":{"allow":["GET"]}}],"collection":[{"href":"https:\/\/welovecinema.be\/fr\/wp-json\/wp\/v2\/posts"}],"about":[{"href":"https:\/\/welovecinema.be\/fr\/wp-json\/wp\/v2\/types\/post"}],"author":[{"embeddable":true,"href":"https:\/\/welovecinema.be\/fr\/wp-json\/wp\/v2\/users\/7"}],"replies":[{"embeddable":true,"href":"https:\/\/welovecinema.be\/fr\/wp-json\/wp\/v2\/comments?post=60614"}],"version-history":[{"count":0,"href":"https:\/\/welovecinema.be\/fr\/wp-json\/wp\/v2\/posts\/60614\/revisions"}],"wp:featuredmedia":[{"embeddable":true,"href":"https:\/\/welovecinema.be\/fr\/wp-json\/wp\/v2\/media\/60616"}],"wp:attachment":[{"href":"https:\/\/welovecinema.be\/fr\/wp-json\/wp\/v2\/media?parent=60614"}],"wp:term":[{"taxonomy":"category","embeddable":true,"href":"https:\/\/welovecinema.be\/fr\/wp-json\/wp\/v2\/categories?post=60614"},{"taxonomy":"post_tag","embeddable":true,"href":"https:\/\/welovecinema.be\/fr\/wp-json\/wp\/v2\/tags?post=60614"}],"curies":[{"name":"wp","href":"https:\/\/api.w.org\/{rel}","templated":true}]}}