{"id":60509,"date":"2014-08-21T09:23:07","date_gmt":"2014-08-21T07:23:07","guid":{"rendered":"http:\/\/www.cinevox.be\/?p=60509"},"modified":"2014-08-19T14:49:14","modified_gmt":"2014-08-19T12:49:14","slug":"11e-rencontres-coproduction-francophone-appel-projets-inscriptions","status":"publish","type":"post","link":"https:\/\/welovecinema.be\/fr\/11e-rencontres-coproduction-francophone-appel-projets-inscriptions\/","title":{"rendered":"11e rencontres de coproduction francophone : appel \u00e0 projets et inscriptions"},"content":{"rendered":"<p>Vous disposez d\u2019un projet de film susceptible de s\u2019inscrire dans une coproduction francophone ou souhaitez \u00e9tendre votre r\u00e9seau de coproducteurs dans l\u2019espace francophone\u00a0? Le Centre du Cin\u00e9ma et de l\u2019Audiovisuel vous invite \u00e0 participer aux prochaines\u00a0<b>Rencontres de Coproduction Francophone<\/b>\u00a0organis\u00e9es par la SODEC et dont il est partenaire.<\/p>\n<p>Visant \u00e0 favoriser la coproduction de longs m\u00e9trages de fiction en langue fran\u00e7aise, ces 11\u00e8mes Rencontres de Coproduction Francophone se tiendront\u00a0<b>du 24 au 26 novembre 2014<\/b>\u00a0\u00e0\u00a0<b>Paris<\/b>\u00a0(Forum des Images) dans le cadre de l\u2019\u00e9v\u00e9nement Cin\u00e9ma du Qu\u00e9bec.<!--more--><\/p>\n<p>Lors de ces 11\u00e8mes Rencontres, une vingtaine de projets de longs m\u00e9trages de fiction en langue fran\u00e7aise seront pr\u00e9sent\u00e9s sous forme de \u00ab vid\u00e9o pitch \u00bb aux professionnels accr\u00e9dit\u00e9s venus du Qu\u00e9bec et de l\u2019Europe francophone. Des panels sur la coproduction et des rendez-vous individuels entre les porteurs de projets et des vendeurs internationaux, distributeurs, producteurs auront \u00e9galement lieu, dans une atmosph\u00e8re conviviale favorisant les \u00e9changes.<\/p>\n<p><b>Date limite de d\u00e9p\u00f4t d\u2019un projet<\/b>\u00a0:\u00a0<b>24 septembre 2014<\/b><br \/>\nPour d\u00e9poser un projet, t\u00e9l\u00e9chargez le\u00a0<a href=\"http:\/\/centreducinema.us5.list-manage.com\/track\/click?u=b93c7d6872a64066a5c8e23d6&amp;id=5fa83983e4&amp;e=72090fb91c\" target=\"_blank\">formulaire<\/a>\u00a0ici.<\/p>\n<p><b>Date limite d\u2019accr\u00e9ditation (sans projet)<\/b>\u00a0:\u00a0<b>24 octobre 2014<\/b><br \/>\nPour vous accr\u00e9diter (sans d\u00e9poser de projet), t\u00e9l\u00e9chargez le<a href=\"http:\/\/centreducinema.us5.list-manage.com\/track\/click?u=b93c7d6872a64066a5c8e23d6&amp;id=321e219b6c&amp;e=72090fb91c\" target=\"_blank\">\u00a0formulaire<\/a>\u00a0ici.<\/p>\n<p>Les Rencontres de Coproduction Francophone sont initi\u00e9es et organis\u00e9es par la\u00a0Soci\u00e9t\u00e9 de d\u00e9veloppement des entreprises culturelles\u00a0(SODEC) en collaboration avec\u00a0Vision-in-Motion\u00a0et avec le soutien de l\u2019Ambassade du Canada, du\u00a0Centre national du cin\u00e9ma et de l\u2019image anim\u00e9e (CNC), de\u00a0T\u00e9l\u00e9film Canada, de la\u00a0F\u00e9d\u00e9ration Wallonie-Bruxelles\u00a0et\u00a0Wallonie Bruxelles Images, de l\u2019Office F\u00e9d\u00e9ral de la Culture Suisse, du\u00a0Film Fund Luxembourg, de\u00a0TV5 Monde\u00a0et avec la collaboration de\u00a0EAVE &#8211; European Audiovisual Entrepreneurs\u00a0et\u00a0ACE &#8211; Ateliers du Cin\u00e9ma Europ\u00e9en.<\/p>\n<p>Pour plus d\u2019information, consultez\u00a0<a href=\"http:\/\/centreducinema.us5.list-manage2.com\/track\/click?u=b93c7d6872a64066a5c8e23d6&amp;id=05d05457ef&amp;e=72090fb91c\" target=\"_blank\">www.cinemaduquebec.com<\/a><br \/>\n<b><span style=\"text-decoration: underline;\">Renseignements<\/span><\/b>\u00a0: Aube Rabourdin &#8211; VISION-IN-MOTION &#8211; T\u00e9l. : +33 1 43 58 29 55 &#8211; Courriel :\u00a0<a href=\"mailto:aube@vision-in-motion.com\">aube@vision-in-motion.com<\/a><\/p>\n","protected":false},"excerpt":{"rendered":"<p>Vous disposez d\u2019un projet de film susceptible de s\u2019inscrire dans une coproduction francophone ou souhaitez \u00e9tendre votre r\u00e9seau de coproducteurs dans l\u2019espace francophone\u00a0? Le Centre du Cin\u00e9ma et de l\u2019Audiovisuel vous invite \u00e0 participer aux prochaines\u00a0Rencontres de Coproduction Francophone\u00a0organis\u00e9es par la SODEC et dont il est partenaire. Visant \u00e0 favoriser la coproduction de longs m\u00e9trages &hellip;<\/p>\n","protected":false},"author":7,"featured_media":60511,"comment_status":"closed","ping_status":"closed","sticky":false,"template":"","format":"standard","meta":{"ngg_post_thumbnail":0,"footnotes":""},"categories":[1923],"tags":[],"class_list":["post-60509","post","type-post","status-publish","format-standard","has-post-thumbnail","","category-en-bref"],"yoast_head":"<!-- This site is optimized with the Yoast SEO plugin v20.4 - https:\/\/yoast.com\/wordpress\/plugins\/seo\/ -->\n<title>11e rencontres de coproduction francophone : appel \u00e0 projets et inscriptions - We Love Cinema<\/title>\n<meta name=\"robots\" content=\"index, follow, max-snippet:-1, max-image-preview:large, max-video-preview:-1\" \/>\n<link rel=\"canonical\" href=\"https:\/\/welovecinema.be\/fr\/11e-rencontres-coproduction-francophone-appel-projets-inscriptions\/\" \/>\n<meta property=\"og:locale\" content=\"fr_FR\" \/>\n<meta property=\"og:type\" content=\"article\" \/>\n<meta property=\"og:title\" content=\"11e rencontres de coproduction francophone : appel \u00e0 projets et inscriptions - We Love Cinema\" \/>\n<meta property=\"og:description\" content=\"Vous disposez d\u2019un projet de film susceptible de s\u2019inscrire dans une coproduction francophone ou souhaitez \u00e9tendre votre r\u00e9seau de coproducteurs dans l\u2019espace francophone\u00a0? Le Centre du Cin\u00e9ma et de l\u2019Audiovisuel vous invite \u00e0 participer aux prochaines\u00a0Rencontres de Coproduction Francophone\u00a0organis\u00e9es par la SODEC et dont il est partenaire. Visant \u00e0 favoriser la coproduction de longs m\u00e9trages &hellip;\" \/>\n<meta property=\"og:url\" content=\"https:\/\/welovecinema.be\/fr\/11e-rencontres-coproduction-francophone-appel-projets-inscriptions\/\" \/>\n<meta property=\"og:site_name\" content=\"We Love Cinema\" \/>\n<meta property=\"article:publisher\" content=\"https:\/\/www.facebook.com\/welovecinema.be\" \/>\n<meta property=\"article:published_time\" content=\"2014-08-21T07:23:07+00:00\" \/>\n<meta property=\"article:modified_time\" content=\"2014-08-19T12:49:14+00:00\" \/>\n<meta property=\"og:image\" content=\"https:\/\/welovecinema.be\/wp-content\/uploads\/sites\/2\/2010\/08\/2014-08-19_14h24_31.jpg\" \/>\n\t<meta property=\"og:image:width\" content=\"506\" \/>\n\t<meta property=\"og:image:height\" content=\"222\" \/>\n\t<meta property=\"og:image:type\" content=\"image\/jpeg\" \/>\n<meta name=\"author\" content=\"Philippe.Pierquin\" \/>\n<meta name=\"twitter:card\" content=\"summary_large_image\" \/>\n<meta name=\"twitter:label1\" content=\"\u00c9crit par\" \/>\n\t<meta name=\"twitter:data1\" content=\"Philippe.Pierquin\" \/>\n\t<meta name=\"twitter:label2\" content=\"Dur\u00e9e de lecture estim\u00e9e\" \/>\n\t<meta name=\"twitter:data2\" content=\"2 minutes\" \/>\n<script type=\"application\/ld+json\" class=\"yoast-schema-graph\">{\"@context\":\"https:\/\/schema.org\",\"@graph\":[{\"@type\":\"Article\",\"@id\":\"https:\/\/welovecinema.be\/fr\/11e-rencontres-coproduction-francophone-appel-projets-inscriptions\/#article\",\"isPartOf\":{\"@id\":\"https:\/\/welovecinema.be\/fr\/11e-rencontres-coproduction-francophone-appel-projets-inscriptions\/\"},\"author\":{\"name\":\"Philippe.Pierquin\",\"@id\":\"https:\/\/welovecinema.be\/nl\/#\/schema\/person\/4b9b1d857f0943453a38a7c2859ef756\"},\"headline\":\"11e rencontres de coproduction francophone : appel \u00e0 projets et inscriptions\",\"datePublished\":\"2014-08-21T07:23:07+00:00\",\"dateModified\":\"2014-08-19T12:49:14+00:00\",\"mainEntityOfPage\":{\"@id\":\"https:\/\/welovecinema.be\/fr\/11e-rencontres-coproduction-francophone-appel-projets-inscriptions\/\"},\"wordCount\":343,\"publisher\":{\"@id\":\"https:\/\/welovecinema.be\/nl\/#organization\"},\"articleSection\":[\"En bref\"],\"inLanguage\":\"fr-FR\"},{\"@type\":\"WebPage\",\"@id\":\"https:\/\/welovecinema.be\/fr\/11e-rencontres-coproduction-francophone-appel-projets-inscriptions\/\",\"url\":\"https:\/\/welovecinema.be\/fr\/11e-rencontres-coproduction-francophone-appel-projets-inscriptions\/\",\"name\":\"11e rencontres de coproduction francophone : appel \u00e0 projets et inscriptions - We Love Cinema\",\"isPartOf\":{\"@id\":\"https:\/\/welovecinema.be\/nl\/#website\"},\"datePublished\":\"2014-08-21T07:23:07+00:00\",\"dateModified\":\"2014-08-19T12:49:14+00:00\",\"breadcrumb\":{\"@id\":\"https:\/\/welovecinema.be\/fr\/11e-rencontres-coproduction-francophone-appel-projets-inscriptions\/#breadcrumb\"},\"inLanguage\":\"fr-FR\",\"potentialAction\":[{\"@type\":\"ReadAction\",\"target\":[\"https:\/\/welovecinema.be\/fr\/11e-rencontres-coproduction-francophone-appel-projets-inscriptions\/\"]}]},{\"@type\":\"BreadcrumbList\",\"@id\":\"https:\/\/welovecinema.be\/fr\/11e-rencontres-coproduction-francophone-appel-projets-inscriptions\/#breadcrumb\",\"itemListElement\":[{\"@type\":\"ListItem\",\"position\":1,\"name\":\"Accueil\",\"item\":\"https:\/\/welovecinema.be\/fr\/\"},{\"@type\":\"ListItem\",\"position\":2,\"name\":\"11e rencontres de coproduction francophone : appel \u00e0 projets et inscriptions\"}]},{\"@type\":\"WebSite\",\"@id\":\"https:\/\/welovecinema.be\/nl\/#website\",\"url\":\"https:\/\/welovecinema.be\/nl\/\",\"name\":\"We Love Cinema\",\"description\":\"Toute l\u2019information du cin\u00e9ma en Belgique\",\"publisher\":{\"@id\":\"https:\/\/welovecinema.be\/nl\/#organization\"},\"potentialAction\":[{\"@type\":\"SearchAction\",\"target\":{\"@type\":\"EntryPoint\",\"urlTemplate\":\"https:\/\/welovecinema.be\/nl\/?s={search_term_string}\"},\"query-input\":\"required name=search_term_string\"}],\"inLanguage\":\"fr-FR\"},{\"@type\":\"Organization\",\"@id\":\"https:\/\/welovecinema.be\/nl\/#organization\",\"name\":\"We Love Cinema\",\"url\":\"https:\/\/welovecinema.be\/nl\/\",\"logo\":{\"@type\":\"ImageObject\",\"inLanguage\":\"fr-FR\",\"@id\":\"https:\/\/welovecinema.be\/nl\/#\/schema\/logo\/image\/\",\"url\":\"https:\/\/welovecinema.be\/wp-content\/uploads\/sites\/2\/2023\/03\/Logo-We-Love-Cinema305x128.jpg\",\"contentUrl\":\"https:\/\/welovecinema.be\/wp-content\/uploads\/sites\/2\/2023\/03\/Logo-We-Love-Cinema305x128.jpg\",\"width\":305,\"height\":128,\"caption\":\"We Love Cinema\"},\"image\":{\"@id\":\"https:\/\/welovecinema.be\/nl\/#\/schema\/logo\/image\/\"},\"sameAs\":[\"https:\/\/www.facebook.com\/welovecinema.be\",\"https:\/\/www.youtube.com\/channel\/UCX5LYGVhnKvYauW4Nta4HJA\",\"https:\/\/www.instagram.com\/welovecinema.be\/\"]},{\"@type\":\"Person\",\"@id\":\"https:\/\/welovecinema.be\/nl\/#\/schema\/person\/4b9b1d857f0943453a38a7c2859ef756\",\"name\":\"Philippe.Pierquin\",\"url\":\"https:\/\/welovecinema.be\/fr\/author\/philippe-pierquin\/\"}]}<\/script>\n<!-- \/ Yoast SEO plugin. -->","yoast_head_json":{"title":"11e rencontres de coproduction francophone : appel \u00e0 projets et inscriptions - We Love Cinema","robots":{"index":"index","follow":"follow","max-snippet":"max-snippet:-1","max-image-preview":"max-image-preview:large","max-video-preview":"max-video-preview:-1"},"canonical":"https:\/\/welovecinema.be\/fr\/11e-rencontres-coproduction-francophone-appel-projets-inscriptions\/","og_locale":"fr_FR","og_type":"article","og_title":"11e rencontres de coproduction francophone : appel \u00e0 projets et inscriptions - We Love Cinema","og_description":"Vous disposez d\u2019un projet de film susceptible de s\u2019inscrire dans une coproduction francophone ou souhaitez \u00e9tendre votre r\u00e9seau de coproducteurs dans l\u2019espace francophone\u00a0? Le Centre du Cin\u00e9ma et de l\u2019Audiovisuel vous invite \u00e0 participer aux prochaines\u00a0Rencontres de Coproduction Francophone\u00a0organis\u00e9es par la SODEC et dont il est partenaire. Visant \u00e0 favoriser la coproduction de longs m\u00e9trages &hellip;","og_url":"https:\/\/welovecinema.be\/fr\/11e-rencontres-coproduction-francophone-appel-projets-inscriptions\/","og_site_name":"We Love Cinema","article_publisher":"https:\/\/www.facebook.com\/welovecinema.be","article_published_time":"2014-08-21T07:23:07+00:00","article_modified_time":"2014-08-19T12:49:14+00:00","og_image":[{"width":506,"height":222,"url":"https:\/\/welovecinema.be\/wp-content\/uploads\/sites\/2\/2010\/08\/2014-08-19_14h24_31.jpg","type":"image\/jpeg"}],"author":"Philippe.Pierquin","twitter_card":"summary_large_image","twitter_misc":{"\u00c9crit par":"Philippe.Pierquin","Dur\u00e9e de lecture estim\u00e9e":"2 minutes"},"schema":{"@context":"https:\/\/schema.org","@graph":[{"@type":"Article","@id":"https:\/\/welovecinema.be\/fr\/11e-rencontres-coproduction-francophone-appel-projets-inscriptions\/#article","isPartOf":{"@id":"https:\/\/welovecinema.be\/fr\/11e-rencontres-coproduction-francophone-appel-projets-inscriptions\/"},"author":{"name":"Philippe.Pierquin","@id":"https:\/\/welovecinema.be\/nl\/#\/schema\/person\/4b9b1d857f0943453a38a7c2859ef756"},"headline":"11e rencontres de coproduction francophone : appel \u00e0 projets et inscriptions","datePublished":"2014-08-21T07:23:07+00:00","dateModified":"2014-08-19T12:49:14+00:00","mainEntityOfPage":{"@id":"https:\/\/welovecinema.be\/fr\/11e-rencontres-coproduction-francophone-appel-projets-inscriptions\/"},"wordCount":343,"publisher":{"@id":"https:\/\/welovecinema.be\/nl\/#organization"},"articleSection":["En bref"],"inLanguage":"fr-FR"},{"@type":"WebPage","@id":"https:\/\/welovecinema.be\/fr\/11e-rencontres-coproduction-francophone-appel-projets-inscriptions\/","url":"https:\/\/welovecinema.be\/fr\/11e-rencontres-coproduction-francophone-appel-projets-inscriptions\/","name":"11e rencontres de coproduction francophone : appel \u00e0 projets et inscriptions - We Love Cinema","isPartOf":{"@id":"https:\/\/welovecinema.be\/nl\/#website"},"datePublished":"2014-08-21T07:23:07+00:00","dateModified":"2014-08-19T12:49:14+00:00","breadcrumb":{"@id":"https:\/\/welovecinema.be\/fr\/11e-rencontres-coproduction-francophone-appel-projets-inscriptions\/#breadcrumb"},"inLanguage":"fr-FR","potentialAction":[{"@type":"ReadAction","target":["https:\/\/welovecinema.be\/fr\/11e-rencontres-coproduction-francophone-appel-projets-inscriptions\/"]}]},{"@type":"BreadcrumbList","@id":"https:\/\/welovecinema.be\/fr\/11e-rencontres-coproduction-francophone-appel-projets-inscriptions\/#breadcrumb","itemListElement":[{"@type":"ListItem","position":1,"name":"Accueil","item":"https:\/\/welovecinema.be\/fr\/"},{"@type":"ListItem","position":2,"name":"11e rencontres de coproduction francophone : appel \u00e0 projets et inscriptions"}]},{"@type":"WebSite","@id":"https:\/\/welovecinema.be\/nl\/#website","url":"https:\/\/welovecinema.be\/nl\/","name":"We Love Cinema","description":"Toute l\u2019information du cin\u00e9ma en Belgique","publisher":{"@id":"https:\/\/welovecinema.be\/nl\/#organization"},"potentialAction":[{"@type":"SearchAction","target":{"@type":"EntryPoint","urlTemplate":"https:\/\/welovecinema.be\/nl\/?s={search_term_string}"},"query-input":"required name=search_term_string"}],"inLanguage":"fr-FR"},{"@type":"Organization","@id":"https:\/\/welovecinema.be\/nl\/#organization","name":"We Love Cinema","url":"https:\/\/welovecinema.be\/nl\/","logo":{"@type":"ImageObject","inLanguage":"fr-FR","@id":"https:\/\/welovecinema.be\/nl\/#\/schema\/logo\/image\/","url":"https:\/\/welovecinema.be\/wp-content\/uploads\/sites\/2\/2023\/03\/Logo-We-Love-Cinema305x128.jpg","contentUrl":"https:\/\/welovecinema.be\/wp-content\/uploads\/sites\/2\/2023\/03\/Logo-We-Love-Cinema305x128.jpg","width":305,"height":128,"caption":"We Love Cinema"},"image":{"@id":"https:\/\/welovecinema.be\/nl\/#\/schema\/logo\/image\/"},"sameAs":["https:\/\/www.facebook.com\/welovecinema.be","https:\/\/www.youtube.com\/channel\/UCX5LYGVhnKvYauW4Nta4HJA","https:\/\/www.instagram.com\/welovecinema.be\/"]},{"@type":"Person","@id":"https:\/\/welovecinema.be\/nl\/#\/schema\/person\/4b9b1d857f0943453a38a7c2859ef756","name":"Philippe.Pierquin","url":"https:\/\/welovecinema.be\/fr\/author\/philippe-pierquin\/"}]}},"_links":{"self":[{"href":"https:\/\/welovecinema.be\/fr\/wp-json\/wp\/v2\/posts\/60509","targetHints":{"allow":["GET"]}}],"collection":[{"href":"https:\/\/welovecinema.be\/fr\/wp-json\/wp\/v2\/posts"}],"about":[{"href":"https:\/\/welovecinema.be\/fr\/wp-json\/wp\/v2\/types\/post"}],"author":[{"embeddable":true,"href":"https:\/\/welovecinema.be\/fr\/wp-json\/wp\/v2\/users\/7"}],"replies":[{"embeddable":true,"href":"https:\/\/welovecinema.be\/fr\/wp-json\/wp\/v2\/comments?post=60509"}],"version-history":[{"count":0,"href":"https:\/\/welovecinema.be\/fr\/wp-json\/wp\/v2\/posts\/60509\/revisions"}],"wp:featuredmedia":[{"embeddable":true,"href":"https:\/\/welovecinema.be\/fr\/wp-json\/wp\/v2\/media\/60511"}],"wp:attachment":[{"href":"https:\/\/welovecinema.be\/fr\/wp-json\/wp\/v2\/media?parent=60509"}],"wp:term":[{"taxonomy":"category","embeddable":true,"href":"https:\/\/welovecinema.be\/fr\/wp-json\/wp\/v2\/categories?post=60509"},{"taxonomy":"post_tag","embeddable":true,"href":"https:\/\/welovecinema.be\/fr\/wp-json\/wp\/v2\/tags?post=60509"}],"curies":[{"name":"wp","href":"https:\/\/api.w.org\/{rel}","templated":true}]}}