{"id":60426,"date":"2014-08-20T10:04:04","date_gmt":"2014-08-20T08:04:04","guid":{"rendered":"http:\/\/www.cinevox.be\/?p=60426"},"modified":"2014-08-18T18:01:22","modified_gmt":"2014-08-18T16:01:22","slug":"court-mari-fils","status":"publish","type":"post","link":"https:\/\/welovecinema.be\/fr\/court-mari-fils\/","title":{"rendered":"Tout Court : le mari et le fils"},"content":{"rendered":"<p>Pour beaucoup, les vacances se terminent. Pour Tout Court, elles n\u2019ont jamais vraiment commenc\u00e9. Tout l\u2019\u00e9t\u00e9, les amateurs de courts m\u00e9trages ont ainsi pu revoir des films qui, sans cette \u00e9mission seraient presque invisible pour le grand public. Qu\u2019est-ce qu\u2019on dit\u00a0? Merci, bien s\u00fbr.<\/p>\n<p>RV jeudi en fin de soir\u00e9e, sur la Trois.\u00a0<!--more--><\/p>\n<p>&nbsp;<\/p>\n<p><a href=\"http:\/\/www.cinevox.be\/court-mari-fils\/biscla-2\/\" rel=\"attachment wp-att-60427\"><img loading=\"lazy\" decoding=\"async\" class=\"aligncenter size-full wp-image-60427\" alt=\"\" src=\"http:\/\/www.cinevox.be\/wp-content\/uploads\/sites\/2\/2014\/08\/biscla.jpg\" width=\"600\" height=\"324\" srcset=\"https:\/\/welovecinema.be\/wp-content\/uploads\/sites\/2\/2014\/08\/biscla.jpg 600w, https:\/\/welovecinema.be\/wp-content\/uploads\/sites\/2\/2014\/08\/biscla-480x259.jpg 480w\" sizes=\"auto, (max-width: 600px) 100vw, 600px\" \/><\/a><\/p>\n<p>&nbsp;<\/p>\n<p>23:15\u00a0&#8211; <b>Bisclavret<\/b><\/p>\n<ul>\n<li><b>Dur\u00e9e\u00a0:<\/b>\u00a000:14<\/li>\n<\/ul>\n<p>Une dame, \u00e9pouse d&rsquo;un baron, s&rsquo;aper\u00e7oit que son mari s&rsquo;absente souvent et le questionne. Il lui avoue que, frapp\u00e9 par une mal\u00e9diction, il se m\u00e9tamorphose durant ses absences en Bisclavret, loup-garou dangereux. Effray\u00e9e et prise de d\u00e9go\u00fbt, la dame r\u00e9v\u00e8le ce secret \u00e0 un chevalier qui lui fait la cour depuis longtemps. Elle s&rsquo;offre \u00e0 lui et lui demande de r\u00e9cup\u00e9rer les habits du baron pendant l&rsquo;une de ses sorties nocturnes, le condamnant \u00e0 errer ainsi sous son aspect animal. D&rsquo;apr\u00e8s \u00ab\u00a0Le lai du Bisclavret\u00a0\u00bb de Marie de France .<\/p>\n<ul>\n<li><b>R\u00e9alisateur\u00a0:\u00a0<\/b>Emilie Mercier<\/li>\n<\/ul>\n<p>&nbsp;<\/p>\n<p><a href=\"http:\/\/www.cinevox.be\/court-mari-fils\/christine-ok-306x172-2\/\" rel=\"attachment wp-att-60428\"><img loading=\"lazy\" decoding=\"async\" class=\"aligncenter size-full wp-image-60428\" alt=\"\" src=\"http:\/\/www.cinevox.be\/wp-content\/uploads\/sites\/2\/2014\/08\/Christine-OK-306x172.jpg\" width=\"709\" height=\"282\" srcset=\"https:\/\/welovecinema.be\/wp-content\/uploads\/sites\/2\/2014\/08\/Christine-OK-306x172.jpg 709w, https:\/\/welovecinema.be\/wp-content\/uploads\/sites\/2\/2014\/08\/Christine-OK-306x172-480x190.jpg 480w\" sizes=\"auto, (max-width: 709px) 100vw, 709px\" \/><\/a><\/p>\n<p>&nbsp;<\/p>\n<p>23:30\u00a0&#8211; <b>Christine<\/b><\/p>\n<ul>\n<li><b>Dur\u00e9e\u00a0:<\/b>\u00a000:09<\/li>\n<\/ul>\n<p>Christine retrouve son fils Damien, en fugue, alors qu&rsquo;il fait la manche sur le parking d&rsquo;un supermarch\u00e9. Apr\u00e8s un moment pass\u00e9 avec lui, Christine comprend peu \u00e0 peu qu&rsquo;il ne rentrera pas. Elle va devoir faire un choix: celui, par amour, de laisser partir son fils.<\/p>\n<ul>\n<li><b>R\u00e9alisateur\u00a0:\u00a0<\/b>Isabelle Schapira<\/li>\n<li><b>Sc\u00e9nariste\u00a0:\u00a0<\/b>Isabelle Schapira<\/li>\n<li><b>Acteur\/Actrice\u00a0:\u00a0<\/b>Christine d&rsquo;Argenton, Tom Boccara<\/li>\n<\/ul>\n<p>&nbsp;<\/p>\n<p>Ces films seront suivis par la diffusion d\u2019un court su\u00e9dois Instead of abracadabra<\/p>\n<p>&nbsp;<\/p>\n<p>&nbsp;<\/p>\n","protected":false},"excerpt":{"rendered":"<p>Pour beaucoup, les vacances se terminent. Pour Tout Court, elles n\u2019ont jamais vraiment commenc\u00e9. Tout l\u2019\u00e9t\u00e9, les amateurs de courts m\u00e9trages ont ainsi pu revoir des films qui, sans cette \u00e9mission seraient presque invisible pour le grand public. Qu\u2019est-ce qu\u2019on dit\u00a0? Merci, bien s\u00fbr. RV jeudi en fin de soir\u00e9e, sur la Trois.\u00a0<\/p>\n","protected":false},"author":7,"featured_media":60430,"comment_status":"closed","ping_status":"closed","sticky":false,"template":"","format":"standard","meta":{"ngg_post_thumbnail":0,"footnotes":""},"categories":[14],"tags":[],"class_list":["post-60426","post","type-post","status-publish","format-standard","has-post-thumbnail","","category-home-cinema"],"yoast_head":"<!-- This site is optimized with the Yoast SEO plugin v20.4 - https:\/\/yoast.com\/wordpress\/plugins\/seo\/ -->\n<title>Tout Court : le mari et le fils - We Love Cinema<\/title>\n<meta name=\"robots\" content=\"index, follow, max-snippet:-1, max-image-preview:large, max-video-preview:-1\" \/>\n<link rel=\"canonical\" href=\"https:\/\/welovecinema.be\/fr\/court-mari-fils\/\" \/>\n<meta property=\"og:locale\" content=\"fr_FR\" \/>\n<meta property=\"og:type\" content=\"article\" \/>\n<meta property=\"og:title\" content=\"Tout Court : le mari et le fils - We Love Cinema\" \/>\n<meta property=\"og:description\" content=\"Pour beaucoup, les vacances se terminent. Pour Tout Court, elles n\u2019ont jamais vraiment commenc\u00e9. Tout l\u2019\u00e9t\u00e9, les amateurs de courts m\u00e9trages ont ainsi pu revoir des films qui, sans cette \u00e9mission seraient presque invisible pour le grand public. Qu\u2019est-ce qu\u2019on dit\u00a0? Merci, bien s\u00fbr. RV jeudi en fin de soir\u00e9e, sur la Trois.\u00a0\" \/>\n<meta property=\"og:url\" content=\"https:\/\/welovecinema.be\/fr\/court-mari-fils\/\" \/>\n<meta property=\"og:site_name\" content=\"We Love Cinema\" \/>\n<meta property=\"article:publisher\" content=\"https:\/\/www.facebook.com\/welovecinema.be\" \/>\n<meta property=\"article:published_time\" content=\"2014-08-20T08:04:04+00:00\" \/>\n<meta property=\"article:modified_time\" content=\"2014-08-18T16:01:22+00:00\" \/>\n<meta property=\"og:image\" content=\"https:\/\/welovecinema.be\/wp-content\/uploads\/sites\/2\/2010\/08\/bisclavret2.jpg\" \/>\n\t<meta property=\"og:image:width\" content=\"837\" \/>\n\t<meta property=\"og:image:height\" content=\"469\" \/>\n\t<meta property=\"og:image:type\" content=\"image\/jpeg\" \/>\n<meta name=\"author\" content=\"Philippe.Pierquin\" \/>\n<meta name=\"twitter:card\" content=\"summary_large_image\" \/>\n<meta name=\"twitter:label1\" content=\"\u00c9crit par\" \/>\n\t<meta name=\"twitter:data1\" content=\"Philippe.Pierquin\" \/>\n\t<meta name=\"twitter:label2\" content=\"Dur\u00e9e de lecture estim\u00e9e\" \/>\n\t<meta name=\"twitter:data2\" content=\"1 minute\" \/>\n<script type=\"application\/ld+json\" class=\"yoast-schema-graph\">{\"@context\":\"https:\/\/schema.org\",\"@graph\":[{\"@type\":\"Article\",\"@id\":\"https:\/\/welovecinema.be\/fr\/court-mari-fils\/#article\",\"isPartOf\":{\"@id\":\"https:\/\/welovecinema.be\/fr\/court-mari-fils\/\"},\"author\":{\"name\":\"Philippe.Pierquin\",\"@id\":\"https:\/\/welovecinema.be\/nl\/#\/schema\/person\/4b9b1d857f0943453a38a7c2859ef756\"},\"headline\":\"Tout Court : le mari et le fils\",\"datePublished\":\"2014-08-20T08:04:04+00:00\",\"dateModified\":\"2014-08-18T16:01:22+00:00\",\"mainEntityOfPage\":{\"@id\":\"https:\/\/welovecinema.be\/fr\/court-mari-fils\/\"},\"wordCount\":268,\"publisher\":{\"@id\":\"https:\/\/welovecinema.be\/nl\/#organization\"},\"articleSection\":[\"Plateau t\u00e9l\u00e9\"],\"inLanguage\":\"fr-FR\"},{\"@type\":\"WebPage\",\"@id\":\"https:\/\/welovecinema.be\/fr\/court-mari-fils\/\",\"url\":\"https:\/\/welovecinema.be\/fr\/court-mari-fils\/\",\"name\":\"Tout Court : le mari et le fils - We Love Cinema\",\"isPartOf\":{\"@id\":\"https:\/\/welovecinema.be\/nl\/#website\"},\"datePublished\":\"2014-08-20T08:04:04+00:00\",\"dateModified\":\"2014-08-18T16:01:22+00:00\",\"breadcrumb\":{\"@id\":\"https:\/\/welovecinema.be\/fr\/court-mari-fils\/#breadcrumb\"},\"inLanguage\":\"fr-FR\",\"potentialAction\":[{\"@type\":\"ReadAction\",\"target\":[\"https:\/\/welovecinema.be\/fr\/court-mari-fils\/\"]}]},{\"@type\":\"BreadcrumbList\",\"@id\":\"https:\/\/welovecinema.be\/fr\/court-mari-fils\/#breadcrumb\",\"itemListElement\":[{\"@type\":\"ListItem\",\"position\":1,\"name\":\"Accueil\",\"item\":\"https:\/\/welovecinema.be\/fr\/\"},{\"@type\":\"ListItem\",\"position\":2,\"name\":\"Tout Court : le mari et le fils\"}]},{\"@type\":\"WebSite\",\"@id\":\"https:\/\/welovecinema.be\/nl\/#website\",\"url\":\"https:\/\/welovecinema.be\/nl\/\",\"name\":\"We Love Cinema\",\"description\":\"Toute l\u2019information du cin\u00e9ma en Belgique\",\"publisher\":{\"@id\":\"https:\/\/welovecinema.be\/nl\/#organization\"},\"potentialAction\":[{\"@type\":\"SearchAction\",\"target\":{\"@type\":\"EntryPoint\",\"urlTemplate\":\"https:\/\/welovecinema.be\/nl\/?s={search_term_string}\"},\"query-input\":\"required name=search_term_string\"}],\"inLanguage\":\"fr-FR\"},{\"@type\":\"Organization\",\"@id\":\"https:\/\/welovecinema.be\/nl\/#organization\",\"name\":\"We Love Cinema\",\"url\":\"https:\/\/welovecinema.be\/nl\/\",\"logo\":{\"@type\":\"ImageObject\",\"inLanguage\":\"fr-FR\",\"@id\":\"https:\/\/welovecinema.be\/nl\/#\/schema\/logo\/image\/\",\"url\":\"https:\/\/welovecinema.be\/wp-content\/uploads\/sites\/2\/2023\/03\/Logo-We-Love-Cinema305x128.jpg\",\"contentUrl\":\"https:\/\/welovecinema.be\/wp-content\/uploads\/sites\/2\/2023\/03\/Logo-We-Love-Cinema305x128.jpg\",\"width\":305,\"height\":128,\"caption\":\"We Love Cinema\"},\"image\":{\"@id\":\"https:\/\/welovecinema.be\/nl\/#\/schema\/logo\/image\/\"},\"sameAs\":[\"https:\/\/www.facebook.com\/welovecinema.be\",\"https:\/\/www.youtube.com\/channel\/UCX5LYGVhnKvYauW4Nta4HJA\",\"https:\/\/www.instagram.com\/welovecinema.be\/\"]},{\"@type\":\"Person\",\"@id\":\"https:\/\/welovecinema.be\/nl\/#\/schema\/person\/4b9b1d857f0943453a38a7c2859ef756\",\"name\":\"Philippe.Pierquin\",\"url\":\"https:\/\/welovecinema.be\/fr\/author\/philippe-pierquin\/\"}]}<\/script>\n<!-- \/ Yoast SEO plugin. -->","yoast_head_json":{"title":"Tout Court : le mari et le fils - We Love Cinema","robots":{"index":"index","follow":"follow","max-snippet":"max-snippet:-1","max-image-preview":"max-image-preview:large","max-video-preview":"max-video-preview:-1"},"canonical":"https:\/\/welovecinema.be\/fr\/court-mari-fils\/","og_locale":"fr_FR","og_type":"article","og_title":"Tout Court : le mari et le fils - We Love Cinema","og_description":"Pour beaucoup, les vacances se terminent. Pour Tout Court, elles n\u2019ont jamais vraiment commenc\u00e9. Tout l\u2019\u00e9t\u00e9, les amateurs de courts m\u00e9trages ont ainsi pu revoir des films qui, sans cette \u00e9mission seraient presque invisible pour le grand public. Qu\u2019est-ce qu\u2019on dit\u00a0? Merci, bien s\u00fbr. RV jeudi en fin de soir\u00e9e, sur la Trois.\u00a0","og_url":"https:\/\/welovecinema.be\/fr\/court-mari-fils\/","og_site_name":"We Love Cinema","article_publisher":"https:\/\/www.facebook.com\/welovecinema.be","article_published_time":"2014-08-20T08:04:04+00:00","article_modified_time":"2014-08-18T16:01:22+00:00","og_image":[{"width":837,"height":469,"url":"https:\/\/welovecinema.be\/wp-content\/uploads\/sites\/2\/2010\/08\/bisclavret2.jpg","type":"image\/jpeg"}],"author":"Philippe.Pierquin","twitter_card":"summary_large_image","twitter_misc":{"\u00c9crit par":"Philippe.Pierquin","Dur\u00e9e de lecture estim\u00e9e":"1 minute"},"schema":{"@context":"https:\/\/schema.org","@graph":[{"@type":"Article","@id":"https:\/\/welovecinema.be\/fr\/court-mari-fils\/#article","isPartOf":{"@id":"https:\/\/welovecinema.be\/fr\/court-mari-fils\/"},"author":{"name":"Philippe.Pierquin","@id":"https:\/\/welovecinema.be\/nl\/#\/schema\/person\/4b9b1d857f0943453a38a7c2859ef756"},"headline":"Tout Court : le mari et le fils","datePublished":"2014-08-20T08:04:04+00:00","dateModified":"2014-08-18T16:01:22+00:00","mainEntityOfPage":{"@id":"https:\/\/welovecinema.be\/fr\/court-mari-fils\/"},"wordCount":268,"publisher":{"@id":"https:\/\/welovecinema.be\/nl\/#organization"},"articleSection":["Plateau t\u00e9l\u00e9"],"inLanguage":"fr-FR"},{"@type":"WebPage","@id":"https:\/\/welovecinema.be\/fr\/court-mari-fils\/","url":"https:\/\/welovecinema.be\/fr\/court-mari-fils\/","name":"Tout Court : le mari et le fils - We Love Cinema","isPartOf":{"@id":"https:\/\/welovecinema.be\/nl\/#website"},"datePublished":"2014-08-20T08:04:04+00:00","dateModified":"2014-08-18T16:01:22+00:00","breadcrumb":{"@id":"https:\/\/welovecinema.be\/fr\/court-mari-fils\/#breadcrumb"},"inLanguage":"fr-FR","potentialAction":[{"@type":"ReadAction","target":["https:\/\/welovecinema.be\/fr\/court-mari-fils\/"]}]},{"@type":"BreadcrumbList","@id":"https:\/\/welovecinema.be\/fr\/court-mari-fils\/#breadcrumb","itemListElement":[{"@type":"ListItem","position":1,"name":"Accueil","item":"https:\/\/welovecinema.be\/fr\/"},{"@type":"ListItem","position":2,"name":"Tout Court : le mari et le fils"}]},{"@type":"WebSite","@id":"https:\/\/welovecinema.be\/nl\/#website","url":"https:\/\/welovecinema.be\/nl\/","name":"We Love Cinema","description":"Toute l\u2019information du cin\u00e9ma en Belgique","publisher":{"@id":"https:\/\/welovecinema.be\/nl\/#organization"},"potentialAction":[{"@type":"SearchAction","target":{"@type":"EntryPoint","urlTemplate":"https:\/\/welovecinema.be\/nl\/?s={search_term_string}"},"query-input":"required name=search_term_string"}],"inLanguage":"fr-FR"},{"@type":"Organization","@id":"https:\/\/welovecinema.be\/nl\/#organization","name":"We Love Cinema","url":"https:\/\/welovecinema.be\/nl\/","logo":{"@type":"ImageObject","inLanguage":"fr-FR","@id":"https:\/\/welovecinema.be\/nl\/#\/schema\/logo\/image\/","url":"https:\/\/welovecinema.be\/wp-content\/uploads\/sites\/2\/2023\/03\/Logo-We-Love-Cinema305x128.jpg","contentUrl":"https:\/\/welovecinema.be\/wp-content\/uploads\/sites\/2\/2023\/03\/Logo-We-Love-Cinema305x128.jpg","width":305,"height":128,"caption":"We Love Cinema"},"image":{"@id":"https:\/\/welovecinema.be\/nl\/#\/schema\/logo\/image\/"},"sameAs":["https:\/\/www.facebook.com\/welovecinema.be","https:\/\/www.youtube.com\/channel\/UCX5LYGVhnKvYauW4Nta4HJA","https:\/\/www.instagram.com\/welovecinema.be\/"]},{"@type":"Person","@id":"https:\/\/welovecinema.be\/nl\/#\/schema\/person\/4b9b1d857f0943453a38a7c2859ef756","name":"Philippe.Pierquin","url":"https:\/\/welovecinema.be\/fr\/author\/philippe-pierquin\/"}]}},"_links":{"self":[{"href":"https:\/\/welovecinema.be\/fr\/wp-json\/wp\/v2\/posts\/60426","targetHints":{"allow":["GET"]}}],"collection":[{"href":"https:\/\/welovecinema.be\/fr\/wp-json\/wp\/v2\/posts"}],"about":[{"href":"https:\/\/welovecinema.be\/fr\/wp-json\/wp\/v2\/types\/post"}],"author":[{"embeddable":true,"href":"https:\/\/welovecinema.be\/fr\/wp-json\/wp\/v2\/users\/7"}],"replies":[{"embeddable":true,"href":"https:\/\/welovecinema.be\/fr\/wp-json\/wp\/v2\/comments?post=60426"}],"version-history":[{"count":0,"href":"https:\/\/welovecinema.be\/fr\/wp-json\/wp\/v2\/posts\/60426\/revisions"}],"wp:featuredmedia":[{"embeddable":true,"href":"https:\/\/welovecinema.be\/fr\/wp-json\/wp\/v2\/media\/60430"}],"wp:attachment":[{"href":"https:\/\/welovecinema.be\/fr\/wp-json\/wp\/v2\/media?parent=60426"}],"wp:term":[{"taxonomy":"category","embeddable":true,"href":"https:\/\/welovecinema.be\/fr\/wp-json\/wp\/v2\/categories?post=60426"},{"taxonomy":"post_tag","embeddable":true,"href":"https:\/\/welovecinema.be\/fr\/wp-json\/wp\/v2\/tags?post=60426"}],"curies":[{"name":"wp","href":"https:\/\/api.w.org\/{rel}","templated":true}]}}