{"id":60246,"date":"2014-08-13T09:58:53","date_gmt":"2014-08-13T07:58:53","guid":{"rendered":"http:\/\/www.cinevox.be\/?p=60246"},"modified":"2014-08-19T09:42:23","modified_gmt":"2014-08-19T07:42:23","slug":"canada-fait-fete-au-cinema-belge-francophone","status":"publish","type":"post","link":"https:\/\/welovecinema.be\/fr\/canada-fait-fete-au-cinema-belge-francophone\/","title":{"rendered":"Le Canada fait la f\u00eate au cin\u00e9ma belge francophone"},"content":{"rendered":"<p>Petit moment d&rsquo;intense satisfaction : au festival de Toronto comme au Festival des films du Monde de Montr\u00e9al, les productions belges francophones brilleront tout particuli\u00e8rement. Avec les derniers ajouts tout r\u00e9cemment annonc\u00e9s, ce sont dix films soutenus par le Centre du Cin\u00e9ma et de l\u2019Audiovisuel qui y seront pr\u00e9sent\u00e9s.<\/p>\n<p>Un raz de mar\u00e9e qui n\u2019a pas d\u2019\u00e9quivalent dans le pass\u00e9, preuve que notre cin\u00e9ma est de plus en plus pris\u00e9 au niveau international. \u00a0<!--more--><\/p>\n<p>&nbsp;<\/p>\n<p>Consid\u00e9r\u00e9 par beaucoup comme la deuxi\u00e8me plus importante manifestation cin\u00e9matographique au monde apr\u00e8s Cannes, le festival de Toronto accueille un grand nombre de Premi\u00e8res de prestige ainsi qu\u2019un march\u00e9 dynamique qui en font LE rendez-vous incontournable d\u2019Am\u00e9rique du Nord.<\/p>\n<p>On y retrouvera cette ann\u00e9e quatre films de Wallonie Bruxelles.<\/p>\n<p>&nbsp;<\/p>\n<p><a href=\"http:\/\/www.cinevox.be\/canada-fait-fete-au-cinema-belge-francophone\/tokyo-fiancee-2\/\" rel=\"attachment wp-att-60247\"><img loading=\"lazy\" decoding=\"async\" class=\"aligncenter size-large wp-image-60247\" alt=\"\" src=\"http:\/\/www.cinevox.be\/wp-content\/uploads\/sites\/2\/2014\/08\/Tokyo-fiancee-2-800x443.jpg\" width=\"640\" height=\"354\" srcset=\"https:\/\/welovecinema.be\/wp-content\/uploads\/sites\/2\/2014\/08\/Tokyo-fiancee-2-800x443.jpg 800w, https:\/\/welovecinema.be\/wp-content\/uploads\/sites\/2\/2014\/08\/Tokyo-fiancee-2-480x266.jpg 480w\" sizes=\"auto, (max-width: 640px) 100vw, 640px\" \/><\/a><\/p>\n<p>&nbsp;<\/p>\n<p>On avait d\u00e9j\u00e0 eu l\u2019occasion de pointer les premiers titres belges annonc\u00e9s dans un pr\u00e9c\u00e9dent article (lire <a href=\"http:\/\/www.cinevox.be\/alleluia-waste-land-welp-film-genre-belge-explosera-toronto\/\">ici<\/a>), mais d\u2019autres titres viennent d\u2019y \u00eatre ajout\u00e9s\u00a0; et non des moindres puisque <i>Tokyo Fianc\u00e9e<\/i>, troisi\u00e8me long m\u00e9trage de <b>Stefan Liberski<\/b> produit par <i>Versus Production<\/i> y sera projet\u00e9 en Premi\u00e8re Mondiale. Il sera pr\u00e9sent\u00e9 dans la section Cin\u00e9ma du Monde contemporain. Le public canadien y d\u00e9couvrira <b>Pauline \u00c9tienne<\/b> dans une adaptation J-pop du roman autobiographique d\u2019Am\u00e9lie Nothomb <i>Ni d\u2019\u00c8ve ni d\u2019Adam.<\/i><\/p>\n<p>Mais de ces d\u00e9tails, vous n\u2019ignorez presque plus rien puisque <b>Cinevox<\/b> vous propose depuis quelques semaines, des extraits d\u2019une interview 100% exclusive que nous avons eu la chance de r\u00e9aliser \u00e0 Paris avec le cin\u00e9aste et l\u2019\u00e9crivain. Pour ceux qui ont manqu\u00e9 le train, une s\u00e9ance de rattrapage est possible en cliquant <a href=\"http:\/\/www.cinevox.be\/?s=tokyo+&amp;lang=fr\">ici<\/a>. Et, derni\u00e8re confidence, notre prochaine capsule survitamin\u00e9e qui arrivera dans les salles le mercredi 20 sera en grande partie consacr\u00e9e au film.<\/p>\n<p>&nbsp;<\/p>\n<p><a href=\"http:\/\/www.cinevox.be\/canada-fait-fete-au-cinema-belge-francophone\/agat-films-cie12-2\/\" rel=\"attachment wp-att-60248\"><img loading=\"lazy\" decoding=\"async\" class=\"aligncenter size-full wp-image-60248\" alt=\"\" src=\"http:\/\/www.cinevox.be\/wp-content\/uploads\/sites\/2\/2014\/08\/\u00a9-Agat-Films-Cie12.jpg\" width=\"640\" height=\"427\" srcset=\"https:\/\/welovecinema.be\/wp-content\/uploads\/sites\/2\/2014\/08\/\u00a9-Agat-Films-Cie12.jpg 640w, https:\/\/welovecinema.be\/wp-content\/uploads\/sites\/2\/2014\/08\/\u00a9-Agat-Films-Cie12-404x270.jpg 404w\" sizes=\"auto, (max-width: 640px) 100vw, 640px\" \/><\/a><\/p>\n<p>&nbsp;<\/p>\n<p>Dans la m\u00eame section, <i>Pas son genre,<\/i> de <b>Lucas Belvaux <\/b>produit par Art\u00e9mis Productions fera sa premi\u00e8re outre-Atlantique. Une belle d\u00e9couverte pour les spectateurs am\u00e9ricains qui risquent de se r\u00e9galer de cette love story atypique, craquante et (Lucas Belvaux oblige) impr\u00e9visible. Un film l\u00e9ger, dr\u00f4le, p\u00e9tillant, mais n\u00e9anmoins profond, un de nos musts de l\u2019ann\u00e9e, faut-il le r\u00e9p\u00e9ter.<\/p>\n<p>&nbsp;<\/p>\n<p><a href=\"http:\/\/www.cinevox.be\/canada-fait-fete-au-cinema-belge-francophone\/deux-jours-une-nuit-4-g-2\/\" rel=\"attachment wp-att-60249\"><img loading=\"lazy\" decoding=\"async\" class=\"aligncenter size-large wp-image-60249\" alt=\"\" src=\"http:\/\/www.cinevox.be\/wp-content\/uploads\/sites\/2\/2014\/08\/deux-jours-une-nuit-4-g-800x532.jpg\" width=\"640\" height=\"425\" srcset=\"https:\/\/welovecinema.be\/wp-content\/uploads\/sites\/2\/2014\/08\/deux-jours-une-nuit-4-g-800x532.jpg 800w, https:\/\/welovecinema.be\/wp-content\/uploads\/sites\/2\/2014\/08\/deux-jours-une-nuit-4-g-405x270.jpg 405w, https:\/\/welovecinema.be\/wp-content\/uploads\/sites\/2\/2014\/08\/deux-jours-une-nuit-4-g.jpg 1502w\" sizes=\"auto, (max-width: 640px) 100vw, 640px\" \/><\/a><\/p>\n<p>&nbsp;<\/p>\n<p>Pl\u00e9biscit\u00e9s en mai \u00e0 Cannes, <i>Deux jours, une nuit<\/i> de Luc et <b>Jean-Pierre Dardenne<\/b> et <i>Alleluia <\/i>de <b>Fabrice du Welz<\/b> seront \u00e9galement de la partie. Le premier, produit par Les Films du Fleuve fera l\u2019objet d\u2019une pr\u00e9sentation sp\u00e9ciale tandis que le second est programm\u00e9 dans la section Vanguard consacr\u00e9e aux r\u00e9alisateurs audacieux et provocateurs. Tiens donc\u2026 Un duo id\u00e9al pour prouver \u00e0 tous que le cin\u00e9ma belge est non seulement ambitieux, il est aussi prot\u00e9iforme.<\/p>\n<p>&nbsp;<\/p>\n<p><a href=\"http:\/\/www.cinevox.be\/canada-fait-fete-au-cinema-belge-francophone\/alleluia-fabrice-du-welz-laurent-lucas\/\" rel=\"attachment wp-att-60250\"><img loading=\"lazy\" decoding=\"async\" class=\"aligncenter size-full wp-image-60250\" alt=\"\" src=\"http:\/\/www.cinevox.be\/wp-content\/uploads\/sites\/2\/2014\/08\/Alleluia-Fabrice-Du-Welz-Laurent-Lucas.jpg\" width=\"587\" height=\"382\" srcset=\"https:\/\/welovecinema.be\/wp-content\/uploads\/sites\/2\/2014\/08\/Alleluia-Fabrice-Du-Welz-Laurent-Lucas.jpg 587w, https:\/\/welovecinema.be\/wp-content\/uploads\/sites\/2\/2014\/08\/Alleluia-Fabrice-Du-Welz-Laurent-Lucas-414x270.jpg 414w\" sizes=\"auto, (max-width: 587px) 100vw, 587px\" \/><\/a><\/p>\n<p>&nbsp;<\/p>\n<p>\u00c0 noter par ailleurs dans la section Cin\u00e9ma du Monde contemporain la coproduction gr\u00e9co-belge <i>Xenia<\/i>, de Panos H. Koutras, d\u00e9j\u00e0 remarqu\u00e9e sur la Croisette.<\/p>\n<p>&nbsp;<\/p>\n<p>Avant Toronto, c\u2019est le Qu\u00e9bec et plus particuli\u00e8rement le Festival des films du Monde de Montr\u00e9al qui mettra \u00e0 l\u2019honneur une s\u00e9rie de films belges francophones, in\u00e9dits, m\u00eame chez nous.<\/p>\n<p>&nbsp;<\/p>\n<p><a href=\"http:\/\/www.cinevox.be\/canada-fait-fete-au-cinema-belge-francophone\/2014-07-03_16h46_09-3\/\" rel=\"attachment wp-att-60252\"><img loading=\"lazy\" decoding=\"async\" class=\"aligncenter size-large wp-image-60252\" alt=\"\" src=\"http:\/\/www.cinevox.be\/wp-content\/uploads\/sites\/2\/2014\/08\/2014-07-03_16h46_091-800x400.jpg\" width=\"640\" height=\"320\" srcset=\"https:\/\/welovecinema.be\/wp-content\/uploads\/sites\/2\/2014\/08\/2014-07-03_16h46_091-800x400.jpg 800w, https:\/\/welovecinema.be\/wp-content\/uploads\/sites\/2\/2014\/08\/2014-07-03_16h46_091-480x240.jpg 480w, https:\/\/welovecinema.be\/wp-content\/uploads\/sites\/2\/2014\/08\/2014-07-03_16h46_091.jpg 1000w\" sizes=\"auto, (max-width: 640px) 100vw, 640px\" \/><\/a><br \/>\nPr\u00e9sent\u00e9 en premi\u00e8re internationale dans la Comp\u00e9tition officielle, <i>Melody,<\/i> de <b>Bernard Bellefroid<\/b> pourrait \u00eatre un concurrent s\u00e9rieux au Grand Prix des Am\u00e9riques. Une nouvelle fois produit par Art\u00e9mis, le deuxi\u00e8me long m\u00e9trage de fiction du r\u00e9alisateur namurois apr\u00e8s <i>La R\u00e9gate<\/i> en 2011\u00a0 explore les liens complexes entre une jeune m\u00e8re porteuse et sa \u00ab cliente \u00bb. On y parle de maternit\u00e9, de la vie et de la mort, avec beaucoup de sensibilit\u00e9.<\/p>\n<p>Bien s\u00fbr, Cinevox a d\u00e9j\u00e0 tr\u00e8s largement \u00e9voqu\u00e9 le film. Non seulement dans la capsule cin\u00e9 actuellement programm\u00e9e dans les salles (et entre <i>X-Men, Les gardiens de la Galaxie<\/i> et <i>Lucy<\/i>, soyez certains qu\u2019elle est beaucoup vue), mais \u00e9galement \u00e0 travers une s\u00e9rie d\u2019extraits d\u2019interviews que nous vous proposons depuis deux mois. Tout ce qui concerne Melody est \u00e0 retrouver <a href=\"http:\/\/www.cinevox.be\/?s=melody&amp;lang=fr\">ici<\/a>.<\/p>\n<p>&nbsp;<\/p>\n<p><a href=\"http:\/\/www.cinevox.be\/canada-fait-fete-au-cinema-belge-francophone\/1378820172983_0570x0342_1378851081317\/\" rel=\"attachment wp-att-60253\"><img loading=\"lazy\" decoding=\"async\" class=\"aligncenter size-full wp-image-60253\" alt=\"\" src=\"http:\/\/www.cinevox.be\/wp-content\/uploads\/sites\/2\/2014\/08\/1378820172983_0570x0342_1378851081317.jpg\" width=\"570\" height=\"342\" srcset=\"https:\/\/welovecinema.be\/wp-content\/uploads\/sites\/2\/2014\/08\/1378820172983_0570x0342_1378851081317.jpg 570w, https:\/\/welovecinema.be\/wp-content\/uploads\/sites\/2\/2014\/08\/1378820172983_0570x0342_1378851081317-450x270.jpg 450w\" sizes=\"auto, (max-width: 570px) 100vw, 570px\" \/><\/a><\/p>\n<p>&nbsp;<\/p>\n<p>Deux premiers films au f\u00e9minin f\u00eateront leur Premi\u00e8re Mondiale \u00e0 Montr\u00e9al.<br \/>\nDans la Comp\u00e9tition <i>Premi\u00e8res \u0152uvres<\/i>, <i>L\u2019ann\u00e9e prochaine<\/i>, de <b>Vania Leturcq,<\/b> produit par H\u00e9licotronc, s\u2019attache \u00e0 l\u2019amiti\u00e9 adolescente entre Clotilde et Aude, \u00e0 la veille de leur vie adulte.<\/p>\n<p>&nbsp;<\/p>\n<p><a href=\"http:\/\/www.cinevox.be\/canada-fait-fete-au-cinema-belge-francophone\/bouli-anne-2\/\" rel=\"attachment wp-att-60254\"><img loading=\"lazy\" decoding=\"async\" class=\"aligncenter size-large wp-image-60254\" alt=\"\" src=\"http:\/\/www.cinevox.be\/wp-content\/uploads\/sites\/2\/2014\/08\/Bouli-Anne-800x533.jpg\" width=\"640\" height=\"426\" srcset=\"https:\/\/welovecinema.be\/wp-content\/uploads\/sites\/2\/2014\/08\/Bouli-Anne-800x533.jpg 800w, https:\/\/welovecinema.be\/wp-content\/uploads\/sites\/2\/2014\/08\/Bouli-Anne-405x270.jpg 405w, https:\/\/welovecinema.be\/wp-content\/uploads\/sites\/2\/2014\/08\/Bouli-Anne.jpg 2048w\" sizes=\"auto, (max-width: 640px) 100vw, 640px\" \/><\/a><\/p>\n<p>&nbsp;<\/p>\n<p>Dans la section <i>Regards sur les Cin\u00e9mas du Monde<\/i>, <i>Tous les chats sont gris (la nuit)<\/i> de <b>Savina Dellicour<\/b> produit par Tarantula Belgique nous offre <b>Bouli Lanners<\/b> en d\u00e9tective priv\u00e9 c\u00e9libataire enqu\u00eatant sur sa fille biologique. Retrouvera-t-on ces deux films au FIFF namurois d\u00e8s le 3 octobre\u00a0? C\u2019est tout sauf improbable.<\/p>\n<p>Tout ce que Cinevox a d\u00e9j\u00e0 publi\u00e9 autour du film de Savina est disponible <a href=\"http:\/\/www.cinevox.be\/?s=dellicour&amp;lang=fr\">ICI<\/a>.<\/p>\n<p>&nbsp;<\/p>\n<p>\u00c0 noter \u00e9galement la pr\u00e9sence du documentaire de Angelos Rallis et Hans-Ullrich G\u00f6ssl, <i>Un endroit pour tout le monde,<\/i> produit par AJC!. Tourn\u00e9 au Rwanda, le film relate le quotidien de jeunes Hutus et Tutsis.<\/p>\n<p>&nbsp;<\/p>\n<p>Le court-m\u00e9trage ne sera pas en reste dans la belle province avec <i>Taxistop<\/i>, de <b>Marie Enthoven<\/b>, <i>For\u00eat<\/i>, de <b>Samuel Feller<\/b> et <i>L\u2019\u00eatre venu d\u2019ailleurs<\/i> de <b>Renaud de Putter<\/b> et <b>Guy Bordin.<\/b><\/p>\n","protected":false},"excerpt":{"rendered":"<p>Petit moment d&rsquo;intense satisfaction : au festival de Toronto comme au Festival des films du Monde de Montr\u00e9al, les productions belges francophones brilleront tout particuli\u00e8rement. Avec les derniers ajouts tout r\u00e9cemment annonc\u00e9s, ce sont dix films soutenus par le Centre du Cin\u00e9ma et de l\u2019Audiovisuel qui y seront pr\u00e9sent\u00e9s. Un raz de mar\u00e9e qui n\u2019a &hellip;<\/p>\n","protected":false},"author":7,"featured_media":60256,"comment_status":"closed","ping_status":"closed","sticky":false,"template":"","format":"standard","meta":{"ngg_post_thumbnail":0,"footnotes":""},"categories":[12],"tags":[],"class_list":["post-60246","post","type-post","status-publish","format-standard","has-post-thumbnail","","category-awards"],"yoast_head":"<!-- This site is optimized with the Yoast SEO plugin v20.4 - https:\/\/yoast.com\/wordpress\/plugins\/seo\/ -->\n<title>Le Canada fait la f\u00eate au cin\u00e9ma belge francophone - We Love Cinema<\/title>\n<meta name=\"robots\" content=\"index, follow, max-snippet:-1, max-image-preview:large, max-video-preview:-1\" \/>\n<link rel=\"canonical\" href=\"https:\/\/welovecinema.be\/fr\/canada-fait-fete-au-cinema-belge-francophone\/\" \/>\n<meta property=\"og:locale\" content=\"fr_FR\" \/>\n<meta property=\"og:type\" content=\"article\" \/>\n<meta property=\"og:title\" content=\"Le Canada fait la f\u00eate au cin\u00e9ma belge francophone - We Love Cinema\" \/>\n<meta property=\"og:description\" content=\"Petit moment d&rsquo;intense satisfaction : au festival de Toronto comme au Festival des films du Monde de Montr\u00e9al, les productions belges francophones brilleront tout particuli\u00e8rement. Avec les derniers ajouts tout r\u00e9cemment annonc\u00e9s, ce sont dix films soutenus par le Centre du Cin\u00e9ma et de l\u2019Audiovisuel qui y seront pr\u00e9sent\u00e9s. Un raz de mar\u00e9e qui n\u2019a &hellip;\" \/>\n<meta property=\"og:url\" content=\"https:\/\/welovecinema.be\/fr\/canada-fait-fete-au-cinema-belge-francophone\/\" \/>\n<meta property=\"og:site_name\" content=\"We Love Cinema\" \/>\n<meta property=\"article:publisher\" content=\"https:\/\/www.facebook.com\/welovecinema.be\" \/>\n<meta property=\"article:published_time\" content=\"2014-08-13T07:58:53+00:00\" \/>\n<meta property=\"article:modified_time\" content=\"2014-08-19T07:42:23+00:00\" \/>\n<meta property=\"og:image\" content=\"https:\/\/welovecinema.be\/wp-content\/uploads\/sites\/2\/2014\/08\/Tokyo-fiancee-3-800x422.jpg\" \/>\n\t<meta property=\"og:image:width\" content=\"800\" \/>\n\t<meta property=\"og:image:height\" content=\"422\" \/>\n\t<meta property=\"og:image:type\" content=\"image\/jpeg\" \/>\n<meta name=\"author\" content=\"Philippe.Pierquin\" \/>\n<meta name=\"twitter:card\" content=\"summary_large_image\" \/>\n<meta name=\"twitter:label1\" content=\"\u00c9crit par\" \/>\n\t<meta name=\"twitter:data1\" content=\"Philippe.Pierquin\" \/>\n\t<meta name=\"twitter:label2\" content=\"Dur\u00e9e de lecture estim\u00e9e\" \/>\n\t<meta name=\"twitter:data2\" content=\"4 minutes\" \/>\n<script type=\"application\/ld+json\" class=\"yoast-schema-graph\">{\"@context\":\"https:\/\/schema.org\",\"@graph\":[{\"@type\":\"Article\",\"@id\":\"https:\/\/welovecinema.be\/fr\/canada-fait-fete-au-cinema-belge-francophone\/#article\",\"isPartOf\":{\"@id\":\"https:\/\/welovecinema.be\/fr\/canada-fait-fete-au-cinema-belge-francophone\/\"},\"author\":{\"name\":\"Philippe.Pierquin\",\"@id\":\"https:\/\/welovecinema.be\/nl\/#\/schema\/person\/4b9b1d857f0943453a38a7c2859ef756\"},\"headline\":\"Le Canada fait la f\u00eate au cin\u00e9ma belge francophone\",\"datePublished\":\"2014-08-13T07:58:53+00:00\",\"dateModified\":\"2014-08-19T07:42:23+00:00\",\"mainEntityOfPage\":{\"@id\":\"https:\/\/welovecinema.be\/fr\/canada-fait-fete-au-cinema-belge-francophone\/\"},\"wordCount\":909,\"publisher\":{\"@id\":\"https:\/\/welovecinema.be\/nl\/#organization\"},\"articleSection\":[\"Evenements\"],\"inLanguage\":\"fr-FR\"},{\"@type\":\"WebPage\",\"@id\":\"https:\/\/welovecinema.be\/fr\/canada-fait-fete-au-cinema-belge-francophone\/\",\"url\":\"https:\/\/welovecinema.be\/fr\/canada-fait-fete-au-cinema-belge-francophone\/\",\"name\":\"Le Canada fait la f\u00eate au cin\u00e9ma belge francophone - We Love Cinema\",\"isPartOf\":{\"@id\":\"https:\/\/welovecinema.be\/nl\/#website\"},\"datePublished\":\"2014-08-13T07:58:53+00:00\",\"dateModified\":\"2014-08-19T07:42:23+00:00\",\"breadcrumb\":{\"@id\":\"https:\/\/welovecinema.be\/fr\/canada-fait-fete-au-cinema-belge-francophone\/#breadcrumb\"},\"inLanguage\":\"fr-FR\",\"potentialAction\":[{\"@type\":\"ReadAction\",\"target\":[\"https:\/\/welovecinema.be\/fr\/canada-fait-fete-au-cinema-belge-francophone\/\"]}]},{\"@type\":\"BreadcrumbList\",\"@id\":\"https:\/\/welovecinema.be\/fr\/canada-fait-fete-au-cinema-belge-francophone\/#breadcrumb\",\"itemListElement\":[{\"@type\":\"ListItem\",\"position\":1,\"name\":\"Accueil\",\"item\":\"https:\/\/welovecinema.be\/fr\/\"},{\"@type\":\"ListItem\",\"position\":2,\"name\":\"Le Canada fait la f\u00eate au cin\u00e9ma belge francophone\"}]},{\"@type\":\"WebSite\",\"@id\":\"https:\/\/welovecinema.be\/nl\/#website\",\"url\":\"https:\/\/welovecinema.be\/nl\/\",\"name\":\"We Love Cinema\",\"description\":\"Toute l\u2019information du cin\u00e9ma en Belgique\",\"publisher\":{\"@id\":\"https:\/\/welovecinema.be\/nl\/#organization\"},\"potentialAction\":[{\"@type\":\"SearchAction\",\"target\":{\"@type\":\"EntryPoint\",\"urlTemplate\":\"https:\/\/welovecinema.be\/nl\/?s={search_term_string}\"},\"query-input\":\"required name=search_term_string\"}],\"inLanguage\":\"fr-FR\"},{\"@type\":\"Organization\",\"@id\":\"https:\/\/welovecinema.be\/nl\/#organization\",\"name\":\"We Love Cinema\",\"url\":\"https:\/\/welovecinema.be\/nl\/\",\"logo\":{\"@type\":\"ImageObject\",\"inLanguage\":\"fr-FR\",\"@id\":\"https:\/\/welovecinema.be\/nl\/#\/schema\/logo\/image\/\",\"url\":\"https:\/\/welovecinema.be\/wp-content\/uploads\/sites\/2\/2023\/03\/Logo-We-Love-Cinema305x128.jpg\",\"contentUrl\":\"https:\/\/welovecinema.be\/wp-content\/uploads\/sites\/2\/2023\/03\/Logo-We-Love-Cinema305x128.jpg\",\"width\":305,\"height\":128,\"caption\":\"We Love Cinema\"},\"image\":{\"@id\":\"https:\/\/welovecinema.be\/nl\/#\/schema\/logo\/image\/\"},\"sameAs\":[\"https:\/\/www.facebook.com\/welovecinema.be\",\"https:\/\/www.youtube.com\/channel\/UCX5LYGVhnKvYauW4Nta4HJA\",\"https:\/\/www.instagram.com\/welovecinema.be\/\"]},{\"@type\":\"Person\",\"@id\":\"https:\/\/welovecinema.be\/nl\/#\/schema\/person\/4b9b1d857f0943453a38a7c2859ef756\",\"name\":\"Philippe.Pierquin\",\"url\":\"https:\/\/welovecinema.be\/fr\/author\/philippe-pierquin\/\"}]}<\/script>\n<!-- \/ Yoast SEO plugin. -->","yoast_head_json":{"title":"Le Canada fait la f\u00eate au cin\u00e9ma belge francophone - We Love Cinema","robots":{"index":"index","follow":"follow","max-snippet":"max-snippet:-1","max-image-preview":"max-image-preview:large","max-video-preview":"max-video-preview:-1"},"canonical":"https:\/\/welovecinema.be\/fr\/canada-fait-fete-au-cinema-belge-francophone\/","og_locale":"fr_FR","og_type":"article","og_title":"Le Canada fait la f\u00eate au cin\u00e9ma belge francophone - We Love Cinema","og_description":"Petit moment d&rsquo;intense satisfaction : au festival de Toronto comme au Festival des films du Monde de Montr\u00e9al, les productions belges francophones brilleront tout particuli\u00e8rement. Avec les derniers ajouts tout r\u00e9cemment annonc\u00e9s, ce sont dix films soutenus par le Centre du Cin\u00e9ma et de l\u2019Audiovisuel qui y seront pr\u00e9sent\u00e9s. Un raz de mar\u00e9e qui n\u2019a &hellip;","og_url":"https:\/\/welovecinema.be\/fr\/canada-fait-fete-au-cinema-belge-francophone\/","og_site_name":"We Love Cinema","article_publisher":"https:\/\/www.facebook.com\/welovecinema.be","article_published_time":"2014-08-13T07:58:53+00:00","article_modified_time":"2014-08-19T07:42:23+00:00","og_image":[{"width":800,"height":422,"url":"https:\/\/welovecinema.be\/wp-content\/uploads\/sites\/2\/2014\/08\/Tokyo-fiancee-3-800x422.jpg","type":"image\/jpeg"}],"author":"Philippe.Pierquin","twitter_card":"summary_large_image","twitter_misc":{"\u00c9crit par":"Philippe.Pierquin","Dur\u00e9e de lecture estim\u00e9e":"4 minutes"},"schema":{"@context":"https:\/\/schema.org","@graph":[{"@type":"Article","@id":"https:\/\/welovecinema.be\/fr\/canada-fait-fete-au-cinema-belge-francophone\/#article","isPartOf":{"@id":"https:\/\/welovecinema.be\/fr\/canada-fait-fete-au-cinema-belge-francophone\/"},"author":{"name":"Philippe.Pierquin","@id":"https:\/\/welovecinema.be\/nl\/#\/schema\/person\/4b9b1d857f0943453a38a7c2859ef756"},"headline":"Le Canada fait la f\u00eate au cin\u00e9ma belge francophone","datePublished":"2014-08-13T07:58:53+00:00","dateModified":"2014-08-19T07:42:23+00:00","mainEntityOfPage":{"@id":"https:\/\/welovecinema.be\/fr\/canada-fait-fete-au-cinema-belge-francophone\/"},"wordCount":909,"publisher":{"@id":"https:\/\/welovecinema.be\/nl\/#organization"},"articleSection":["Evenements"],"inLanguage":"fr-FR"},{"@type":"WebPage","@id":"https:\/\/welovecinema.be\/fr\/canada-fait-fete-au-cinema-belge-francophone\/","url":"https:\/\/welovecinema.be\/fr\/canada-fait-fete-au-cinema-belge-francophone\/","name":"Le Canada fait la f\u00eate au cin\u00e9ma belge francophone - We Love Cinema","isPartOf":{"@id":"https:\/\/welovecinema.be\/nl\/#website"},"datePublished":"2014-08-13T07:58:53+00:00","dateModified":"2014-08-19T07:42:23+00:00","breadcrumb":{"@id":"https:\/\/welovecinema.be\/fr\/canada-fait-fete-au-cinema-belge-francophone\/#breadcrumb"},"inLanguage":"fr-FR","potentialAction":[{"@type":"ReadAction","target":["https:\/\/welovecinema.be\/fr\/canada-fait-fete-au-cinema-belge-francophone\/"]}]},{"@type":"BreadcrumbList","@id":"https:\/\/welovecinema.be\/fr\/canada-fait-fete-au-cinema-belge-francophone\/#breadcrumb","itemListElement":[{"@type":"ListItem","position":1,"name":"Accueil","item":"https:\/\/welovecinema.be\/fr\/"},{"@type":"ListItem","position":2,"name":"Le Canada fait la f\u00eate au cin\u00e9ma belge francophone"}]},{"@type":"WebSite","@id":"https:\/\/welovecinema.be\/nl\/#website","url":"https:\/\/welovecinema.be\/nl\/","name":"We Love Cinema","description":"Toute l\u2019information du cin\u00e9ma en Belgique","publisher":{"@id":"https:\/\/welovecinema.be\/nl\/#organization"},"potentialAction":[{"@type":"SearchAction","target":{"@type":"EntryPoint","urlTemplate":"https:\/\/welovecinema.be\/nl\/?s={search_term_string}"},"query-input":"required name=search_term_string"}],"inLanguage":"fr-FR"},{"@type":"Organization","@id":"https:\/\/welovecinema.be\/nl\/#organization","name":"We Love Cinema","url":"https:\/\/welovecinema.be\/nl\/","logo":{"@type":"ImageObject","inLanguage":"fr-FR","@id":"https:\/\/welovecinema.be\/nl\/#\/schema\/logo\/image\/","url":"https:\/\/welovecinema.be\/wp-content\/uploads\/sites\/2\/2023\/03\/Logo-We-Love-Cinema305x128.jpg","contentUrl":"https:\/\/welovecinema.be\/wp-content\/uploads\/sites\/2\/2023\/03\/Logo-We-Love-Cinema305x128.jpg","width":305,"height":128,"caption":"We Love Cinema"},"image":{"@id":"https:\/\/welovecinema.be\/nl\/#\/schema\/logo\/image\/"},"sameAs":["https:\/\/www.facebook.com\/welovecinema.be","https:\/\/www.youtube.com\/channel\/UCX5LYGVhnKvYauW4Nta4HJA","https:\/\/www.instagram.com\/welovecinema.be\/"]},{"@type":"Person","@id":"https:\/\/welovecinema.be\/nl\/#\/schema\/person\/4b9b1d857f0943453a38a7c2859ef756","name":"Philippe.Pierquin","url":"https:\/\/welovecinema.be\/fr\/author\/philippe-pierquin\/"}]}},"_links":{"self":[{"href":"https:\/\/welovecinema.be\/fr\/wp-json\/wp\/v2\/posts\/60246","targetHints":{"allow":["GET"]}}],"collection":[{"href":"https:\/\/welovecinema.be\/fr\/wp-json\/wp\/v2\/posts"}],"about":[{"href":"https:\/\/welovecinema.be\/fr\/wp-json\/wp\/v2\/types\/post"}],"author":[{"embeddable":true,"href":"https:\/\/welovecinema.be\/fr\/wp-json\/wp\/v2\/users\/7"}],"replies":[{"embeddable":true,"href":"https:\/\/welovecinema.be\/fr\/wp-json\/wp\/v2\/comments?post=60246"}],"version-history":[{"count":0,"href":"https:\/\/welovecinema.be\/fr\/wp-json\/wp\/v2\/posts\/60246\/revisions"}],"wp:featuredmedia":[{"embeddable":true,"href":"https:\/\/welovecinema.be\/fr\/wp-json\/wp\/v2\/media\/60256"}],"wp:attachment":[{"href":"https:\/\/welovecinema.be\/fr\/wp-json\/wp\/v2\/media?parent=60246"}],"wp:term":[{"taxonomy":"category","embeddable":true,"href":"https:\/\/welovecinema.be\/fr\/wp-json\/wp\/v2\/categories?post=60246"},{"taxonomy":"post_tag","embeddable":true,"href":"https:\/\/welovecinema.be\/fr\/wp-json\/wp\/v2\/tags?post=60246"}],"curies":[{"name":"wp","href":"https:\/\/api.w.org\/{rel}","templated":true}]}}