{"id":60127,"date":"2014-08-12T08:55:33","date_gmt":"2014-08-12T06:55:33","guid":{"rendered":"http:\/\/www.cinevox.be\/?p=60127"},"modified":"2014-08-13T08:57:49","modified_gmt":"2014-08-13T06:57:49","slug":"objection-honneur","status":"publish","type":"post","link":"https:\/\/welovecinema.be\/fr\/objection-honneur\/","title":{"rendered":"Objection, votre honneur !"},"content":{"rendered":"<p>Pour le huiti\u00e8me \u00e9t\u00e9 cons\u00e9cutif, la RTBF ouvre sa \u00ab Fen\u00eatre sur Doc \u00bb aux documentaires de cr\u00e9ation, sur La Trois en prime time.<\/p>\n<p>Tous les mercredis soirs \u00e0 21h05, on peut ainsi d\u00e9couvrir une s\u00e9lection de films de cr\u00e9ation in\u00e9dits, coproduits par la RTBF. Tr\u00e8s diff\u00e9rents sur la forme ou dans la th\u00e9matique abord\u00e9e, ils ont cependant en commun la m\u00eame volont\u00e9 de poser un regard d\u00e9lib\u00e9r\u00e9ment subjectif et personnel sur la soci\u00e9t\u00e9.<\/p>\n<p>Cette semaine, le programme est triple avec une version longue de <i>Parties Civiles,<\/i> un docu sur les b\u00e9b\u00e9s high tech et une redif de <i>I\u2026 comme Iran <\/i>qui a fait le buzz ces derni\u00e8res semaines.<!--more--><\/p>\n<p>&nbsp;<\/p>\n<p>&nbsp;<\/p>\n<p><a href=\"http:\/\/www.cinevox.be\/objection-honneur\/parties-civiles-800x451\/\" rel=\"attachment wp-att-60128\"><img loading=\"lazy\" decoding=\"async\" class=\"aligncenter size-full wp-image-60128\" alt=\"\" src=\"http:\/\/www.cinevox.be\/wp-content\/uploads\/sites\/2\/2014\/08\/parties-civiles-800x451.jpg\" width=\"800\" height=\"451\" srcset=\"https:\/\/welovecinema.be\/wp-content\/uploads\/sites\/2\/2014\/08\/parties-civiles-800x451.jpg 800w, https:\/\/welovecinema.be\/wp-content\/uploads\/sites\/2\/2014\/08\/parties-civiles-800x451-200x113.jpg 200w, https:\/\/welovecinema.be\/wp-content\/uploads\/sites\/2\/2014\/08\/parties-civiles-800x451-480x270.jpg 480w, https:\/\/welovecinema.be\/wp-content\/uploads\/sites\/2\/2014\/08\/parties-civiles-800x451-300x169.jpg 300w, https:\/\/welovecinema.be\/wp-content\/uploads\/sites\/2\/2014\/08\/parties-civiles-800x451-620x350.jpg 620w\" sizes=\"auto, (max-width: 800px) 100vw, 800px\" \/><\/a><\/p>\n<p>&nbsp;<\/p>\n<p>21:05\u00a0&#8211; <b>Parties civiles &#8211; version longue<\/b><\/p>\n<ul>\n<li><b>Dur\u00e9e\u00a0:<\/b>\u00a001:12<\/li>\n<\/ul>\n<p>\u00ab Parties Civiles \u00bb, un documentaire de Dominique Henry et Vincent Detours<br \/>\nL&rsquo;irr\u00e9parable a \u00e9t\u00e9 commis, ils ont souffert, ils s&rsquo;estiment victimes d&rsquo;erreurs m\u00e9dicales et attaquent les m\u00e9decins en justice. Ceux-ci se d\u00e9fendent vigoureusement. Comment les diff\u00e9rentes parties vivent-elles le labyrinthe de la proc\u00e9dure ? Que signifie pour elles le mot justice ? Quelle volont\u00e9 les pousse \u00e0 tenir co\u00fbte que co\u00fbte ? Parties Civiles accompagne les avocats et leurs clients engag\u00e9s dans des affaires mettant en jeu le droit m\u00e9dical.<\/p>\n<p>Certains patients ou leurs familles, s&rsquo;estimant victimes d&rsquo;erreurs m\u00e9dicales, veulent attaquer leurs m\u00e9decins en justice. Mais ceux-ci, \u00e0 qui la loi reconna\u00eet une \u00ab\u00a0obligation de moyens, et non de r\u00e9sultat\u00a0\u00bb se d\u00e9fendent. Comment les diff\u00e9rentes parties vivent-elles les m\u00e9andres de la proc\u00e9dure ? Quels sont les r\u00f4les respectifs des avocats, tribunaux, experts m\u00e9dicaux, compagnies d&rsquo;assurances ? Les r\u00e9alisateurs suivent trois affaires : un boxeur qui a \u00e9t\u00e9 mal op\u00e9r\u00e9, un homme qui a aussi subi un pr\u00e9judice op\u00e9ratoire, et une petite fille victime d&rsquo;une erreur hospitali\u00e8re \u00e0 la naissance. Le but est de saisir l&rsquo;humain afin de d\u00e9passer les aspects trop techniques de ces mati\u00e8res complexes, Le d\u00e9nouement est plus \u00e9motionnel que factuel, d&rsquo;autant plus que les verdicts mettent parfois des ann\u00e9es \u00e0 \u00eatre prononc\u00e9s. L&rsquo;acc\u00e8s aux affaires se fait via des avocats sp\u00e9cialis\u00e9s dans le droit m\u00e9dical, qui ont marqu\u00e9 leur accord pour soutenir la d\u00e9marche des cin\u00e9astes.<\/p>\n<ul>\n<li><b>Auteur\u00a0:\u00a0<\/b>Vincent Detours, Dominique Henry<\/li>\n<li><b>R\u00e9alisateur\u00a0:\u00a0<\/b>Vincent Detours, Dominique Henry<\/li>\n<\/ul>\n<p>&nbsp;<\/p>\n<p><a href=\"http:\/\/www.cinevox.be\/objection-honneur\/babies\/\" rel=\"attachment wp-att-60129\"><img loading=\"lazy\" decoding=\"async\" class=\"aligncenter size-full wp-image-60129\" alt=\"\" src=\"http:\/\/www.cinevox.be\/wp-content\/uploads\/sites\/2\/2014\/08\/babies.jpg\" width=\"640\" height=\"360\" srcset=\"https:\/\/welovecinema.be\/wp-content\/uploads\/sites\/2\/2014\/08\/babies.jpg 640w, https:\/\/welovecinema.be\/wp-content\/uploads\/sites\/2\/2014\/08\/babies-200x113.jpg 200w, https:\/\/welovecinema.be\/wp-content\/uploads\/sites\/2\/2014\/08\/babies-480x270.jpg 480w, https:\/\/welovecinema.be\/wp-content\/uploads\/sites\/2\/2014\/08\/babies-300x169.jpg 300w, https:\/\/welovecinema.be\/wp-content\/uploads\/sites\/2\/2014\/08\/babies-620x350.jpg 620w\" sizes=\"auto, (max-width: 640px) 100vw, 640px\" \/><\/a><\/p>\n<p>&nbsp;<\/p>\n<p>22:15\u00a0&#8211; <b>High Tech Babies<\/b><\/p>\n<ul>\n<li><b>Dur\u00e9e\u00a0:<\/b>\u00a000:52<\/li>\n<\/ul>\n<p>&nbsp;<\/p>\n<p>Du don d&rsquo;ovocytes aux m\u00e8res porteuses en passant par la s\u00e9lection g\u00e9n\u00e9tique des embryons, rien ne semble pouvoir r\u00e9sister aux derni\u00e8res avanc\u00e9es technologiques en mati\u00e8re de f\u00e9condation in vitro. Tourn\u00e9 dans les h\u00f4pitaux Cochin \u00e0 Paris et \u00c9rasme \u00e0 Bruxelles, ce film propose une plong\u00e9e dans un service d&rsquo;assistance m\u00e9dicale \u00e0 la procr\u00e9ation qui doit faire face au d\u00e9ferlement des nouvelles technologies et aux fantasmes des couples. Il montre le quotidien des m\u00e9decins et de leurs \u00e9quipes, qui doivent g\u00e9rer des demandes complexes suscitant une r\u00e9flexion \u00e9thique, dans un univers proche de la science-fiction. Nous n&rsquo;avons jamais \u00e9t\u00e9 aussi proches du \u00ab\u00a0Meilleur des mondes\u00a0\u00bb pr\u00e9dit par Huxley, celui du clonage et de l&rsquo;ut\u00e9rus artificiel.<\/p>\n<p>Coproduction : Gloria Films, Dragons Films, en association avec la RTBF<\/p>\n<p><b>R\u00e9alisateur\u00a0:\u00a0<\/b>J\u00e9r\u00f4me de Missolz<\/p>\n<p>&nbsp;<\/p>\n<p><a href=\"http:\/\/www.cinevox.be\/objection-honneur\/i-comme-iran-sanaz-2\/\" rel=\"attachment wp-att-60131\"><img loading=\"lazy\" decoding=\"async\" class=\"aligncenter size-large wp-image-60131\" alt=\"\" src=\"http:\/\/www.cinevox.be\/wp-content\/uploads\/sites\/2\/2014\/08\/I-COMME-IRAN-sanaz-800x533.jpg\" width=\"640\" height=\"426\" srcset=\"https:\/\/welovecinema.be\/wp-content\/uploads\/sites\/2\/2014\/08\/I-COMME-IRAN-sanaz-800x533.jpg 800w, https:\/\/welovecinema.be\/wp-content\/uploads\/sites\/2\/2014\/08\/I-COMME-IRAN-sanaz-405x270.jpg 405w, https:\/\/welovecinema.be\/wp-content\/uploads\/sites\/2\/2014\/08\/I-COMME-IRAN-sanaz.jpg 1920w\" sizes=\"auto, (max-width: 640px) 100vw, 640px\" \/><\/a><\/p>\n<p>&nbsp;<\/p>\n<p>23:10\u00a0&#8211; <b>I comme Iran<\/b><\/p>\n<ul>\n<li><b>Dur\u00e9e\u00a0:<\/b>\u00a000:50<\/li>\n<\/ul>\n<p>La r\u00e9alisatrice, Belge d&rsquo;origine iranienne, apprend \u00e0 lire et \u00e9crire sa langue maternelle qu&rsquo;elle ne conna\u00eet qu&rsquo;oralement, avec un professeur lui aussi install\u00e9 en Belgique, p\u00e9tri de culture persane. Con\u00e7u comme un ab\u00e9c\u00e9daire, le film d\u00e9roule une vision impressionniste de l&rsquo;Iran d&rsquo;hier et d&rsquo;aujourd&rsquo;hui. Faisant appel \u00e0 diverses formes d&rsquo;iconographie (vieux manuels scolaires, illustrations), il donne des cl\u00e9s de compr\u00e9hension transversales \u00e0 ce qui se joue dans cet Iran actuel, imagin\u00e9, laiss\u00e9 derri\u00e8re soi ou r\u00eav\u00e9 pour demain.<\/p>\n<ul>\n<li><b>Auteur\u00a0:\u00a0<\/b>Sanaz Azari<\/li>\n<li><b>R\u00e9alisateur\u00a0:\u00a0<\/b>Sanaz Azari<\/li>\n<\/ul>\n<p>&nbsp;<\/p>\n","protected":false},"excerpt":{"rendered":"<p>Pour le huiti\u00e8me \u00e9t\u00e9 cons\u00e9cutif, la RTBF ouvre sa \u00ab Fen\u00eatre sur Doc \u00bb aux documentaires de cr\u00e9ation, sur La Trois en prime time. Tous les mercredis soirs \u00e0 21h05, on peut ainsi d\u00e9couvrir une s\u00e9lection de films de cr\u00e9ation in\u00e9dits, coproduits par la RTBF. Tr\u00e8s diff\u00e9rents sur la forme ou dans la th\u00e9matique abord\u00e9e, &hellip;<\/p>\n","protected":false},"author":7,"featured_media":60133,"comment_status":"closed","ping_status":"closed","sticky":false,"template":"","format":"standard","meta":{"ngg_post_thumbnail":0,"footnotes":""},"categories":[14],"tags":[],"class_list":["post-60127","post","type-post","status-publish","format-standard","has-post-thumbnail","","category-home-cinema"],"yoast_head":"<!-- This site is optimized with the Yoast SEO plugin v20.4 - https:\/\/yoast.com\/wordpress\/plugins\/seo\/ -->\n<title>Objection, votre honneur ! - We Love Cinema<\/title>\n<meta name=\"robots\" content=\"index, follow, max-snippet:-1, max-image-preview:large, max-video-preview:-1\" \/>\n<link rel=\"canonical\" href=\"https:\/\/welovecinema.be\/fr\/objection-honneur\/\" \/>\n<meta property=\"og:locale\" content=\"fr_FR\" \/>\n<meta property=\"og:type\" content=\"article\" \/>\n<meta property=\"og:title\" content=\"Objection, votre honneur ! - We Love Cinema\" \/>\n<meta property=\"og:description\" content=\"Pour le huiti\u00e8me \u00e9t\u00e9 cons\u00e9cutif, la RTBF ouvre sa \u00ab Fen\u00eatre sur Doc \u00bb aux documentaires de cr\u00e9ation, sur La Trois en prime time. Tous les mercredis soirs \u00e0 21h05, on peut ainsi d\u00e9couvrir une s\u00e9lection de films de cr\u00e9ation in\u00e9dits, coproduits par la RTBF. Tr\u00e8s diff\u00e9rents sur la forme ou dans la th\u00e9matique abord\u00e9e, &hellip;\" \/>\n<meta property=\"og:url\" content=\"https:\/\/welovecinema.be\/fr\/objection-honneur\/\" \/>\n<meta property=\"og:site_name\" content=\"We Love Cinema\" \/>\n<meta property=\"article:publisher\" content=\"https:\/\/www.facebook.com\/welovecinema.be\" \/>\n<meta property=\"article:published_time\" content=\"2014-08-12T06:55:33+00:00\" \/>\n<meta property=\"article:modified_time\" content=\"2014-08-13T06:57:49+00:00\" \/>\n<meta property=\"og:image\" content=\"https:\/\/welovecinema.be\/wp-content\/uploads\/sites\/2\/2010\/08\/parties-civiles.jpg\" \/>\n\t<meta property=\"og:image:width\" content=\"600\" \/>\n\t<meta property=\"og:image:height\" content=\"343\" \/>\n\t<meta property=\"og:image:type\" content=\"image\/jpeg\" \/>\n<meta name=\"author\" content=\"Philippe.Pierquin\" \/>\n<meta name=\"twitter:card\" content=\"summary_large_image\" \/>\n<meta name=\"twitter:label1\" content=\"\u00c9crit par\" \/>\n\t<meta name=\"twitter:data1\" content=\"Philippe.Pierquin\" \/>\n\t<meta name=\"twitter:label2\" content=\"Dur\u00e9e de lecture estim\u00e9e\" \/>\n\t<meta name=\"twitter:data2\" content=\"3 minutes\" \/>\n<script type=\"application\/ld+json\" class=\"yoast-schema-graph\">{\"@context\":\"https:\/\/schema.org\",\"@graph\":[{\"@type\":\"Article\",\"@id\":\"https:\/\/welovecinema.be\/fr\/objection-honneur\/#article\",\"isPartOf\":{\"@id\":\"https:\/\/welovecinema.be\/fr\/objection-honneur\/\"},\"author\":{\"name\":\"Philippe.Pierquin\",\"@id\":\"https:\/\/welovecinema.be\/nl\/#\/schema\/person\/4b9b1d857f0943453a38a7c2859ef756\"},\"headline\":\"Objection, votre honneur !\",\"datePublished\":\"2014-08-12T06:55:33+00:00\",\"dateModified\":\"2014-08-13T06:57:49+00:00\",\"mainEntityOfPage\":{\"@id\":\"https:\/\/welovecinema.be\/fr\/objection-honneur\/\"},\"wordCount\":685,\"publisher\":{\"@id\":\"https:\/\/welovecinema.be\/nl\/#organization\"},\"articleSection\":[\"Plateau t\u00e9l\u00e9\"],\"inLanguage\":\"fr-FR\"},{\"@type\":\"WebPage\",\"@id\":\"https:\/\/welovecinema.be\/fr\/objection-honneur\/\",\"url\":\"https:\/\/welovecinema.be\/fr\/objection-honneur\/\",\"name\":\"Objection, votre honneur ! - We Love Cinema\",\"isPartOf\":{\"@id\":\"https:\/\/welovecinema.be\/nl\/#website\"},\"datePublished\":\"2014-08-12T06:55:33+00:00\",\"dateModified\":\"2014-08-13T06:57:49+00:00\",\"breadcrumb\":{\"@id\":\"https:\/\/welovecinema.be\/fr\/objection-honneur\/#breadcrumb\"},\"inLanguage\":\"fr-FR\",\"potentialAction\":[{\"@type\":\"ReadAction\",\"target\":[\"https:\/\/welovecinema.be\/fr\/objection-honneur\/\"]}]},{\"@type\":\"BreadcrumbList\",\"@id\":\"https:\/\/welovecinema.be\/fr\/objection-honneur\/#breadcrumb\",\"itemListElement\":[{\"@type\":\"ListItem\",\"position\":1,\"name\":\"Accueil\",\"item\":\"https:\/\/welovecinema.be\/fr\/\"},{\"@type\":\"ListItem\",\"position\":2,\"name\":\"Objection, votre honneur !\"}]},{\"@type\":\"WebSite\",\"@id\":\"https:\/\/welovecinema.be\/nl\/#website\",\"url\":\"https:\/\/welovecinema.be\/nl\/\",\"name\":\"We Love Cinema\",\"description\":\"Toute l\u2019information du cin\u00e9ma en Belgique\",\"publisher\":{\"@id\":\"https:\/\/welovecinema.be\/nl\/#organization\"},\"potentialAction\":[{\"@type\":\"SearchAction\",\"target\":{\"@type\":\"EntryPoint\",\"urlTemplate\":\"https:\/\/welovecinema.be\/nl\/?s={search_term_string}\"},\"query-input\":\"required name=search_term_string\"}],\"inLanguage\":\"fr-FR\"},{\"@type\":\"Organization\",\"@id\":\"https:\/\/welovecinema.be\/nl\/#organization\",\"name\":\"We Love Cinema\",\"url\":\"https:\/\/welovecinema.be\/nl\/\",\"logo\":{\"@type\":\"ImageObject\",\"inLanguage\":\"fr-FR\",\"@id\":\"https:\/\/welovecinema.be\/nl\/#\/schema\/logo\/image\/\",\"url\":\"https:\/\/welovecinema.be\/wp-content\/uploads\/sites\/2\/2023\/03\/Logo-We-Love-Cinema305x128.jpg\",\"contentUrl\":\"https:\/\/welovecinema.be\/wp-content\/uploads\/sites\/2\/2023\/03\/Logo-We-Love-Cinema305x128.jpg\",\"width\":305,\"height\":128,\"caption\":\"We Love Cinema\"},\"image\":{\"@id\":\"https:\/\/welovecinema.be\/nl\/#\/schema\/logo\/image\/\"},\"sameAs\":[\"https:\/\/www.facebook.com\/welovecinema.be\",\"https:\/\/www.youtube.com\/channel\/UCX5LYGVhnKvYauW4Nta4HJA\",\"https:\/\/www.instagram.com\/welovecinema.be\/\"]},{\"@type\":\"Person\",\"@id\":\"https:\/\/welovecinema.be\/nl\/#\/schema\/person\/4b9b1d857f0943453a38a7c2859ef756\",\"name\":\"Philippe.Pierquin\",\"url\":\"https:\/\/welovecinema.be\/fr\/author\/philippe-pierquin\/\"}]}<\/script>\n<!-- \/ Yoast SEO plugin. -->","yoast_head_json":{"title":"Objection, votre honneur ! - We Love Cinema","robots":{"index":"index","follow":"follow","max-snippet":"max-snippet:-1","max-image-preview":"max-image-preview:large","max-video-preview":"max-video-preview:-1"},"canonical":"https:\/\/welovecinema.be\/fr\/objection-honneur\/","og_locale":"fr_FR","og_type":"article","og_title":"Objection, votre honneur ! - We Love Cinema","og_description":"Pour le huiti\u00e8me \u00e9t\u00e9 cons\u00e9cutif, la RTBF ouvre sa \u00ab Fen\u00eatre sur Doc \u00bb aux documentaires de cr\u00e9ation, sur La Trois en prime time. Tous les mercredis soirs \u00e0 21h05, on peut ainsi d\u00e9couvrir une s\u00e9lection de films de cr\u00e9ation in\u00e9dits, coproduits par la RTBF. Tr\u00e8s diff\u00e9rents sur la forme ou dans la th\u00e9matique abord\u00e9e, &hellip;","og_url":"https:\/\/welovecinema.be\/fr\/objection-honneur\/","og_site_name":"We Love Cinema","article_publisher":"https:\/\/www.facebook.com\/welovecinema.be","article_published_time":"2014-08-12T06:55:33+00:00","article_modified_time":"2014-08-13T06:57:49+00:00","og_image":[{"width":600,"height":343,"url":"https:\/\/welovecinema.be\/wp-content\/uploads\/sites\/2\/2010\/08\/parties-civiles.jpg","type":"image\/jpeg"}],"author":"Philippe.Pierquin","twitter_card":"summary_large_image","twitter_misc":{"\u00c9crit par":"Philippe.Pierquin","Dur\u00e9e de lecture estim\u00e9e":"3 minutes"},"schema":{"@context":"https:\/\/schema.org","@graph":[{"@type":"Article","@id":"https:\/\/welovecinema.be\/fr\/objection-honneur\/#article","isPartOf":{"@id":"https:\/\/welovecinema.be\/fr\/objection-honneur\/"},"author":{"name":"Philippe.Pierquin","@id":"https:\/\/welovecinema.be\/nl\/#\/schema\/person\/4b9b1d857f0943453a38a7c2859ef756"},"headline":"Objection, votre honneur !","datePublished":"2014-08-12T06:55:33+00:00","dateModified":"2014-08-13T06:57:49+00:00","mainEntityOfPage":{"@id":"https:\/\/welovecinema.be\/fr\/objection-honneur\/"},"wordCount":685,"publisher":{"@id":"https:\/\/welovecinema.be\/nl\/#organization"},"articleSection":["Plateau t\u00e9l\u00e9"],"inLanguage":"fr-FR"},{"@type":"WebPage","@id":"https:\/\/welovecinema.be\/fr\/objection-honneur\/","url":"https:\/\/welovecinema.be\/fr\/objection-honneur\/","name":"Objection, votre honneur ! - We Love Cinema","isPartOf":{"@id":"https:\/\/welovecinema.be\/nl\/#website"},"datePublished":"2014-08-12T06:55:33+00:00","dateModified":"2014-08-13T06:57:49+00:00","breadcrumb":{"@id":"https:\/\/welovecinema.be\/fr\/objection-honneur\/#breadcrumb"},"inLanguage":"fr-FR","potentialAction":[{"@type":"ReadAction","target":["https:\/\/welovecinema.be\/fr\/objection-honneur\/"]}]},{"@type":"BreadcrumbList","@id":"https:\/\/welovecinema.be\/fr\/objection-honneur\/#breadcrumb","itemListElement":[{"@type":"ListItem","position":1,"name":"Accueil","item":"https:\/\/welovecinema.be\/fr\/"},{"@type":"ListItem","position":2,"name":"Objection, votre honneur !"}]},{"@type":"WebSite","@id":"https:\/\/welovecinema.be\/nl\/#website","url":"https:\/\/welovecinema.be\/nl\/","name":"We Love Cinema","description":"Toute l\u2019information du cin\u00e9ma en Belgique","publisher":{"@id":"https:\/\/welovecinema.be\/nl\/#organization"},"potentialAction":[{"@type":"SearchAction","target":{"@type":"EntryPoint","urlTemplate":"https:\/\/welovecinema.be\/nl\/?s={search_term_string}"},"query-input":"required name=search_term_string"}],"inLanguage":"fr-FR"},{"@type":"Organization","@id":"https:\/\/welovecinema.be\/nl\/#organization","name":"We Love Cinema","url":"https:\/\/welovecinema.be\/nl\/","logo":{"@type":"ImageObject","inLanguage":"fr-FR","@id":"https:\/\/welovecinema.be\/nl\/#\/schema\/logo\/image\/","url":"https:\/\/welovecinema.be\/wp-content\/uploads\/sites\/2\/2023\/03\/Logo-We-Love-Cinema305x128.jpg","contentUrl":"https:\/\/welovecinema.be\/wp-content\/uploads\/sites\/2\/2023\/03\/Logo-We-Love-Cinema305x128.jpg","width":305,"height":128,"caption":"We Love Cinema"},"image":{"@id":"https:\/\/welovecinema.be\/nl\/#\/schema\/logo\/image\/"},"sameAs":["https:\/\/www.facebook.com\/welovecinema.be","https:\/\/www.youtube.com\/channel\/UCX5LYGVhnKvYauW4Nta4HJA","https:\/\/www.instagram.com\/welovecinema.be\/"]},{"@type":"Person","@id":"https:\/\/welovecinema.be\/nl\/#\/schema\/person\/4b9b1d857f0943453a38a7c2859ef756","name":"Philippe.Pierquin","url":"https:\/\/welovecinema.be\/fr\/author\/philippe-pierquin\/"}]}},"_links":{"self":[{"href":"https:\/\/welovecinema.be\/fr\/wp-json\/wp\/v2\/posts\/60127","targetHints":{"allow":["GET"]}}],"collection":[{"href":"https:\/\/welovecinema.be\/fr\/wp-json\/wp\/v2\/posts"}],"about":[{"href":"https:\/\/welovecinema.be\/fr\/wp-json\/wp\/v2\/types\/post"}],"author":[{"embeddable":true,"href":"https:\/\/welovecinema.be\/fr\/wp-json\/wp\/v2\/users\/7"}],"replies":[{"embeddable":true,"href":"https:\/\/welovecinema.be\/fr\/wp-json\/wp\/v2\/comments?post=60127"}],"version-history":[{"count":0,"href":"https:\/\/welovecinema.be\/fr\/wp-json\/wp\/v2\/posts\/60127\/revisions"}],"wp:featuredmedia":[{"embeddable":true,"href":"https:\/\/welovecinema.be\/fr\/wp-json\/wp\/v2\/media\/60133"}],"wp:attachment":[{"href":"https:\/\/welovecinema.be\/fr\/wp-json\/wp\/v2\/media?parent=60127"}],"wp:term":[{"taxonomy":"category","embeddable":true,"href":"https:\/\/welovecinema.be\/fr\/wp-json\/wp\/v2\/categories?post=60127"},{"taxonomy":"post_tag","embeddable":true,"href":"https:\/\/welovecinema.be\/fr\/wp-json\/wp\/v2\/tags?post=60127"}],"curies":[{"name":"wp","href":"https:\/\/api.w.org\/{rel}","templated":true}]}}