{"id":60031,"date":"2014-08-06T18:41:56","date_gmt":"2014-08-06T16:41:56","guid":{"rendered":"http:\/\/www.cinevox.be\/?p=60031"},"modified":"2014-08-19T11:03:51","modified_gmt":"2014-08-19T09:03:51","slug":"ours-noir-recherche-figurants","status":"publish","type":"post","link":"https:\/\/welovecinema.be\/fr\/ours-noir-recherche-figurants\/","title":{"rendered":"Ours noir recherche figurants"},"content":{"rendered":"<p>Dans le cadre du court-m\u00e9trage\u00a0<b>L&rsquo;OURS NOIR<\/b>\u00a0de M\u00e9ryl Fortunat-Rossi &amp; Xavier Seron (nomin\u00e9s aux\u00a0<i>Magritte<\/i>\u00a0pour leur pr\u00e9c\u00e9dent film),\u00a0<b>H\u00e9licotronc<\/b>\u00a0recherche des figurants d&rsquo;origine asiatique pour le 29 et\/ou le 30 ao\u00fbt 2014.<!--more--><\/p>\n<p>&nbsp;<\/p>\n<p>Le tournage aura lieu dans la r\u00e9gion de Montherm\u00e9 (d\u00e9partement des Ardennes) dans le nord de la France, pr\u00e8s de la fronti\u00e8re belge. Le d\u00e9placement sera organis\u00e9 ou pris en charge par la production.<\/p>\n<p>Le film est une com\u00e9die, les figurants devront interpr\u00e9ter un groupe de touristes qui se prom\u00e8ne dans les bois et croise le chemin des personnages principaux.<\/p>\n<p>La prestation sera d\u00e9fray\u00e9e.<\/p>\n<p><span style=\"color: #000080;\">Int\u00e9ress\u00e9s, merci de faire suivre votre photo ainsi que vos coordonn\u00e9es compl\u00e8tes par mail :\u00a0<\/span><span style=\"color: #000080;\"><span style=\"text-decoration: underline;\"><a href=\"mailto:sylvaingrd@gmail.com\" target=\"_blank\">sylvaingrd@gmail.com<\/a><\/span><\/span><\/p>\n<p>&nbsp;<\/p>\n<p>&nbsp;<\/p>\n<p><i>\u00a0<\/i><\/p>\n<p><i>NDLR. Cinevox relaie volontiers et gratuitement des annonces qui semblent s\u00e9rieuses et peuvent permettre \u00e0 nos lecteurs de plonger dans le monde du cin\u00e9ma. Nous ne faisons n\u00e9anmoins que mettre en contact une production ou une soci\u00e9t\u00e9 avec notre communaut\u00e9. Pour tous renseignements compl\u00e9mentaires et revendications \u00e9ventuelles, merci de vous adresser \u00e0 l\u2019adresse pr\u00e9sente dans l\u2019annonce.\u00a0<\/i><\/p>\n","protected":false},"excerpt":{"rendered":"<p>Dans le cadre du court-m\u00e9trage\u00a0L&rsquo;OURS NOIR\u00a0de M\u00e9ryl Fortunat-Rossi &amp; Xavier Seron (nomin\u00e9s aux\u00a0Magritte\u00a0pour leur pr\u00e9c\u00e9dent film),\u00a0H\u00e9licotronc\u00a0recherche des figurants d&rsquo;origine asiatique pour le 29 et\/ou le 30 ao\u00fbt 2014.<\/p>\n","protected":false},"author":7,"featured_media":60033,"comment_status":"closed","ping_status":"closed","sticky":false,"template":"","format":"standard","meta":{"ngg_post_thumbnail":0,"footnotes":""},"categories":[20],"tags":[],"class_list":["post-60031","post","type-post","status-publish","format-standard","has-post-thumbnail","","category-cinejobs"],"yoast_head":"<!-- This site is optimized with the Yoast SEO plugin v20.4 - https:\/\/yoast.com\/wordpress\/plugins\/seo\/ -->\n<title>Ours noir recherche figurants - We Love Cinema<\/title>\n<meta name=\"robots\" content=\"index, follow, max-snippet:-1, max-image-preview:large, max-video-preview:-1\" \/>\n<link rel=\"canonical\" href=\"https:\/\/welovecinema.be\/fr\/ours-noir-recherche-figurants\/\" \/>\n<meta property=\"og:locale\" content=\"fr_FR\" \/>\n<meta property=\"og:type\" content=\"article\" \/>\n<meta property=\"og:title\" content=\"Ours noir recherche figurants - We Love Cinema\" \/>\n<meta property=\"og:description\" content=\"Dans le cadre du court-m\u00e9trage\u00a0L&rsquo;OURS NOIR\u00a0de M\u00e9ryl Fortunat-Rossi &amp; Xavier Seron (nomin\u00e9s aux\u00a0Magritte\u00a0pour leur pr\u00e9c\u00e9dent film),\u00a0H\u00e9licotronc\u00a0recherche des figurants d&rsquo;origine asiatique pour le 29 et\/ou le 30 ao\u00fbt 2014.\" \/>\n<meta property=\"og:url\" content=\"https:\/\/welovecinema.be\/fr\/ours-noir-recherche-figurants\/\" \/>\n<meta property=\"og:site_name\" content=\"We Love Cinema\" \/>\n<meta property=\"article:publisher\" content=\"https:\/\/www.facebook.com\/welovecinema.be\" \/>\n<meta property=\"article:published_time\" content=\"2014-08-06T16:41:56+00:00\" \/>\n<meta property=\"article:modified_time\" content=\"2014-08-19T09:03:51+00:00\" \/>\n<meta property=\"og:image\" content=\"https:\/\/welovecinema.be\/wp-content\/uploads\/sites\/2\/2014\/08\/helicotrours.jpg\" \/>\n\t<meta property=\"og:image:width\" content=\"550\" \/>\n\t<meta property=\"og:image:height\" content=\"306\" \/>\n\t<meta property=\"og:image:type\" content=\"image\/jpeg\" \/>\n<meta name=\"author\" content=\"Philippe.Pierquin\" \/>\n<meta name=\"twitter:card\" content=\"summary_large_image\" \/>\n<meta name=\"twitter:label1\" content=\"\u00c9crit par\" \/>\n\t<meta name=\"twitter:data1\" content=\"Philippe.Pierquin\" \/>\n\t<meta name=\"twitter:label2\" content=\"Dur\u00e9e de lecture estim\u00e9e\" \/>\n\t<meta name=\"twitter:data2\" content=\"1 minute\" \/>\n<script type=\"application\/ld+json\" class=\"yoast-schema-graph\">{\"@context\":\"https:\/\/schema.org\",\"@graph\":[{\"@type\":\"Article\",\"@id\":\"https:\/\/welovecinema.be\/fr\/ours-noir-recherche-figurants\/#article\",\"isPartOf\":{\"@id\":\"https:\/\/welovecinema.be\/fr\/ours-noir-recherche-figurants\/\"},\"author\":{\"name\":\"Philippe.Pierquin\",\"@id\":\"https:\/\/welovecinema.be\/nl\/#\/schema\/person\/4b9b1d857f0943453a38a7c2859ef756\"},\"headline\":\"Ours noir recherche figurants\",\"datePublished\":\"2014-08-06T16:41:56+00:00\",\"dateModified\":\"2014-08-19T09:03:51+00:00\",\"mainEntityOfPage\":{\"@id\":\"https:\/\/welovecinema.be\/fr\/ours-noir-recherche-figurants\/\"},\"wordCount\":205,\"publisher\":{\"@id\":\"https:\/\/welovecinema.be\/nl\/#organization\"},\"articleSection\":[\"Cinejobs\"],\"inLanguage\":\"fr-FR\"},{\"@type\":\"WebPage\",\"@id\":\"https:\/\/welovecinema.be\/fr\/ours-noir-recherche-figurants\/\",\"url\":\"https:\/\/welovecinema.be\/fr\/ours-noir-recherche-figurants\/\",\"name\":\"Ours noir recherche figurants - We Love Cinema\",\"isPartOf\":{\"@id\":\"https:\/\/welovecinema.be\/nl\/#website\"},\"datePublished\":\"2014-08-06T16:41:56+00:00\",\"dateModified\":\"2014-08-19T09:03:51+00:00\",\"breadcrumb\":{\"@id\":\"https:\/\/welovecinema.be\/fr\/ours-noir-recherche-figurants\/#breadcrumb\"},\"inLanguage\":\"fr-FR\",\"potentialAction\":[{\"@type\":\"ReadAction\",\"target\":[\"https:\/\/welovecinema.be\/fr\/ours-noir-recherche-figurants\/\"]}]},{\"@type\":\"BreadcrumbList\",\"@id\":\"https:\/\/welovecinema.be\/fr\/ours-noir-recherche-figurants\/#breadcrumb\",\"itemListElement\":[{\"@type\":\"ListItem\",\"position\":1,\"name\":\"Accueil\",\"item\":\"https:\/\/welovecinema.be\/fr\/\"},{\"@type\":\"ListItem\",\"position\":2,\"name\":\"Ours noir recherche figurants\"}]},{\"@type\":\"WebSite\",\"@id\":\"https:\/\/welovecinema.be\/nl\/#website\",\"url\":\"https:\/\/welovecinema.be\/nl\/\",\"name\":\"We Love Cinema\",\"description\":\"Toute l\u2019information du cin\u00e9ma en Belgique\",\"publisher\":{\"@id\":\"https:\/\/welovecinema.be\/nl\/#organization\"},\"potentialAction\":[{\"@type\":\"SearchAction\",\"target\":{\"@type\":\"EntryPoint\",\"urlTemplate\":\"https:\/\/welovecinema.be\/nl\/?s={search_term_string}\"},\"query-input\":\"required name=search_term_string\"}],\"inLanguage\":\"fr-FR\"},{\"@type\":\"Organization\",\"@id\":\"https:\/\/welovecinema.be\/nl\/#organization\",\"name\":\"We Love Cinema\",\"url\":\"https:\/\/welovecinema.be\/nl\/\",\"logo\":{\"@type\":\"ImageObject\",\"inLanguage\":\"fr-FR\",\"@id\":\"https:\/\/welovecinema.be\/nl\/#\/schema\/logo\/image\/\",\"url\":\"https:\/\/welovecinema.be\/wp-content\/uploads\/sites\/2\/2023\/03\/Logo-We-Love-Cinema305x128.jpg\",\"contentUrl\":\"https:\/\/welovecinema.be\/wp-content\/uploads\/sites\/2\/2023\/03\/Logo-We-Love-Cinema305x128.jpg\",\"width\":305,\"height\":128,\"caption\":\"We Love Cinema\"},\"image\":{\"@id\":\"https:\/\/welovecinema.be\/nl\/#\/schema\/logo\/image\/\"},\"sameAs\":[\"https:\/\/www.facebook.com\/welovecinema.be\",\"https:\/\/www.youtube.com\/channel\/UCX5LYGVhnKvYauW4Nta4HJA\",\"https:\/\/www.instagram.com\/welovecinema.be\/\"]},{\"@type\":\"Person\",\"@id\":\"https:\/\/welovecinema.be\/nl\/#\/schema\/person\/4b9b1d857f0943453a38a7c2859ef756\",\"name\":\"Philippe.Pierquin\",\"url\":\"https:\/\/welovecinema.be\/fr\/author\/philippe-pierquin\/\"}]}<\/script>\n<!-- \/ Yoast SEO plugin. -->","yoast_head_json":{"title":"Ours noir recherche figurants - We Love Cinema","robots":{"index":"index","follow":"follow","max-snippet":"max-snippet:-1","max-image-preview":"max-image-preview:large","max-video-preview":"max-video-preview:-1"},"canonical":"https:\/\/welovecinema.be\/fr\/ours-noir-recherche-figurants\/","og_locale":"fr_FR","og_type":"article","og_title":"Ours noir recherche figurants - We Love Cinema","og_description":"Dans le cadre du court-m\u00e9trage\u00a0L&rsquo;OURS NOIR\u00a0de M\u00e9ryl Fortunat-Rossi &amp; Xavier Seron (nomin\u00e9s aux\u00a0Magritte\u00a0pour leur pr\u00e9c\u00e9dent film),\u00a0H\u00e9licotronc\u00a0recherche des figurants d&rsquo;origine asiatique pour le 29 et\/ou le 30 ao\u00fbt 2014.","og_url":"https:\/\/welovecinema.be\/fr\/ours-noir-recherche-figurants\/","og_site_name":"We Love Cinema","article_publisher":"https:\/\/www.facebook.com\/welovecinema.be","article_published_time":"2014-08-06T16:41:56+00:00","article_modified_time":"2014-08-19T09:03:51+00:00","og_image":[{"width":550,"height":306,"url":"https:\/\/welovecinema.be\/wp-content\/uploads\/sites\/2\/2014\/08\/helicotrours.jpg","type":"image\/jpeg"}],"author":"Philippe.Pierquin","twitter_card":"summary_large_image","twitter_misc":{"\u00c9crit par":"Philippe.Pierquin","Dur\u00e9e de lecture estim\u00e9e":"1 minute"},"schema":{"@context":"https:\/\/schema.org","@graph":[{"@type":"Article","@id":"https:\/\/welovecinema.be\/fr\/ours-noir-recherche-figurants\/#article","isPartOf":{"@id":"https:\/\/welovecinema.be\/fr\/ours-noir-recherche-figurants\/"},"author":{"name":"Philippe.Pierquin","@id":"https:\/\/welovecinema.be\/nl\/#\/schema\/person\/4b9b1d857f0943453a38a7c2859ef756"},"headline":"Ours noir recherche figurants","datePublished":"2014-08-06T16:41:56+00:00","dateModified":"2014-08-19T09:03:51+00:00","mainEntityOfPage":{"@id":"https:\/\/welovecinema.be\/fr\/ours-noir-recherche-figurants\/"},"wordCount":205,"publisher":{"@id":"https:\/\/welovecinema.be\/nl\/#organization"},"articleSection":["Cinejobs"],"inLanguage":"fr-FR"},{"@type":"WebPage","@id":"https:\/\/welovecinema.be\/fr\/ours-noir-recherche-figurants\/","url":"https:\/\/welovecinema.be\/fr\/ours-noir-recherche-figurants\/","name":"Ours noir recherche figurants - We Love Cinema","isPartOf":{"@id":"https:\/\/welovecinema.be\/nl\/#website"},"datePublished":"2014-08-06T16:41:56+00:00","dateModified":"2014-08-19T09:03:51+00:00","breadcrumb":{"@id":"https:\/\/welovecinema.be\/fr\/ours-noir-recherche-figurants\/#breadcrumb"},"inLanguage":"fr-FR","potentialAction":[{"@type":"ReadAction","target":["https:\/\/welovecinema.be\/fr\/ours-noir-recherche-figurants\/"]}]},{"@type":"BreadcrumbList","@id":"https:\/\/welovecinema.be\/fr\/ours-noir-recherche-figurants\/#breadcrumb","itemListElement":[{"@type":"ListItem","position":1,"name":"Accueil","item":"https:\/\/welovecinema.be\/fr\/"},{"@type":"ListItem","position":2,"name":"Ours noir recherche figurants"}]},{"@type":"WebSite","@id":"https:\/\/welovecinema.be\/nl\/#website","url":"https:\/\/welovecinema.be\/nl\/","name":"We Love Cinema","description":"Toute l\u2019information du cin\u00e9ma en Belgique","publisher":{"@id":"https:\/\/welovecinema.be\/nl\/#organization"},"potentialAction":[{"@type":"SearchAction","target":{"@type":"EntryPoint","urlTemplate":"https:\/\/welovecinema.be\/nl\/?s={search_term_string}"},"query-input":"required name=search_term_string"}],"inLanguage":"fr-FR"},{"@type":"Organization","@id":"https:\/\/welovecinema.be\/nl\/#organization","name":"We Love Cinema","url":"https:\/\/welovecinema.be\/nl\/","logo":{"@type":"ImageObject","inLanguage":"fr-FR","@id":"https:\/\/welovecinema.be\/nl\/#\/schema\/logo\/image\/","url":"https:\/\/welovecinema.be\/wp-content\/uploads\/sites\/2\/2023\/03\/Logo-We-Love-Cinema305x128.jpg","contentUrl":"https:\/\/welovecinema.be\/wp-content\/uploads\/sites\/2\/2023\/03\/Logo-We-Love-Cinema305x128.jpg","width":305,"height":128,"caption":"We Love Cinema"},"image":{"@id":"https:\/\/welovecinema.be\/nl\/#\/schema\/logo\/image\/"},"sameAs":["https:\/\/www.facebook.com\/welovecinema.be","https:\/\/www.youtube.com\/channel\/UCX5LYGVhnKvYauW4Nta4HJA","https:\/\/www.instagram.com\/welovecinema.be\/"]},{"@type":"Person","@id":"https:\/\/welovecinema.be\/nl\/#\/schema\/person\/4b9b1d857f0943453a38a7c2859ef756","name":"Philippe.Pierquin","url":"https:\/\/welovecinema.be\/fr\/author\/philippe-pierquin\/"}]}},"_links":{"self":[{"href":"https:\/\/welovecinema.be\/fr\/wp-json\/wp\/v2\/posts\/60031","targetHints":{"allow":["GET"]}}],"collection":[{"href":"https:\/\/welovecinema.be\/fr\/wp-json\/wp\/v2\/posts"}],"about":[{"href":"https:\/\/welovecinema.be\/fr\/wp-json\/wp\/v2\/types\/post"}],"author":[{"embeddable":true,"href":"https:\/\/welovecinema.be\/fr\/wp-json\/wp\/v2\/users\/7"}],"replies":[{"embeddable":true,"href":"https:\/\/welovecinema.be\/fr\/wp-json\/wp\/v2\/comments?post=60031"}],"version-history":[{"count":0,"href":"https:\/\/welovecinema.be\/fr\/wp-json\/wp\/v2\/posts\/60031\/revisions"}],"wp:featuredmedia":[{"embeddable":true,"href":"https:\/\/welovecinema.be\/fr\/wp-json\/wp\/v2\/media\/60033"}],"wp:attachment":[{"href":"https:\/\/welovecinema.be\/fr\/wp-json\/wp\/v2\/media?parent=60031"}],"wp:term":[{"taxonomy":"category","embeddable":true,"href":"https:\/\/welovecinema.be\/fr\/wp-json\/wp\/v2\/categories?post=60031"},{"taxonomy":"post_tag","embeddable":true,"href":"https:\/\/welovecinema.be\/fr\/wp-json\/wp\/v2\/tags?post=60031"}],"curies":[{"name":"wp","href":"https:\/\/api.w.org\/{rel}","templated":true}]}}