{"id":59991,"date":"2014-08-05T10:52:27","date_gmt":"2014-08-05T08:52:27","guid":{"rendered":"http:\/\/www.cinevox.be\/?p=59991"},"modified":"2014-08-04T10:55:32","modified_gmt":"2014-08-04T08:55:32","slug":"cri-du-cul-du-negre-homard-tuer","status":"publish","type":"post","link":"https:\/\/welovecinema.be\/fr\/cri-du-cul-du-negre-homard-tuer\/","title":{"rendered":"Le cri du cul du N\u00e8gre : Homard m\u2019a tuer"},"content":{"rendered":"<p>Double programme pour l\u2019\u00e9dition hebdomadaire de Tout Court. Pas d\u2019in\u00e9dit, mais deux classiques du court belge avec notamment le seul film \u00e0 avoir r\u00e9alis\u00e9 jusqu\u2019ici un doubl\u00e9 Magritte\/C\u00e9sar dans sa cat\u00e9gorie, l\u2019intrigant Cri du Homard de Nicolas Guiot. Si vous ne l\u2019avez pas vu, vous savez ce qui vous reste \u00e0 faire. Magn\u00e9to, Serge\u00a0!<\/p>\n<p>&nbsp;<\/p>\n<p>Sorry pour le titre, tout ce soleil nous a sans doute tap\u00e9s sur la t\u00eate \ud83d\ude42<\/p>\n<p><!--more--><\/p>\n<p>&nbsp;<\/p>\n<p><a href=\"http:\/\/www.cinevox.be\/cri-du-cul-du-negre-homard-tuer\/a_ton_vieux_cul-3\/\" rel=\"attachment wp-att-59992\"><img loading=\"lazy\" decoding=\"async\" class=\"aligncenter size-full wp-image-59992\" alt=\"\" src=\"http:\/\/www.cinevox.be\/wp-content\/uploads\/sites\/2\/2014\/08\/A_ton_vieux_cul.jpg\" width=\"640\" height=\"233\" srcset=\"https:\/\/welovecinema.be\/wp-content\/uploads\/sites\/2\/2014\/08\/A_ton_vieux_cul.jpg 640w, https:\/\/welovecinema.be\/wp-content\/uploads\/sites\/2\/2014\/08\/A_ton_vieux_cul-480x174.jpg 480w\" sizes=\"auto, (max-width: 640px) 100vw, 640px\" \/><\/a><\/p>\n<p>&nbsp;<\/p>\n<p>23:45\u00a0&#8211; <b>\u00c0 ton vieux cul de n\u00e8gre<\/b><\/p>\n<ul>\n<li><b>Dur\u00e9e\u00a0:<\/b>\u00a000:13<\/li>\n<\/ul>\n<p>Bruxelles, une maison de repos.<br \/>\nUn Belge et un Congolais trinquent \u00e0 leur longue amiti\u00e9. La discussion s&rsquo;envenime sur de vieilles histoires. Histoires de r\u00eaves bris\u00e9s, histoires de vies g\u00e2ch\u00e9es.<br \/>\n<i>\u00c0 ton vieux cul de n\u00e8gre<\/i> se plonge dans le pass\u00e9 colonial pour regarder notre pr\u00e9sent.<\/p>\n<ul>\n<li><b>R\u00e9alisateur\u00a0:\u00a0<\/b>Aur\u00e9lien Bodinaux<\/li>\n<li><b>Sc\u00e9nariste\u00a0:\u00a0<\/b>Aur\u00e9lien Bodinaux<\/li>\n<li><b>Compositeur\u00a0:\u00a0<\/b>Dieudonn\u00e9 Kabongo<\/li>\n<li><b>Acteur\/Actrice\u00a0:\u00a0<\/b>Dieudonn\u00e9 Kabongo, Fran\u00e7ois Beukelaers<\/li>\n<\/ul>\n<p>&nbsp;<\/p>\n<p><a href=\"http:\/\/www.cinevox.be\/cri-du-cul-du-negre-homard-tuer\/le-cri-du-homard_2-6\/\" rel=\"attachment wp-att-59993\"><img loading=\"lazy\" decoding=\"async\" class=\"aligncenter size-large wp-image-59993\" alt=\"\" src=\"http:\/\/www.cinevox.be\/wp-content\/uploads\/sites\/2\/2014\/08\/le-cri-du-homard_2-800x431.jpg\" width=\"640\" height=\"344\" srcset=\"https:\/\/welovecinema.be\/wp-content\/uploads\/sites\/2\/2014\/08\/le-cri-du-homard_2-800x431.jpg 800w, https:\/\/welovecinema.be\/wp-content\/uploads\/sites\/2\/2014\/08\/le-cri-du-homard_2-480x258.jpg 480w, https:\/\/welovecinema.be\/wp-content\/uploads\/sites\/2\/2014\/08\/le-cri-du-homard_2.jpg 1919w\" sizes=\"auto, (max-width: 640px) 100vw, 640px\" \/><\/a><\/p>\n<p>&nbsp;<\/p>\n<p>00:00\u00a0&#8211; <b>Le cri du homard<\/b><\/p>\n<ul>\n<li><b>Dur\u00e9e\u00a0:<\/b>\u00a000:30<\/li>\n<\/ul>\n<p>D&rsquo;origine russe et install\u00e9e depuis peu en France avec ses parents, Natalia, six ans, attend impatiemment le retour de son fr\u00e8re, Boris, parti combattre en Tch\u00e9tch\u00e9nie.<br \/>\nLe grand jour est arriv\u00e9, mais quand la fillette aper\u00e7oit ce fr\u00e8re tant attendu, elle a du mal \u00e0 le reconna\u00eetre.<\/p>\n<p>Prix et r\u00e9compenses :<\/p>\n<p>Grand Prix, Brussels Short Film Festival 2012.<br \/>\nPrix coup de coeur RTBF, Prix du sc\u00e9nario Le court en dit long 2012; Magritte 2013 meilleur court;<\/p>\n<ul>\n<li><b>R\u00e9alisateur\u00a0:\u00a0<\/b>Nicolas Guiot<\/li>\n<li><b>Sc\u00e9nariste\u00a0:\u00a0<\/b>Nicolas Guiot<\/li>\n<li><b>Acteur\/Actrice\u00a0:\u00a0<\/b>Claire Thoumelou, Anton Kouzemin, Tatiana Gontcharova, Miglen Mirtchev, Jana Bittnerova<\/li>\n<\/ul>\n<p>&nbsp;<\/p>\n<p>&nbsp;<\/p>\n","protected":false},"excerpt":{"rendered":"<p>Double programme pour l\u2019\u00e9dition hebdomadaire de Tout Court. Pas d\u2019in\u00e9dit, mais deux classiques du court belge avec notamment le seul film \u00e0 avoir r\u00e9alis\u00e9 jusqu\u2019ici un doubl\u00e9 Magritte\/C\u00e9sar dans sa cat\u00e9gorie, l\u2019intrigant Cri du Homard de Nicolas Guiot. Si vous ne l\u2019avez pas vu, vous savez ce qui vous reste \u00e0 faire. Magn\u00e9to, Serge\u00a0! &nbsp; &hellip;<\/p>\n","protected":false},"author":7,"featured_media":59995,"comment_status":"closed","ping_status":"closed","sticky":false,"template":"","format":"standard","meta":{"ngg_post_thumbnail":0,"footnotes":""},"categories":[14],"tags":[],"class_list":["post-59991","post","type-post","status-publish","format-standard","has-post-thumbnail","","category-home-cinema"],"yoast_head":"<!-- This site is optimized with the Yoast SEO plugin v20.4 - https:\/\/yoast.com\/wordpress\/plugins\/seo\/ -->\n<title>Le cri du cul du N\u00e8gre : Homard m\u2019a tuer - We Love Cinema<\/title>\n<meta name=\"robots\" content=\"index, follow, max-snippet:-1, max-image-preview:large, max-video-preview:-1\" \/>\n<link rel=\"canonical\" href=\"https:\/\/welovecinema.be\/fr\/cri-du-cul-du-negre-homard-tuer\/\" \/>\n<meta property=\"og:locale\" content=\"fr_FR\" \/>\n<meta property=\"og:type\" content=\"article\" \/>\n<meta property=\"og:title\" content=\"Le cri du cul du N\u00e8gre : Homard m\u2019a tuer - We Love Cinema\" \/>\n<meta property=\"og:description\" content=\"Double programme pour l\u2019\u00e9dition hebdomadaire de Tout Court. Pas d\u2019in\u00e9dit, mais deux classiques du court belge avec notamment le seul film \u00e0 avoir r\u00e9alis\u00e9 jusqu\u2019ici un doubl\u00e9 Magritte\/C\u00e9sar dans sa cat\u00e9gorie, l\u2019intrigant Cri du Homard de Nicolas Guiot. Si vous ne l\u2019avez pas vu, vous savez ce qui vous reste \u00e0 faire. Magn\u00e9to, Serge\u00a0! &nbsp; &hellip;\" \/>\n<meta property=\"og:url\" content=\"https:\/\/welovecinema.be\/fr\/cri-du-cul-du-negre-homard-tuer\/\" \/>\n<meta property=\"og:site_name\" content=\"We Love Cinema\" \/>\n<meta property=\"article:publisher\" content=\"https:\/\/www.facebook.com\/welovecinema.be\" \/>\n<meta property=\"article:published_time\" content=\"2014-08-05T08:52:27+00:00\" \/>\n<meta property=\"article:modified_time\" content=\"2014-08-04T08:55:32+00:00\" \/>\n<meta property=\"og:image\" content=\"https:\/\/welovecinema.be\/wp-content\/uploads\/sites\/2\/2014\/08\/le-cri-du-homard_1.jpg\" \/>\n\t<meta property=\"og:image:width\" content=\"1920\" \/>\n\t<meta property=\"og:image:height\" content=\"1035\" \/>\n\t<meta property=\"og:image:type\" content=\"image\/jpeg\" \/>\n<meta name=\"author\" content=\"Philippe.Pierquin\" \/>\n<meta name=\"twitter:card\" content=\"summary_large_image\" \/>\n<meta name=\"twitter:label1\" content=\"\u00c9crit par\" \/>\n\t<meta name=\"twitter:data1\" content=\"Philippe.Pierquin\" \/>\n\t<meta name=\"twitter:label2\" content=\"Dur\u00e9e de lecture estim\u00e9e\" \/>\n\t<meta name=\"twitter:data2\" content=\"1 minute\" \/>\n<script type=\"application\/ld+json\" class=\"yoast-schema-graph\">{\"@context\":\"https:\/\/schema.org\",\"@graph\":[{\"@type\":\"Article\",\"@id\":\"https:\/\/welovecinema.be\/fr\/cri-du-cul-du-negre-homard-tuer\/#article\",\"isPartOf\":{\"@id\":\"https:\/\/welovecinema.be\/fr\/cri-du-cul-du-negre-homard-tuer\/\"},\"author\":{\"name\":\"Philippe.Pierquin\",\"@id\":\"https:\/\/welovecinema.be\/nl\/#\/schema\/person\/4b9b1d857f0943453a38a7c2859ef756\"},\"headline\":\"Le cri du cul du N\u00e8gre : Homard m\u2019a tuer\",\"datePublished\":\"2014-08-05T08:52:27+00:00\",\"dateModified\":\"2014-08-04T08:55:32+00:00\",\"mainEntityOfPage\":{\"@id\":\"https:\/\/welovecinema.be\/fr\/cri-du-cul-du-negre-homard-tuer\/\"},\"wordCount\":287,\"publisher\":{\"@id\":\"https:\/\/welovecinema.be\/nl\/#organization\"},\"articleSection\":[\"Plateau t\u00e9l\u00e9\"],\"inLanguage\":\"fr-FR\"},{\"@type\":\"WebPage\",\"@id\":\"https:\/\/welovecinema.be\/fr\/cri-du-cul-du-negre-homard-tuer\/\",\"url\":\"https:\/\/welovecinema.be\/fr\/cri-du-cul-du-negre-homard-tuer\/\",\"name\":\"Le cri du cul du N\u00e8gre : Homard m\u2019a tuer - We Love Cinema\",\"isPartOf\":{\"@id\":\"https:\/\/welovecinema.be\/nl\/#website\"},\"datePublished\":\"2014-08-05T08:52:27+00:00\",\"dateModified\":\"2014-08-04T08:55:32+00:00\",\"breadcrumb\":{\"@id\":\"https:\/\/welovecinema.be\/fr\/cri-du-cul-du-negre-homard-tuer\/#breadcrumb\"},\"inLanguage\":\"fr-FR\",\"potentialAction\":[{\"@type\":\"ReadAction\",\"target\":[\"https:\/\/welovecinema.be\/fr\/cri-du-cul-du-negre-homard-tuer\/\"]}]},{\"@type\":\"BreadcrumbList\",\"@id\":\"https:\/\/welovecinema.be\/fr\/cri-du-cul-du-negre-homard-tuer\/#breadcrumb\",\"itemListElement\":[{\"@type\":\"ListItem\",\"position\":1,\"name\":\"Accueil\",\"item\":\"https:\/\/welovecinema.be\/fr\/\"},{\"@type\":\"ListItem\",\"position\":2,\"name\":\"Le cri du cul du N\u00e8gre : Homard m\u2019a tuer\"}]},{\"@type\":\"WebSite\",\"@id\":\"https:\/\/welovecinema.be\/nl\/#website\",\"url\":\"https:\/\/welovecinema.be\/nl\/\",\"name\":\"We Love Cinema\",\"description\":\"Toute l\u2019information du cin\u00e9ma en Belgique\",\"publisher\":{\"@id\":\"https:\/\/welovecinema.be\/nl\/#organization\"},\"potentialAction\":[{\"@type\":\"SearchAction\",\"target\":{\"@type\":\"EntryPoint\",\"urlTemplate\":\"https:\/\/welovecinema.be\/nl\/?s={search_term_string}\"},\"query-input\":\"required name=search_term_string\"}],\"inLanguage\":\"fr-FR\"},{\"@type\":\"Organization\",\"@id\":\"https:\/\/welovecinema.be\/nl\/#organization\",\"name\":\"We Love Cinema\",\"url\":\"https:\/\/welovecinema.be\/nl\/\",\"logo\":{\"@type\":\"ImageObject\",\"inLanguage\":\"fr-FR\",\"@id\":\"https:\/\/welovecinema.be\/nl\/#\/schema\/logo\/image\/\",\"url\":\"https:\/\/welovecinema.be\/wp-content\/uploads\/sites\/2\/2023\/03\/Logo-We-Love-Cinema305x128.jpg\",\"contentUrl\":\"https:\/\/welovecinema.be\/wp-content\/uploads\/sites\/2\/2023\/03\/Logo-We-Love-Cinema305x128.jpg\",\"width\":305,\"height\":128,\"caption\":\"We Love Cinema\"},\"image\":{\"@id\":\"https:\/\/welovecinema.be\/nl\/#\/schema\/logo\/image\/\"},\"sameAs\":[\"https:\/\/www.facebook.com\/welovecinema.be\",\"https:\/\/www.youtube.com\/channel\/UCX5LYGVhnKvYauW4Nta4HJA\",\"https:\/\/www.instagram.com\/welovecinema.be\/\"]},{\"@type\":\"Person\",\"@id\":\"https:\/\/welovecinema.be\/nl\/#\/schema\/person\/4b9b1d857f0943453a38a7c2859ef756\",\"name\":\"Philippe.Pierquin\",\"url\":\"https:\/\/welovecinema.be\/fr\/author\/philippe-pierquin\/\"}]}<\/script>\n<!-- \/ Yoast SEO plugin. -->","yoast_head_json":{"title":"Le cri du cul du N\u00e8gre : Homard m\u2019a tuer - We Love Cinema","robots":{"index":"index","follow":"follow","max-snippet":"max-snippet:-1","max-image-preview":"max-image-preview:large","max-video-preview":"max-video-preview:-1"},"canonical":"https:\/\/welovecinema.be\/fr\/cri-du-cul-du-negre-homard-tuer\/","og_locale":"fr_FR","og_type":"article","og_title":"Le cri du cul du N\u00e8gre : Homard m\u2019a tuer - We Love Cinema","og_description":"Double programme pour l\u2019\u00e9dition hebdomadaire de Tout Court. Pas d\u2019in\u00e9dit, mais deux classiques du court belge avec notamment le seul film \u00e0 avoir r\u00e9alis\u00e9 jusqu\u2019ici un doubl\u00e9 Magritte\/C\u00e9sar dans sa cat\u00e9gorie, l\u2019intrigant Cri du Homard de Nicolas Guiot. Si vous ne l\u2019avez pas vu, vous savez ce qui vous reste \u00e0 faire. Magn\u00e9to, Serge\u00a0! &nbsp; &hellip;","og_url":"https:\/\/welovecinema.be\/fr\/cri-du-cul-du-negre-homard-tuer\/","og_site_name":"We Love Cinema","article_publisher":"https:\/\/www.facebook.com\/welovecinema.be","article_published_time":"2014-08-05T08:52:27+00:00","article_modified_time":"2014-08-04T08:55:32+00:00","og_image":[{"width":1920,"height":1035,"url":"https:\/\/welovecinema.be\/wp-content\/uploads\/sites\/2\/2014\/08\/le-cri-du-homard_1.jpg","type":"image\/jpeg"}],"author":"Philippe.Pierquin","twitter_card":"summary_large_image","twitter_misc":{"\u00c9crit par":"Philippe.Pierquin","Dur\u00e9e de lecture estim\u00e9e":"1 minute"},"schema":{"@context":"https:\/\/schema.org","@graph":[{"@type":"Article","@id":"https:\/\/welovecinema.be\/fr\/cri-du-cul-du-negre-homard-tuer\/#article","isPartOf":{"@id":"https:\/\/welovecinema.be\/fr\/cri-du-cul-du-negre-homard-tuer\/"},"author":{"name":"Philippe.Pierquin","@id":"https:\/\/welovecinema.be\/nl\/#\/schema\/person\/4b9b1d857f0943453a38a7c2859ef756"},"headline":"Le cri du cul du N\u00e8gre : Homard m\u2019a tuer","datePublished":"2014-08-05T08:52:27+00:00","dateModified":"2014-08-04T08:55:32+00:00","mainEntityOfPage":{"@id":"https:\/\/welovecinema.be\/fr\/cri-du-cul-du-negre-homard-tuer\/"},"wordCount":287,"publisher":{"@id":"https:\/\/welovecinema.be\/nl\/#organization"},"articleSection":["Plateau t\u00e9l\u00e9"],"inLanguage":"fr-FR"},{"@type":"WebPage","@id":"https:\/\/welovecinema.be\/fr\/cri-du-cul-du-negre-homard-tuer\/","url":"https:\/\/welovecinema.be\/fr\/cri-du-cul-du-negre-homard-tuer\/","name":"Le cri du cul du N\u00e8gre : Homard m\u2019a tuer - We Love Cinema","isPartOf":{"@id":"https:\/\/welovecinema.be\/nl\/#website"},"datePublished":"2014-08-05T08:52:27+00:00","dateModified":"2014-08-04T08:55:32+00:00","breadcrumb":{"@id":"https:\/\/welovecinema.be\/fr\/cri-du-cul-du-negre-homard-tuer\/#breadcrumb"},"inLanguage":"fr-FR","potentialAction":[{"@type":"ReadAction","target":["https:\/\/welovecinema.be\/fr\/cri-du-cul-du-negre-homard-tuer\/"]}]},{"@type":"BreadcrumbList","@id":"https:\/\/welovecinema.be\/fr\/cri-du-cul-du-negre-homard-tuer\/#breadcrumb","itemListElement":[{"@type":"ListItem","position":1,"name":"Accueil","item":"https:\/\/welovecinema.be\/fr\/"},{"@type":"ListItem","position":2,"name":"Le cri du cul du N\u00e8gre : Homard m\u2019a tuer"}]},{"@type":"WebSite","@id":"https:\/\/welovecinema.be\/nl\/#website","url":"https:\/\/welovecinema.be\/nl\/","name":"We Love Cinema","description":"Toute l\u2019information du cin\u00e9ma en Belgique","publisher":{"@id":"https:\/\/welovecinema.be\/nl\/#organization"},"potentialAction":[{"@type":"SearchAction","target":{"@type":"EntryPoint","urlTemplate":"https:\/\/welovecinema.be\/nl\/?s={search_term_string}"},"query-input":"required name=search_term_string"}],"inLanguage":"fr-FR"},{"@type":"Organization","@id":"https:\/\/welovecinema.be\/nl\/#organization","name":"We Love Cinema","url":"https:\/\/welovecinema.be\/nl\/","logo":{"@type":"ImageObject","inLanguage":"fr-FR","@id":"https:\/\/welovecinema.be\/nl\/#\/schema\/logo\/image\/","url":"https:\/\/welovecinema.be\/wp-content\/uploads\/sites\/2\/2023\/03\/Logo-We-Love-Cinema305x128.jpg","contentUrl":"https:\/\/welovecinema.be\/wp-content\/uploads\/sites\/2\/2023\/03\/Logo-We-Love-Cinema305x128.jpg","width":305,"height":128,"caption":"We Love Cinema"},"image":{"@id":"https:\/\/welovecinema.be\/nl\/#\/schema\/logo\/image\/"},"sameAs":["https:\/\/www.facebook.com\/welovecinema.be","https:\/\/www.youtube.com\/channel\/UCX5LYGVhnKvYauW4Nta4HJA","https:\/\/www.instagram.com\/welovecinema.be\/"]},{"@type":"Person","@id":"https:\/\/welovecinema.be\/nl\/#\/schema\/person\/4b9b1d857f0943453a38a7c2859ef756","name":"Philippe.Pierquin","url":"https:\/\/welovecinema.be\/fr\/author\/philippe-pierquin\/"}]}},"_links":{"self":[{"href":"https:\/\/welovecinema.be\/fr\/wp-json\/wp\/v2\/posts\/59991","targetHints":{"allow":["GET"]}}],"collection":[{"href":"https:\/\/welovecinema.be\/fr\/wp-json\/wp\/v2\/posts"}],"about":[{"href":"https:\/\/welovecinema.be\/fr\/wp-json\/wp\/v2\/types\/post"}],"author":[{"embeddable":true,"href":"https:\/\/welovecinema.be\/fr\/wp-json\/wp\/v2\/users\/7"}],"replies":[{"embeddable":true,"href":"https:\/\/welovecinema.be\/fr\/wp-json\/wp\/v2\/comments?post=59991"}],"version-history":[{"count":0,"href":"https:\/\/welovecinema.be\/fr\/wp-json\/wp\/v2\/posts\/59991\/revisions"}],"wp:featuredmedia":[{"embeddable":true,"href":"https:\/\/welovecinema.be\/fr\/wp-json\/wp\/v2\/media\/59995"}],"wp:attachment":[{"href":"https:\/\/welovecinema.be\/fr\/wp-json\/wp\/v2\/media?parent=59991"}],"wp:term":[{"taxonomy":"category","embeddable":true,"href":"https:\/\/welovecinema.be\/fr\/wp-json\/wp\/v2\/categories?post=59991"},{"taxonomy":"post_tag","embeddable":true,"href":"https:\/\/welovecinema.be\/fr\/wp-json\/wp\/v2\/tags?post=59991"}],"curies":[{"name":"wp","href":"https:\/\/api.w.org\/{rel}","templated":true}]}}