{"id":59698,"date":"2014-07-24T18:52:39","date_gmt":"2014-07-24T16:52:39","guid":{"rendered":"http:\/\/www.cinevox.be\/?p=59698"},"modified":"2014-07-25T14:06:33","modified_gmt":"2014-07-25T12:06:33","slug":"benoit-olivier-lagune","status":"publish","type":"post","link":"https:\/\/welovecinema.be\/fr\/benoit-olivier-lagune\/","title":{"rendered":"Benoit et Olivier sur la L(ag)une"},"content":{"rendered":"<p>Ils tournent beaucoup et s\u00e9lectionnent de mieux en mieux leurs films. Cons\u00e9quence logique\u00a0: on les voit de plus en plus souvent \u00e0 l\u2019affiche des festivals les plus prestigieux.<\/p>\n<p>Ce sera encore le cas \u00e0 la prochaine Mostra de Venise o\u00f9 <b>Benoit Poelvoorde<\/b> et <b>Olivier Gourmet<\/b>\u00a0apr\u00e8s s&rsquo;\u00eatre notamment crois\u00e9s dans <em>CowBoy<\/em> et <em>Rien \u00e0 d\u00e9clarer<\/em> (photo d&rsquo;ouverture) se retrouveront dans la Lagune.<\/p>\n<p><!--more--><\/p>\n<p>&nbsp;<\/p>\n<p>Benoit sera \u00e0 l\u2019affiche de deux films, tous deux s\u00e9lectionn\u00e9s en comp\u00e9tition officielle On le verra d\u2019abord dans <i>La Ran\u00e7on de la Gloire<\/i>, le nouveau long m\u00e9trage de l\u2019excellent Xavier Beauvois (<i>Des hommes et des dieux<\/i>). Il y partage l\u2019affiche avec Roschdy Zem et Chiara Mastroianni.<\/p>\n<p>&nbsp;<\/p>\n<p><a href=\"http:\/\/www.cinevox.be\/benoit-olivier-lagune\/rancon\/\" rel=\"attachment wp-att-59699\"><img loading=\"lazy\" decoding=\"async\" class=\"aligncenter size-full wp-image-59699\" alt=\"\" src=\"http:\/\/www.cinevox.be\/wp-content\/uploads\/sites\/2\/2014\/07\/ran\u00e7on.jpg\" width=\"508\" height=\"337\" srcset=\"https:\/\/welovecinema.be\/wp-content\/uploads\/sites\/2\/2014\/07\/ran\u00e7on.jpg 508w, https:\/\/welovecinema.be\/wp-content\/uploads\/sites\/2\/2014\/07\/ran\u00e7on-407x270.jpg 407w\" sizes=\"auto, (max-width: 508px) 100vw, 508px\" \/><\/a><\/p>\n<p>&nbsp;<\/p>\n<p>Le pitch est original et prometteur\u00a0: \u00e0 la fin des ann\u00e9es 70 \u00e0 Vevey, une petite ville au bord du lac L\u00e9man, Eddy Ricaart sort de prison. Il est accueilli par son ami Osman Bricha. Les deux hommes ont un march\u00e9 : Osman h\u00e9berge Eddy \u00e0 la condition que ce dernier s\u2019occupe de sa fille de sept ans, le temps que sa femme subisse des examens \u00e0 l\u2019h\u00f4pital. Mais le duo est sans le sous. Quand Eddy apprend le d\u00e9c\u00e8s du com\u00e9dien Charlie Chaplin, il d\u00e9cide de voler le cercueil et de demander une ran\u00e7on \u00e0 la famille<\/p>\n<p>&nbsp;<\/p>\n<p><a href=\"http:\/\/www.cinevox.be\/benoit-olivier-lagune\/trois-coeurs-photo-53a30f13360d4\/\" rel=\"attachment wp-att-59700\"><img loading=\"lazy\" decoding=\"async\" class=\"aligncenter size-large wp-image-59700\" alt=\"\" src=\"http:\/\/www.cinevox.be\/wp-content\/uploads\/sites\/2\/2014\/07\/trois-coeurs-photo-53a30f13360d4-800x450.jpg\" width=\"640\" height=\"360\" srcset=\"https:\/\/welovecinema.be\/wp-content\/uploads\/sites\/2\/2014\/07\/trois-coeurs-photo-53a30f13360d4-800x450.jpg 800w, https:\/\/welovecinema.be\/wp-content\/uploads\/sites\/2\/2014\/07\/trois-coeurs-photo-53a30f13360d4-200x113.jpg 200w, https:\/\/welovecinema.be\/wp-content\/uploads\/sites\/2\/2014\/07\/trois-coeurs-photo-53a30f13360d4-480x270.jpg 480w, https:\/\/welovecinema.be\/wp-content\/uploads\/sites\/2\/2014\/07\/trois-coeurs-photo-53a30f13360d4-300x169.jpg 300w, https:\/\/welovecinema.be\/wp-content\/uploads\/sites\/2\/2014\/07\/trois-coeurs-photo-53a30f13360d4-620x350.jpg 620w, https:\/\/welovecinema.be\/wp-content\/uploads\/sites\/2\/2014\/07\/trois-coeurs-photo-53a30f13360d4.jpg 1449w\" sizes=\"auto, (max-width: 640px) 100vw, 640px\" \/><\/a><\/p>\n<p>&nbsp;<\/p>\n<p>L\u2019autre film de Beno\u00eet propose une tonalit\u00e9 plus romantique et dramatique puisqu\u2019il s\u2019agit de <i>Trois C\u0153urs, l<\/i>e nouveau Benoit Jacquot. Avec \u00e9galement Chiara Mastoianni, mais aussi Charlotte Gainsbourg et Catherine Deneuve.<\/p>\n<p>La bande-annonce a fait le buzz sur Cinevox avant qu\u2019on apprenne via Scope Pictures qui coproduit le film en Belgique que le film serait retenu \u00e0 Venise, info que nous avons bien s\u00fbr tenue secr\u00e8te. Non, mais&#8230;<\/p>\n<p>&nbsp;<\/p>\n<p>Benoit y incarne Marc qui rencontre Sylvie alors qu&rsquo;il a rat\u00e9 le train pour retourner \u00e0 Paris. Ils errent dans les rues jusqu&rsquo;au matin, parlant de tout sauf d&rsquo;eux-m\u00eames. Quand Marc prend le premier train, il donne \u00e0 Sylvie un rendez-vous, \u00e0 Paris, quelques jours apr\u00e8s. Ils ne savent donc rien l&rsquo;un de l&rsquo;autre, et c&rsquo;est bien plus qu&rsquo;un jeu, c&rsquo;est comme \u00e7a. Sylvie ira \u00e0 ce rendez-vous, et Marc, par malheur, non. Il la cherchera et en trouvera une autre, Sophie, sans savoir qu&rsquo;elle est la soeur de Sylvie. Marc et Sylvie se retrouveront, leur accord sans pareil n&rsquo;aura pas disparu, c&rsquo;est trop tard&#8230; Benoit versus Benoit en comp\u00e9tition.<\/p>\n<p>&nbsp;<\/p>\n<p>A qui le Lion d\u2019Or\u00a0? Mais gare\u00a0! La concurrence cette ann\u00e9e est terrible avec les nouveaux longs d\u2019Inarritu, d\u2019Andrew Niccol ou le Pasolini d\u2019Abel Ferrara coproduit en Belgique par Tarantula.<\/p>\n<p>&nbsp;<\/p>\n<p><a href=\"http:\/\/www.cinevox.be\/benoit-olivier-lagune\/4e43b9b09be6bcc374c82a5511ebaeef\/\" rel=\"attachment wp-att-59701\"><img loading=\"lazy\" decoding=\"async\" class=\"aligncenter size-large wp-image-59701\" alt=\"\" src=\"http:\/\/www.cinevox.be\/wp-content\/uploads\/sites\/2\/2014\/07\/4e43b9b09be6bcc374c82a5511ebaeef-800x533.jpg\" width=\"640\" height=\"426\" srcset=\"https:\/\/welovecinema.be\/wp-content\/uploads\/sites\/2\/2014\/07\/4e43b9b09be6bcc374c82a5511ebaeef-800x533.jpg 800w, https:\/\/welovecinema.be\/wp-content\/uploads\/sites\/2\/2014\/07\/4e43b9b09be6bcc374c82a5511ebaeef-404x270.jpg 404w, https:\/\/welovecinema.be\/wp-content\/uploads\/sites\/2\/2014\/07\/4e43b9b09be6bcc374c82a5511ebaeef.jpg 850w\" sizes=\"auto, (max-width: 640px) 100vw, 640px\" \/><\/a><\/p>\n<p>&nbsp;<\/p>\n<p>A l\u2019affiche de <i>Terre Battue<\/i>, <b>Olivier Gourmet<\/b> aura, lui, les honneurs de la semaine de la critique. Le premier long m\u00e9trage du Fran\u00e7ais St\u00e9phane Demoustier tr\u00e8s inspir\u00e9 par les fr\u00e8res Dardenne est coproduit chez nous par Les films du Fleuve. Olivier y c\u00f4toie l\u2019omnipr\u00e9sent <b>Sam Louwyck,<\/b> sans doute l\u2019acteur belge de l\u2019ann\u00e9e, Valeria Bruni Tedeschi et\u2026 Xavier Beauvois, le r\u00e9alisateur de <i>la Ran\u00e7on de la Glore<\/i>, acteur pour l\u2019occasion.<\/p>\n<p>Histoire de boucler la boucle\u2026<\/p>\n<p>&nbsp;<\/p>\n<p>Olivier y incarne J\u00e9r\u00f4me, un quadra qui encha\u00eene les d\u00e9faites. Licenci\u00e9, il \u00e9choue de peu \u00e0 cr\u00e9er la cha\u00eene de magasins qu\u2019il a imagin\u00e9e et perd sa femme dans la tourmente. Dans le m\u00eame temps, son fils Ugo (11 ans) confirme son talent de joueur de tennis et brille dans les tournois de la r\u00e9gion. T\u00e9moin des \u00e9checs de son p\u00e8re, de leur cort\u00e8ge d\u2019humiliations, Ugo ne veut pas renoncer \u00e0 ses r\u00eaves de champion. \u00a0 Jeu, set et match\u00a0?<\/p>\n<h2><\/h2>\n<h2><b>Comp\u00e9tition officielle\u00a0<\/b><\/h2>\n<p>Birdman d&rsquo;Alejandro Gonz\u00e1lez In\u00e1rritu (film d&rsquo;ouverture)<\/p>\n<p>The Cut de Fatih Akin<\/p>\n<p>A Pigeon sat on a branch reflecting on existence de Roy Andersson<\/p>\n<p>Pasolini d&rsquo;Abel Ferrara<\/p>\n<p>Trois Coeurs de Beno\u00eet Jacquot<\/p>\n<p>99 Homes de Ramin Bahrani<\/p>\n<p>La ran\u00e7on de la gloire de Xavier Beauvois<\/p>\n<p>Le dernier coup de marteau d&rsquo;Alix Delaporte<\/p>\n<p>Manglehorn de David Gordon Green<\/p>\n<p>The Good Kill d&rsquo;Andrew Niccol<\/p>\n<p>Loin des hommes de David Oelhoffen<\/p>\n<p>Il Giovane Favolose de Mario Martone<\/p>\n<p>Anime Nere de Francesco Munzi<\/p>\n<p>Hungry Hearts de Saverio Constanzo<\/p>\n<p>The Postman&rsquo;s White Nights d&rsquo;Andrei Koncalvoskij<\/p>\n<p>Fires on the Plain de Shinya Tsukamoto<\/p>\n<p>The Look of Silence de Joshua Oppenheimer<\/p>\n<p>Red Amnesia de Wang Xiaoshuai<\/p>\n<p>Tales de Rakhshan Bani-Etemad<\/p>\n<p>Sivas de Kaan Mujdeci<\/p>\n<p>&nbsp;<\/p>\n<h2><b>Semaine de la critique <\/b><\/h2>\n<p>Melbourne d&rsquo;Ima Javidi (film d&rsquo;ouverture, hors comp\u00e9titon)<\/p>\n<p>Villa Touma de Suha Arraf<\/p>\n<p>Terre Battue de St\u00e9phane Demoustier<\/p>\n<p>Dap Canh Giua Kh\u00f4ng Trung de Di\u00eap Hoang Nguy\u00ean<\/p>\n<p>Dancing with Maria d&rsquo;Ivan Gergolet<\/p>\n<p>Zerrumpelt Herz de Timm Kr\u00f6ger<\/p>\n<p>Nicije Dete de Vuk Rsumovic<\/p>\n<p>Binguan de Xin Yukun<\/p>\n<p>Arance e Martello de Diego Bianchi (film de cl\u00f4ture)<\/p>\n","protected":false},"excerpt":{"rendered":"<p>Ils tournent beaucoup et s\u00e9lectionnent de mieux en mieux leurs films. Cons\u00e9quence logique\u00a0: on les voit de plus en plus souvent \u00e0 l\u2019affiche des festivals les plus prestigieux. Ce sera encore le cas \u00e0 la prochaine Mostra de Venise o\u00f9 Benoit Poelvoorde et Olivier Gourmet\u00a0apr\u00e8s s&rsquo;\u00eatre notamment crois\u00e9s dans CowBoy et Rien \u00e0 d\u00e9clarer (photo &hellip;<\/p>\n","protected":false},"author":7,"featured_media":59703,"comment_status":"closed","ping_status":"closed","sticky":false,"template":"","format":"standard","meta":{"ngg_post_thumbnail":0,"footnotes":""},"categories":[12],"tags":[],"class_list":["post-59698","post","type-post","status-publish","format-standard","has-post-thumbnail","","category-awards"],"yoast_head":"<!-- This site is optimized with the Yoast SEO plugin v20.4 - https:\/\/yoast.com\/wordpress\/plugins\/seo\/ -->\n<title>Benoit et Olivier sur la L(ag)une   - We Love Cinema<\/title>\n<meta name=\"robots\" content=\"index, follow, max-snippet:-1, max-image-preview:large, max-video-preview:-1\" \/>\n<link rel=\"canonical\" href=\"https:\/\/welovecinema.be\/fr\/benoit-olivier-lagune\/\" \/>\n<meta property=\"og:locale\" content=\"fr_FR\" \/>\n<meta property=\"og:type\" content=\"article\" \/>\n<meta property=\"og:title\" content=\"Benoit et Olivier sur la L(ag)une   - We Love Cinema\" \/>\n<meta property=\"og:description\" content=\"Ils tournent beaucoup et s\u00e9lectionnent de mieux en mieux leurs films. Cons\u00e9quence logique\u00a0: on les voit de plus en plus souvent \u00e0 l\u2019affiche des festivals les plus prestigieux. Ce sera encore le cas \u00e0 la prochaine Mostra de Venise o\u00f9 Benoit Poelvoorde et Olivier Gourmet\u00a0apr\u00e8s s&rsquo;\u00eatre notamment crois\u00e9s dans CowBoy et Rien \u00e0 d\u00e9clarer (photo &hellip;\" \/>\n<meta property=\"og:url\" content=\"https:\/\/welovecinema.be\/fr\/benoit-olivier-lagune\/\" \/>\n<meta property=\"og:site_name\" content=\"We Love Cinema\" \/>\n<meta property=\"article:publisher\" content=\"https:\/\/www.facebook.com\/welovecinema.be\" \/>\n<meta property=\"article:published_time\" content=\"2014-07-24T16:52:39+00:00\" \/>\n<meta property=\"article:modified_time\" content=\"2014-07-25T12:06:33+00:00\" \/>\n<meta property=\"og:image\" content=\"https:\/\/welovecinema.be\/wp-content\/uploads\/sites\/2\/2014\/07\/rien-a-declarer-rien-a-declarer-02-02-2011-02-02-2011-22-g.jpg\" \/>\n\t<meta property=\"og:image:width\" content=\"1500\" \/>\n\t<meta property=\"og:image:height\" content=\"1000\" \/>\n\t<meta property=\"og:image:type\" content=\"image\/jpeg\" \/>\n<meta name=\"author\" content=\"Philippe.Pierquin\" \/>\n<meta name=\"twitter:card\" content=\"summary_large_image\" \/>\n<meta name=\"twitter:label1\" content=\"\u00c9crit par\" \/>\n\t<meta name=\"twitter:data1\" content=\"Philippe.Pierquin\" \/>\n\t<meta name=\"twitter:label2\" content=\"Dur\u00e9e de lecture estim\u00e9e\" \/>\n\t<meta name=\"twitter:data2\" content=\"4 minutes\" \/>\n<script type=\"application\/ld+json\" class=\"yoast-schema-graph\">{\"@context\":\"https:\/\/schema.org\",\"@graph\":[{\"@type\":\"Article\",\"@id\":\"https:\/\/welovecinema.be\/fr\/benoit-olivier-lagune\/#article\",\"isPartOf\":{\"@id\":\"https:\/\/welovecinema.be\/fr\/benoit-olivier-lagune\/\"},\"author\":{\"name\":\"Philippe.Pierquin\",\"@id\":\"https:\/\/welovecinema.be\/nl\/#\/schema\/person\/4b9b1d857f0943453a38a7c2859ef756\"},\"headline\":\"Benoit et Olivier sur la L(ag)une\",\"datePublished\":\"2014-07-24T16:52:39+00:00\",\"dateModified\":\"2014-07-25T12:06:33+00:00\",\"mainEntityOfPage\":{\"@id\":\"https:\/\/welovecinema.be\/fr\/benoit-olivier-lagune\/\"},\"wordCount\":849,\"publisher\":{\"@id\":\"https:\/\/welovecinema.be\/nl\/#organization\"},\"articleSection\":[\"Evenements\"],\"inLanguage\":\"fr-FR\"},{\"@type\":\"WebPage\",\"@id\":\"https:\/\/welovecinema.be\/fr\/benoit-olivier-lagune\/\",\"url\":\"https:\/\/welovecinema.be\/fr\/benoit-olivier-lagune\/\",\"name\":\"Benoit et Olivier sur la L(ag)une - We Love Cinema\",\"isPartOf\":{\"@id\":\"https:\/\/welovecinema.be\/nl\/#website\"},\"datePublished\":\"2014-07-24T16:52:39+00:00\",\"dateModified\":\"2014-07-25T12:06:33+00:00\",\"breadcrumb\":{\"@id\":\"https:\/\/welovecinema.be\/fr\/benoit-olivier-lagune\/#breadcrumb\"},\"inLanguage\":\"fr-FR\",\"potentialAction\":[{\"@type\":\"ReadAction\",\"target\":[\"https:\/\/welovecinema.be\/fr\/benoit-olivier-lagune\/\"]}]},{\"@type\":\"BreadcrumbList\",\"@id\":\"https:\/\/welovecinema.be\/fr\/benoit-olivier-lagune\/#breadcrumb\",\"itemListElement\":[{\"@type\":\"ListItem\",\"position\":1,\"name\":\"Accueil\",\"item\":\"https:\/\/welovecinema.be\/fr\/\"},{\"@type\":\"ListItem\",\"position\":2,\"name\":\"Benoit et Olivier sur la L(ag)une\"}]},{\"@type\":\"WebSite\",\"@id\":\"https:\/\/welovecinema.be\/nl\/#website\",\"url\":\"https:\/\/welovecinema.be\/nl\/\",\"name\":\"We Love Cinema\",\"description\":\"Toute l\u2019information du cin\u00e9ma en Belgique\",\"publisher\":{\"@id\":\"https:\/\/welovecinema.be\/nl\/#organization\"},\"potentialAction\":[{\"@type\":\"SearchAction\",\"target\":{\"@type\":\"EntryPoint\",\"urlTemplate\":\"https:\/\/welovecinema.be\/nl\/?s={search_term_string}\"},\"query-input\":\"required name=search_term_string\"}],\"inLanguage\":\"fr-FR\"},{\"@type\":\"Organization\",\"@id\":\"https:\/\/welovecinema.be\/nl\/#organization\",\"name\":\"We Love Cinema\",\"url\":\"https:\/\/welovecinema.be\/nl\/\",\"logo\":{\"@type\":\"ImageObject\",\"inLanguage\":\"fr-FR\",\"@id\":\"https:\/\/welovecinema.be\/nl\/#\/schema\/logo\/image\/\",\"url\":\"https:\/\/welovecinema.be\/wp-content\/uploads\/sites\/2\/2023\/03\/Logo-We-Love-Cinema305x128.jpg\",\"contentUrl\":\"https:\/\/welovecinema.be\/wp-content\/uploads\/sites\/2\/2023\/03\/Logo-We-Love-Cinema305x128.jpg\",\"width\":305,\"height\":128,\"caption\":\"We Love Cinema\"},\"image\":{\"@id\":\"https:\/\/welovecinema.be\/nl\/#\/schema\/logo\/image\/\"},\"sameAs\":[\"https:\/\/www.facebook.com\/welovecinema.be\",\"https:\/\/www.youtube.com\/channel\/UCX5LYGVhnKvYauW4Nta4HJA\",\"https:\/\/www.instagram.com\/welovecinema.be\/\"]},{\"@type\":\"Person\",\"@id\":\"https:\/\/welovecinema.be\/nl\/#\/schema\/person\/4b9b1d857f0943453a38a7c2859ef756\",\"name\":\"Philippe.Pierquin\",\"url\":\"https:\/\/welovecinema.be\/fr\/author\/philippe-pierquin\/\"}]}<\/script>\n<!-- \/ Yoast SEO plugin. -->","yoast_head_json":{"title":"Benoit et Olivier sur la L(ag)une   - We Love Cinema","robots":{"index":"index","follow":"follow","max-snippet":"max-snippet:-1","max-image-preview":"max-image-preview:large","max-video-preview":"max-video-preview:-1"},"canonical":"https:\/\/welovecinema.be\/fr\/benoit-olivier-lagune\/","og_locale":"fr_FR","og_type":"article","og_title":"Benoit et Olivier sur la L(ag)une   - We Love Cinema","og_description":"Ils tournent beaucoup et s\u00e9lectionnent de mieux en mieux leurs films. Cons\u00e9quence logique\u00a0: on les voit de plus en plus souvent \u00e0 l\u2019affiche des festivals les plus prestigieux. Ce sera encore le cas \u00e0 la prochaine Mostra de Venise o\u00f9 Benoit Poelvoorde et Olivier Gourmet\u00a0apr\u00e8s s&rsquo;\u00eatre notamment crois\u00e9s dans CowBoy et Rien \u00e0 d\u00e9clarer (photo &hellip;","og_url":"https:\/\/welovecinema.be\/fr\/benoit-olivier-lagune\/","og_site_name":"We Love Cinema","article_publisher":"https:\/\/www.facebook.com\/welovecinema.be","article_published_time":"2014-07-24T16:52:39+00:00","article_modified_time":"2014-07-25T12:06:33+00:00","og_image":[{"width":1500,"height":1000,"url":"https:\/\/welovecinema.be\/wp-content\/uploads\/sites\/2\/2014\/07\/rien-a-declarer-rien-a-declarer-02-02-2011-02-02-2011-22-g.jpg","type":"image\/jpeg"}],"author":"Philippe.Pierquin","twitter_card":"summary_large_image","twitter_misc":{"\u00c9crit par":"Philippe.Pierquin","Dur\u00e9e de lecture estim\u00e9e":"4 minutes"},"schema":{"@context":"https:\/\/schema.org","@graph":[{"@type":"Article","@id":"https:\/\/welovecinema.be\/fr\/benoit-olivier-lagune\/#article","isPartOf":{"@id":"https:\/\/welovecinema.be\/fr\/benoit-olivier-lagune\/"},"author":{"name":"Philippe.Pierquin","@id":"https:\/\/welovecinema.be\/nl\/#\/schema\/person\/4b9b1d857f0943453a38a7c2859ef756"},"headline":"Benoit et Olivier sur la L(ag)une","datePublished":"2014-07-24T16:52:39+00:00","dateModified":"2014-07-25T12:06:33+00:00","mainEntityOfPage":{"@id":"https:\/\/welovecinema.be\/fr\/benoit-olivier-lagune\/"},"wordCount":849,"publisher":{"@id":"https:\/\/welovecinema.be\/nl\/#organization"},"articleSection":["Evenements"],"inLanguage":"fr-FR"},{"@type":"WebPage","@id":"https:\/\/welovecinema.be\/fr\/benoit-olivier-lagune\/","url":"https:\/\/welovecinema.be\/fr\/benoit-olivier-lagune\/","name":"Benoit et Olivier sur la L(ag)une - We Love Cinema","isPartOf":{"@id":"https:\/\/welovecinema.be\/nl\/#website"},"datePublished":"2014-07-24T16:52:39+00:00","dateModified":"2014-07-25T12:06:33+00:00","breadcrumb":{"@id":"https:\/\/welovecinema.be\/fr\/benoit-olivier-lagune\/#breadcrumb"},"inLanguage":"fr-FR","potentialAction":[{"@type":"ReadAction","target":["https:\/\/welovecinema.be\/fr\/benoit-olivier-lagune\/"]}]},{"@type":"BreadcrumbList","@id":"https:\/\/welovecinema.be\/fr\/benoit-olivier-lagune\/#breadcrumb","itemListElement":[{"@type":"ListItem","position":1,"name":"Accueil","item":"https:\/\/welovecinema.be\/fr\/"},{"@type":"ListItem","position":2,"name":"Benoit et Olivier sur la L(ag)une"}]},{"@type":"WebSite","@id":"https:\/\/welovecinema.be\/nl\/#website","url":"https:\/\/welovecinema.be\/nl\/","name":"We Love Cinema","description":"Toute l\u2019information du cin\u00e9ma en Belgique","publisher":{"@id":"https:\/\/welovecinema.be\/nl\/#organization"},"potentialAction":[{"@type":"SearchAction","target":{"@type":"EntryPoint","urlTemplate":"https:\/\/welovecinema.be\/nl\/?s={search_term_string}"},"query-input":"required name=search_term_string"}],"inLanguage":"fr-FR"},{"@type":"Organization","@id":"https:\/\/welovecinema.be\/nl\/#organization","name":"We Love Cinema","url":"https:\/\/welovecinema.be\/nl\/","logo":{"@type":"ImageObject","inLanguage":"fr-FR","@id":"https:\/\/welovecinema.be\/nl\/#\/schema\/logo\/image\/","url":"https:\/\/welovecinema.be\/wp-content\/uploads\/sites\/2\/2023\/03\/Logo-We-Love-Cinema305x128.jpg","contentUrl":"https:\/\/welovecinema.be\/wp-content\/uploads\/sites\/2\/2023\/03\/Logo-We-Love-Cinema305x128.jpg","width":305,"height":128,"caption":"We Love Cinema"},"image":{"@id":"https:\/\/welovecinema.be\/nl\/#\/schema\/logo\/image\/"},"sameAs":["https:\/\/www.facebook.com\/welovecinema.be","https:\/\/www.youtube.com\/channel\/UCX5LYGVhnKvYauW4Nta4HJA","https:\/\/www.instagram.com\/welovecinema.be\/"]},{"@type":"Person","@id":"https:\/\/welovecinema.be\/nl\/#\/schema\/person\/4b9b1d857f0943453a38a7c2859ef756","name":"Philippe.Pierquin","url":"https:\/\/welovecinema.be\/fr\/author\/philippe-pierquin\/"}]}},"_links":{"self":[{"href":"https:\/\/welovecinema.be\/fr\/wp-json\/wp\/v2\/posts\/59698","targetHints":{"allow":["GET"]}}],"collection":[{"href":"https:\/\/welovecinema.be\/fr\/wp-json\/wp\/v2\/posts"}],"about":[{"href":"https:\/\/welovecinema.be\/fr\/wp-json\/wp\/v2\/types\/post"}],"author":[{"embeddable":true,"href":"https:\/\/welovecinema.be\/fr\/wp-json\/wp\/v2\/users\/7"}],"replies":[{"embeddable":true,"href":"https:\/\/welovecinema.be\/fr\/wp-json\/wp\/v2\/comments?post=59698"}],"version-history":[{"count":0,"href":"https:\/\/welovecinema.be\/fr\/wp-json\/wp\/v2\/posts\/59698\/revisions"}],"wp:featuredmedia":[{"embeddable":true,"href":"https:\/\/welovecinema.be\/fr\/wp-json\/wp\/v2\/media\/59703"}],"wp:attachment":[{"href":"https:\/\/welovecinema.be\/fr\/wp-json\/wp\/v2\/media?parent=59698"}],"wp:term":[{"taxonomy":"category","embeddable":true,"href":"https:\/\/welovecinema.be\/fr\/wp-json\/wp\/v2\/categories?post=59698"},{"taxonomy":"post_tag","embeddable":true,"href":"https:\/\/welovecinema.be\/fr\/wp-json\/wp\/v2\/tags?post=59698"}],"curies":[{"name":"wp","href":"https:\/\/api.w.org\/{rel}","templated":true}]}}