{"id":59334,"date":"2014-07-14T09:17:37","date_gmt":"2014-07-14T07:17:37","guid":{"rendered":"http:\/\/www.cinevox.be\/?p=59334"},"modified":"2014-07-15T11:13:09","modified_gmt":"2014-07-15T09:13:09","slug":"2e-festival-du-cinema-belge-nimes-en-garrigue","status":"publish","type":"post","link":"https:\/\/welovecinema.be\/fr\/2e-festival-du-cinema-belge-nimes-en-garrigue\/","title":{"rendered":"2e Festival du Cin\u00e9ma belge \u00e0 N\u00eemes et en Garrigue"},"content":{"rendered":"<p>Du 16 au 21 Juillet 2014, petite cure de\u00a0cin\u00e9ma belge gratuite et en plein air\u2026 sous les \u00e9toiles du sud de la France!\u00a0Id\u00e9al si vous \u00eates en vacances dans le Sud et si le mal du pays vous ronge d\u00e9j\u00e0 .<\/p>\n<p>&nbsp;<\/p>\n<p><!--more--><\/p>\n<p>&nbsp;<\/p>\n<h1>Le concept :<\/h1>\n<p>Il s\u2019agit d\u2019un festival itin\u00e9rant qui a pour but de faire d\u00e9couvrir le meilleur du cin\u00e9ma belge, sa tendresse et son humour d\u00e9cal\u00e9 dans un floril\u00e8ge de fictions, de documentaires et de films d&rsquo;animations.<\/p>\n<p>Ce festival gratuit &amp; en plein air, con\u00e7u en\u00a0partenariat avec le Brussel Short Film Festival, a \u00e9galement pour vocation de vous faire profiter des belles nuits d&rsquo;\u00e9t\u00e9s dans des lieux insolites. Une belle occasion pour y rencontrer nos invit\u00e9s \u00ab\u00a0made in Belgium\u00a0\u00bb.<\/p>\n<p>&nbsp;<\/p>\n<h1>Les lieux et programmation :<\/h1>\n<p><strong>\u00a016\/07 :<\/strong> l\u2019ouverture se d\u00e9roulera dans les jardins de l\u2019h\u00f4tel IMPERATOR.\u00a0 Au programme de cette soir\u00e9e exceptionnelle : du tango, des films et du tango (initiation et projection du film <i>Tango Libre<\/i>). En pr\u00e9sence de Fr\u00e9d\u00e9ric Fonteyne et d\u2019Anne Paulicevich.<\/p>\n<p>&nbsp;<\/p>\n<p><strong><a href=\"http:\/\/www.cinevox.be\/2e-festival-du-cinema-belge-nimes-en-garrigue\/affiche-couleur-moins-bleu-sans-site\/\" rel=\"attachment wp-att-59335\"><img loading=\"lazy\" decoding=\"async\" class=\"alignright size-large wp-image-59335\" alt=\"\" src=\"http:\/\/www.cinevox.be\/wp-content\/uploads\/sites\/2\/2014\/07\/affiche-couleur-moins-bleu-sans-site-425x600.jpg\" width=\"425\" height=\"600\" srcset=\"https:\/\/welovecinema.be\/wp-content\/uploads\/sites\/2\/2014\/07\/affiche-couleur-moins-bleu-sans-site-425x600.jpg 425w, https:\/\/welovecinema.be\/wp-content\/uploads\/sites\/2\/2014\/07\/affiche-couleur-moins-bleu-sans-site-191x270.jpg 191w\" sizes=\"auto, (max-width: 425px) 100vw, 425px\" \/><\/a>17\/07 :<\/strong> \u00e0 l\u2019occasion des jeudis de <strong>N\u00eemes<\/strong>, venez d\u00e9guster des crustac\u00e9s au Prol\u00e9 et des courts m\u00e9trages belges !<\/p>\n<p>Panique au village \u2013 ep14 \u2013 Cowboy et Indien font du camping\u00a0: court-m\u00e9trage d\u2019animation r\u00e9alis\u00e9 par Vincent Patar et St\u00e9phane Aubier<\/p>\n<p><i>Partouze\u00a0: <\/i>court-m\u00e9trage r\u00e9alis\u00e9 par Matthieu Donck &#8211; prix du public au Short film festival de Bruxelles<\/p>\n<p><i>Bowling killers<\/i>\u00a0: court-m\u00e9trage r\u00e9alis\u00e9 par S\u00e9bastien Petit \u2013 nomin\u00e9 pour le Magritte du meilleur court-m\u00e9trage<\/p>\n<p><i>3 Vueltas<\/i>\u00a0: court-m\u00e9trage documentaire r\u00e9alis\u00e9 par M\u00e9ryl Fortunat-Rossi &#8211; s\u00e9lection au Be Film Festival<\/p>\n<p>&nbsp;<\/p>\n<p><strong>18 &amp; 19\/07 : le festival s\u2019installe\u00a0 dans la cours du ch\u00e2teau de Collorgues.<\/strong><\/p>\n<p>Le 18 \u00e0 21H45, festival de courts\u00a0:<\/p>\n<p><i>Albertine<\/i> d\u2019Alexis Van Stratum<\/p>\n<p><i>Shopping <\/i>de Vladilen Vierny<\/p>\n<p><i>Les corps \u00e9trangers<\/i> de Laura Wandel<\/p>\n<p><i>Raconte-moi des salades<\/i> d\u2019Olias Barco<\/p>\n<p><i>Partouze<\/i> de Matthieu Donck<\/p>\n<p><i>Bowling killers<\/i> de S\u00e9bastien Petit<\/p>\n<p><i>Welkom <\/i>de Pablo Munoz Gomez<\/p>\n<p><b>\u00a0<\/b><\/p>\n<p><a href=\"http:\/\/www.cinevox.be\/2e-festival-du-cinema-belge-nimes-en-garrigue\/silenceradio-1\/\" rel=\"attachment wp-att-59341\"><img loading=\"lazy\" decoding=\"async\" class=\"aligncenter size-large wp-image-59341\" alt=\"\" src=\"http:\/\/www.cinevox.be\/wp-content\/uploads\/sites\/2\/2014\/07\/silenceradio-1-800x450.jpg\" width=\"640\" height=\"360\" srcset=\"https:\/\/welovecinema.be\/wp-content\/uploads\/sites\/2\/2014\/07\/silenceradio-1-800x450.jpg 800w, https:\/\/welovecinema.be\/wp-content\/uploads\/sites\/2\/2014\/07\/silenceradio-1-200x113.jpg 200w, https:\/\/welovecinema.be\/wp-content\/uploads\/sites\/2\/2014\/07\/silenceradio-1-480x270.jpg 480w, https:\/\/welovecinema.be\/wp-content\/uploads\/sites\/2\/2014\/07\/silenceradio-1-300x169.jpg 300w, https:\/\/welovecinema.be\/wp-content\/uploads\/sites\/2\/2014\/07\/silenceradio-1-620x350.jpg 620w, https:\/\/welovecinema.be\/wp-content\/uploads\/sites\/2\/2014\/07\/silenceradio-1.jpg 1920w\" sizes=\"auto, (max-width: 640px) 100vw, 640px\" \/><\/a><\/p>\n<p>&nbsp;<\/p>\n<p><b>Le 19 \u00e0 21H45:<\/b><\/p>\n<p><i>Solo Rex<\/i> de Fran\u00e7ois Bierry<\/p>\n<p><i>La demi-saison<\/i> de Damien Collet<\/p>\n<p><i>Silence Radio<\/i> de Valery Rosier \u2013 prix T\u00e9l\u00e9rama au FIPA (photo)<\/p>\n<p>&nbsp;<\/p>\n<p>&nbsp;<\/p>\n<p><strong>20\/07 N\u00eemes (Milonga del angel)<\/strong><\/p>\n<p>21h\u00a0: Blind Test cin\u00e9 anim\u00e9 par Valery Rosier<\/p>\n<p>&nbsp;<\/p>\n<p><a href=\"http:\/\/www.cinevox.be\/2e-festival-du-cinema-belge-nimes-en-garrigue\/solo-rex-photo-4-2\/\" rel=\"attachment wp-att-59339\"><img loading=\"lazy\" decoding=\"async\" class=\"aligncenter size-large wp-image-59339\" alt=\"\" src=\"http:\/\/www.cinevox.be\/wp-content\/uploads\/sites\/2\/2014\/07\/SOLO-REX-Photo-4-800x335.jpg\" width=\"640\" height=\"268\" srcset=\"https:\/\/welovecinema.be\/wp-content\/uploads\/sites\/2\/2014\/07\/SOLO-REX-Photo-4-800x335.jpg 800w, https:\/\/welovecinema.be\/wp-content\/uploads\/sites\/2\/2014\/07\/SOLO-REX-Photo-4-480x201.jpg 480w, https:\/\/welovecinema.be\/wp-content\/uploads\/sites\/2\/2014\/07\/SOLO-REX-Photo-4.jpg 1000w\" sizes=\"auto, (max-width: 640px) 100vw, 640px\" \/><\/a><\/p>\n<p>&nbsp;<\/p>\n<p><strong>21\/07 :<\/strong> Pour la f\u00eate nationale belge, le festival revient en Garrigue \u00e0 <strong>Blauzac<\/strong><\/p>\n<p>Les plus: un cin\u00e9-concert, une soir\u00e9e coquillages &amp; courts m\u00e9trages, une s\u00e9ance pour les pitchounes, tournoi de p\u00e9tanque, une ballade en Garrigue\u2026<\/p>\n<p>A 21h45\u00a0:<\/p>\n<p><i>Une s\u00e9paration<\/i> de Micha\u00ebl Bier<\/p>\n<p><i>Solo Rex<\/i> de Fran\u00e7ois Bierry (photo)<\/p>\n<p><i>La demi-saison<\/i> de Damien Collet<\/p>\n<p>&nbsp;<\/p>\n<h1>Les invit\u00e9s :<\/h1>\n<p>Fr\u00e9d\u00e9ric Fonteyne (Tango Libre), Anne Paulicevith (Tango Libre), Pablo Munoz Gomez (Welkom), Laura Wandel (Les corps \u00e9trangers), S\u00e9bastien Petit (Bowling Killers), M\u00e9ryl Fortunat-Rossi (3 Vueltas), Vladilen Vierny (Shopping), Damien Collet (La demi-saison), Val\u00e9ry Rosier (Silence Radio), Micha\u00ebl Bier (une s\u00e9paration), Fran\u00e7ois Bierry (Solo Rex), \u2026<\/p>\n<p>&nbsp;<\/p>\n<p>Plus d\u2019informations <a href=\"http:\/\/festivalcinemabelge.fr\/\" target=\"_blank\">ICI<\/a><\/p>\n<p>&nbsp;<\/p>\n<p>Une organisation de Tertulia Production &amp; de l\u2019asbl Un Soir\u2026 Un Grain (Brussels short film festival).<\/p>\n","protected":false},"excerpt":{"rendered":"<p>Du 16 au 21 Juillet 2014, petite cure de\u00a0cin\u00e9ma belge gratuite et en plein air\u2026 sous les \u00e9toiles du sud de la France!\u00a0Id\u00e9al si vous \u00eates en vacances dans le Sud et si le mal du pays vous ronge d\u00e9j\u00e0 . &nbsp;<\/p>\n","protected":false},"author":7,"featured_media":59337,"comment_status":"closed","ping_status":"closed","sticky":false,"template":"","format":"standard","meta":{"ngg_post_thumbnail":0,"footnotes":""},"categories":[12],"tags":[],"class_list":["post-59334","post","type-post","status-publish","format-standard","has-post-thumbnail","","category-awards"],"yoast_head":"<!-- This site is optimized with the Yoast SEO plugin v20.4 - https:\/\/yoast.com\/wordpress\/plugins\/seo\/ -->\n<title>2e Festival du Cin\u00e9ma belge \u00e0 N\u00eemes et en Garrigue - We Love Cinema<\/title>\n<meta name=\"robots\" content=\"index, follow, max-snippet:-1, max-image-preview:large, max-video-preview:-1\" \/>\n<link rel=\"canonical\" href=\"https:\/\/welovecinema.be\/fr\/2e-festival-du-cinema-belge-nimes-en-garrigue\/\" \/>\n<meta property=\"og:locale\" content=\"fr_FR\" \/>\n<meta property=\"og:type\" content=\"article\" \/>\n<meta property=\"og:title\" content=\"2e Festival du Cin\u00e9ma belge \u00e0 N\u00eemes et en Garrigue - We Love Cinema\" \/>\n<meta property=\"og:description\" content=\"Du 16 au 21 Juillet 2014, petite cure de\u00a0cin\u00e9ma belge gratuite et en plein air\u2026 sous les \u00e9toiles du sud de la France!\u00a0Id\u00e9al si vous \u00eates en vacances dans le Sud et si le mal du pays vous ronge d\u00e9j\u00e0 . &nbsp;\" \/>\n<meta property=\"og:url\" content=\"https:\/\/welovecinema.be\/fr\/2e-festival-du-cinema-belge-nimes-en-garrigue\/\" \/>\n<meta property=\"og:site_name\" content=\"We Love Cinema\" \/>\n<meta property=\"article:publisher\" content=\"https:\/\/www.facebook.com\/welovecinema.be\" \/>\n<meta property=\"article:published_time\" content=\"2014-07-14T07:17:37+00:00\" \/>\n<meta property=\"article:modified_time\" content=\"2014-07-15T09:13:09+00:00\" \/>\n<meta property=\"og:image\" content=\"https:\/\/welovecinema.be\/wp-content\/uploads\/sites\/2\/2014\/07\/2014-07-14_09h15_40.jpg\" \/>\n\t<meta property=\"og:image:width\" content=\"1891\" \/>\n\t<meta property=\"og:image:height\" content=\"550\" \/>\n\t<meta property=\"og:image:type\" content=\"image\/jpeg\" \/>\n<meta name=\"author\" content=\"Philippe.Pierquin\" \/>\n<meta name=\"twitter:card\" content=\"summary_large_image\" \/>\n<meta name=\"twitter:label1\" content=\"\u00c9crit par\" \/>\n\t<meta name=\"twitter:data1\" content=\"Philippe.Pierquin\" \/>\n\t<meta name=\"twitter:label2\" content=\"Dur\u00e9e de lecture estim\u00e9e\" \/>\n\t<meta name=\"twitter:data2\" content=\"3 minutes\" \/>\n<script type=\"application\/ld+json\" class=\"yoast-schema-graph\">{\"@context\":\"https:\/\/schema.org\",\"@graph\":[{\"@type\":\"Article\",\"@id\":\"https:\/\/welovecinema.be\/fr\/2e-festival-du-cinema-belge-nimes-en-garrigue\/#article\",\"isPartOf\":{\"@id\":\"https:\/\/welovecinema.be\/fr\/2e-festival-du-cinema-belge-nimes-en-garrigue\/\"},\"author\":{\"name\":\"Philippe.Pierquin\",\"@id\":\"https:\/\/welovecinema.be\/nl\/#\/schema\/person\/4b9b1d857f0943453a38a7c2859ef756\"},\"headline\":\"2e Festival du Cin\u00e9ma belge \u00e0 N\u00eemes et en Garrigue\",\"datePublished\":\"2014-07-14T07:17:37+00:00\",\"dateModified\":\"2014-07-15T09:13:09+00:00\",\"mainEntityOfPage\":{\"@id\":\"https:\/\/welovecinema.be\/fr\/2e-festival-du-cinema-belge-nimes-en-garrigue\/\"},\"wordCount\":531,\"publisher\":{\"@id\":\"https:\/\/welovecinema.be\/nl\/#organization\"},\"articleSection\":[\"Evenements\"],\"inLanguage\":\"fr-FR\"},{\"@type\":\"WebPage\",\"@id\":\"https:\/\/welovecinema.be\/fr\/2e-festival-du-cinema-belge-nimes-en-garrigue\/\",\"url\":\"https:\/\/welovecinema.be\/fr\/2e-festival-du-cinema-belge-nimes-en-garrigue\/\",\"name\":\"2e Festival du Cin\u00e9ma belge \u00e0 N\u00eemes et en Garrigue - We Love Cinema\",\"isPartOf\":{\"@id\":\"https:\/\/welovecinema.be\/nl\/#website\"},\"datePublished\":\"2014-07-14T07:17:37+00:00\",\"dateModified\":\"2014-07-15T09:13:09+00:00\",\"breadcrumb\":{\"@id\":\"https:\/\/welovecinema.be\/fr\/2e-festival-du-cinema-belge-nimes-en-garrigue\/#breadcrumb\"},\"inLanguage\":\"fr-FR\",\"potentialAction\":[{\"@type\":\"ReadAction\",\"target\":[\"https:\/\/welovecinema.be\/fr\/2e-festival-du-cinema-belge-nimes-en-garrigue\/\"]}]},{\"@type\":\"BreadcrumbList\",\"@id\":\"https:\/\/welovecinema.be\/fr\/2e-festival-du-cinema-belge-nimes-en-garrigue\/#breadcrumb\",\"itemListElement\":[{\"@type\":\"ListItem\",\"position\":1,\"name\":\"Accueil\",\"item\":\"https:\/\/welovecinema.be\/fr\/\"},{\"@type\":\"ListItem\",\"position\":2,\"name\":\"2e Festival du Cin\u00e9ma belge \u00e0 N\u00eemes et en Garrigue\"}]},{\"@type\":\"WebSite\",\"@id\":\"https:\/\/welovecinema.be\/nl\/#website\",\"url\":\"https:\/\/welovecinema.be\/nl\/\",\"name\":\"We Love Cinema\",\"description\":\"Toute l\u2019information du cin\u00e9ma en Belgique\",\"publisher\":{\"@id\":\"https:\/\/welovecinema.be\/nl\/#organization\"},\"potentialAction\":[{\"@type\":\"SearchAction\",\"target\":{\"@type\":\"EntryPoint\",\"urlTemplate\":\"https:\/\/welovecinema.be\/nl\/?s={search_term_string}\"},\"query-input\":\"required name=search_term_string\"}],\"inLanguage\":\"fr-FR\"},{\"@type\":\"Organization\",\"@id\":\"https:\/\/welovecinema.be\/nl\/#organization\",\"name\":\"We Love Cinema\",\"url\":\"https:\/\/welovecinema.be\/nl\/\",\"logo\":{\"@type\":\"ImageObject\",\"inLanguage\":\"fr-FR\",\"@id\":\"https:\/\/welovecinema.be\/nl\/#\/schema\/logo\/image\/\",\"url\":\"https:\/\/welovecinema.be\/wp-content\/uploads\/sites\/2\/2023\/03\/Logo-We-Love-Cinema305x128.jpg\",\"contentUrl\":\"https:\/\/welovecinema.be\/wp-content\/uploads\/sites\/2\/2023\/03\/Logo-We-Love-Cinema305x128.jpg\",\"width\":305,\"height\":128,\"caption\":\"We Love Cinema\"},\"image\":{\"@id\":\"https:\/\/welovecinema.be\/nl\/#\/schema\/logo\/image\/\"},\"sameAs\":[\"https:\/\/www.facebook.com\/welovecinema.be\",\"https:\/\/www.youtube.com\/channel\/UCX5LYGVhnKvYauW4Nta4HJA\",\"https:\/\/www.instagram.com\/welovecinema.be\/\"]},{\"@type\":\"Person\",\"@id\":\"https:\/\/welovecinema.be\/nl\/#\/schema\/person\/4b9b1d857f0943453a38a7c2859ef756\",\"name\":\"Philippe.Pierquin\",\"url\":\"https:\/\/welovecinema.be\/fr\/author\/philippe-pierquin\/\"}]}<\/script>\n<!-- \/ Yoast SEO plugin. -->","yoast_head_json":{"title":"2e Festival du Cin\u00e9ma belge \u00e0 N\u00eemes et en Garrigue - We Love Cinema","robots":{"index":"index","follow":"follow","max-snippet":"max-snippet:-1","max-image-preview":"max-image-preview:large","max-video-preview":"max-video-preview:-1"},"canonical":"https:\/\/welovecinema.be\/fr\/2e-festival-du-cinema-belge-nimes-en-garrigue\/","og_locale":"fr_FR","og_type":"article","og_title":"2e Festival du Cin\u00e9ma belge \u00e0 N\u00eemes et en Garrigue - We Love Cinema","og_description":"Du 16 au 21 Juillet 2014, petite cure de\u00a0cin\u00e9ma belge gratuite et en plein air\u2026 sous les \u00e9toiles du sud de la France!\u00a0Id\u00e9al si vous \u00eates en vacances dans le Sud et si le mal du pays vous ronge d\u00e9j\u00e0 . &nbsp;","og_url":"https:\/\/welovecinema.be\/fr\/2e-festival-du-cinema-belge-nimes-en-garrigue\/","og_site_name":"We Love Cinema","article_publisher":"https:\/\/www.facebook.com\/welovecinema.be","article_published_time":"2014-07-14T07:17:37+00:00","article_modified_time":"2014-07-15T09:13:09+00:00","og_image":[{"width":1891,"height":550,"url":"https:\/\/welovecinema.be\/wp-content\/uploads\/sites\/2\/2014\/07\/2014-07-14_09h15_40.jpg","type":"image\/jpeg"}],"author":"Philippe.Pierquin","twitter_card":"summary_large_image","twitter_misc":{"\u00c9crit par":"Philippe.Pierquin","Dur\u00e9e de lecture estim\u00e9e":"3 minutes"},"schema":{"@context":"https:\/\/schema.org","@graph":[{"@type":"Article","@id":"https:\/\/welovecinema.be\/fr\/2e-festival-du-cinema-belge-nimes-en-garrigue\/#article","isPartOf":{"@id":"https:\/\/welovecinema.be\/fr\/2e-festival-du-cinema-belge-nimes-en-garrigue\/"},"author":{"name":"Philippe.Pierquin","@id":"https:\/\/welovecinema.be\/nl\/#\/schema\/person\/4b9b1d857f0943453a38a7c2859ef756"},"headline":"2e Festival du Cin\u00e9ma belge \u00e0 N\u00eemes et en Garrigue","datePublished":"2014-07-14T07:17:37+00:00","dateModified":"2014-07-15T09:13:09+00:00","mainEntityOfPage":{"@id":"https:\/\/welovecinema.be\/fr\/2e-festival-du-cinema-belge-nimes-en-garrigue\/"},"wordCount":531,"publisher":{"@id":"https:\/\/welovecinema.be\/nl\/#organization"},"articleSection":["Evenements"],"inLanguage":"fr-FR"},{"@type":"WebPage","@id":"https:\/\/welovecinema.be\/fr\/2e-festival-du-cinema-belge-nimes-en-garrigue\/","url":"https:\/\/welovecinema.be\/fr\/2e-festival-du-cinema-belge-nimes-en-garrigue\/","name":"2e Festival du Cin\u00e9ma belge \u00e0 N\u00eemes et en Garrigue - We Love Cinema","isPartOf":{"@id":"https:\/\/welovecinema.be\/nl\/#website"},"datePublished":"2014-07-14T07:17:37+00:00","dateModified":"2014-07-15T09:13:09+00:00","breadcrumb":{"@id":"https:\/\/welovecinema.be\/fr\/2e-festival-du-cinema-belge-nimes-en-garrigue\/#breadcrumb"},"inLanguage":"fr-FR","potentialAction":[{"@type":"ReadAction","target":["https:\/\/welovecinema.be\/fr\/2e-festival-du-cinema-belge-nimes-en-garrigue\/"]}]},{"@type":"BreadcrumbList","@id":"https:\/\/welovecinema.be\/fr\/2e-festival-du-cinema-belge-nimes-en-garrigue\/#breadcrumb","itemListElement":[{"@type":"ListItem","position":1,"name":"Accueil","item":"https:\/\/welovecinema.be\/fr\/"},{"@type":"ListItem","position":2,"name":"2e Festival du Cin\u00e9ma belge \u00e0 N\u00eemes et en Garrigue"}]},{"@type":"WebSite","@id":"https:\/\/welovecinema.be\/nl\/#website","url":"https:\/\/welovecinema.be\/nl\/","name":"We Love Cinema","description":"Toute l\u2019information du cin\u00e9ma en Belgique","publisher":{"@id":"https:\/\/welovecinema.be\/nl\/#organization"},"potentialAction":[{"@type":"SearchAction","target":{"@type":"EntryPoint","urlTemplate":"https:\/\/welovecinema.be\/nl\/?s={search_term_string}"},"query-input":"required name=search_term_string"}],"inLanguage":"fr-FR"},{"@type":"Organization","@id":"https:\/\/welovecinema.be\/nl\/#organization","name":"We Love Cinema","url":"https:\/\/welovecinema.be\/nl\/","logo":{"@type":"ImageObject","inLanguage":"fr-FR","@id":"https:\/\/welovecinema.be\/nl\/#\/schema\/logo\/image\/","url":"https:\/\/welovecinema.be\/wp-content\/uploads\/sites\/2\/2023\/03\/Logo-We-Love-Cinema305x128.jpg","contentUrl":"https:\/\/welovecinema.be\/wp-content\/uploads\/sites\/2\/2023\/03\/Logo-We-Love-Cinema305x128.jpg","width":305,"height":128,"caption":"We Love Cinema"},"image":{"@id":"https:\/\/welovecinema.be\/nl\/#\/schema\/logo\/image\/"},"sameAs":["https:\/\/www.facebook.com\/welovecinema.be","https:\/\/www.youtube.com\/channel\/UCX5LYGVhnKvYauW4Nta4HJA","https:\/\/www.instagram.com\/welovecinema.be\/"]},{"@type":"Person","@id":"https:\/\/welovecinema.be\/nl\/#\/schema\/person\/4b9b1d857f0943453a38a7c2859ef756","name":"Philippe.Pierquin","url":"https:\/\/welovecinema.be\/fr\/author\/philippe-pierquin\/"}]}},"_links":{"self":[{"href":"https:\/\/welovecinema.be\/fr\/wp-json\/wp\/v2\/posts\/59334","targetHints":{"allow":["GET"]}}],"collection":[{"href":"https:\/\/welovecinema.be\/fr\/wp-json\/wp\/v2\/posts"}],"about":[{"href":"https:\/\/welovecinema.be\/fr\/wp-json\/wp\/v2\/types\/post"}],"author":[{"embeddable":true,"href":"https:\/\/welovecinema.be\/fr\/wp-json\/wp\/v2\/users\/7"}],"replies":[{"embeddable":true,"href":"https:\/\/welovecinema.be\/fr\/wp-json\/wp\/v2\/comments?post=59334"}],"version-history":[{"count":0,"href":"https:\/\/welovecinema.be\/fr\/wp-json\/wp\/v2\/posts\/59334\/revisions"}],"wp:featuredmedia":[{"embeddable":true,"href":"https:\/\/welovecinema.be\/fr\/wp-json\/wp\/v2\/media\/59337"}],"wp:attachment":[{"href":"https:\/\/welovecinema.be\/fr\/wp-json\/wp\/v2\/media?parent=59334"}],"wp:term":[{"taxonomy":"category","embeddable":true,"href":"https:\/\/welovecinema.be\/fr\/wp-json\/wp\/v2\/categories?post=59334"},{"taxonomy":"post_tag","embeddable":true,"href":"https:\/\/welovecinema.be\/fr\/wp-json\/wp\/v2\/tags?post=59334"}],"curies":[{"name":"wp","href":"https:\/\/api.w.org\/{rel}","templated":true}]}}