{"id":58987,"date":"2014-07-08T09:28:18","date_gmt":"2014-07-08T07:28:18","guid":{"rendered":"http:\/\/www.cinevox.be\/?p=58987"},"modified":"2014-07-05T09:46:44","modified_gmt":"2014-07-05T07:46:44","slug":"fenetre-doc-serai-dictateur","status":"publish","type":"post","link":"https:\/\/welovecinema.be\/fr\/fenetre-doc-serai-dictateur\/","title":{"rendered":"Fen\u00eatre sur doc : Quand je serai dictateur"},"content":{"rendered":"<p>Deuxi\u00e8me volet de la s\u00e9rie \u00ab Fen\u00eatre sur doc \u00bb d\u00e9di\u00e9e aux documentaires de cr\u00e9ation sur La Trois, <i>Quand je serai dictateur<\/i> est un film unique en son genre, un v\u00e9ritable OVNI de la cr\u00e9ation documentaire, un long-m\u00e9trage construit \u00e0 partir de centaines de films amateurs et qui nous questionne sur la vie et le deuil.<\/p>\n<p><i>Quand je serai dictateur<\/i>, un documentaire de Ya\u00ebl Andr\u00e9 \u00e0 voir sur La Trois le mercredi 9 juillet \u00e0 21h05<\/p>\n<p><!--more--><\/p>\n<p>&nbsp;<\/p>\n<p><a href=\"http:\/\/www.cinevox.be\/fenetre-doc-serai-dictateur\/dictateur-affiche\/\" rel=\"attachment wp-att-58988\"><img loading=\"lazy\" decoding=\"async\" class=\"alignright  wp-image-58988\" alt=\"\" src=\"http:\/\/www.cinevox.be\/wp-content\/uploads\/sites\/2\/2014\/07\/dictateur-affiche.jpg\" width=\"360\" height=\"513\" srcset=\"https:\/\/welovecinema.be\/wp-content\/uploads\/sites\/2\/2014\/07\/dictateur-affiche.jpg 450w, https:\/\/welovecinema.be\/wp-content\/uploads\/sites\/2\/2014\/07\/dictateur-affiche-189x270.jpg 189w, https:\/\/welovecinema.be\/wp-content\/uploads\/sites\/2\/2014\/07\/dictateur-affiche-421x600.jpg 421w\" sizes=\"auto, (max-width: 360px) 100vw, 360px\" \/><\/a>R\u00e9alis\u00e9 \u00e0 partir de centaines de bobines super 8 et 8 mm \u00ab\u00a0amateurs\u00a0\u00bb des ann\u00e9es 40 \u00e0 aujourd&rsquo;hui, voil\u00e0 un film o\u00f9 fiction et documentaire se m\u00ealent dans un r\u00e9cit \u00e9mouvant et po\u00e9tique qui redonne vie \u00e0 ces images enfouies dans nos m\u00e9moires.<\/p>\n<p>&nbsp;<\/p>\n<p>Et si, \u00e0 l&rsquo;autre bout de l&rsquo;univers, naissaient \u00e0 chaque seconde d&rsquo;autres mondes contenant d&rsquo;autres possibilit\u00e9s de nos vies? Quelles seraient alors toutes ces vies que nous n\u2019avons pas v\u00e9cues? Aventuri\u00e8re, psychopathe, m\u00e8re exemplaire, chef comptable, homme invisible?<\/p>\n<p>&nbsp;<\/p>\n<p>Sur ce pr\u00e9texte fictionnel, le film d\u00e9roule l&rsquo;air de rien l&rsquo;histoire de Georges, sa rencontre avec l\u2019auteur Ya\u00ebl Andr\u00e9 alors jeune fille, sa folie et ce qu&rsquo;il est probablement devenu dans un autre univers. Car l&rsquo;enjeu profond du film est la question du deuil: comment se d\u00e9roule ce souterrain travail? \u00c0 l&rsquo;image, le film tisse des films amateurs 8 mm et super 8, emm\u00ealant les fils de la fiction et du documentaire, du vrai et du faux, de la com\u00e9die et du drame.<\/p>\n<p>&nbsp;<\/p>\n<p>Regardez la bande-annonce <a href=\"http:\/\/www.cinevox.be\/serai-dictateur-bande-annonce\" target=\"_blank\">ici<\/a><\/p>\n<p>&nbsp;<\/p>\n<p>Production : Morituri \/ Cobra Films\/ CBA \/ RTBF \/ ARTE G.E.I.E<\/p>\n<p>&nbsp;<\/p>\n<p><a href=\"http:\/\/www.cinevox.be\/fenetre-doc-serai-dictateur\/dictateur-3\/\" rel=\"attachment wp-att-58989\"><img loading=\"lazy\" decoding=\"async\" class=\"aligncenter size-full wp-image-58989\" alt=\"\" src=\"http:\/\/www.cinevox.be\/wp-content\/uploads\/sites\/2\/2014\/07\/dictateur-3.jpg\" width=\"670\" height=\"377\" srcset=\"https:\/\/welovecinema.be\/wp-content\/uploads\/sites\/2\/2014\/07\/dictateur-3.jpg 670w, https:\/\/welovecinema.be\/wp-content\/uploads\/sites\/2\/2014\/07\/dictateur-3-200x113.jpg 200w, https:\/\/welovecinema.be\/wp-content\/uploads\/sites\/2\/2014\/07\/dictateur-3-480x270.jpg 480w, https:\/\/welovecinema.be\/wp-content\/uploads\/sites\/2\/2014\/07\/dictateur-3-300x169.jpg 300w, https:\/\/welovecinema.be\/wp-content\/uploads\/sites\/2\/2014\/07\/dictateur-3-620x350.jpg 620w\" sizes=\"auto, (max-width: 670px) 100vw, 670px\" \/><\/a><\/p>\n<p>&nbsp;<\/p>\n<p>Sorti en salles en mai dernier, le film fait par ailleurs le tour des festivals internationaux avec des s\u00e9lections au :<\/p>\n<p>&#8211; Festival International de Films Documentaires \u00a0\u00bb Cin\u00e9ma du R\u00e9el (Paris)<\/p>\n<p>&#8211; International Film Festival Rotterdam &#8211; IFFR (Rotterdam)<\/p>\n<p>&#8211; Thessaloniki Documentary Film Festival<\/p>\n<p>&#8211; Indie Lisboa 2014<\/p>\n<p>&#8211; Sci-Fi-London 2014<\/p>\n<p>&#8211; Mostra Internacional de Cinema de Dones de Barcelona 2014<\/p>\n<p>&#8211; 38th G\u00f6teborg International Film Festival<\/p>\n<p>&#8211; Festival \u00ab\u00a0Traces de vie\u00a0\u00bb (Clermont-Ferrand)\u2026<\/p>\n","protected":false},"excerpt":{"rendered":"<p>Deuxi\u00e8me volet de la s\u00e9rie \u00ab Fen\u00eatre sur doc \u00bb d\u00e9di\u00e9e aux documentaires de cr\u00e9ation sur La Trois, Quand je serai dictateur est un film unique en son genre, un v\u00e9ritable OVNI de la cr\u00e9ation documentaire, un long-m\u00e9trage construit \u00e0 partir de centaines de films amateurs et qui nous questionne sur la vie et le &hellip;<\/p>\n","protected":false},"author":7,"featured_media":58991,"comment_status":"closed","ping_status":"closed","sticky":false,"template":"","format":"standard","meta":{"ngg_post_thumbnail":0,"footnotes":""},"categories":[7,14],"tags":[],"class_list":["post-58987","post","type-post","status-publish","format-standard","has-post-thumbnail","","category-actualites","category-home-cinema"],"yoast_head":"<!-- This site is optimized with the Yoast SEO plugin v20.4 - https:\/\/yoast.com\/wordpress\/plugins\/seo\/ -->\n<title>Fen\u00eatre sur doc : Quand je serai dictateur - We Love Cinema<\/title>\n<meta name=\"robots\" content=\"index, follow, max-snippet:-1, max-image-preview:large, max-video-preview:-1\" \/>\n<link rel=\"canonical\" href=\"https:\/\/welovecinema.be\/fr\/fenetre-doc-serai-dictateur\/\" \/>\n<meta property=\"og:locale\" content=\"fr_FR\" \/>\n<meta property=\"og:type\" content=\"article\" \/>\n<meta property=\"og:title\" content=\"Fen\u00eatre sur doc : Quand je serai dictateur - We Love Cinema\" \/>\n<meta property=\"og:description\" content=\"Deuxi\u00e8me volet de la s\u00e9rie \u00ab Fen\u00eatre sur doc \u00bb d\u00e9di\u00e9e aux documentaires de cr\u00e9ation sur La Trois, Quand je serai dictateur est un film unique en son genre, un v\u00e9ritable OVNI de la cr\u00e9ation documentaire, un long-m\u00e9trage construit \u00e0 partir de centaines de films amateurs et qui nous questionne sur la vie et le &hellip;\" \/>\n<meta property=\"og:url\" content=\"https:\/\/welovecinema.be\/fr\/fenetre-doc-serai-dictateur\/\" \/>\n<meta property=\"og:site_name\" content=\"We Love Cinema\" \/>\n<meta property=\"article:publisher\" content=\"https:\/\/www.facebook.com\/welovecinema.be\" \/>\n<meta property=\"article:published_time\" content=\"2014-07-08T07:28:18+00:00\" \/>\n<meta property=\"article:modified_time\" content=\"2014-07-05T07:46:44+00:00\" \/>\n<meta property=\"og:image\" content=\"https:\/\/welovecinema.be\/wp-content\/uploads\/sites\/2\/2010\/07\/dictateur-1.jpg\" \/>\n\t<meta property=\"og:image:width\" content=\"670\" \/>\n\t<meta property=\"og:image:height\" content=\"377\" \/>\n\t<meta property=\"og:image:type\" content=\"image\/jpeg\" \/>\n<meta name=\"author\" content=\"Philippe.Pierquin\" \/>\n<meta name=\"twitter:card\" content=\"summary_large_image\" \/>\n<meta name=\"twitter:label1\" content=\"\u00c9crit par\" \/>\n\t<meta name=\"twitter:data1\" content=\"Philippe.Pierquin\" \/>\n\t<meta name=\"twitter:label2\" content=\"Dur\u00e9e de lecture estim\u00e9e\" \/>\n\t<meta name=\"twitter:data2\" content=\"2 minutes\" \/>\n<script type=\"application\/ld+json\" class=\"yoast-schema-graph\">{\"@context\":\"https:\/\/schema.org\",\"@graph\":[{\"@type\":\"Article\",\"@id\":\"https:\/\/welovecinema.be\/fr\/fenetre-doc-serai-dictateur\/#article\",\"isPartOf\":{\"@id\":\"https:\/\/welovecinema.be\/fr\/fenetre-doc-serai-dictateur\/\"},\"author\":{\"name\":\"Philippe.Pierquin\",\"@id\":\"https:\/\/welovecinema.be\/nl\/#\/schema\/person\/4b9b1d857f0943453a38a7c2859ef756\"},\"headline\":\"Fen\u00eatre sur doc : Quand je serai dictateur\",\"datePublished\":\"2014-07-08T07:28:18+00:00\",\"dateModified\":\"2014-07-05T07:46:44+00:00\",\"mainEntityOfPage\":{\"@id\":\"https:\/\/welovecinema.be\/fr\/fenetre-doc-serai-dictateur\/\"},\"wordCount\":364,\"publisher\":{\"@id\":\"https:\/\/welovecinema.be\/nl\/#organization\"},\"articleSection\":[\"News\",\"Plateau t\u00e9l\u00e9\"],\"inLanguage\":\"fr-FR\"},{\"@type\":\"WebPage\",\"@id\":\"https:\/\/welovecinema.be\/fr\/fenetre-doc-serai-dictateur\/\",\"url\":\"https:\/\/welovecinema.be\/fr\/fenetre-doc-serai-dictateur\/\",\"name\":\"Fen\u00eatre sur doc : Quand je serai dictateur - We Love Cinema\",\"isPartOf\":{\"@id\":\"https:\/\/welovecinema.be\/nl\/#website\"},\"datePublished\":\"2014-07-08T07:28:18+00:00\",\"dateModified\":\"2014-07-05T07:46:44+00:00\",\"breadcrumb\":{\"@id\":\"https:\/\/welovecinema.be\/fr\/fenetre-doc-serai-dictateur\/#breadcrumb\"},\"inLanguage\":\"fr-FR\",\"potentialAction\":[{\"@type\":\"ReadAction\",\"target\":[\"https:\/\/welovecinema.be\/fr\/fenetre-doc-serai-dictateur\/\"]}]},{\"@type\":\"BreadcrumbList\",\"@id\":\"https:\/\/welovecinema.be\/fr\/fenetre-doc-serai-dictateur\/#breadcrumb\",\"itemListElement\":[{\"@type\":\"ListItem\",\"position\":1,\"name\":\"Accueil\",\"item\":\"https:\/\/welovecinema.be\/fr\/\"},{\"@type\":\"ListItem\",\"position\":2,\"name\":\"Fen\u00eatre sur doc : Quand je serai dictateur\"}]},{\"@type\":\"WebSite\",\"@id\":\"https:\/\/welovecinema.be\/nl\/#website\",\"url\":\"https:\/\/welovecinema.be\/nl\/\",\"name\":\"We Love Cinema\",\"description\":\"Toute l\u2019information du cin\u00e9ma en Belgique\",\"publisher\":{\"@id\":\"https:\/\/welovecinema.be\/nl\/#organization\"},\"potentialAction\":[{\"@type\":\"SearchAction\",\"target\":{\"@type\":\"EntryPoint\",\"urlTemplate\":\"https:\/\/welovecinema.be\/nl\/?s={search_term_string}\"},\"query-input\":\"required name=search_term_string\"}],\"inLanguage\":\"fr-FR\"},{\"@type\":\"Organization\",\"@id\":\"https:\/\/welovecinema.be\/nl\/#organization\",\"name\":\"We Love Cinema\",\"url\":\"https:\/\/welovecinema.be\/nl\/\",\"logo\":{\"@type\":\"ImageObject\",\"inLanguage\":\"fr-FR\",\"@id\":\"https:\/\/welovecinema.be\/nl\/#\/schema\/logo\/image\/\",\"url\":\"https:\/\/welovecinema.be\/wp-content\/uploads\/sites\/2\/2023\/03\/Logo-We-Love-Cinema305x128.jpg\",\"contentUrl\":\"https:\/\/welovecinema.be\/wp-content\/uploads\/sites\/2\/2023\/03\/Logo-We-Love-Cinema305x128.jpg\",\"width\":305,\"height\":128,\"caption\":\"We Love Cinema\"},\"image\":{\"@id\":\"https:\/\/welovecinema.be\/nl\/#\/schema\/logo\/image\/\"},\"sameAs\":[\"https:\/\/www.facebook.com\/welovecinema.be\",\"https:\/\/www.youtube.com\/channel\/UCX5LYGVhnKvYauW4Nta4HJA\",\"https:\/\/www.instagram.com\/welovecinema.be\/\"]},{\"@type\":\"Person\",\"@id\":\"https:\/\/welovecinema.be\/nl\/#\/schema\/person\/4b9b1d857f0943453a38a7c2859ef756\",\"name\":\"Philippe.Pierquin\",\"url\":\"https:\/\/welovecinema.be\/fr\/author\/philippe-pierquin\/\"}]}<\/script>\n<!-- \/ Yoast SEO plugin. -->","yoast_head_json":{"title":"Fen\u00eatre sur doc : Quand je serai dictateur - We Love Cinema","robots":{"index":"index","follow":"follow","max-snippet":"max-snippet:-1","max-image-preview":"max-image-preview:large","max-video-preview":"max-video-preview:-1"},"canonical":"https:\/\/welovecinema.be\/fr\/fenetre-doc-serai-dictateur\/","og_locale":"fr_FR","og_type":"article","og_title":"Fen\u00eatre sur doc : Quand je serai dictateur - We Love Cinema","og_description":"Deuxi\u00e8me volet de la s\u00e9rie \u00ab Fen\u00eatre sur doc \u00bb d\u00e9di\u00e9e aux documentaires de cr\u00e9ation sur La Trois, Quand je serai dictateur est un film unique en son genre, un v\u00e9ritable OVNI de la cr\u00e9ation documentaire, un long-m\u00e9trage construit \u00e0 partir de centaines de films amateurs et qui nous questionne sur la vie et le &hellip;","og_url":"https:\/\/welovecinema.be\/fr\/fenetre-doc-serai-dictateur\/","og_site_name":"We Love Cinema","article_publisher":"https:\/\/www.facebook.com\/welovecinema.be","article_published_time":"2014-07-08T07:28:18+00:00","article_modified_time":"2014-07-05T07:46:44+00:00","og_image":[{"width":670,"height":377,"url":"https:\/\/welovecinema.be\/wp-content\/uploads\/sites\/2\/2010\/07\/dictateur-1.jpg","type":"image\/jpeg"}],"author":"Philippe.Pierquin","twitter_card":"summary_large_image","twitter_misc":{"\u00c9crit par":"Philippe.Pierquin","Dur\u00e9e de lecture estim\u00e9e":"2 minutes"},"schema":{"@context":"https:\/\/schema.org","@graph":[{"@type":"Article","@id":"https:\/\/welovecinema.be\/fr\/fenetre-doc-serai-dictateur\/#article","isPartOf":{"@id":"https:\/\/welovecinema.be\/fr\/fenetre-doc-serai-dictateur\/"},"author":{"name":"Philippe.Pierquin","@id":"https:\/\/welovecinema.be\/nl\/#\/schema\/person\/4b9b1d857f0943453a38a7c2859ef756"},"headline":"Fen\u00eatre sur doc : Quand je serai dictateur","datePublished":"2014-07-08T07:28:18+00:00","dateModified":"2014-07-05T07:46:44+00:00","mainEntityOfPage":{"@id":"https:\/\/welovecinema.be\/fr\/fenetre-doc-serai-dictateur\/"},"wordCount":364,"publisher":{"@id":"https:\/\/welovecinema.be\/nl\/#organization"},"articleSection":["News","Plateau t\u00e9l\u00e9"],"inLanguage":"fr-FR"},{"@type":"WebPage","@id":"https:\/\/welovecinema.be\/fr\/fenetre-doc-serai-dictateur\/","url":"https:\/\/welovecinema.be\/fr\/fenetre-doc-serai-dictateur\/","name":"Fen\u00eatre sur doc : Quand je serai dictateur - We Love Cinema","isPartOf":{"@id":"https:\/\/welovecinema.be\/nl\/#website"},"datePublished":"2014-07-08T07:28:18+00:00","dateModified":"2014-07-05T07:46:44+00:00","breadcrumb":{"@id":"https:\/\/welovecinema.be\/fr\/fenetre-doc-serai-dictateur\/#breadcrumb"},"inLanguage":"fr-FR","potentialAction":[{"@type":"ReadAction","target":["https:\/\/welovecinema.be\/fr\/fenetre-doc-serai-dictateur\/"]}]},{"@type":"BreadcrumbList","@id":"https:\/\/welovecinema.be\/fr\/fenetre-doc-serai-dictateur\/#breadcrumb","itemListElement":[{"@type":"ListItem","position":1,"name":"Accueil","item":"https:\/\/welovecinema.be\/fr\/"},{"@type":"ListItem","position":2,"name":"Fen\u00eatre sur doc : Quand je serai dictateur"}]},{"@type":"WebSite","@id":"https:\/\/welovecinema.be\/nl\/#website","url":"https:\/\/welovecinema.be\/nl\/","name":"We Love Cinema","description":"Toute l\u2019information du cin\u00e9ma en Belgique","publisher":{"@id":"https:\/\/welovecinema.be\/nl\/#organization"},"potentialAction":[{"@type":"SearchAction","target":{"@type":"EntryPoint","urlTemplate":"https:\/\/welovecinema.be\/nl\/?s={search_term_string}"},"query-input":"required name=search_term_string"}],"inLanguage":"fr-FR"},{"@type":"Organization","@id":"https:\/\/welovecinema.be\/nl\/#organization","name":"We Love Cinema","url":"https:\/\/welovecinema.be\/nl\/","logo":{"@type":"ImageObject","inLanguage":"fr-FR","@id":"https:\/\/welovecinema.be\/nl\/#\/schema\/logo\/image\/","url":"https:\/\/welovecinema.be\/wp-content\/uploads\/sites\/2\/2023\/03\/Logo-We-Love-Cinema305x128.jpg","contentUrl":"https:\/\/welovecinema.be\/wp-content\/uploads\/sites\/2\/2023\/03\/Logo-We-Love-Cinema305x128.jpg","width":305,"height":128,"caption":"We Love Cinema"},"image":{"@id":"https:\/\/welovecinema.be\/nl\/#\/schema\/logo\/image\/"},"sameAs":["https:\/\/www.facebook.com\/welovecinema.be","https:\/\/www.youtube.com\/channel\/UCX5LYGVhnKvYauW4Nta4HJA","https:\/\/www.instagram.com\/welovecinema.be\/"]},{"@type":"Person","@id":"https:\/\/welovecinema.be\/nl\/#\/schema\/person\/4b9b1d857f0943453a38a7c2859ef756","name":"Philippe.Pierquin","url":"https:\/\/welovecinema.be\/fr\/author\/philippe-pierquin\/"}]}},"_links":{"self":[{"href":"https:\/\/welovecinema.be\/fr\/wp-json\/wp\/v2\/posts\/58987","targetHints":{"allow":["GET"]}}],"collection":[{"href":"https:\/\/welovecinema.be\/fr\/wp-json\/wp\/v2\/posts"}],"about":[{"href":"https:\/\/welovecinema.be\/fr\/wp-json\/wp\/v2\/types\/post"}],"author":[{"embeddable":true,"href":"https:\/\/welovecinema.be\/fr\/wp-json\/wp\/v2\/users\/7"}],"replies":[{"embeddable":true,"href":"https:\/\/welovecinema.be\/fr\/wp-json\/wp\/v2\/comments?post=58987"}],"version-history":[{"count":0,"href":"https:\/\/welovecinema.be\/fr\/wp-json\/wp\/v2\/posts\/58987\/revisions"}],"wp:featuredmedia":[{"embeddable":true,"href":"https:\/\/welovecinema.be\/fr\/wp-json\/wp\/v2\/media\/58991"}],"wp:attachment":[{"href":"https:\/\/welovecinema.be\/fr\/wp-json\/wp\/v2\/media?parent=58987"}],"wp:term":[{"taxonomy":"category","embeddable":true,"href":"https:\/\/welovecinema.be\/fr\/wp-json\/wp\/v2\/categories?post=58987"},{"taxonomy":"post_tag","embeddable":true,"href":"https:\/\/welovecinema.be\/fr\/wp-json\/wp\/v2\/tags?post=58987"}],"curies":[{"name":"wp","href":"https:\/\/api.w.org\/{rel}","templated":true}]}}