{"id":58492,"date":"2014-07-11T18:06:15","date_gmt":"2014-07-11T16:06:15","guid":{"rendered":"http:\/\/www.cinevox.be\/?p=58492"},"modified":"2014-06-25T15:10:10","modified_gmt":"2014-06-25T13:10:10","slug":"suis-mort-jai-amis-les-freres-malandrin-parlent-du-casting","status":"publish","type":"post","link":"https:\/\/welovecinema.be\/fr\/suis-mort-jai-amis-les-freres-malandrin-parlent-du-casting\/","title":{"rendered":"Je suis mort mais j&rsquo;ai des amis &#8211; Les fr\u00e8res Malandrin parlent du casting"},"content":{"rendered":"<p>Quand de vieux potes qui jouent de la musique dans leur cave depuis des ann\u00e9es se voient offrir quelques dates \u00e0 Los Angeles, l\u2019excitation monte forc\u00e9ment d\u2019un cran. Ou deux. C\u2019est le r\u00eave d\u2019une vie. L\u2019extase. Enfin !<\/p>\n<p>Quand le batteur du groupe d\u00e9cide qu\u2019il n\u2019a plus l\u2019\u00e2ge pour se prendre pour un rocker et qu\u2019il ne sera pas du voyage, c\u2019est la surprise. Mais il y a toujours une solution de remplacement.<\/p>\n<p>Quand le chanteur meurt accidentellement \u00e0 la veille du grand d\u00e9part, c\u2019est la d\u00e9solation, la remise en question. La fin?<\/p>\n<p>Non, ce n\u2019est que le tout d\u00e9but d&rsquo;une folle histoire. Et, on vous rassure, ce n&rsquo;est pas un drame<img decoding=\"async\" title=\"More...\" alt=\"\" src=\"http:\/\/www.cinevox.be\/wp-includes\/js\/tinymce\/plugins\/wordpress\/img\/trans.gif\" \/><\/p>\n<p><img decoding=\"async\" title=\"More...\" alt=\"\" src=\"http:\/\/www.cinevox.be\/wp-includes\/js\/tinymce\/plugins\/wordpress\/img\/trans.gif\" \/><!--more--><\/p>\n<p>&nbsp;<\/p>\n<p>De St\u00e9phane et Guillaume Malandrin<\/p>\n<p>Avec\u00a0<b>Bouli Lanners<\/b>,\u00a0<b>Wim Willaert<\/b>,\u00a0<b>Eddy Leduc, Serge Riaboukine,\u00a0<b>Lyes Salem<\/b>&#8230;.<\/b><\/p>\n<p>Produit par Versus &#8211; sortie 2015<\/p>\n<p>&nbsp;<\/p>\n","protected":false},"excerpt":{"rendered":"<p>Quand de vieux potes qui jouent de la musique dans leur cave depuis des ann\u00e9es se voient offrir quelques dates \u00e0 Los Angeles, l\u2019excitation monte forc\u00e9ment d\u2019un cran. Ou deux. C\u2019est le r\u00eave d\u2019une vie. L\u2019extase. Enfin ! Quand le batteur du groupe d\u00e9cide qu\u2019il n\u2019a plus l\u2019\u00e2ge pour se prendre pour un rocker et &hellip;<\/p>\n","protected":false},"author":7,"featured_media":58493,"comment_status":"closed","ping_status":"closed","sticky":false,"template":"","format":"standard","meta":{"ngg_post_thumbnail":0,"footnotes":""},"categories":[1978],"tags":[],"class_list":["post-58492","post","type-post","status-publish","format-standard","has-post-thumbnail","","category-interviews"],"yoast_head":"<!-- This site is optimized with the Yoast SEO plugin v20.4 - https:\/\/yoast.com\/wordpress\/plugins\/seo\/ -->\n<title>Je suis mort mais j&#039;ai des amis - Les fr\u00e8res Malandrin parlent du casting - We Love Cinema<\/title>\n<meta name=\"robots\" content=\"index, follow, max-snippet:-1, max-image-preview:large, max-video-preview:-1\" \/>\n<link rel=\"canonical\" href=\"https:\/\/welovecinema.be\/fr\/suis-mort-jai-amis-les-freres-malandrin-parlent-du-casting\/\" \/>\n<meta property=\"og:locale\" content=\"fr_FR\" \/>\n<meta property=\"og:type\" content=\"article\" \/>\n<meta property=\"og:title\" content=\"Je suis mort mais j&#039;ai des amis - Les fr\u00e8res Malandrin parlent du casting - We Love Cinema\" \/>\n<meta property=\"og:description\" content=\"Quand de vieux potes qui jouent de la musique dans leur cave depuis des ann\u00e9es se voient offrir quelques dates \u00e0 Los Angeles, l\u2019excitation monte forc\u00e9ment d\u2019un cran. Ou deux. C\u2019est le r\u00eave d\u2019une vie. L\u2019extase. Enfin ! Quand le batteur du groupe d\u00e9cide qu\u2019il n\u2019a plus l\u2019\u00e2ge pour se prendre pour un rocker et &hellip;\" \/>\n<meta property=\"og:url\" content=\"https:\/\/welovecinema.be\/fr\/suis-mort-jai-amis-les-freres-malandrin-parlent-du-casting\/\" \/>\n<meta property=\"og:site_name\" content=\"We Love Cinema\" \/>\n<meta property=\"article:publisher\" content=\"https:\/\/www.facebook.com\/welovecinema.be\" \/>\n<meta property=\"article:published_time\" content=\"2014-07-11T16:06:15+00:00\" \/>\n<meta property=\"article:modified_time\" content=\"2014-06-25T13:10:10+00:00\" \/>\n<meta property=\"og:image\" content=\"https:\/\/welovecinema.be\/wp-content\/uploads\/sites\/2\/2010\/07\/mal-04.jpg\" \/>\n\t<meta property=\"og:image:width\" content=\"1260\" \/>\n\t<meta property=\"og:image:height\" content=\"684\" \/>\n\t<meta property=\"og:image:type\" content=\"image\/jpeg\" \/>\n<meta name=\"author\" content=\"Philippe.Pierquin\" \/>\n<meta name=\"twitter:card\" content=\"summary_large_image\" \/>\n<meta name=\"twitter:label1\" content=\"\u00c9crit par\" \/>\n\t<meta name=\"twitter:data1\" content=\"Philippe.Pierquin\" \/>\n\t<meta name=\"twitter:label2\" content=\"Dur\u00e9e de lecture estim\u00e9e\" \/>\n\t<meta name=\"twitter:data2\" content=\"1 minute\" \/>\n<script type=\"application\/ld+json\" class=\"yoast-schema-graph\">{\"@context\":\"https:\/\/schema.org\",\"@graph\":[{\"@type\":\"Article\",\"@id\":\"https:\/\/welovecinema.be\/fr\/suis-mort-jai-amis-les-freres-malandrin-parlent-du-casting\/#article\",\"isPartOf\":{\"@id\":\"https:\/\/welovecinema.be\/fr\/suis-mort-jai-amis-les-freres-malandrin-parlent-du-casting\/\"},\"author\":{\"name\":\"Philippe.Pierquin\",\"@id\":\"https:\/\/welovecinema.be\/nl\/#\/schema\/person\/4b9b1d857f0943453a38a7c2859ef756\"},\"headline\":\"Je suis mort mais j&rsquo;ai des amis &#8211; Les fr\u00e8res Malandrin parlent du casting\",\"datePublished\":\"2014-07-11T16:06:15+00:00\",\"dateModified\":\"2014-06-25T13:10:10+00:00\",\"mainEntityOfPage\":{\"@id\":\"https:\/\/welovecinema.be\/fr\/suis-mort-jai-amis-les-freres-malandrin-parlent-du-casting\/\"},\"wordCount\":170,\"publisher\":{\"@id\":\"https:\/\/welovecinema.be\/nl\/#organization\"},\"articleSection\":[\"Rencontres\"],\"inLanguage\":\"fr-FR\"},{\"@type\":\"WebPage\",\"@id\":\"https:\/\/welovecinema.be\/fr\/suis-mort-jai-amis-les-freres-malandrin-parlent-du-casting\/\",\"url\":\"https:\/\/welovecinema.be\/fr\/suis-mort-jai-amis-les-freres-malandrin-parlent-du-casting\/\",\"name\":\"Je suis mort mais j'ai des amis - Les fr\u00e8res Malandrin parlent du casting - We Love Cinema\",\"isPartOf\":{\"@id\":\"https:\/\/welovecinema.be\/nl\/#website\"},\"datePublished\":\"2014-07-11T16:06:15+00:00\",\"dateModified\":\"2014-06-25T13:10:10+00:00\",\"breadcrumb\":{\"@id\":\"https:\/\/welovecinema.be\/fr\/suis-mort-jai-amis-les-freres-malandrin-parlent-du-casting\/#breadcrumb\"},\"inLanguage\":\"fr-FR\",\"potentialAction\":[{\"@type\":\"ReadAction\",\"target\":[\"https:\/\/welovecinema.be\/fr\/suis-mort-jai-amis-les-freres-malandrin-parlent-du-casting\/\"]}]},{\"@type\":\"BreadcrumbList\",\"@id\":\"https:\/\/welovecinema.be\/fr\/suis-mort-jai-amis-les-freres-malandrin-parlent-du-casting\/#breadcrumb\",\"itemListElement\":[{\"@type\":\"ListItem\",\"position\":1,\"name\":\"Accueil\",\"item\":\"https:\/\/welovecinema.be\/fr\/\"},{\"@type\":\"ListItem\",\"position\":2,\"name\":\"Je suis mort mais j&rsquo;ai des amis &#8211; Les fr\u00e8res Malandrin parlent du casting\"}]},{\"@type\":\"WebSite\",\"@id\":\"https:\/\/welovecinema.be\/nl\/#website\",\"url\":\"https:\/\/welovecinema.be\/nl\/\",\"name\":\"We Love Cinema\",\"description\":\"Toute l\u2019information du cin\u00e9ma en Belgique\",\"publisher\":{\"@id\":\"https:\/\/welovecinema.be\/nl\/#organization\"},\"potentialAction\":[{\"@type\":\"SearchAction\",\"target\":{\"@type\":\"EntryPoint\",\"urlTemplate\":\"https:\/\/welovecinema.be\/nl\/?s={search_term_string}\"},\"query-input\":\"required name=search_term_string\"}],\"inLanguage\":\"fr-FR\"},{\"@type\":\"Organization\",\"@id\":\"https:\/\/welovecinema.be\/nl\/#organization\",\"name\":\"We Love Cinema\",\"url\":\"https:\/\/welovecinema.be\/nl\/\",\"logo\":{\"@type\":\"ImageObject\",\"inLanguage\":\"fr-FR\",\"@id\":\"https:\/\/welovecinema.be\/nl\/#\/schema\/logo\/image\/\",\"url\":\"https:\/\/welovecinema.be\/wp-content\/uploads\/sites\/2\/2023\/03\/Logo-We-Love-Cinema305x128.jpg\",\"contentUrl\":\"https:\/\/welovecinema.be\/wp-content\/uploads\/sites\/2\/2023\/03\/Logo-We-Love-Cinema305x128.jpg\",\"width\":305,\"height\":128,\"caption\":\"We Love Cinema\"},\"image\":{\"@id\":\"https:\/\/welovecinema.be\/nl\/#\/schema\/logo\/image\/\"},\"sameAs\":[\"https:\/\/www.facebook.com\/welovecinema.be\",\"https:\/\/www.youtube.com\/channel\/UCX5LYGVhnKvYauW4Nta4HJA\",\"https:\/\/www.instagram.com\/welovecinema.be\/\"]},{\"@type\":\"Person\",\"@id\":\"https:\/\/welovecinema.be\/nl\/#\/schema\/person\/4b9b1d857f0943453a38a7c2859ef756\",\"name\":\"Philippe.Pierquin\",\"url\":\"https:\/\/welovecinema.be\/fr\/author\/philippe-pierquin\/\"}]}<\/script>\n<!-- \/ Yoast SEO plugin. -->","yoast_head_json":{"title":"Je suis mort mais j'ai des amis - Les fr\u00e8res Malandrin parlent du casting - We Love Cinema","robots":{"index":"index","follow":"follow","max-snippet":"max-snippet:-1","max-image-preview":"max-image-preview:large","max-video-preview":"max-video-preview:-1"},"canonical":"https:\/\/welovecinema.be\/fr\/suis-mort-jai-amis-les-freres-malandrin-parlent-du-casting\/","og_locale":"fr_FR","og_type":"article","og_title":"Je suis mort mais j'ai des amis - Les fr\u00e8res Malandrin parlent du casting - We Love Cinema","og_description":"Quand de vieux potes qui jouent de la musique dans leur cave depuis des ann\u00e9es se voient offrir quelques dates \u00e0 Los Angeles, l\u2019excitation monte forc\u00e9ment d\u2019un cran. Ou deux. C\u2019est le r\u00eave d\u2019une vie. L\u2019extase. Enfin ! Quand le batteur du groupe d\u00e9cide qu\u2019il n\u2019a plus l\u2019\u00e2ge pour se prendre pour un rocker et &hellip;","og_url":"https:\/\/welovecinema.be\/fr\/suis-mort-jai-amis-les-freres-malandrin-parlent-du-casting\/","og_site_name":"We Love Cinema","article_publisher":"https:\/\/www.facebook.com\/welovecinema.be","article_published_time":"2014-07-11T16:06:15+00:00","article_modified_time":"2014-06-25T13:10:10+00:00","og_image":[{"width":1260,"height":684,"url":"https:\/\/welovecinema.be\/wp-content\/uploads\/sites\/2\/2010\/07\/mal-04.jpg","type":"image\/jpeg"}],"author":"Philippe.Pierquin","twitter_card":"summary_large_image","twitter_misc":{"\u00c9crit par":"Philippe.Pierquin","Dur\u00e9e de lecture estim\u00e9e":"1 minute"},"schema":{"@context":"https:\/\/schema.org","@graph":[{"@type":"Article","@id":"https:\/\/welovecinema.be\/fr\/suis-mort-jai-amis-les-freres-malandrin-parlent-du-casting\/#article","isPartOf":{"@id":"https:\/\/welovecinema.be\/fr\/suis-mort-jai-amis-les-freres-malandrin-parlent-du-casting\/"},"author":{"name":"Philippe.Pierquin","@id":"https:\/\/welovecinema.be\/nl\/#\/schema\/person\/4b9b1d857f0943453a38a7c2859ef756"},"headline":"Je suis mort mais j&rsquo;ai des amis &#8211; Les fr\u00e8res Malandrin parlent du casting","datePublished":"2014-07-11T16:06:15+00:00","dateModified":"2014-06-25T13:10:10+00:00","mainEntityOfPage":{"@id":"https:\/\/welovecinema.be\/fr\/suis-mort-jai-amis-les-freres-malandrin-parlent-du-casting\/"},"wordCount":170,"publisher":{"@id":"https:\/\/welovecinema.be\/nl\/#organization"},"articleSection":["Rencontres"],"inLanguage":"fr-FR"},{"@type":"WebPage","@id":"https:\/\/welovecinema.be\/fr\/suis-mort-jai-amis-les-freres-malandrin-parlent-du-casting\/","url":"https:\/\/welovecinema.be\/fr\/suis-mort-jai-amis-les-freres-malandrin-parlent-du-casting\/","name":"Je suis mort mais j'ai des amis - Les fr\u00e8res Malandrin parlent du casting - We Love Cinema","isPartOf":{"@id":"https:\/\/welovecinema.be\/nl\/#website"},"datePublished":"2014-07-11T16:06:15+00:00","dateModified":"2014-06-25T13:10:10+00:00","breadcrumb":{"@id":"https:\/\/welovecinema.be\/fr\/suis-mort-jai-amis-les-freres-malandrin-parlent-du-casting\/#breadcrumb"},"inLanguage":"fr-FR","potentialAction":[{"@type":"ReadAction","target":["https:\/\/welovecinema.be\/fr\/suis-mort-jai-amis-les-freres-malandrin-parlent-du-casting\/"]}]},{"@type":"BreadcrumbList","@id":"https:\/\/welovecinema.be\/fr\/suis-mort-jai-amis-les-freres-malandrin-parlent-du-casting\/#breadcrumb","itemListElement":[{"@type":"ListItem","position":1,"name":"Accueil","item":"https:\/\/welovecinema.be\/fr\/"},{"@type":"ListItem","position":2,"name":"Je suis mort mais j&rsquo;ai des amis &#8211; Les fr\u00e8res Malandrin parlent du casting"}]},{"@type":"WebSite","@id":"https:\/\/welovecinema.be\/nl\/#website","url":"https:\/\/welovecinema.be\/nl\/","name":"We Love Cinema","description":"Toute l\u2019information du cin\u00e9ma en Belgique","publisher":{"@id":"https:\/\/welovecinema.be\/nl\/#organization"},"potentialAction":[{"@type":"SearchAction","target":{"@type":"EntryPoint","urlTemplate":"https:\/\/welovecinema.be\/nl\/?s={search_term_string}"},"query-input":"required name=search_term_string"}],"inLanguage":"fr-FR"},{"@type":"Organization","@id":"https:\/\/welovecinema.be\/nl\/#organization","name":"We Love Cinema","url":"https:\/\/welovecinema.be\/nl\/","logo":{"@type":"ImageObject","inLanguage":"fr-FR","@id":"https:\/\/welovecinema.be\/nl\/#\/schema\/logo\/image\/","url":"https:\/\/welovecinema.be\/wp-content\/uploads\/sites\/2\/2023\/03\/Logo-We-Love-Cinema305x128.jpg","contentUrl":"https:\/\/welovecinema.be\/wp-content\/uploads\/sites\/2\/2023\/03\/Logo-We-Love-Cinema305x128.jpg","width":305,"height":128,"caption":"We Love Cinema"},"image":{"@id":"https:\/\/welovecinema.be\/nl\/#\/schema\/logo\/image\/"},"sameAs":["https:\/\/www.facebook.com\/welovecinema.be","https:\/\/www.youtube.com\/channel\/UCX5LYGVhnKvYauW4Nta4HJA","https:\/\/www.instagram.com\/welovecinema.be\/"]},{"@type":"Person","@id":"https:\/\/welovecinema.be\/nl\/#\/schema\/person\/4b9b1d857f0943453a38a7c2859ef756","name":"Philippe.Pierquin","url":"https:\/\/welovecinema.be\/fr\/author\/philippe-pierquin\/"}]}},"_links":{"self":[{"href":"https:\/\/welovecinema.be\/fr\/wp-json\/wp\/v2\/posts\/58492","targetHints":{"allow":["GET"]}}],"collection":[{"href":"https:\/\/welovecinema.be\/fr\/wp-json\/wp\/v2\/posts"}],"about":[{"href":"https:\/\/welovecinema.be\/fr\/wp-json\/wp\/v2\/types\/post"}],"author":[{"embeddable":true,"href":"https:\/\/welovecinema.be\/fr\/wp-json\/wp\/v2\/users\/7"}],"replies":[{"embeddable":true,"href":"https:\/\/welovecinema.be\/fr\/wp-json\/wp\/v2\/comments?post=58492"}],"version-history":[{"count":0,"href":"https:\/\/welovecinema.be\/fr\/wp-json\/wp\/v2\/posts\/58492\/revisions"}],"wp:featuredmedia":[{"embeddable":true,"href":"https:\/\/welovecinema.be\/fr\/wp-json\/wp\/v2\/media\/58493"}],"wp:attachment":[{"href":"https:\/\/welovecinema.be\/fr\/wp-json\/wp\/v2\/media?parent=58492"}],"wp:term":[{"taxonomy":"category","embeddable":true,"href":"https:\/\/welovecinema.be\/fr\/wp-json\/wp\/v2\/categories?post=58492"},{"taxonomy":"post_tag","embeddable":true,"href":"https:\/\/welovecinema.be\/fr\/wp-json\/wp\/v2\/tags?post=58492"}],"curies":[{"name":"wp","href":"https:\/\/api.w.org\/{rel}","templated":true}]}}