{"id":58273,"date":"2014-06-23T06:23:01","date_gmt":"2014-06-23T04:23:01","guid":{"rendered":"http:\/\/www.cinevox.be\/?p=58273"},"modified":"2014-06-23T10:05:31","modified_gmt":"2014-06-23T08:05:31","slug":"photo-du-jour-lundi-23-juin-2014","status":"publish","type":"post","link":"https:\/\/welovecinema.be\/fr\/photo-du-jour-lundi-23-juin-2014\/","title":{"rendered":"La photo du jour &#8211; lundi 23 juin 2014"},"content":{"rendered":"<p>D\u00e9tach\u00e9s en Afghanistan pour 6 mois, les l\u00e9gionnaires Markov et Hamilton sont pris en embuscade lors d\u2019une exp\u00e9dition non autoris\u00e9e par leur hi\u00e9rarchie.<br \/>\nMarkov sauve Hamilton, gri\u00e8vement bless\u00e9 par des tirs rebelles, mais quitte la L\u00e9gion sans les honneurs.<br \/>\nDe retour \u00e0 Paris, Hamilton, convalescent, souhaite rester l\u00e9gionnaire, tandis que Markov, d\u00e9sormais civil et sans papiers, tente de s\u2019en sortir avec son fils Khadji. Hamilton pr\u00eate son identit\u00e9 civile \u00e0 son ami tch\u00e9tch\u00e8ne, pour qu\u2019il puisse travailler l\u00e9galement. Mais un jour, Markov dispara\u00eet, laissant Hamilton d\u00e9sorient\u00e9 et Khadji seul au monde.<!--more--><\/p>\n<p>Sur la photo ci-dessous, les deux personnages principaux :\u00a0J\u00e9r\u00e9mie Renier et Surho Sugaipov dans les r\u00f4les d&rsquo;Hamilton et Markov &#8211;\u00a0\u00a9 Claire Nicol<\/p>\n<p>&nbsp;<\/p>\n<p>Le Grand Homme\u00a0de Sarah Leonor sera dans les salles fran\u00e7aises \u00a0le 13 Ao\u00fbt !<\/p>\n<p>&nbsp;<\/p>\n<p>&nbsp;<\/p>\n<p>&nbsp;<\/p>\n<p><a href=\"http:\/\/www.cinevox.be\/photo-du-jour-lundi-23-juin-2014\/jeremie-renier\/\" rel=\"attachment wp-att-58274\"><img loading=\"lazy\" decoding=\"async\" class=\"aligncenter size-large wp-image-58274\" alt=\"\" src=\"http:\/\/www.cinevox.be\/wp-content\/uploads\/sites\/2\/2014\/06\/J\u00e9r\u00e9mie-Renier-800x450.jpg\" width=\"640\" height=\"360\" srcset=\"https:\/\/welovecinema.be\/wp-content\/uploads\/sites\/2\/2014\/06\/J\u00e9r\u00e9mie-Renier-800x450.jpg 800w, https:\/\/welovecinema.be\/wp-content\/uploads\/sites\/2\/2014\/06\/J\u00e9r\u00e9mie-Renier-200x113.jpg 200w, https:\/\/welovecinema.be\/wp-content\/uploads\/sites\/2\/2014\/06\/J\u00e9r\u00e9mie-Renier-480x270.jpg 480w, https:\/\/welovecinema.be\/wp-content\/uploads\/sites\/2\/2014\/06\/J\u00e9r\u00e9mie-Renier-300x169.jpg 300w, https:\/\/welovecinema.be\/wp-content\/uploads\/sites\/2\/2014\/06\/J\u00e9r\u00e9mie-Renier-620x350.jpg 620w, https:\/\/welovecinema.be\/wp-content\/uploads\/sites\/2\/2014\/06\/J\u00e9r\u00e9mie-Renier.jpg 2048w\" sizes=\"auto, (max-width: 640px) 100vw, 640px\" \/><\/a><\/p>\n<p>&nbsp;<\/p>\n","protected":false},"excerpt":{"rendered":"<p>D\u00e9tach\u00e9s en Afghanistan pour 6 mois, les l\u00e9gionnaires Markov et Hamilton sont pris en embuscade lors d\u2019une exp\u00e9dition non autoris\u00e9e par leur hi\u00e9rarchie. Markov sauve Hamilton, gri\u00e8vement bless\u00e9 par des tirs rebelles, mais quitte la L\u00e9gion sans les honneurs. De retour \u00e0 Paris, Hamilton, convalescent, souhaite rester l\u00e9gionnaire, tandis que Markov, d\u00e9sormais civil et sans &hellip;<\/p>\n","protected":false},"author":7,"featured_media":58276,"comment_status":"closed","ping_status":"closed","sticky":false,"template":"","format":"standard","meta":{"ngg_post_thumbnail":0,"footnotes":""},"categories":[1923],"tags":[],"class_list":["post-58273","post","type-post","status-publish","format-standard","has-post-thumbnail","","category-en-bref"],"yoast_head":"<!-- This site is optimized with the Yoast SEO plugin v20.4 - https:\/\/yoast.com\/wordpress\/plugins\/seo\/ -->\n<title>La photo du jour - lundi 23 juin 2014 - We Love Cinema<\/title>\n<meta name=\"robots\" content=\"index, follow, max-snippet:-1, max-image-preview:large, max-video-preview:-1\" \/>\n<link rel=\"canonical\" href=\"https:\/\/welovecinema.be\/fr\/photo-du-jour-lundi-23-juin-2014\/\" \/>\n<meta property=\"og:locale\" content=\"fr_FR\" \/>\n<meta property=\"og:type\" content=\"article\" \/>\n<meta property=\"og:title\" content=\"La photo du jour - lundi 23 juin 2014 - We Love Cinema\" \/>\n<meta property=\"og:description\" content=\"D\u00e9tach\u00e9s en Afghanistan pour 6 mois, les l\u00e9gionnaires Markov et Hamilton sont pris en embuscade lors d\u2019une exp\u00e9dition non autoris\u00e9e par leur hi\u00e9rarchie. Markov sauve Hamilton, gri\u00e8vement bless\u00e9 par des tirs rebelles, mais quitte la L\u00e9gion sans les honneurs. De retour \u00e0 Paris, Hamilton, convalescent, souhaite rester l\u00e9gionnaire, tandis que Markov, d\u00e9sormais civil et sans &hellip;\" \/>\n<meta property=\"og:url\" content=\"https:\/\/welovecinema.be\/fr\/photo-du-jour-lundi-23-juin-2014\/\" \/>\n<meta property=\"og:site_name\" content=\"We Love Cinema\" \/>\n<meta property=\"article:publisher\" content=\"https:\/\/www.facebook.com\/welovecinema.be\" \/>\n<meta property=\"article:published_time\" content=\"2014-06-23T04:23:01+00:00\" \/>\n<meta property=\"article:modified_time\" content=\"2014-06-23T08:05:31+00:00\" \/>\n<meta property=\"og:image\" content=\"https:\/\/welovecinema.be\/wp-content\/uploads\/sites\/2\/2010\/06\/app9.jpg\" \/>\n\t<meta property=\"og:image:width\" content=\"1536\" \/>\n\t<meta property=\"og:image:height\" content=\"1024\" \/>\n\t<meta property=\"og:image:type\" content=\"image\/jpeg\" \/>\n<meta name=\"author\" content=\"Philippe.Pierquin\" \/>\n<meta name=\"twitter:card\" content=\"summary_large_image\" \/>\n<meta name=\"twitter:label1\" content=\"\u00c9crit par\" \/>\n\t<meta name=\"twitter:data1\" content=\"Philippe.Pierquin\" \/>\n\t<meta name=\"twitter:label2\" content=\"Dur\u00e9e de lecture estim\u00e9e\" \/>\n\t<meta name=\"twitter:data2\" content=\"1 minute\" \/>\n<script type=\"application\/ld+json\" class=\"yoast-schema-graph\">{\"@context\":\"https:\/\/schema.org\",\"@graph\":[{\"@type\":\"Article\",\"@id\":\"https:\/\/welovecinema.be\/fr\/photo-du-jour-lundi-23-juin-2014\/#article\",\"isPartOf\":{\"@id\":\"https:\/\/welovecinema.be\/fr\/photo-du-jour-lundi-23-juin-2014\/\"},\"author\":{\"name\":\"Philippe.Pierquin\",\"@id\":\"https:\/\/welovecinema.be\/nl\/#\/schema\/person\/4b9b1d857f0943453a38a7c2859ef756\"},\"headline\":\"La photo du jour &#8211; lundi 23 juin 2014\",\"datePublished\":\"2014-06-23T04:23:01+00:00\",\"dateModified\":\"2014-06-23T08:05:31+00:00\",\"mainEntityOfPage\":{\"@id\":\"https:\/\/welovecinema.be\/fr\/photo-du-jour-lundi-23-juin-2014\/\"},\"wordCount\":160,\"publisher\":{\"@id\":\"https:\/\/welovecinema.be\/nl\/#organization\"},\"articleSection\":[\"En bref\"],\"inLanguage\":\"fr-FR\"},{\"@type\":\"WebPage\",\"@id\":\"https:\/\/welovecinema.be\/fr\/photo-du-jour-lundi-23-juin-2014\/\",\"url\":\"https:\/\/welovecinema.be\/fr\/photo-du-jour-lundi-23-juin-2014\/\",\"name\":\"La photo du jour - lundi 23 juin 2014 - We Love Cinema\",\"isPartOf\":{\"@id\":\"https:\/\/welovecinema.be\/nl\/#website\"},\"datePublished\":\"2014-06-23T04:23:01+00:00\",\"dateModified\":\"2014-06-23T08:05:31+00:00\",\"breadcrumb\":{\"@id\":\"https:\/\/welovecinema.be\/fr\/photo-du-jour-lundi-23-juin-2014\/#breadcrumb\"},\"inLanguage\":\"fr-FR\",\"potentialAction\":[{\"@type\":\"ReadAction\",\"target\":[\"https:\/\/welovecinema.be\/fr\/photo-du-jour-lundi-23-juin-2014\/\"]}]},{\"@type\":\"BreadcrumbList\",\"@id\":\"https:\/\/welovecinema.be\/fr\/photo-du-jour-lundi-23-juin-2014\/#breadcrumb\",\"itemListElement\":[{\"@type\":\"ListItem\",\"position\":1,\"name\":\"Accueil\",\"item\":\"https:\/\/welovecinema.be\/fr\/\"},{\"@type\":\"ListItem\",\"position\":2,\"name\":\"La photo du jour &#8211; lundi 23 juin 2014\"}]},{\"@type\":\"WebSite\",\"@id\":\"https:\/\/welovecinema.be\/nl\/#website\",\"url\":\"https:\/\/welovecinema.be\/nl\/\",\"name\":\"We Love Cinema\",\"description\":\"Toute l\u2019information du cin\u00e9ma en Belgique\",\"publisher\":{\"@id\":\"https:\/\/welovecinema.be\/nl\/#organization\"},\"potentialAction\":[{\"@type\":\"SearchAction\",\"target\":{\"@type\":\"EntryPoint\",\"urlTemplate\":\"https:\/\/welovecinema.be\/nl\/?s={search_term_string}\"},\"query-input\":\"required name=search_term_string\"}],\"inLanguage\":\"fr-FR\"},{\"@type\":\"Organization\",\"@id\":\"https:\/\/welovecinema.be\/nl\/#organization\",\"name\":\"We Love Cinema\",\"url\":\"https:\/\/welovecinema.be\/nl\/\",\"logo\":{\"@type\":\"ImageObject\",\"inLanguage\":\"fr-FR\",\"@id\":\"https:\/\/welovecinema.be\/nl\/#\/schema\/logo\/image\/\",\"url\":\"https:\/\/welovecinema.be\/wp-content\/uploads\/sites\/2\/2023\/03\/Logo-We-Love-Cinema305x128.jpg\",\"contentUrl\":\"https:\/\/welovecinema.be\/wp-content\/uploads\/sites\/2\/2023\/03\/Logo-We-Love-Cinema305x128.jpg\",\"width\":305,\"height\":128,\"caption\":\"We Love Cinema\"},\"image\":{\"@id\":\"https:\/\/welovecinema.be\/nl\/#\/schema\/logo\/image\/\"},\"sameAs\":[\"https:\/\/www.facebook.com\/welovecinema.be\",\"https:\/\/www.youtube.com\/channel\/UCX5LYGVhnKvYauW4Nta4HJA\",\"https:\/\/www.instagram.com\/welovecinema.be\/\"]},{\"@type\":\"Person\",\"@id\":\"https:\/\/welovecinema.be\/nl\/#\/schema\/person\/4b9b1d857f0943453a38a7c2859ef756\",\"name\":\"Philippe.Pierquin\",\"url\":\"https:\/\/welovecinema.be\/fr\/author\/philippe-pierquin\/\"}]}<\/script>\n<!-- \/ Yoast SEO plugin. -->","yoast_head_json":{"title":"La photo du jour - lundi 23 juin 2014 - We Love Cinema","robots":{"index":"index","follow":"follow","max-snippet":"max-snippet:-1","max-image-preview":"max-image-preview:large","max-video-preview":"max-video-preview:-1"},"canonical":"https:\/\/welovecinema.be\/fr\/photo-du-jour-lundi-23-juin-2014\/","og_locale":"fr_FR","og_type":"article","og_title":"La photo du jour - lundi 23 juin 2014 - We Love Cinema","og_description":"D\u00e9tach\u00e9s en Afghanistan pour 6 mois, les l\u00e9gionnaires Markov et Hamilton sont pris en embuscade lors d\u2019une exp\u00e9dition non autoris\u00e9e par leur hi\u00e9rarchie. Markov sauve Hamilton, gri\u00e8vement bless\u00e9 par des tirs rebelles, mais quitte la L\u00e9gion sans les honneurs. De retour \u00e0 Paris, Hamilton, convalescent, souhaite rester l\u00e9gionnaire, tandis que Markov, d\u00e9sormais civil et sans &hellip;","og_url":"https:\/\/welovecinema.be\/fr\/photo-du-jour-lundi-23-juin-2014\/","og_site_name":"We Love Cinema","article_publisher":"https:\/\/www.facebook.com\/welovecinema.be","article_published_time":"2014-06-23T04:23:01+00:00","article_modified_time":"2014-06-23T08:05:31+00:00","og_image":[{"width":1536,"height":1024,"url":"https:\/\/welovecinema.be\/wp-content\/uploads\/sites\/2\/2010\/06\/app9.jpg","type":"image\/jpeg"}],"author":"Philippe.Pierquin","twitter_card":"summary_large_image","twitter_misc":{"\u00c9crit par":"Philippe.Pierquin","Dur\u00e9e de lecture estim\u00e9e":"1 minute"},"schema":{"@context":"https:\/\/schema.org","@graph":[{"@type":"Article","@id":"https:\/\/welovecinema.be\/fr\/photo-du-jour-lundi-23-juin-2014\/#article","isPartOf":{"@id":"https:\/\/welovecinema.be\/fr\/photo-du-jour-lundi-23-juin-2014\/"},"author":{"name":"Philippe.Pierquin","@id":"https:\/\/welovecinema.be\/nl\/#\/schema\/person\/4b9b1d857f0943453a38a7c2859ef756"},"headline":"La photo du jour &#8211; lundi 23 juin 2014","datePublished":"2014-06-23T04:23:01+00:00","dateModified":"2014-06-23T08:05:31+00:00","mainEntityOfPage":{"@id":"https:\/\/welovecinema.be\/fr\/photo-du-jour-lundi-23-juin-2014\/"},"wordCount":160,"publisher":{"@id":"https:\/\/welovecinema.be\/nl\/#organization"},"articleSection":["En bref"],"inLanguage":"fr-FR"},{"@type":"WebPage","@id":"https:\/\/welovecinema.be\/fr\/photo-du-jour-lundi-23-juin-2014\/","url":"https:\/\/welovecinema.be\/fr\/photo-du-jour-lundi-23-juin-2014\/","name":"La photo du jour - lundi 23 juin 2014 - We Love Cinema","isPartOf":{"@id":"https:\/\/welovecinema.be\/nl\/#website"},"datePublished":"2014-06-23T04:23:01+00:00","dateModified":"2014-06-23T08:05:31+00:00","breadcrumb":{"@id":"https:\/\/welovecinema.be\/fr\/photo-du-jour-lundi-23-juin-2014\/#breadcrumb"},"inLanguage":"fr-FR","potentialAction":[{"@type":"ReadAction","target":["https:\/\/welovecinema.be\/fr\/photo-du-jour-lundi-23-juin-2014\/"]}]},{"@type":"BreadcrumbList","@id":"https:\/\/welovecinema.be\/fr\/photo-du-jour-lundi-23-juin-2014\/#breadcrumb","itemListElement":[{"@type":"ListItem","position":1,"name":"Accueil","item":"https:\/\/welovecinema.be\/fr\/"},{"@type":"ListItem","position":2,"name":"La photo du jour &#8211; lundi 23 juin 2014"}]},{"@type":"WebSite","@id":"https:\/\/welovecinema.be\/nl\/#website","url":"https:\/\/welovecinema.be\/nl\/","name":"We Love Cinema","description":"Toute l\u2019information du cin\u00e9ma en Belgique","publisher":{"@id":"https:\/\/welovecinema.be\/nl\/#organization"},"potentialAction":[{"@type":"SearchAction","target":{"@type":"EntryPoint","urlTemplate":"https:\/\/welovecinema.be\/nl\/?s={search_term_string}"},"query-input":"required name=search_term_string"}],"inLanguage":"fr-FR"},{"@type":"Organization","@id":"https:\/\/welovecinema.be\/nl\/#organization","name":"We Love Cinema","url":"https:\/\/welovecinema.be\/nl\/","logo":{"@type":"ImageObject","inLanguage":"fr-FR","@id":"https:\/\/welovecinema.be\/nl\/#\/schema\/logo\/image\/","url":"https:\/\/welovecinema.be\/wp-content\/uploads\/sites\/2\/2023\/03\/Logo-We-Love-Cinema305x128.jpg","contentUrl":"https:\/\/welovecinema.be\/wp-content\/uploads\/sites\/2\/2023\/03\/Logo-We-Love-Cinema305x128.jpg","width":305,"height":128,"caption":"We Love Cinema"},"image":{"@id":"https:\/\/welovecinema.be\/nl\/#\/schema\/logo\/image\/"},"sameAs":["https:\/\/www.facebook.com\/welovecinema.be","https:\/\/www.youtube.com\/channel\/UCX5LYGVhnKvYauW4Nta4HJA","https:\/\/www.instagram.com\/welovecinema.be\/"]},{"@type":"Person","@id":"https:\/\/welovecinema.be\/nl\/#\/schema\/person\/4b9b1d857f0943453a38a7c2859ef756","name":"Philippe.Pierquin","url":"https:\/\/welovecinema.be\/fr\/author\/philippe-pierquin\/"}]}},"_links":{"self":[{"href":"https:\/\/welovecinema.be\/fr\/wp-json\/wp\/v2\/posts\/58273","targetHints":{"allow":["GET"]}}],"collection":[{"href":"https:\/\/welovecinema.be\/fr\/wp-json\/wp\/v2\/posts"}],"about":[{"href":"https:\/\/welovecinema.be\/fr\/wp-json\/wp\/v2\/types\/post"}],"author":[{"embeddable":true,"href":"https:\/\/welovecinema.be\/fr\/wp-json\/wp\/v2\/users\/7"}],"replies":[{"embeddable":true,"href":"https:\/\/welovecinema.be\/fr\/wp-json\/wp\/v2\/comments?post=58273"}],"version-history":[{"count":0,"href":"https:\/\/welovecinema.be\/fr\/wp-json\/wp\/v2\/posts\/58273\/revisions"}],"wp:featuredmedia":[{"embeddable":true,"href":"https:\/\/welovecinema.be\/fr\/wp-json\/wp\/v2\/media\/58276"}],"wp:attachment":[{"href":"https:\/\/welovecinema.be\/fr\/wp-json\/wp\/v2\/media?parent=58273"}],"wp:term":[{"taxonomy":"category","embeddable":true,"href":"https:\/\/welovecinema.be\/fr\/wp-json\/wp\/v2\/categories?post=58273"},{"taxonomy":"post_tag","embeddable":true,"href":"https:\/\/welovecinema.be\/fr\/wp-json\/wp\/v2\/tags?post=58273"}],"curies":[{"name":"wp","href":"https:\/\/api.w.org\/{rel}","templated":true}]}}