{"id":57961,"date":"2014-06-18T06:48:41","date_gmt":"2014-06-18T04:48:41","guid":{"rendered":"http:\/\/www.cinevox.be\/?p=57961"},"modified":"2014-06-16T12:06:42","modified_gmt":"2014-06-16T10:06:42","slug":"photo-du-jour-mercredi-18-juin-2014","status":"publish","type":"post","link":"https:\/\/welovecinema.be\/fr\/photo-du-jour-mercredi-18-juin-2014\/","title":{"rendered":"La photo du jour : mercredi 18 juin 2014"},"content":{"rendered":"<p>Beaucoup de sp\u00e9cialistes pensent que <em>Labyrinthus<\/em>, film d&rsquo;aventures cyber dont nous avons parl\u00e9 <a href=\"http:\/\/www.cinevox.be\/?p=57788\" target=\"_blank\">ici<\/a>) devrait \u00eatre un des cartons de l&rsquo;\u00e9t\u00e9 en Belgique. Principalement en Flandre et \u00e0 Bruxelles, sans doute.<\/p>\n<p>Pour mettre tous les atouts de leur c\u00f4t\u00e9, producteur et distributeur lancent une campagne solide et tr\u00e8s visuelle.<br \/>\nSi on veut cartonner en salles, pas question de plaisanter avec la promo<!--more--><\/p>\n<p>&nbsp;<\/p>\n<p><a href=\"http:\/\/www.cinevox.be\/photo-du-jour-mercredi-18-juin-2014\/10382333_650237691735980_5814942435555087881_o\/\" rel=\"attachment wp-att-57962\"><img loading=\"lazy\" decoding=\"async\" class=\"aligncenter size-full wp-image-57962\" alt=\"\" src=\"http:\/\/www.cinevox.be\/wp-content\/uploads\/sites\/2\/2014\/06\/10382333_650237691735980_5814942435555087881_o.jpg\" width=\"1202\" height=\"897\" srcset=\"https:\/\/welovecinema.be\/wp-content\/uploads\/sites\/2\/2014\/06\/10382333_650237691735980_5814942435555087881_o.jpg 1202w, https:\/\/welovecinema.be\/wp-content\/uploads\/sites\/2\/2014\/06\/10382333_650237691735980_5814942435555087881_o-361x270.jpg 361w, https:\/\/welovecinema.be\/wp-content\/uploads\/sites\/2\/2014\/06\/10382333_650237691735980_5814942435555087881_o-800x597.jpg 800w, https:\/\/welovecinema.be\/wp-content\/uploads\/sites\/2\/2014\/06\/10382333_650237691735980_5814942435555087881_o-300x225.jpg 300w\" sizes=\"auto, (max-width: 1202px) 100vw, 1202px\" \/><\/a><\/p>\n","protected":false},"excerpt":{"rendered":"<p>Beaucoup de sp\u00e9cialistes pensent que Labyrinthus, film d&rsquo;aventures cyber dont nous avons parl\u00e9 ici) devrait \u00eatre un des cartons de l&rsquo;\u00e9t\u00e9 en Belgique. Principalement en Flandre et \u00e0 Bruxelles, sans doute. Pour mettre tous les atouts de leur c\u00f4t\u00e9, producteur et distributeur lancent une campagne solide et tr\u00e8s visuelle. Si on veut cartonner en salles, &hellip;<\/p>\n","protected":false},"author":7,"featured_media":57964,"comment_status":"closed","ping_status":"closed","sticky":false,"template":"","format":"standard","meta":{"ngg_post_thumbnail":0,"footnotes":""},"categories":[1923],"tags":[],"class_list":["post-57961","post","type-post","status-publish","format-standard","has-post-thumbnail","","category-en-bref"],"yoast_head":"<!-- This site is optimized with the Yoast SEO plugin v20.4 - https:\/\/yoast.com\/wordpress\/plugins\/seo\/ -->\n<title>La photo du jour : mercredi 18 juin 2014 - We Love Cinema<\/title>\n<meta name=\"robots\" content=\"index, follow, max-snippet:-1, max-image-preview:large, max-video-preview:-1\" \/>\n<link rel=\"canonical\" href=\"https:\/\/welovecinema.be\/fr\/photo-du-jour-mercredi-18-juin-2014\/\" \/>\n<meta property=\"og:locale\" content=\"fr_FR\" \/>\n<meta property=\"og:type\" content=\"article\" \/>\n<meta property=\"og:title\" content=\"La photo du jour : mercredi 18 juin 2014 - We Love Cinema\" \/>\n<meta property=\"og:description\" content=\"Beaucoup de sp\u00e9cialistes pensent que Labyrinthus, film d&rsquo;aventures cyber dont nous avons parl\u00e9 ici) devrait \u00eatre un des cartons de l&rsquo;\u00e9t\u00e9 en Belgique. Principalement en Flandre et \u00e0 Bruxelles, sans doute. Pour mettre tous les atouts de leur c\u00f4t\u00e9, producteur et distributeur lancent une campagne solide et tr\u00e8s visuelle. Si on veut cartonner en salles, &hellip;\" \/>\n<meta property=\"og:url\" content=\"https:\/\/welovecinema.be\/fr\/photo-du-jour-mercredi-18-juin-2014\/\" \/>\n<meta property=\"og:site_name\" content=\"We Love Cinema\" \/>\n<meta property=\"article:publisher\" content=\"https:\/\/www.facebook.com\/welovecinema.be\" \/>\n<meta property=\"article:published_time\" content=\"2014-06-18T04:48:41+00:00\" \/>\n<meta property=\"article:modified_time\" content=\"2014-06-16T10:06:42+00:00\" \/>\n<meta property=\"og:image\" content=\"https:\/\/welovecinema.be\/wp-content\/uploads\/sites\/2\/2010\/06\/app6.jpg\" \/>\n\t<meta property=\"og:image:width\" content=\"1536\" \/>\n\t<meta property=\"og:image:height\" content=\"1024\" \/>\n\t<meta property=\"og:image:type\" content=\"image\/jpeg\" \/>\n<meta name=\"author\" content=\"Philippe.Pierquin\" \/>\n<meta name=\"twitter:card\" content=\"summary_large_image\" \/>\n<meta name=\"twitter:label1\" content=\"\u00c9crit par\" \/>\n\t<meta name=\"twitter:data1\" content=\"Philippe.Pierquin\" \/>\n<script type=\"application\/ld+json\" class=\"yoast-schema-graph\">{\"@context\":\"https:\/\/schema.org\",\"@graph\":[{\"@type\":\"Article\",\"@id\":\"https:\/\/welovecinema.be\/fr\/photo-du-jour-mercredi-18-juin-2014\/#article\",\"isPartOf\":{\"@id\":\"https:\/\/welovecinema.be\/fr\/photo-du-jour-mercredi-18-juin-2014\/\"},\"author\":{\"name\":\"Philippe.Pierquin\",\"@id\":\"https:\/\/welovecinema.be\/nl\/#\/schema\/person\/4b9b1d857f0943453a38a7c2859ef756\"},\"headline\":\"La photo du jour : mercredi 18 juin 2014\",\"datePublished\":\"2014-06-18T04:48:41+00:00\",\"dateModified\":\"2014-06-16T10:06:42+00:00\",\"mainEntityOfPage\":{\"@id\":\"https:\/\/welovecinema.be\/fr\/photo-du-jour-mercredi-18-juin-2014\/\"},\"wordCount\":73,\"publisher\":{\"@id\":\"https:\/\/welovecinema.be\/nl\/#organization\"},\"articleSection\":[\"En bref\"],\"inLanguage\":\"fr-FR\"},{\"@type\":\"WebPage\",\"@id\":\"https:\/\/welovecinema.be\/fr\/photo-du-jour-mercredi-18-juin-2014\/\",\"url\":\"https:\/\/welovecinema.be\/fr\/photo-du-jour-mercredi-18-juin-2014\/\",\"name\":\"La photo du jour : mercredi 18 juin 2014 - We Love Cinema\",\"isPartOf\":{\"@id\":\"https:\/\/welovecinema.be\/nl\/#website\"},\"datePublished\":\"2014-06-18T04:48:41+00:00\",\"dateModified\":\"2014-06-16T10:06:42+00:00\",\"breadcrumb\":{\"@id\":\"https:\/\/welovecinema.be\/fr\/photo-du-jour-mercredi-18-juin-2014\/#breadcrumb\"},\"inLanguage\":\"fr-FR\",\"potentialAction\":[{\"@type\":\"ReadAction\",\"target\":[\"https:\/\/welovecinema.be\/fr\/photo-du-jour-mercredi-18-juin-2014\/\"]}]},{\"@type\":\"BreadcrumbList\",\"@id\":\"https:\/\/welovecinema.be\/fr\/photo-du-jour-mercredi-18-juin-2014\/#breadcrumb\",\"itemListElement\":[{\"@type\":\"ListItem\",\"position\":1,\"name\":\"Accueil\",\"item\":\"https:\/\/welovecinema.be\/fr\/\"},{\"@type\":\"ListItem\",\"position\":2,\"name\":\"La photo du jour : mercredi 18 juin 2014\"}]},{\"@type\":\"WebSite\",\"@id\":\"https:\/\/welovecinema.be\/nl\/#website\",\"url\":\"https:\/\/welovecinema.be\/nl\/\",\"name\":\"We Love Cinema\",\"description\":\"Toute l\u2019information du cin\u00e9ma en Belgique\",\"publisher\":{\"@id\":\"https:\/\/welovecinema.be\/nl\/#organization\"},\"potentialAction\":[{\"@type\":\"SearchAction\",\"target\":{\"@type\":\"EntryPoint\",\"urlTemplate\":\"https:\/\/welovecinema.be\/nl\/?s={search_term_string}\"},\"query-input\":\"required name=search_term_string\"}],\"inLanguage\":\"fr-FR\"},{\"@type\":\"Organization\",\"@id\":\"https:\/\/welovecinema.be\/nl\/#organization\",\"name\":\"We Love Cinema\",\"url\":\"https:\/\/welovecinema.be\/nl\/\",\"logo\":{\"@type\":\"ImageObject\",\"inLanguage\":\"fr-FR\",\"@id\":\"https:\/\/welovecinema.be\/nl\/#\/schema\/logo\/image\/\",\"url\":\"https:\/\/welovecinema.be\/wp-content\/uploads\/sites\/2\/2023\/03\/Logo-We-Love-Cinema305x128.jpg\",\"contentUrl\":\"https:\/\/welovecinema.be\/wp-content\/uploads\/sites\/2\/2023\/03\/Logo-We-Love-Cinema305x128.jpg\",\"width\":305,\"height\":128,\"caption\":\"We Love Cinema\"},\"image\":{\"@id\":\"https:\/\/welovecinema.be\/nl\/#\/schema\/logo\/image\/\"},\"sameAs\":[\"https:\/\/www.facebook.com\/welovecinema.be\",\"https:\/\/www.youtube.com\/channel\/UCX5LYGVhnKvYauW4Nta4HJA\",\"https:\/\/www.instagram.com\/welovecinema.be\/\"]},{\"@type\":\"Person\",\"@id\":\"https:\/\/welovecinema.be\/nl\/#\/schema\/person\/4b9b1d857f0943453a38a7c2859ef756\",\"name\":\"Philippe.Pierquin\",\"url\":\"https:\/\/welovecinema.be\/fr\/author\/philippe-pierquin\/\"}]}<\/script>\n<!-- \/ Yoast SEO plugin. -->","yoast_head_json":{"title":"La photo du jour : mercredi 18 juin 2014 - We Love Cinema","robots":{"index":"index","follow":"follow","max-snippet":"max-snippet:-1","max-image-preview":"max-image-preview:large","max-video-preview":"max-video-preview:-1"},"canonical":"https:\/\/welovecinema.be\/fr\/photo-du-jour-mercredi-18-juin-2014\/","og_locale":"fr_FR","og_type":"article","og_title":"La photo du jour : mercredi 18 juin 2014 - We Love Cinema","og_description":"Beaucoup de sp\u00e9cialistes pensent que Labyrinthus, film d&rsquo;aventures cyber dont nous avons parl\u00e9 ici) devrait \u00eatre un des cartons de l&rsquo;\u00e9t\u00e9 en Belgique. Principalement en Flandre et \u00e0 Bruxelles, sans doute. Pour mettre tous les atouts de leur c\u00f4t\u00e9, producteur et distributeur lancent une campagne solide et tr\u00e8s visuelle. Si on veut cartonner en salles, &hellip;","og_url":"https:\/\/welovecinema.be\/fr\/photo-du-jour-mercredi-18-juin-2014\/","og_site_name":"We Love Cinema","article_publisher":"https:\/\/www.facebook.com\/welovecinema.be","article_published_time":"2014-06-18T04:48:41+00:00","article_modified_time":"2014-06-16T10:06:42+00:00","og_image":[{"width":1536,"height":1024,"url":"https:\/\/welovecinema.be\/wp-content\/uploads\/sites\/2\/2010\/06\/app6.jpg","type":"image\/jpeg"}],"author":"Philippe.Pierquin","twitter_card":"summary_large_image","twitter_misc":{"\u00c9crit par":"Philippe.Pierquin"},"schema":{"@context":"https:\/\/schema.org","@graph":[{"@type":"Article","@id":"https:\/\/welovecinema.be\/fr\/photo-du-jour-mercredi-18-juin-2014\/#article","isPartOf":{"@id":"https:\/\/welovecinema.be\/fr\/photo-du-jour-mercredi-18-juin-2014\/"},"author":{"name":"Philippe.Pierquin","@id":"https:\/\/welovecinema.be\/nl\/#\/schema\/person\/4b9b1d857f0943453a38a7c2859ef756"},"headline":"La photo du jour : mercredi 18 juin 2014","datePublished":"2014-06-18T04:48:41+00:00","dateModified":"2014-06-16T10:06:42+00:00","mainEntityOfPage":{"@id":"https:\/\/welovecinema.be\/fr\/photo-du-jour-mercredi-18-juin-2014\/"},"wordCount":73,"publisher":{"@id":"https:\/\/welovecinema.be\/nl\/#organization"},"articleSection":["En bref"],"inLanguage":"fr-FR"},{"@type":"WebPage","@id":"https:\/\/welovecinema.be\/fr\/photo-du-jour-mercredi-18-juin-2014\/","url":"https:\/\/welovecinema.be\/fr\/photo-du-jour-mercredi-18-juin-2014\/","name":"La photo du jour : mercredi 18 juin 2014 - We Love Cinema","isPartOf":{"@id":"https:\/\/welovecinema.be\/nl\/#website"},"datePublished":"2014-06-18T04:48:41+00:00","dateModified":"2014-06-16T10:06:42+00:00","breadcrumb":{"@id":"https:\/\/welovecinema.be\/fr\/photo-du-jour-mercredi-18-juin-2014\/#breadcrumb"},"inLanguage":"fr-FR","potentialAction":[{"@type":"ReadAction","target":["https:\/\/welovecinema.be\/fr\/photo-du-jour-mercredi-18-juin-2014\/"]}]},{"@type":"BreadcrumbList","@id":"https:\/\/welovecinema.be\/fr\/photo-du-jour-mercredi-18-juin-2014\/#breadcrumb","itemListElement":[{"@type":"ListItem","position":1,"name":"Accueil","item":"https:\/\/welovecinema.be\/fr\/"},{"@type":"ListItem","position":2,"name":"La photo du jour : mercredi 18 juin 2014"}]},{"@type":"WebSite","@id":"https:\/\/welovecinema.be\/nl\/#website","url":"https:\/\/welovecinema.be\/nl\/","name":"We Love Cinema","description":"Toute l\u2019information du cin\u00e9ma en Belgique","publisher":{"@id":"https:\/\/welovecinema.be\/nl\/#organization"},"potentialAction":[{"@type":"SearchAction","target":{"@type":"EntryPoint","urlTemplate":"https:\/\/welovecinema.be\/nl\/?s={search_term_string}"},"query-input":"required name=search_term_string"}],"inLanguage":"fr-FR"},{"@type":"Organization","@id":"https:\/\/welovecinema.be\/nl\/#organization","name":"We Love Cinema","url":"https:\/\/welovecinema.be\/nl\/","logo":{"@type":"ImageObject","inLanguage":"fr-FR","@id":"https:\/\/welovecinema.be\/nl\/#\/schema\/logo\/image\/","url":"https:\/\/welovecinema.be\/wp-content\/uploads\/sites\/2\/2023\/03\/Logo-We-Love-Cinema305x128.jpg","contentUrl":"https:\/\/welovecinema.be\/wp-content\/uploads\/sites\/2\/2023\/03\/Logo-We-Love-Cinema305x128.jpg","width":305,"height":128,"caption":"We Love Cinema"},"image":{"@id":"https:\/\/welovecinema.be\/nl\/#\/schema\/logo\/image\/"},"sameAs":["https:\/\/www.facebook.com\/welovecinema.be","https:\/\/www.youtube.com\/channel\/UCX5LYGVhnKvYauW4Nta4HJA","https:\/\/www.instagram.com\/welovecinema.be\/"]},{"@type":"Person","@id":"https:\/\/welovecinema.be\/nl\/#\/schema\/person\/4b9b1d857f0943453a38a7c2859ef756","name":"Philippe.Pierquin","url":"https:\/\/welovecinema.be\/fr\/author\/philippe-pierquin\/"}]}},"_links":{"self":[{"href":"https:\/\/welovecinema.be\/fr\/wp-json\/wp\/v2\/posts\/57961","targetHints":{"allow":["GET"]}}],"collection":[{"href":"https:\/\/welovecinema.be\/fr\/wp-json\/wp\/v2\/posts"}],"about":[{"href":"https:\/\/welovecinema.be\/fr\/wp-json\/wp\/v2\/types\/post"}],"author":[{"embeddable":true,"href":"https:\/\/welovecinema.be\/fr\/wp-json\/wp\/v2\/users\/7"}],"replies":[{"embeddable":true,"href":"https:\/\/welovecinema.be\/fr\/wp-json\/wp\/v2\/comments?post=57961"}],"version-history":[{"count":0,"href":"https:\/\/welovecinema.be\/fr\/wp-json\/wp\/v2\/posts\/57961\/revisions"}],"wp:featuredmedia":[{"embeddable":true,"href":"https:\/\/welovecinema.be\/fr\/wp-json\/wp\/v2\/media\/57964"}],"wp:attachment":[{"href":"https:\/\/welovecinema.be\/fr\/wp-json\/wp\/v2\/media?parent=57961"}],"wp:term":[{"taxonomy":"category","embeddable":true,"href":"https:\/\/welovecinema.be\/fr\/wp-json\/wp\/v2\/categories?post=57961"},{"taxonomy":"post_tag","embeddable":true,"href":"https:\/\/welovecinema.be\/fr\/wp-json\/wp\/v2\/tags?post=57961"}],"curies":[{"name":"wp","href":"https:\/\/api.w.org\/{rel}","templated":true}]}}