{"id":57891,"date":"2014-06-15T12:50:58","date_gmt":"2014-06-15T10:50:58","guid":{"rendered":"http:\/\/www.cinevox.be\/?p=57891"},"modified":"2014-06-16T14:23:10","modified_gmt":"2014-06-16T12:23:10","slug":"cinema-belge-fait-genre-cabourg","status":"publish","type":"post","link":"https:\/\/welovecinema.be\/fr\/cinema-belge-fait-genre-cabourg\/","title":{"rendered":"Le cin\u00e9ma belge : tout \u00e0 fait le genre de Cabourg"},"content":{"rendered":"<p>Le cin\u00e9ma belge a pass\u00e9 une excellente fin de semaine au festival du film de Cabourg, haut lieu du romantisme et de l\u2019amour.<!--more--><\/p>\n<p>&nbsp;<\/p>\n<p>Si le Grand Prix est revenu (ex aequo) \u00e0 <i>Party Girl<\/i> de Marie Amachoukeli, Claire Burger et Samuel Theis, couronn\u00e9 \u00e0 Cannes par la Cam\u00e9ra d\u2019or, et \u00e0 \u00a0<i>Matterhorn<\/i>, de Diederik Ebbinge, Pas son Genre a d\u00e9croch\u00e9 le Swann d&rsquo;Or du meilleur film.<\/p>\n<p>&nbsp;<\/p>\n<p>&nbsp;<\/p>\n<p><a href=\"http:\/\/www.cinevox.be\/cinema-belge-fait-genre-cabourg\/10262211_885263128157123_659735287737880232_n\/\" rel=\"attachment wp-att-57896\"><img loading=\"lazy\" decoding=\"async\" class=\"alignright size-medium wp-image-57896\" alt=\"\" src=\"http:\/\/www.cinevox.be\/wp-content\/uploads\/sites\/2\/2014\/06\/10262211_885263128157123_659735287737880232_n-180x270.jpg\" width=\"180\" height=\"270\" srcset=\"https:\/\/welovecinema.be\/wp-content\/uploads\/sites\/2\/2014\/06\/10262211_885263128157123_659735287737880232_n-180x270.jpg 180w, https:\/\/welovecinema.be\/wp-content\/uploads\/sites\/2\/2014\/06\/10262211_885263128157123_659735287737880232_n-400x600.jpg 400w, https:\/\/welovecinema.be\/wp-content\/uploads\/sites\/2\/2014\/06\/10262211_885263128157123_659735287737880232_n.jpg 641w\" sizes=\"auto, (max-width: 180px) 100vw, 180px\" \/><\/a><\/p>\n<p>Mieux ! Ses deux com\u00e9diens ont r\u00e9colt\u00e9 les prix d\u2019interpr\u00e9tation :\u00a0<b>Emilie Dequenne,<\/b>\u00a0meilleure actrice et\u00a0<b>Lo\u00efc Corbery,<\/b>\u00a0meilleur acteur.<\/p>\n<p>Depuis le temps qu\u2019on vous dit que ce film est \u00e0 voir en priorit\u00e9\u2026 \ud83d\ude09<\/p>\n<p>&nbsp;<\/p>\n<p>Et ce n\u2019est pas tout: <i>Marina<\/i> de <b>Stijn Coninx<\/b> a remport\u00e9 le prix de la jeunesse et Solo Rex, court m\u00e9trage coproduit par Helicotronc et Ultime razzia, \u00a0r\u00e9compens\u00e9 \u00e0 Cannes par Unifrance a \u00e9galement glan\u00e9 deux prix. <b>Wim Willaert,<\/b> actuellement en tournage avec Bouli Lanners et les fr\u00e8res Malandrin pour <i>Je suis mort, mais j\u2019ai des amis, <\/i>\u00a0a \u00e9t\u00e9 \u00e9lu meilleur acteur de la cat\u00e9gorie court m\u00e9trage tandis que <b>Fiona Braillon <\/b>d\u00e9crochait le prix de la meilleure photo.<\/p>\n<p>&nbsp;<\/p>\n<p>Sacr\u00e9 tir group\u00e9, non?<\/p>\n<p>&nbsp;<\/p>\n<p><a href=\"http:\/\/www.cinevox.be\/cinema-belge-fait-genre-cabourg\/swann\/\" rel=\"attachment wp-att-57895\"><img loading=\"lazy\" decoding=\"async\" class=\"aligncenter size-full wp-image-57895\" alt=\"\" src=\"http:\/\/www.cinevox.be\/wp-content\/uploads\/sites\/2\/2014\/06\/swann.png\" width=\"640\" height=\"820\" srcset=\"https:\/\/welovecinema.be\/wp-content\/uploads\/sites\/2\/2014\/06\/swann.png 640w, https:\/\/welovecinema.be\/wp-content\/uploads\/sites\/2\/2014\/06\/swann-210x270.png 210w, https:\/\/welovecinema.be\/wp-content\/uploads\/sites\/2\/2014\/06\/swann-468x600.png 468w\" sizes=\"auto, (max-width: 640px) 100vw, 640px\" \/><\/a><\/p>\n","protected":false},"excerpt":{"rendered":"<p>Le cin\u00e9ma belge a pass\u00e9 une excellente fin de semaine au festival du film de Cabourg, haut lieu du romantisme et de l\u2019amour.<\/p>\n","protected":false},"author":7,"featured_media":57899,"comment_status":"closed","ping_status":"closed","sticky":false,"template":"","format":"standard","meta":{"ngg_post_thumbnail":0,"footnotes":""},"categories":[12],"tags":[],"class_list":["post-57891","post","type-post","status-publish","format-standard","has-post-thumbnail","","category-awards"],"yoast_head":"<!-- This site is optimized with the Yoast SEO plugin v20.4 - https:\/\/yoast.com\/wordpress\/plugins\/seo\/ -->\n<title>Le cin\u00e9ma belge : tout \u00e0 fait le genre de Cabourg - We Love Cinema<\/title>\n<meta name=\"robots\" content=\"index, follow, max-snippet:-1, max-image-preview:large, max-video-preview:-1\" \/>\n<link rel=\"canonical\" href=\"https:\/\/welovecinema.be\/fr\/cinema-belge-fait-genre-cabourg\/\" \/>\n<meta property=\"og:locale\" content=\"fr_FR\" \/>\n<meta property=\"og:type\" content=\"article\" \/>\n<meta property=\"og:title\" content=\"Le cin\u00e9ma belge : tout \u00e0 fait le genre de Cabourg - We Love Cinema\" \/>\n<meta property=\"og:description\" content=\"Le cin\u00e9ma belge a pass\u00e9 une excellente fin de semaine au festival du film de Cabourg, haut lieu du romantisme et de l\u2019amour.\" \/>\n<meta property=\"og:url\" content=\"https:\/\/welovecinema.be\/fr\/cinema-belge-fait-genre-cabourg\/\" \/>\n<meta property=\"og:site_name\" content=\"We Love Cinema\" \/>\n<meta property=\"article:publisher\" content=\"https:\/\/www.facebook.com\/welovecinema.be\" \/>\n<meta property=\"article:published_time\" content=\"2014-06-15T10:50:58+00:00\" \/>\n<meta property=\"article:modified_time\" content=\"2014-06-16T12:23:10+00:00\" \/>\n<meta property=\"og:image\" content=\"https:\/\/welovecinema.be\/wp-content\/uploads\/sites\/2\/2014\/06\/10453014_885263444823758_4096551949920235682_o.jpg\" \/>\n\t<meta property=\"og:image:width\" content=\"2048\" \/>\n\t<meta property=\"og:image:height\" content=\"1367\" \/>\n\t<meta property=\"og:image:type\" content=\"image\/jpeg\" \/>\n<meta name=\"author\" content=\"Philippe.Pierquin\" \/>\n<meta name=\"twitter:card\" content=\"summary_large_image\" \/>\n<meta name=\"twitter:label1\" content=\"\u00c9crit par\" \/>\n\t<meta name=\"twitter:data1\" content=\"Philippe.Pierquin\" \/>\n\t<meta name=\"twitter:label2\" content=\"Dur\u00e9e de lecture estim\u00e9e\" \/>\n\t<meta name=\"twitter:data2\" content=\"1 minute\" \/>\n<script type=\"application\/ld+json\" class=\"yoast-schema-graph\">{\"@context\":\"https:\/\/schema.org\",\"@graph\":[{\"@type\":\"Article\",\"@id\":\"https:\/\/welovecinema.be\/fr\/cinema-belge-fait-genre-cabourg\/#article\",\"isPartOf\":{\"@id\":\"https:\/\/welovecinema.be\/fr\/cinema-belge-fait-genre-cabourg\/\"},\"author\":{\"name\":\"Philippe.Pierquin\",\"@id\":\"https:\/\/welovecinema.be\/nl\/#\/schema\/person\/4b9b1d857f0943453a38a7c2859ef756\"},\"headline\":\"Le cin\u00e9ma belge : tout \u00e0 fait le genre de Cabourg\",\"datePublished\":\"2014-06-15T10:50:58+00:00\",\"dateModified\":\"2014-06-16T12:23:10+00:00\",\"mainEntityOfPage\":{\"@id\":\"https:\/\/welovecinema.be\/fr\/cinema-belge-fait-genre-cabourg\/\"},\"wordCount\":212,\"publisher\":{\"@id\":\"https:\/\/welovecinema.be\/nl\/#organization\"},\"articleSection\":[\"Evenements\"],\"inLanguage\":\"fr-FR\"},{\"@type\":\"WebPage\",\"@id\":\"https:\/\/welovecinema.be\/fr\/cinema-belge-fait-genre-cabourg\/\",\"url\":\"https:\/\/welovecinema.be\/fr\/cinema-belge-fait-genre-cabourg\/\",\"name\":\"Le cin\u00e9ma belge : tout \u00e0 fait le genre de Cabourg - We Love Cinema\",\"isPartOf\":{\"@id\":\"https:\/\/welovecinema.be\/nl\/#website\"},\"datePublished\":\"2014-06-15T10:50:58+00:00\",\"dateModified\":\"2014-06-16T12:23:10+00:00\",\"breadcrumb\":{\"@id\":\"https:\/\/welovecinema.be\/fr\/cinema-belge-fait-genre-cabourg\/#breadcrumb\"},\"inLanguage\":\"fr-FR\",\"potentialAction\":[{\"@type\":\"ReadAction\",\"target\":[\"https:\/\/welovecinema.be\/fr\/cinema-belge-fait-genre-cabourg\/\"]}]},{\"@type\":\"BreadcrumbList\",\"@id\":\"https:\/\/welovecinema.be\/fr\/cinema-belge-fait-genre-cabourg\/#breadcrumb\",\"itemListElement\":[{\"@type\":\"ListItem\",\"position\":1,\"name\":\"Accueil\",\"item\":\"https:\/\/welovecinema.be\/fr\/\"},{\"@type\":\"ListItem\",\"position\":2,\"name\":\"Le cin\u00e9ma belge : tout \u00e0 fait le genre de Cabourg\"}]},{\"@type\":\"WebSite\",\"@id\":\"https:\/\/welovecinema.be\/nl\/#website\",\"url\":\"https:\/\/welovecinema.be\/nl\/\",\"name\":\"We Love Cinema\",\"description\":\"Toute l\u2019information du cin\u00e9ma en Belgique\",\"publisher\":{\"@id\":\"https:\/\/welovecinema.be\/nl\/#organization\"},\"potentialAction\":[{\"@type\":\"SearchAction\",\"target\":{\"@type\":\"EntryPoint\",\"urlTemplate\":\"https:\/\/welovecinema.be\/nl\/?s={search_term_string}\"},\"query-input\":\"required name=search_term_string\"}],\"inLanguage\":\"fr-FR\"},{\"@type\":\"Organization\",\"@id\":\"https:\/\/welovecinema.be\/nl\/#organization\",\"name\":\"We Love Cinema\",\"url\":\"https:\/\/welovecinema.be\/nl\/\",\"logo\":{\"@type\":\"ImageObject\",\"inLanguage\":\"fr-FR\",\"@id\":\"https:\/\/welovecinema.be\/nl\/#\/schema\/logo\/image\/\",\"url\":\"https:\/\/welovecinema.be\/wp-content\/uploads\/sites\/2\/2023\/03\/Logo-We-Love-Cinema305x128.jpg\",\"contentUrl\":\"https:\/\/welovecinema.be\/wp-content\/uploads\/sites\/2\/2023\/03\/Logo-We-Love-Cinema305x128.jpg\",\"width\":305,\"height\":128,\"caption\":\"We Love Cinema\"},\"image\":{\"@id\":\"https:\/\/welovecinema.be\/nl\/#\/schema\/logo\/image\/\"},\"sameAs\":[\"https:\/\/www.facebook.com\/welovecinema.be\",\"https:\/\/www.youtube.com\/channel\/UCX5LYGVhnKvYauW4Nta4HJA\",\"https:\/\/www.instagram.com\/welovecinema.be\/\"]},{\"@type\":\"Person\",\"@id\":\"https:\/\/welovecinema.be\/nl\/#\/schema\/person\/4b9b1d857f0943453a38a7c2859ef756\",\"name\":\"Philippe.Pierquin\",\"url\":\"https:\/\/welovecinema.be\/fr\/author\/philippe-pierquin\/\"}]}<\/script>\n<!-- \/ Yoast SEO plugin. -->","yoast_head_json":{"title":"Le cin\u00e9ma belge : tout \u00e0 fait le genre de Cabourg - We Love Cinema","robots":{"index":"index","follow":"follow","max-snippet":"max-snippet:-1","max-image-preview":"max-image-preview:large","max-video-preview":"max-video-preview:-1"},"canonical":"https:\/\/welovecinema.be\/fr\/cinema-belge-fait-genre-cabourg\/","og_locale":"fr_FR","og_type":"article","og_title":"Le cin\u00e9ma belge : tout \u00e0 fait le genre de Cabourg - We Love Cinema","og_description":"Le cin\u00e9ma belge a pass\u00e9 une excellente fin de semaine au festival du film de Cabourg, haut lieu du romantisme et de l\u2019amour.","og_url":"https:\/\/welovecinema.be\/fr\/cinema-belge-fait-genre-cabourg\/","og_site_name":"We Love Cinema","article_publisher":"https:\/\/www.facebook.com\/welovecinema.be","article_published_time":"2014-06-15T10:50:58+00:00","article_modified_time":"2014-06-16T12:23:10+00:00","og_image":[{"width":2048,"height":1367,"url":"https:\/\/welovecinema.be\/wp-content\/uploads\/sites\/2\/2014\/06\/10453014_885263444823758_4096551949920235682_o.jpg","type":"image\/jpeg"}],"author":"Philippe.Pierquin","twitter_card":"summary_large_image","twitter_misc":{"\u00c9crit par":"Philippe.Pierquin","Dur\u00e9e de lecture estim\u00e9e":"1 minute"},"schema":{"@context":"https:\/\/schema.org","@graph":[{"@type":"Article","@id":"https:\/\/welovecinema.be\/fr\/cinema-belge-fait-genre-cabourg\/#article","isPartOf":{"@id":"https:\/\/welovecinema.be\/fr\/cinema-belge-fait-genre-cabourg\/"},"author":{"name":"Philippe.Pierquin","@id":"https:\/\/welovecinema.be\/nl\/#\/schema\/person\/4b9b1d857f0943453a38a7c2859ef756"},"headline":"Le cin\u00e9ma belge : tout \u00e0 fait le genre de Cabourg","datePublished":"2014-06-15T10:50:58+00:00","dateModified":"2014-06-16T12:23:10+00:00","mainEntityOfPage":{"@id":"https:\/\/welovecinema.be\/fr\/cinema-belge-fait-genre-cabourg\/"},"wordCount":212,"publisher":{"@id":"https:\/\/welovecinema.be\/nl\/#organization"},"articleSection":["Evenements"],"inLanguage":"fr-FR"},{"@type":"WebPage","@id":"https:\/\/welovecinema.be\/fr\/cinema-belge-fait-genre-cabourg\/","url":"https:\/\/welovecinema.be\/fr\/cinema-belge-fait-genre-cabourg\/","name":"Le cin\u00e9ma belge : tout \u00e0 fait le genre de Cabourg - We Love Cinema","isPartOf":{"@id":"https:\/\/welovecinema.be\/nl\/#website"},"datePublished":"2014-06-15T10:50:58+00:00","dateModified":"2014-06-16T12:23:10+00:00","breadcrumb":{"@id":"https:\/\/welovecinema.be\/fr\/cinema-belge-fait-genre-cabourg\/#breadcrumb"},"inLanguage":"fr-FR","potentialAction":[{"@type":"ReadAction","target":["https:\/\/welovecinema.be\/fr\/cinema-belge-fait-genre-cabourg\/"]}]},{"@type":"BreadcrumbList","@id":"https:\/\/welovecinema.be\/fr\/cinema-belge-fait-genre-cabourg\/#breadcrumb","itemListElement":[{"@type":"ListItem","position":1,"name":"Accueil","item":"https:\/\/welovecinema.be\/fr\/"},{"@type":"ListItem","position":2,"name":"Le cin\u00e9ma belge : tout \u00e0 fait le genre de Cabourg"}]},{"@type":"WebSite","@id":"https:\/\/welovecinema.be\/nl\/#website","url":"https:\/\/welovecinema.be\/nl\/","name":"We Love Cinema","description":"Toute l\u2019information du cin\u00e9ma en Belgique","publisher":{"@id":"https:\/\/welovecinema.be\/nl\/#organization"},"potentialAction":[{"@type":"SearchAction","target":{"@type":"EntryPoint","urlTemplate":"https:\/\/welovecinema.be\/nl\/?s={search_term_string}"},"query-input":"required name=search_term_string"}],"inLanguage":"fr-FR"},{"@type":"Organization","@id":"https:\/\/welovecinema.be\/nl\/#organization","name":"We Love Cinema","url":"https:\/\/welovecinema.be\/nl\/","logo":{"@type":"ImageObject","inLanguage":"fr-FR","@id":"https:\/\/welovecinema.be\/nl\/#\/schema\/logo\/image\/","url":"https:\/\/welovecinema.be\/wp-content\/uploads\/sites\/2\/2023\/03\/Logo-We-Love-Cinema305x128.jpg","contentUrl":"https:\/\/welovecinema.be\/wp-content\/uploads\/sites\/2\/2023\/03\/Logo-We-Love-Cinema305x128.jpg","width":305,"height":128,"caption":"We Love Cinema"},"image":{"@id":"https:\/\/welovecinema.be\/nl\/#\/schema\/logo\/image\/"},"sameAs":["https:\/\/www.facebook.com\/welovecinema.be","https:\/\/www.youtube.com\/channel\/UCX5LYGVhnKvYauW4Nta4HJA","https:\/\/www.instagram.com\/welovecinema.be\/"]},{"@type":"Person","@id":"https:\/\/welovecinema.be\/nl\/#\/schema\/person\/4b9b1d857f0943453a38a7c2859ef756","name":"Philippe.Pierquin","url":"https:\/\/welovecinema.be\/fr\/author\/philippe-pierquin\/"}]}},"_links":{"self":[{"href":"https:\/\/welovecinema.be\/fr\/wp-json\/wp\/v2\/posts\/57891","targetHints":{"allow":["GET"]}}],"collection":[{"href":"https:\/\/welovecinema.be\/fr\/wp-json\/wp\/v2\/posts"}],"about":[{"href":"https:\/\/welovecinema.be\/fr\/wp-json\/wp\/v2\/types\/post"}],"author":[{"embeddable":true,"href":"https:\/\/welovecinema.be\/fr\/wp-json\/wp\/v2\/users\/7"}],"replies":[{"embeddable":true,"href":"https:\/\/welovecinema.be\/fr\/wp-json\/wp\/v2\/comments?post=57891"}],"version-history":[{"count":0,"href":"https:\/\/welovecinema.be\/fr\/wp-json\/wp\/v2\/posts\/57891\/revisions"}],"wp:featuredmedia":[{"embeddable":true,"href":"https:\/\/welovecinema.be\/fr\/wp-json\/wp\/v2\/media\/57899"}],"wp:attachment":[{"href":"https:\/\/welovecinema.be\/fr\/wp-json\/wp\/v2\/media?parent=57891"}],"wp:term":[{"taxonomy":"category","embeddable":true,"href":"https:\/\/welovecinema.be\/fr\/wp-json\/wp\/v2\/categories?post=57891"},{"taxonomy":"post_tag","embeddable":true,"href":"https:\/\/welovecinema.be\/fr\/wp-json\/wp\/v2\/tags?post=57891"}],"curies":[{"name":"wp","href":"https:\/\/api.w.org\/{rel}","templated":true}]}}