{"id":57282,"date":"2014-06-03T08:54:06","date_gmt":"2014-06-03T06:54:06","guid":{"rendered":"http:\/\/www.cinevox.be\/?p=57282"},"modified":"2014-06-02T20:44:48","modified_gmt":"2014-06-02T18:44:48","slug":"welkom-trois","status":"publish","type":"post","link":"https:\/\/welovecinema.be\/fr\/welkom-trois\/","title":{"rendered":"Welkom sur la Trois !"},"content":{"rendered":"<p>Alors que <i>le Court qui en dit long<\/i>, annuel festival organis\u00e9 \u00e0 Paris par le Centre Wallonie-Bruxelles autour des courts m\u00e9trages belges a d\u00e9but\u00e9 lundi (lire <a href=\"http:\/\/www.cinevox.be\/?p=54928\" target=\"_blank\">ici<\/a>), Tout court nous offre un formidable cadeau sur la Trois ce mercredi : la premi\u00e8re t\u00e9l\u00e9vis\u00e9e de <i>Welkom<\/i>, le court m\u00e9trage ph\u00e9nom\u00e8ne de l&rsquo;ann\u00e9e 2014 qui a remport\u00e9 des prix dans tous les festivals visit\u00e9s, mais aussi le Magritte de la discipline au Mont des Arts d\u00e9but f\u00e9vrier.<\/p>\n<p>L&rsquo;occasion (tardive, mais un petit enregistrement s&rsquo;impose de toute fa\u00e7on) de d\u00e9couvrir une perle d&rsquo;humour absurde qui pourrait bien ressembler \u00e0 la m\u00e9taphore parfaite de notre pays de doux dingues. La poule en plus.<\/p>\n<p>Hilarant. Irr\u00e9sistible. Immanquable !<!--more--><\/p>\n<p>&nbsp;<\/p>\n<p>&nbsp;<\/p>\n<p><a href=\"http:\/\/www.cinevox.be\/welkom-trois\/welkomm-4\/\" rel=\"attachment wp-att-57283\"><img loading=\"lazy\" decoding=\"async\" class=\"aligncenter size-full wp-image-57283\" alt=\"\" src=\"http:\/\/www.cinevox.be\/wp-content\/uploads\/sites\/2\/2014\/06\/welkomm-4.jpg\" width=\"800\" height=\"532\" srcset=\"https:\/\/welovecinema.be\/wp-content\/uploads\/sites\/2\/2014\/06\/welkomm-4.jpg 800w, https:\/\/welovecinema.be\/wp-content\/uploads\/sites\/2\/2014\/06\/welkomm-4-406x270.jpg 406w\" sizes=\"auto, (max-width: 800px) 100vw, 800px\" \/><\/a><\/p>\n<p>&nbsp;<\/p>\n<h1>23:55\u00a0&#8211; <b>Welkom<\/b><\/h1>\n<ul>\n<li><b>Dur\u00e9e:<\/b>\u00a000:17<\/li>\n<\/ul>\n<p>Jorge et Antonio habitent dans une petite maison dont le jardin est \u00e0 cheval entre Wallonie et Flandre. Dans leur langage quotidien, c&rsquo;est l&rsquo;espagnol et le fran\u00e7ais qui ont la cote. Quand Jorge d\u00e9cide de construire un poulailler pour Maria, la poule que son p\u00e8re s\u00e9nile confond avec son \u00e9pouse d\u00e9c\u00e9d\u00e9e, il est contraint de se rendre \u00e0 la commune pour demander un permis de b\u00e2tir. Mais quand on ne parle pas le n\u00e9erlandais, ce n&rsquo;est pas si simple ! Cependant, avec un peu de bonne volont\u00e9 tout peut s&rsquo;av\u00e9rer possible&#8230;<\/p>\n<p>Prix et r\u00e9compenses :<\/p>\n<p>FIFF 2013 : Prix meilleur court m\u00e9trage national, Prix BeTV, Prix du Public<br \/>\nMagritte 2014<\/p>\n<ul>\n<li><b>R\u00e9alisateur:\u00a0<\/b>Pablo Munoz Gomez<\/li>\n<li><b>Sc\u00e9nariste:\u00a0<\/b>Pablo Munoz Gomez, Sarah Schenkel<\/li>\n<li><b>Compositeur:\u00a0<\/b>Rafael Munoz Gomez<\/li>\n<li><b>Acteur\/Actrice:\u00a0<\/b>Jean-Jacques Rausin, Andr\u00e9 Simon, Wim Williaert, Miel Van Hasselt, Daniel Vidovsky<\/li>\n<\/ul>\n<p>&nbsp;<\/p>\n<p><a href=\"http:\/\/www.cinevox.be\/welkom-trois\/nieuwport-2\/\" rel=\"attachment wp-att-57284\"><img loading=\"lazy\" decoding=\"async\" class=\"aligncenter size-large wp-image-57284\" alt=\"\" src=\"http:\/\/www.cinevox.be\/wp-content\/uploads\/sites\/2\/2014\/06\/nieuwport-800x342.jpg\" width=\"640\" height=\"273\" srcset=\"https:\/\/welovecinema.be\/wp-content\/uploads\/sites\/2\/2014\/06\/nieuwport-800x342.jpg 800w, https:\/\/welovecinema.be\/wp-content\/uploads\/sites\/2\/2014\/06\/nieuwport-480x205.jpg 480w, https:\/\/welovecinema.be\/wp-content\/uploads\/sites\/2\/2014\/06\/nieuwport.jpg 940w\" sizes=\"auto, (max-width: 640px) 100vw, 640px\" \/><\/a><\/p>\n<p>&nbsp;<\/p>\n<h1>00:10\u00a0&#8211; <b>Nieuwpoort en juin<\/b><\/h1>\n<ul>\n<li><b>Dur\u00e9e:<\/b>\u00a000:31<\/li>\n<\/ul>\n<p>Michel, un vieil homme de 70 ans, habite sur son bateau dans un port de car\u00e9nage de la c\u00f4te belge. Il est persuad\u00e9 qu&rsquo;il reprendra bient\u00f4t la mer. Luca, son petit-fils de 14 ans, vient passer ses grandes vacances chez lui. C&rsquo;est la premi\u00e8re fois qu&rsquo;ils se rencontrent. Luca a une tumeur \u00e0 l&rsquo;oeil droit et son grand-p\u00e8re, souffrant d&rsquo;Alzheimer, ne cesse de lui demander ce qu&rsquo;il lui est arriv\u00e9 au visage. Entre eux, une femme, Margo, qui travaille aux douches du port.<\/p>\n<ul>\n<li><b>R\u00e9alisateur:\u00a0<\/b>Geoffrey Couanon<\/li>\n<li><b>Sc\u00e9nariste:\u00a0<\/b>Geoffrey Couanon, Marie-Jo Vanriet<\/li>\n<li><b>Compositeur:\u00a0<\/b>R\u00e9mi Boubal<\/li>\n<li><b>Acteur\/Actrice:\u00a0<\/b>Victor Marez, L\u00e9o Franquet, Mieke Verdin<\/li>\n<\/ul>\n<p>&nbsp;<\/p>\n<p><a href=\"http:\/\/www.cinevox.be\/welkom-trois\/boiteasardines-4\/\" rel=\"attachment wp-att-57285\"><img loading=\"lazy\" decoding=\"async\" class=\"aligncenter size-large wp-image-57285\" alt=\"\" src=\"http:\/\/www.cinevox.be\/wp-content\/uploads\/sites\/2\/2014\/06\/boite\u00e0sardines-800x250.jpg\" width=\"640\" height=\"200\" srcset=\"https:\/\/welovecinema.be\/wp-content\/uploads\/sites\/2\/2014\/06\/boite\u00e0sardines-800x250.jpg 800w, https:\/\/welovecinema.be\/wp-content\/uploads\/sites\/2\/2014\/06\/boite\u00e0sardines-480x150.jpg 480w, https:\/\/welovecinema.be\/wp-content\/uploads\/sites\/2\/2014\/06\/boite\u00e0sardines.jpg 1280w\" sizes=\"auto, (max-width: 640px) 100vw, 640px\" \/><\/a><\/p>\n<p>&nbsp;<\/p>\n<h1>00:40\u00a0&#8211; <b>La bo\u00eete de sardines<\/b><\/h1>\n<ul>\n<li><b>Dur\u00e9e:<\/b>\u00a000:09<\/li>\n<\/ul>\n<p>Eva est une petite sir\u00e8ne qui r\u00eave d&rsquo;amour et d\u00e9sesp\u00e8re de trouver l&rsquo;\u00e2me soeur. Elle jette un jour son d\u00e9volu sur \u00c9mile, un p\u00eacheur solitaire, qu&rsquo;elle est bien d\u00e9termin\u00e9e \u00e0 faire succomber \u00e0 ses charmes. Elle d\u00e9ploie une infatigable \u00e9nergie pour le s\u00e9duire. Mais la faille entre ses fantasmes et la r\u00e9alit\u00e9 est malheureusement bien profonde&#8230;<\/p>\n<p>Prix et r\u00e9compenses :<\/p>\n<p>ANIMA 2012 : Prix RTBF et Grand Prix de la F\u00e9d\u00e9ration Wallonie Bruxelles<\/p>\n<ul>\n<li><b>R\u00e9alisateur:\u00a0<\/b>Louise-Marie Colon<\/li>\n<li><b>Sc\u00e9nariste:\u00a0<\/b>Louise-Marie Colon<\/li>\n<\/ul>\n<p>&nbsp;<\/p>\n","protected":false},"excerpt":{"rendered":"<p>Alors que le Court qui en dit long, annuel festival organis\u00e9 \u00e0 Paris par le Centre Wallonie-Bruxelles autour des courts m\u00e9trages belges a d\u00e9but\u00e9 lundi (lire ici), Tout court nous offre un formidable cadeau sur la Trois ce mercredi : la premi\u00e8re t\u00e9l\u00e9vis\u00e9e de Welkom, le court m\u00e9trage ph\u00e9nom\u00e8ne de l&rsquo;ann\u00e9e 2014 qui a remport\u00e9 &hellip;<\/p>\n","protected":false},"author":7,"featured_media":57287,"comment_status":"closed","ping_status":"closed","sticky":false,"template":"","format":"standard","meta":{"ngg_post_thumbnail":0,"footnotes":""},"categories":[14],"tags":[],"class_list":["post-57282","post","type-post","status-publish","format-standard","has-post-thumbnail","","category-home-cinema"],"yoast_head":"<!-- This site is optimized with the Yoast SEO plugin v20.4 - https:\/\/yoast.com\/wordpress\/plugins\/seo\/ -->\n<title>Welkom sur la Trois ! - We Love Cinema<\/title>\n<meta name=\"robots\" content=\"index, follow, max-snippet:-1, max-image-preview:large, max-video-preview:-1\" \/>\n<link rel=\"canonical\" href=\"https:\/\/welovecinema.be\/fr\/welkom-trois\/\" \/>\n<meta property=\"og:locale\" content=\"fr_FR\" \/>\n<meta property=\"og:type\" content=\"article\" \/>\n<meta property=\"og:title\" content=\"Welkom sur la Trois ! - We Love Cinema\" \/>\n<meta property=\"og:description\" content=\"Alors que le Court qui en dit long, annuel festival organis\u00e9 \u00e0 Paris par le Centre Wallonie-Bruxelles autour des courts m\u00e9trages belges a d\u00e9but\u00e9 lundi (lire ici), Tout court nous offre un formidable cadeau sur la Trois ce mercredi : la premi\u00e8re t\u00e9l\u00e9vis\u00e9e de Welkom, le court m\u00e9trage ph\u00e9nom\u00e8ne de l&rsquo;ann\u00e9e 2014 qui a remport\u00e9 &hellip;\" \/>\n<meta property=\"og:url\" content=\"https:\/\/welovecinema.be\/fr\/welkom-trois\/\" \/>\n<meta property=\"og:site_name\" content=\"We Love Cinema\" \/>\n<meta property=\"article:publisher\" content=\"https:\/\/www.facebook.com\/welovecinema.be\" \/>\n<meta property=\"article:published_time\" content=\"2014-06-03T06:54:06+00:00\" \/>\n<meta property=\"article:modified_time\" content=\"2014-06-02T18:44:48+00:00\" \/>\n<meta property=\"og:image\" content=\"https:\/\/welovecinema.be\/wp-content\/uploads\/sites\/2\/2014\/06\/welkom-3.jpg\" \/>\n\t<meta property=\"og:image:width\" content=\"1200\" \/>\n\t<meta property=\"og:image:height\" content=\"502\" \/>\n\t<meta property=\"og:image:type\" content=\"image\/jpeg\" \/>\n<meta name=\"author\" content=\"Philippe.Pierquin\" \/>\n<meta name=\"twitter:card\" content=\"summary_large_image\" \/>\n<meta name=\"twitter:label1\" content=\"\u00c9crit par\" \/>\n\t<meta name=\"twitter:data1\" content=\"Philippe.Pierquin\" \/>\n\t<meta name=\"twitter:label2\" content=\"Dur\u00e9e de lecture estim\u00e9e\" \/>\n\t<meta name=\"twitter:data2\" content=\"2 minutes\" \/>\n<script type=\"application\/ld+json\" class=\"yoast-schema-graph\">{\"@context\":\"https:\/\/schema.org\",\"@graph\":[{\"@type\":\"Article\",\"@id\":\"https:\/\/welovecinema.be\/fr\/welkom-trois\/#article\",\"isPartOf\":{\"@id\":\"https:\/\/welovecinema.be\/fr\/welkom-trois\/\"},\"author\":{\"name\":\"Philippe.Pierquin\",\"@id\":\"https:\/\/welovecinema.be\/nl\/#\/schema\/person\/4b9b1d857f0943453a38a7c2859ef756\"},\"headline\":\"Welkom sur la Trois !\",\"datePublished\":\"2014-06-03T06:54:06+00:00\",\"dateModified\":\"2014-06-02T18:44:48+00:00\",\"mainEntityOfPage\":{\"@id\":\"https:\/\/welovecinema.be\/fr\/welkom-trois\/\"},\"wordCount\":514,\"publisher\":{\"@id\":\"https:\/\/welovecinema.be\/nl\/#organization\"},\"articleSection\":[\"Plateau t\u00e9l\u00e9\"],\"inLanguage\":\"fr-FR\"},{\"@type\":\"WebPage\",\"@id\":\"https:\/\/welovecinema.be\/fr\/welkom-trois\/\",\"url\":\"https:\/\/welovecinema.be\/fr\/welkom-trois\/\",\"name\":\"Welkom sur la Trois ! - We Love Cinema\",\"isPartOf\":{\"@id\":\"https:\/\/welovecinema.be\/nl\/#website\"},\"datePublished\":\"2014-06-03T06:54:06+00:00\",\"dateModified\":\"2014-06-02T18:44:48+00:00\",\"breadcrumb\":{\"@id\":\"https:\/\/welovecinema.be\/fr\/welkom-trois\/#breadcrumb\"},\"inLanguage\":\"fr-FR\",\"potentialAction\":[{\"@type\":\"ReadAction\",\"target\":[\"https:\/\/welovecinema.be\/fr\/welkom-trois\/\"]}]},{\"@type\":\"BreadcrumbList\",\"@id\":\"https:\/\/welovecinema.be\/fr\/welkom-trois\/#breadcrumb\",\"itemListElement\":[{\"@type\":\"ListItem\",\"position\":1,\"name\":\"Accueil\",\"item\":\"https:\/\/welovecinema.be\/fr\/\"},{\"@type\":\"ListItem\",\"position\":2,\"name\":\"Welkom sur la Trois !\"}]},{\"@type\":\"WebSite\",\"@id\":\"https:\/\/welovecinema.be\/nl\/#website\",\"url\":\"https:\/\/welovecinema.be\/nl\/\",\"name\":\"We Love Cinema\",\"description\":\"Toute l\u2019information du cin\u00e9ma en Belgique\",\"publisher\":{\"@id\":\"https:\/\/welovecinema.be\/nl\/#organization\"},\"potentialAction\":[{\"@type\":\"SearchAction\",\"target\":{\"@type\":\"EntryPoint\",\"urlTemplate\":\"https:\/\/welovecinema.be\/nl\/?s={search_term_string}\"},\"query-input\":\"required name=search_term_string\"}],\"inLanguage\":\"fr-FR\"},{\"@type\":\"Organization\",\"@id\":\"https:\/\/welovecinema.be\/nl\/#organization\",\"name\":\"We Love Cinema\",\"url\":\"https:\/\/welovecinema.be\/nl\/\",\"logo\":{\"@type\":\"ImageObject\",\"inLanguage\":\"fr-FR\",\"@id\":\"https:\/\/welovecinema.be\/nl\/#\/schema\/logo\/image\/\",\"url\":\"https:\/\/welovecinema.be\/wp-content\/uploads\/sites\/2\/2023\/03\/Logo-We-Love-Cinema305x128.jpg\",\"contentUrl\":\"https:\/\/welovecinema.be\/wp-content\/uploads\/sites\/2\/2023\/03\/Logo-We-Love-Cinema305x128.jpg\",\"width\":305,\"height\":128,\"caption\":\"We Love Cinema\"},\"image\":{\"@id\":\"https:\/\/welovecinema.be\/nl\/#\/schema\/logo\/image\/\"},\"sameAs\":[\"https:\/\/www.facebook.com\/welovecinema.be\",\"https:\/\/www.youtube.com\/channel\/UCX5LYGVhnKvYauW4Nta4HJA\",\"https:\/\/www.instagram.com\/welovecinema.be\/\"]},{\"@type\":\"Person\",\"@id\":\"https:\/\/welovecinema.be\/nl\/#\/schema\/person\/4b9b1d857f0943453a38a7c2859ef756\",\"name\":\"Philippe.Pierquin\",\"url\":\"https:\/\/welovecinema.be\/fr\/author\/philippe-pierquin\/\"}]}<\/script>\n<!-- \/ Yoast SEO plugin. -->","yoast_head_json":{"title":"Welkom sur la Trois ! - We Love Cinema","robots":{"index":"index","follow":"follow","max-snippet":"max-snippet:-1","max-image-preview":"max-image-preview:large","max-video-preview":"max-video-preview:-1"},"canonical":"https:\/\/welovecinema.be\/fr\/welkom-trois\/","og_locale":"fr_FR","og_type":"article","og_title":"Welkom sur la Trois ! - We Love Cinema","og_description":"Alors que le Court qui en dit long, annuel festival organis\u00e9 \u00e0 Paris par le Centre Wallonie-Bruxelles autour des courts m\u00e9trages belges a d\u00e9but\u00e9 lundi (lire ici), Tout court nous offre un formidable cadeau sur la Trois ce mercredi : la premi\u00e8re t\u00e9l\u00e9vis\u00e9e de Welkom, le court m\u00e9trage ph\u00e9nom\u00e8ne de l&rsquo;ann\u00e9e 2014 qui a remport\u00e9 &hellip;","og_url":"https:\/\/welovecinema.be\/fr\/welkom-trois\/","og_site_name":"We Love Cinema","article_publisher":"https:\/\/www.facebook.com\/welovecinema.be","article_published_time":"2014-06-03T06:54:06+00:00","article_modified_time":"2014-06-02T18:44:48+00:00","og_image":[{"width":1200,"height":502,"url":"https:\/\/welovecinema.be\/wp-content\/uploads\/sites\/2\/2014\/06\/welkom-3.jpg","type":"image\/jpeg"}],"author":"Philippe.Pierquin","twitter_card":"summary_large_image","twitter_misc":{"\u00c9crit par":"Philippe.Pierquin","Dur\u00e9e de lecture estim\u00e9e":"2 minutes"},"schema":{"@context":"https:\/\/schema.org","@graph":[{"@type":"Article","@id":"https:\/\/welovecinema.be\/fr\/welkom-trois\/#article","isPartOf":{"@id":"https:\/\/welovecinema.be\/fr\/welkom-trois\/"},"author":{"name":"Philippe.Pierquin","@id":"https:\/\/welovecinema.be\/nl\/#\/schema\/person\/4b9b1d857f0943453a38a7c2859ef756"},"headline":"Welkom sur la Trois !","datePublished":"2014-06-03T06:54:06+00:00","dateModified":"2014-06-02T18:44:48+00:00","mainEntityOfPage":{"@id":"https:\/\/welovecinema.be\/fr\/welkom-trois\/"},"wordCount":514,"publisher":{"@id":"https:\/\/welovecinema.be\/nl\/#organization"},"articleSection":["Plateau t\u00e9l\u00e9"],"inLanguage":"fr-FR"},{"@type":"WebPage","@id":"https:\/\/welovecinema.be\/fr\/welkom-trois\/","url":"https:\/\/welovecinema.be\/fr\/welkom-trois\/","name":"Welkom sur la Trois ! - We Love Cinema","isPartOf":{"@id":"https:\/\/welovecinema.be\/nl\/#website"},"datePublished":"2014-06-03T06:54:06+00:00","dateModified":"2014-06-02T18:44:48+00:00","breadcrumb":{"@id":"https:\/\/welovecinema.be\/fr\/welkom-trois\/#breadcrumb"},"inLanguage":"fr-FR","potentialAction":[{"@type":"ReadAction","target":["https:\/\/welovecinema.be\/fr\/welkom-trois\/"]}]},{"@type":"BreadcrumbList","@id":"https:\/\/welovecinema.be\/fr\/welkom-trois\/#breadcrumb","itemListElement":[{"@type":"ListItem","position":1,"name":"Accueil","item":"https:\/\/welovecinema.be\/fr\/"},{"@type":"ListItem","position":2,"name":"Welkom sur la Trois !"}]},{"@type":"WebSite","@id":"https:\/\/welovecinema.be\/nl\/#website","url":"https:\/\/welovecinema.be\/nl\/","name":"We Love Cinema","description":"Toute l\u2019information du cin\u00e9ma en Belgique","publisher":{"@id":"https:\/\/welovecinema.be\/nl\/#organization"},"potentialAction":[{"@type":"SearchAction","target":{"@type":"EntryPoint","urlTemplate":"https:\/\/welovecinema.be\/nl\/?s={search_term_string}"},"query-input":"required name=search_term_string"}],"inLanguage":"fr-FR"},{"@type":"Organization","@id":"https:\/\/welovecinema.be\/nl\/#organization","name":"We Love Cinema","url":"https:\/\/welovecinema.be\/nl\/","logo":{"@type":"ImageObject","inLanguage":"fr-FR","@id":"https:\/\/welovecinema.be\/nl\/#\/schema\/logo\/image\/","url":"https:\/\/welovecinema.be\/wp-content\/uploads\/sites\/2\/2023\/03\/Logo-We-Love-Cinema305x128.jpg","contentUrl":"https:\/\/welovecinema.be\/wp-content\/uploads\/sites\/2\/2023\/03\/Logo-We-Love-Cinema305x128.jpg","width":305,"height":128,"caption":"We Love Cinema"},"image":{"@id":"https:\/\/welovecinema.be\/nl\/#\/schema\/logo\/image\/"},"sameAs":["https:\/\/www.facebook.com\/welovecinema.be","https:\/\/www.youtube.com\/channel\/UCX5LYGVhnKvYauW4Nta4HJA","https:\/\/www.instagram.com\/welovecinema.be\/"]},{"@type":"Person","@id":"https:\/\/welovecinema.be\/nl\/#\/schema\/person\/4b9b1d857f0943453a38a7c2859ef756","name":"Philippe.Pierquin","url":"https:\/\/welovecinema.be\/fr\/author\/philippe-pierquin\/"}]}},"_links":{"self":[{"href":"https:\/\/welovecinema.be\/fr\/wp-json\/wp\/v2\/posts\/57282","targetHints":{"allow":["GET"]}}],"collection":[{"href":"https:\/\/welovecinema.be\/fr\/wp-json\/wp\/v2\/posts"}],"about":[{"href":"https:\/\/welovecinema.be\/fr\/wp-json\/wp\/v2\/types\/post"}],"author":[{"embeddable":true,"href":"https:\/\/welovecinema.be\/fr\/wp-json\/wp\/v2\/users\/7"}],"replies":[{"embeddable":true,"href":"https:\/\/welovecinema.be\/fr\/wp-json\/wp\/v2\/comments?post=57282"}],"version-history":[{"count":0,"href":"https:\/\/welovecinema.be\/fr\/wp-json\/wp\/v2\/posts\/57282\/revisions"}],"wp:featuredmedia":[{"embeddable":true,"href":"https:\/\/welovecinema.be\/fr\/wp-json\/wp\/v2\/media\/57287"}],"wp:attachment":[{"href":"https:\/\/welovecinema.be\/fr\/wp-json\/wp\/v2\/media?parent=57282"}],"wp:term":[{"taxonomy":"category","embeddable":true,"href":"https:\/\/welovecinema.be\/fr\/wp-json\/wp\/v2\/categories?post=57282"},{"taxonomy":"post_tag","embeddable":true,"href":"https:\/\/welovecinema.be\/fr\/wp-json\/wp\/v2\/tags?post=57282"}],"curies":[{"name":"wp","href":"https:\/\/api.w.org\/{rel}","templated":true}]}}