{"id":57153,"date":"2014-05-30T08:15:34","date_gmt":"2014-05-30T06:15:34","guid":{"rendered":"http:\/\/www.cinevox.be\/?p=57153"},"modified":"2014-05-30T09:32:28","modified_gmt":"2014-05-30T07:32:28","slug":"waterloo-lultime-bataille-tete-napoleon","status":"publish","type":"post","link":"https:\/\/welovecinema.be\/fr\/waterloo-lultime-bataille-tete-napoleon\/","title":{"rendered":"Waterloo, l\u2019ultime bataille : dans la t\u00eate de Napol\u00e9on"},"content":{"rendered":"<p>Quarante\u00a0ans apr\u00e8s le triomphe d\u2019Abba au concours Eurovision de la chanson, Waterloo revient \u00e0 la mode. Apr\u00e8s la bataille (juridique) qui oppose le guide Michelin et le bourgmestre de Braine-L\u2019Alleud qui revendique la pr\u00e9sence du mythique lion sur le territoire de sa commune, c\u2019est aujourd\u2019hui un film qui vient lancer, avec un an d\u2019avance, les festivit\u00e9s du 200<sup>e<\/sup> anniversaire de la bataille qui fut fatale \u00e0 Napol\u00e9on et \u00e0 son empire.<\/p>\n<p>Le 18 juin 2015, pour ce bicentenaire, l\u2019objectif du producteur est de voir son film diffus\u00e9 un peu partout \u00a0travers le monde sur les \u00e9crans de t\u00e9l\u00e9vision. Ambitieux, mais raisonnable.<\/p>\n<p>Bien s\u00fbr,\u00a0<i>Waterloo, l\u2019ultime bataille<\/i>\u00a0n\u2019est pas le premier film sur le sujet, mais c\u2019est une excellente introduction pour le non initi\u00e9 \u00e0 un sujet bien plus complexe (et passionnant) qu\u2019il n\u2019y para\u00eet.<\/p>\n<p><!--more--><\/p>\n<p>&nbsp;<\/p>\n<p><a href=\"http:\/\/www.cinevox.be\/waterloo-lultime-bataille-tete-napoleon\/img_5824\/\" rel=\"attachment wp-att-57154\"><img loading=\"lazy\" decoding=\"async\" class=\"aligncenter size-large wp-image-57154\" alt=\"\" src=\"http:\/\/www.cinevox.be\/wp-content\/uploads\/sites\/2\/2014\/05\/IMG_5824-800x533.jpg\" width=\"640\" height=\"426\" srcset=\"https:\/\/welovecinema.be\/wp-content\/uploads\/sites\/2\/2014\/05\/IMG_5824-800x533.jpg 800w, https:\/\/welovecinema.be\/wp-content\/uploads\/sites\/2\/2014\/05\/IMG_5824-405x270.jpg 405w\" sizes=\"auto, (max-width: 640px) 100vw, 640px\" \/><\/a><\/p>\n<p>&nbsp;<\/p>\n<p>\u00ab\u00a0Depuis 1970\u00a0\u00bb, explique le producteur Willy Perelsztejn, \u00ab\u00a0il n\u2019existe aucun grand film sur la bataille de Waterloo, la bataille qui a fait couler le plus d\u2019encre depuis l\u2019invention de l\u2019imprimerie. Plus de 2500 livres, soit plusieurs millions de pages noircies racontent dans les moindres d\u00e9tails l\u2019une des plus grandes batailles de l\u2019histoire moderne. Tous les cinq ans, la grande reconstitution de la bataille est l\u2019\u00e9v\u00e8nement belge le plus couvert par la presse \u00e9crite et t\u00e9l\u00e9vis\u00e9e internationale.<\/p>\n<p>&nbsp;<\/p>\n<p>En termes de retentissement international, la bataille de Waterloo c\u2019est sans doute plus que l\u2019Atomium, la Grand Place de Bruxelles, Manneken Pis, Anderlecht et Eddy Merckx r\u00e9unis. Waterloo, c\u2019est le nom de ville le plus r\u00e9pandu au monde. Waterloo, c\u2019est la bataille dont tout le monde a entendu parler, celle o\u00f9 l\u2019Ogre est tomb\u00e9, \u00ab\u00a0la plus grande d\u00e9faite de l\u2019histoire de France\u00a0\u00bb. Et pourtant que conna\u00eet l\u2019immense majorit\u00e9 des gens de l\u2019histoire de cette bataille? \u00a0\u00bb<\/p>\n<p>&nbsp;<\/p>\n<p><a href=\"http:\/\/www.cinevox.be\/waterloo-lultime-bataille-tete-napoleon\/waterloosoldats1\/\" rel=\"attachment wp-att-57155\"><img loading=\"lazy\" decoding=\"async\" class=\"aligncenter size-large wp-image-57155\" alt=\"\" src=\"http:\/\/www.cinevox.be\/wp-content\/uploads\/sites\/2\/2014\/05\/waterloosoldats1-800x533.jpg\" width=\"640\" height=\"426\" srcset=\"https:\/\/welovecinema.be\/wp-content\/uploads\/sites\/2\/2014\/05\/waterloosoldats1-800x533.jpg 800w, https:\/\/welovecinema.be\/wp-content\/uploads\/sites\/2\/2014\/05\/waterloosoldats1-404x270.jpg 404w\" sizes=\"auto, (max-width: 640px) 100vw, 640px\" \/><\/a><\/p>\n<p>&nbsp;<\/p>\n<p>Pas grand-chose, en effet. Et ce film va aider \u00e0 combler cette lacune.<\/p>\n<p>Pas besoin d\u2019\u00eatre un passionn\u00e9 de strat\u00e9gie militaire, ni un inconditionnel de l\u2019histoire pour go\u00fbter \u00e0 ce spectacle p\u00e9dagogique certes, mais captivant.<\/p>\n<p>Bien r\u00e9alis\u00e9, superbement mont\u00e9 et postproduit (les effets 100% belges sont modernes et bienvenus), <i>Waterloo, l\u2019ultime bataille<\/i> b\u00e9n\u00e9ficie en outre d\u2019une musique originale assez \u00e9poustouflante d\u2019<b>Ivan Georgiev <\/b>que vous pouvez d\u2019ailleurs entendre en vous connectant sur le site officiel r\u00e9alis\u00e9 par les Namurois de dogstudio; un site qui est loin d\u2019\u00eatre classique (<a href=\"http:\/\/waterloo-lefilm.com\/\">ici<\/a>)<\/p>\n<p>&nbsp;<\/p>\n<p><a href=\"http:\/\/www.cinevox.be\/waterloo-lultime-bataille-tete-napoleon\/img_5824-2\/\" rel=\"attachment wp-att-57156\"><img loading=\"lazy\" decoding=\"async\" class=\"aligncenter size-large wp-image-57156\" alt=\"\" src=\"http:\/\/www.cinevox.be\/wp-content\/uploads\/sites\/2\/2014\/05\/IMG_58241-800x533.jpg\" width=\"640\" height=\"426\" srcset=\"https:\/\/welovecinema.be\/wp-content\/uploads\/sites\/2\/2014\/05\/IMG_58241-800x533.jpg 800w, https:\/\/welovecinema.be\/wp-content\/uploads\/sites\/2\/2014\/05\/IMG_58241-405x270.jpg 405w\" sizes=\"auto, (max-width: 640px) 100vw, 640px\" \/><\/a><\/p>\n<p>&nbsp;<\/p>\n<p>R\u00e9alis\u00e9 par <b>Hugues Lanneau <\/b>(<i>Modus Operandi<\/i>, la s\u00e9rie <i>Moi, Belgique<\/i>\u2026), ce documentaire captivant raconte dans le d\u00e9tail les enjeux et la chronologie de la bataille, scrute les erreurs commises par les arm\u00e9es fran\u00e7aise, anglaise et prussienne et s\u2019ach\u00e8ve avec la cinglante d\u00e9faite de Napol\u00e9on.<\/p>\n<p><a href=\"http:\/\/www.cinevox.be\/waterloo-lultime-bataille-tete-napoleon\/10372265_630093013726103_7676656048618592174_n\/\" rel=\"attachment wp-att-57157\"><img loading=\"lazy\" decoding=\"async\" class=\"alignright size-full wp-image-57157\" alt=\"\" src=\"http:\/\/www.cinevox.be\/wp-content\/uploads\/sites\/2\/2014\/05\/10372265_630093013726103_7676656048618592174_n.jpg\" width=\"300\" height=\"300\" srcset=\"https:\/\/welovecinema.be\/wp-content\/uploads\/sites\/2\/2014\/05\/10372265_630093013726103_7676656048618592174_n.jpg 300w, https:\/\/welovecinema.be\/wp-content\/uploads\/sites\/2\/2014\/05\/10372265_630093013726103_7676656048618592174_n-270x270.jpg 270w, https:\/\/welovecinema.be\/wp-content\/uploads\/sites\/2\/2014\/05\/10372265_630093013726103_7676656048618592174_n-87x87.jpg 87w\" sizes=\"auto, (max-width: 300px) 100vw, 300px\" \/><\/a>Les sc\u00e8nes de combats assez bluffantes ont \u00e9t\u00e9 film\u00e9es les 19 et 20 juin 2010 pendant 36 heures, lors de la derni\u00e8re reconstitution officielle organis\u00e9e sur les lieux de la bataille. Ces s\u00e9quences, alternent avec des extraits de films, l\u2019analyse pointue d\u2019historiens f\u00e9rus de cette \u00e9poque et de sp\u00e9cialistes militaires ainsi que des t\u00e9moignages poignants, d\u00e9nich\u00e9s dans des lettres envoy\u00e9es par les soldats des deux camps \u00e0 leur famille. Un face \u00e0 face muet, tr\u00e8s th\u00e9\u00e2tralis\u00e9 entre deux acteurs bien cast\u00e9s ach\u00e8ve de nous scotcher : <strong>Michel Schillaci<\/strong>\u00a0(photo) est Napol\u00e9on et<strong> Dorjan Salkin<\/strong>, Wellington.<br \/>\n<i>Waterloo, l\u2019ultime bataille<\/i> c\u2019est un peu comme <i>Titanic<\/i> : on conna\u00eet la fin, mais on est scotch\u00e9 quand m\u00eame.<\/p>\n<p>&nbsp;<\/p>\n<p>Le film ne se contente pas de nous narrer par le d\u00e9tail la bataille en elle-m\u00eame. Il replace cet affrontement dans son contexte historique, nous raconte le retour de Napol\u00e9on en France et son dernier baroud pour reconqu\u00e9rir son Empire perdu. Tant\u00f4t objectif, tant\u00f4t \u00e9motionnel (les t\u00e9moignages de combattants), le doc joue sur tous les tableaux. Certaines sc\u00e8nes sont m\u00eame assez difficiles \u00e0 supporter pour le spectateur non averti, il faut le savoir. On pense notamment une amputation sauvage assez saisissante qui reste longtemps dans les m\u00e9moires<\/p>\n<p><a href=\"http:\/\/www.cinevox.be\/waterloo-lultime-bataille-tete-napoleon\/10390924_636100139792057_5100598291033355383_n\/\" rel=\"attachment wp-att-57158\"><img loading=\"lazy\" decoding=\"async\" class=\"aligncenter size-large wp-image-57158\" alt=\"\" src=\"http:\/\/www.cinevox.be\/wp-content\/uploads\/sites\/2\/2014\/05\/10390924_636100139792057_5100598291033355383_n-800x479.jpg\" width=\"640\" height=\"383\" srcset=\"https:\/\/welovecinema.be\/wp-content\/uploads\/sites\/2\/2014\/05\/10390924_636100139792057_5100598291033355383_n-800x479.jpg 800w, https:\/\/welovecinema.be\/wp-content\/uploads\/sites\/2\/2014\/05\/10390924_636100139792057_5100598291033355383_n-450x270.jpg 450w, https:\/\/welovecinema.be\/wp-content\/uploads\/sites\/2\/2014\/05\/10390924_636100139792057_5100598291033355383_n.jpg 960w\" sizes=\"auto, (max-width: 640px) 100vw, 640px\" \/><\/a><\/p>\n<p>&nbsp;<\/p>\n<p>Le film qui est sorti mercredi dans un tr\u00e8s joli panel de salles \u00e0 travers tout le pays \u00a0a b\u00e9n\u00e9fici\u00e9 d\u2019une campagne promo assez amusante avec l\u2019apparition dans les rues de quelques villes belges de soldats de l&rsquo;Empire distribuant\u2026 des sachets de bonbons Napol\u00e9on. Il fallait y penser.<\/p>\n<p>Outre la page Facebook traditionnelle (<a href=\"https:\/\/www.facebook.com\/pages\/Waterloo-Lultime-bataille\/629974883737916\">ici<\/a>), deux pages compl\u00e9mentaires viennent d\u2019\u00eatre cr\u00e9\u00e9es \u00e0 l\u2019effigie de deux soldats fictifs, un dans chaque camp. Ou comment revivre la campagne et la bataille de l\u2019int\u00e9rieur et \u00ab\u00a0en direct\u00a0\u00bb gr\u00e2ce \u00e0 deux de ses protagonistes. Original et prometteur.<br \/>\nVous pouvez suivre <a href=\"https:\/\/www.facebook.com\/Jules.Decoq\">Jules Decoq<\/a> (de l\u2019arm\u00e9e de Wellington) et le napol\u00e9onien <a href=\"https:\/\/www.facebook.com\/Victor.Lamentin\">Victor Lamentin<\/a> en cliquant sur leur nom.<\/p>\n<p>&nbsp;<\/p>\n<p><a href=\"http:\/\/www.cinevox.be\/waterloo-lultime-bataille-tete-napoleon\/waterloobonbon\/\" rel=\"attachment wp-att-57159\"><img loading=\"lazy\" decoding=\"async\" class=\"aligncenter size-large wp-image-57159\" alt=\"\" src=\"http:\/\/www.cinevox.be\/wp-content\/uploads\/sites\/2\/2014\/05\/Waterloobonbon-800x600.jpg\" width=\"640\" height=\"480\" srcset=\"https:\/\/welovecinema.be\/wp-content\/uploads\/sites\/2\/2014\/05\/Waterloobonbon-800x600.jpg 800w, https:\/\/welovecinema.be\/wp-content\/uploads\/sites\/2\/2014\/05\/Waterloobonbon-360x270.jpg 360w, https:\/\/welovecinema.be\/wp-content\/uploads\/sites\/2\/2014\/05\/Waterloobonbon-300x225.jpg 300w, https:\/\/welovecinema.be\/wp-content\/uploads\/sites\/2\/2014\/05\/Waterloobonbon.jpg 2048w\" sizes=\"auto, (max-width: 640px) 100vw, 640px\" \/><\/a><\/p>\n<p>&nbsp;<\/p>\n<p>Dans le courant du mois de juin, une nouvelle partie du site verra le jour. Elle sera davantage \u00ab\u00a0exp\u00e9rientielle\u00a0\u00bb et interactive, organis\u00e9e autour d\u2019anecdotes oubli\u00e9es ou m\u00e9connues li\u00e9es \u00e0 la bataille. On nous promet aussi un jeu de strat\u00e9gie au tour par tour, assez simple, mais addictif, cr\u00e9\u00e9 par les Montois de FishingCactus.<\/p>\n<p>&nbsp;<\/p>\n<p>Toute cette exp\u00e9rience accompagnera non seulement la vie du film en salles (qui devrait se prolonger longtemps par le biais des s\u00e9ances scolaires), mais aussi la sortie en DVD et la diffusion t\u00e9l\u00e9 l\u2019an prochain.<\/p>\n<p>&nbsp;<\/p>\n<p>Une exp\u00e9rience totale, donc. Et elle vaut le d\u00e9tour.<\/p>\n","protected":false},"excerpt":{"rendered":"<p>Quarante\u00a0ans apr\u00e8s le triomphe d\u2019Abba au concours Eurovision de la chanson, Waterloo revient \u00e0 la mode. Apr\u00e8s la bataille (juridique) qui oppose le guide Michelin et le bourgmestre de Braine-L\u2019Alleud qui revendique la pr\u00e9sence du mythique lion sur le territoire de sa commune, c\u2019est aujourd\u2019hui un film qui vient lancer, avec un an d\u2019avance, les &hellip;<\/p>\n","protected":false},"author":7,"featured_media":57161,"comment_status":"closed","ping_status":"closed","sticky":false,"template":"","format":"standard","meta":{"ngg_post_thumbnail":0,"footnotes":""},"categories":[10],"tags":[],"class_list":["post-57153","post","type-post","status-publish","format-standard","has-post-thumbnail","","category-a-l-affiche"],"yoast_head":"<!-- This site is optimized with the Yoast SEO plugin v20.4 - https:\/\/yoast.com\/wordpress\/plugins\/seo\/ -->\n<title>Waterloo, l\u2019ultime bataille : dans la t\u00eate de Napol\u00e9on - We Love Cinema<\/title>\n<meta name=\"robots\" content=\"index, follow, max-snippet:-1, max-image-preview:large, max-video-preview:-1\" \/>\n<link rel=\"canonical\" href=\"https:\/\/welovecinema.be\/fr\/waterloo-lultime-bataille-tete-napoleon\/\" \/>\n<meta property=\"og:locale\" content=\"fr_FR\" \/>\n<meta property=\"og:type\" content=\"article\" \/>\n<meta property=\"og:title\" content=\"Waterloo, l\u2019ultime bataille : dans la t\u00eate de Napol\u00e9on - We Love Cinema\" \/>\n<meta property=\"og:description\" content=\"Quarante\u00a0ans apr\u00e8s le triomphe d\u2019Abba au concours Eurovision de la chanson, Waterloo revient \u00e0 la mode. Apr\u00e8s la bataille (juridique) qui oppose le guide Michelin et le bourgmestre de Braine-L\u2019Alleud qui revendique la pr\u00e9sence du mythique lion sur le territoire de sa commune, c\u2019est aujourd\u2019hui un film qui vient lancer, avec un an d\u2019avance, les &hellip;\" \/>\n<meta property=\"og:url\" content=\"https:\/\/welovecinema.be\/fr\/waterloo-lultime-bataille-tete-napoleon\/\" \/>\n<meta property=\"og:site_name\" content=\"We Love Cinema\" \/>\n<meta property=\"article:publisher\" content=\"https:\/\/www.facebook.com\/welovecinema.be\" \/>\n<meta property=\"article:published_time\" content=\"2014-05-30T06:15:34+00:00\" \/>\n<meta property=\"article:modified_time\" content=\"2014-05-30T07:32:28+00:00\" \/>\n<meta property=\"og:image\" content=\"https:\/\/welovecinema.be\/wp-content\/uploads\/sites\/2\/2014\/05\/waterloo1-800x535.jpg\" \/>\n\t<meta property=\"og:image:width\" content=\"800\" \/>\n\t<meta property=\"og:image:height\" content=\"535\" \/>\n\t<meta property=\"og:image:type\" content=\"image\/jpeg\" \/>\n<meta name=\"author\" content=\"Philippe.Pierquin\" \/>\n<meta name=\"twitter:card\" content=\"summary_large_image\" \/>\n<meta name=\"twitter:label1\" content=\"\u00c9crit par\" \/>\n\t<meta name=\"twitter:data1\" content=\"Philippe.Pierquin\" \/>\n\t<meta name=\"twitter:label2\" content=\"Dur\u00e9e de lecture estim\u00e9e\" \/>\n\t<meta name=\"twitter:data2\" content=\"5 minutes\" \/>\n<script type=\"application\/ld+json\" class=\"yoast-schema-graph\">{\"@context\":\"https:\/\/schema.org\",\"@graph\":[{\"@type\":\"Article\",\"@id\":\"https:\/\/welovecinema.be\/fr\/waterloo-lultime-bataille-tete-napoleon\/#article\",\"isPartOf\":{\"@id\":\"https:\/\/welovecinema.be\/fr\/waterloo-lultime-bataille-tete-napoleon\/\"},\"author\":{\"name\":\"Philippe.Pierquin\",\"@id\":\"https:\/\/welovecinema.be\/nl\/#\/schema\/person\/4b9b1d857f0943453a38a7c2859ef756\"},\"headline\":\"Waterloo, l\u2019ultime bataille : dans la t\u00eate de Napol\u00e9on\",\"datePublished\":\"2014-05-30T06:15:34+00:00\",\"dateModified\":\"2014-05-30T07:32:28+00:00\",\"mainEntityOfPage\":{\"@id\":\"https:\/\/welovecinema.be\/fr\/waterloo-lultime-bataille-tete-napoleon\/\"},\"wordCount\":956,\"publisher\":{\"@id\":\"https:\/\/welovecinema.be\/nl\/#organization\"},\"articleSection\":[\"A l'affiche\"],\"inLanguage\":\"fr-FR\"},{\"@type\":\"WebPage\",\"@id\":\"https:\/\/welovecinema.be\/fr\/waterloo-lultime-bataille-tete-napoleon\/\",\"url\":\"https:\/\/welovecinema.be\/fr\/waterloo-lultime-bataille-tete-napoleon\/\",\"name\":\"Waterloo, l\u2019ultime bataille : dans la t\u00eate de Napol\u00e9on - We Love Cinema\",\"isPartOf\":{\"@id\":\"https:\/\/welovecinema.be\/nl\/#website\"},\"datePublished\":\"2014-05-30T06:15:34+00:00\",\"dateModified\":\"2014-05-30T07:32:28+00:00\",\"breadcrumb\":{\"@id\":\"https:\/\/welovecinema.be\/fr\/waterloo-lultime-bataille-tete-napoleon\/#breadcrumb\"},\"inLanguage\":\"fr-FR\",\"potentialAction\":[{\"@type\":\"ReadAction\",\"target\":[\"https:\/\/welovecinema.be\/fr\/waterloo-lultime-bataille-tete-napoleon\/\"]}]},{\"@type\":\"BreadcrumbList\",\"@id\":\"https:\/\/welovecinema.be\/fr\/waterloo-lultime-bataille-tete-napoleon\/#breadcrumb\",\"itemListElement\":[{\"@type\":\"ListItem\",\"position\":1,\"name\":\"Accueil\",\"item\":\"https:\/\/welovecinema.be\/fr\/\"},{\"@type\":\"ListItem\",\"position\":2,\"name\":\"Waterloo, l\u2019ultime bataille : dans la t\u00eate de Napol\u00e9on\"}]},{\"@type\":\"WebSite\",\"@id\":\"https:\/\/welovecinema.be\/nl\/#website\",\"url\":\"https:\/\/welovecinema.be\/nl\/\",\"name\":\"We Love Cinema\",\"description\":\"Toute l\u2019information du cin\u00e9ma en Belgique\",\"publisher\":{\"@id\":\"https:\/\/welovecinema.be\/nl\/#organization\"},\"potentialAction\":[{\"@type\":\"SearchAction\",\"target\":{\"@type\":\"EntryPoint\",\"urlTemplate\":\"https:\/\/welovecinema.be\/nl\/?s={search_term_string}\"},\"query-input\":\"required name=search_term_string\"}],\"inLanguage\":\"fr-FR\"},{\"@type\":\"Organization\",\"@id\":\"https:\/\/welovecinema.be\/nl\/#organization\",\"name\":\"We Love Cinema\",\"url\":\"https:\/\/welovecinema.be\/nl\/\",\"logo\":{\"@type\":\"ImageObject\",\"inLanguage\":\"fr-FR\",\"@id\":\"https:\/\/welovecinema.be\/nl\/#\/schema\/logo\/image\/\",\"url\":\"https:\/\/welovecinema.be\/wp-content\/uploads\/sites\/2\/2023\/03\/Logo-We-Love-Cinema305x128.jpg\",\"contentUrl\":\"https:\/\/welovecinema.be\/wp-content\/uploads\/sites\/2\/2023\/03\/Logo-We-Love-Cinema305x128.jpg\",\"width\":305,\"height\":128,\"caption\":\"We Love Cinema\"},\"image\":{\"@id\":\"https:\/\/welovecinema.be\/nl\/#\/schema\/logo\/image\/\"},\"sameAs\":[\"https:\/\/www.facebook.com\/welovecinema.be\",\"https:\/\/www.youtube.com\/channel\/UCX5LYGVhnKvYauW4Nta4HJA\",\"https:\/\/www.instagram.com\/welovecinema.be\/\"]},{\"@type\":\"Person\",\"@id\":\"https:\/\/welovecinema.be\/nl\/#\/schema\/person\/4b9b1d857f0943453a38a7c2859ef756\",\"name\":\"Philippe.Pierquin\",\"url\":\"https:\/\/welovecinema.be\/fr\/author\/philippe-pierquin\/\"}]}<\/script>\n<!-- \/ Yoast SEO plugin. -->","yoast_head_json":{"title":"Waterloo, l\u2019ultime bataille : dans la t\u00eate de Napol\u00e9on - We Love Cinema","robots":{"index":"index","follow":"follow","max-snippet":"max-snippet:-1","max-image-preview":"max-image-preview:large","max-video-preview":"max-video-preview:-1"},"canonical":"https:\/\/welovecinema.be\/fr\/waterloo-lultime-bataille-tete-napoleon\/","og_locale":"fr_FR","og_type":"article","og_title":"Waterloo, l\u2019ultime bataille : dans la t\u00eate de Napol\u00e9on - We Love Cinema","og_description":"Quarante\u00a0ans apr\u00e8s le triomphe d\u2019Abba au concours Eurovision de la chanson, Waterloo revient \u00e0 la mode. Apr\u00e8s la bataille (juridique) qui oppose le guide Michelin et le bourgmestre de Braine-L\u2019Alleud qui revendique la pr\u00e9sence du mythique lion sur le territoire de sa commune, c\u2019est aujourd\u2019hui un film qui vient lancer, avec un an d\u2019avance, les &hellip;","og_url":"https:\/\/welovecinema.be\/fr\/waterloo-lultime-bataille-tete-napoleon\/","og_site_name":"We Love Cinema","article_publisher":"https:\/\/www.facebook.com\/welovecinema.be","article_published_time":"2014-05-30T06:15:34+00:00","article_modified_time":"2014-05-30T07:32:28+00:00","og_image":[{"width":800,"height":535,"url":"https:\/\/welovecinema.be\/wp-content\/uploads\/sites\/2\/2014\/05\/waterloo1-800x535.jpg","type":"image\/jpeg"}],"author":"Philippe.Pierquin","twitter_card":"summary_large_image","twitter_misc":{"\u00c9crit par":"Philippe.Pierquin","Dur\u00e9e de lecture estim\u00e9e":"5 minutes"},"schema":{"@context":"https:\/\/schema.org","@graph":[{"@type":"Article","@id":"https:\/\/welovecinema.be\/fr\/waterloo-lultime-bataille-tete-napoleon\/#article","isPartOf":{"@id":"https:\/\/welovecinema.be\/fr\/waterloo-lultime-bataille-tete-napoleon\/"},"author":{"name":"Philippe.Pierquin","@id":"https:\/\/welovecinema.be\/nl\/#\/schema\/person\/4b9b1d857f0943453a38a7c2859ef756"},"headline":"Waterloo, l\u2019ultime bataille : dans la t\u00eate de Napol\u00e9on","datePublished":"2014-05-30T06:15:34+00:00","dateModified":"2014-05-30T07:32:28+00:00","mainEntityOfPage":{"@id":"https:\/\/welovecinema.be\/fr\/waterloo-lultime-bataille-tete-napoleon\/"},"wordCount":956,"publisher":{"@id":"https:\/\/welovecinema.be\/nl\/#organization"},"articleSection":["A l'affiche"],"inLanguage":"fr-FR"},{"@type":"WebPage","@id":"https:\/\/welovecinema.be\/fr\/waterloo-lultime-bataille-tete-napoleon\/","url":"https:\/\/welovecinema.be\/fr\/waterloo-lultime-bataille-tete-napoleon\/","name":"Waterloo, l\u2019ultime bataille : dans la t\u00eate de Napol\u00e9on - We Love Cinema","isPartOf":{"@id":"https:\/\/welovecinema.be\/nl\/#website"},"datePublished":"2014-05-30T06:15:34+00:00","dateModified":"2014-05-30T07:32:28+00:00","breadcrumb":{"@id":"https:\/\/welovecinema.be\/fr\/waterloo-lultime-bataille-tete-napoleon\/#breadcrumb"},"inLanguage":"fr-FR","potentialAction":[{"@type":"ReadAction","target":["https:\/\/welovecinema.be\/fr\/waterloo-lultime-bataille-tete-napoleon\/"]}]},{"@type":"BreadcrumbList","@id":"https:\/\/welovecinema.be\/fr\/waterloo-lultime-bataille-tete-napoleon\/#breadcrumb","itemListElement":[{"@type":"ListItem","position":1,"name":"Accueil","item":"https:\/\/welovecinema.be\/fr\/"},{"@type":"ListItem","position":2,"name":"Waterloo, l\u2019ultime bataille : dans la t\u00eate de Napol\u00e9on"}]},{"@type":"WebSite","@id":"https:\/\/welovecinema.be\/nl\/#website","url":"https:\/\/welovecinema.be\/nl\/","name":"We Love Cinema","description":"Toute l\u2019information du cin\u00e9ma en Belgique","publisher":{"@id":"https:\/\/welovecinema.be\/nl\/#organization"},"potentialAction":[{"@type":"SearchAction","target":{"@type":"EntryPoint","urlTemplate":"https:\/\/welovecinema.be\/nl\/?s={search_term_string}"},"query-input":"required name=search_term_string"}],"inLanguage":"fr-FR"},{"@type":"Organization","@id":"https:\/\/welovecinema.be\/nl\/#organization","name":"We Love Cinema","url":"https:\/\/welovecinema.be\/nl\/","logo":{"@type":"ImageObject","inLanguage":"fr-FR","@id":"https:\/\/welovecinema.be\/nl\/#\/schema\/logo\/image\/","url":"https:\/\/welovecinema.be\/wp-content\/uploads\/sites\/2\/2023\/03\/Logo-We-Love-Cinema305x128.jpg","contentUrl":"https:\/\/welovecinema.be\/wp-content\/uploads\/sites\/2\/2023\/03\/Logo-We-Love-Cinema305x128.jpg","width":305,"height":128,"caption":"We Love Cinema"},"image":{"@id":"https:\/\/welovecinema.be\/nl\/#\/schema\/logo\/image\/"},"sameAs":["https:\/\/www.facebook.com\/welovecinema.be","https:\/\/www.youtube.com\/channel\/UCX5LYGVhnKvYauW4Nta4HJA","https:\/\/www.instagram.com\/welovecinema.be\/"]},{"@type":"Person","@id":"https:\/\/welovecinema.be\/nl\/#\/schema\/person\/4b9b1d857f0943453a38a7c2859ef756","name":"Philippe.Pierquin","url":"https:\/\/welovecinema.be\/fr\/author\/philippe-pierquin\/"}]}},"_links":{"self":[{"href":"https:\/\/welovecinema.be\/fr\/wp-json\/wp\/v2\/posts\/57153","targetHints":{"allow":["GET"]}}],"collection":[{"href":"https:\/\/welovecinema.be\/fr\/wp-json\/wp\/v2\/posts"}],"about":[{"href":"https:\/\/welovecinema.be\/fr\/wp-json\/wp\/v2\/types\/post"}],"author":[{"embeddable":true,"href":"https:\/\/welovecinema.be\/fr\/wp-json\/wp\/v2\/users\/7"}],"replies":[{"embeddable":true,"href":"https:\/\/welovecinema.be\/fr\/wp-json\/wp\/v2\/comments?post=57153"}],"version-history":[{"count":0,"href":"https:\/\/welovecinema.be\/fr\/wp-json\/wp\/v2\/posts\/57153\/revisions"}],"wp:featuredmedia":[{"embeddable":true,"href":"https:\/\/welovecinema.be\/fr\/wp-json\/wp\/v2\/media\/57161"}],"wp:attachment":[{"href":"https:\/\/welovecinema.be\/fr\/wp-json\/wp\/v2\/media?parent=57153"}],"wp:term":[{"taxonomy":"category","embeddable":true,"href":"https:\/\/welovecinema.be\/fr\/wp-json\/wp\/v2\/categories?post=57153"},{"taxonomy":"post_tag","embeddable":true,"href":"https:\/\/welovecinema.be\/fr\/wp-json\/wp\/v2\/tags?post=57153"}],"curies":[{"name":"wp","href":"https:\/\/api.w.org\/{rel}","templated":true}]}}