{"id":56908,"date":"2014-05-22T13:51:58","date_gmt":"2014-05-22T11:51:58","guid":{"rendered":"http:\/\/www.cinevox.be\/?p=56908"},"modified":"2014-05-26T08:23:00","modified_gmt":"2014-05-26T06:23:00","slug":"on-recherche-figurants-serie-bbc-the-missing-emilie-dequenne","status":"publish","type":"post","link":"https:\/\/welovecinema.be\/fr\/on-recherche-figurants-serie-bbc-the-missing-emilie-dequenne\/","title":{"rendered":"On recherche des figurants pour la s\u00e9rie The Missing (avec Emilie Dequenne)"},"content":{"rendered":"<p>Depuis le 3 f\u00e9vrier dernier se tourne en Belgique, pour la BBC, une nouvelle s\u00e9rie britannique intitul\u00e9e \u00abThe Missing\u00bb (Eden). L&rsquo;histoire se d\u00e9roule en France et en Angleterre, apr\u00e8s l&rsquo;enl\u00e8vement d&rsquo;un enfant. Il s&rsquo;agit d&rsquo;un thriller sur un enfant disparu, ses parents, la police et toute une communaut\u00e9 touch\u00e9e par cet \u00e9v\u00e8nement tragique. Dans les r\u00f4les principaux on retrouve, e.a, Jimmy Nesbit, Tcheky Karyo, Frances O\u2019Connor, <strong>Emilie Dequenne<\/strong>, Said Taghmaoui et <strong>Titus de Voogdt.<\/strong><!--more--><\/p>\n<p>&nbsp;<\/p>\n<p>&nbsp;<\/p>\n<p>Pour le dernier mois de tournage, XtraZ, le bureau de casting sp\u00e9cialis\u00e9 en figuration et silhouettes dirig\u00e9 par Brigitte De Witte est \u00e0 la recherche de <b>nouvelles t\u00eates<\/b>, <b>hommes et femmes, entre 18 et 85 ans<\/b>, pour figurer dans la s\u00e9rie. Vous pourriez vous retrouver policier en uniforme, arr\u00eat\u00e9, client de caf\u00e9 ou de restaurent, touriste\u2026<\/p>\n<p>Ce dernier mois de tournage est pr\u00e9vu \u00e0 Bruxelles, Waterloo, Rosi\u00e8res, Ittre, Court-Saint-Etienne, Bousval et Binche.<\/p>\n<p>La production est assur\u00e9e par la maison de production CzarTV.<\/p>\n<p>&nbsp;<\/p>\n<p>Les personnes int\u00e9ress\u00e9es par une figuration (d\u00e9fray\u00e9e) peuvent nous envoyer un mail \u00e0 <a href=\"mailto:info@xtraz.be\">info@xtraz.be<\/a> avec, en objet,\u00a0\u2018BBC-JUIN\u2019\u00a0afin d\u2019obtenir de plus amples informations.<\/p>\n<p>&nbsp;<\/p>\n<p>Plus d\u2019informations concernant XtraZ sur <a href=\"http:\/\/www.xtraz.be\/\">www.xtraz.be<\/a><\/p>\n","protected":false},"excerpt":{"rendered":"<p>Depuis le 3 f\u00e9vrier dernier se tourne en Belgique, pour la BBC, une nouvelle s\u00e9rie britannique intitul\u00e9e \u00abThe Missing\u00bb (Eden). L&rsquo;histoire se d\u00e9roule en France et en Angleterre, apr\u00e8s l&rsquo;enl\u00e8vement d&rsquo;un enfant. Il s&rsquo;agit d&rsquo;un thriller sur un enfant disparu, ses parents, la police et toute une communaut\u00e9 touch\u00e9e par cet \u00e9v\u00e8nement tragique. Dans les &hellip;<\/p>\n","protected":false},"author":7,"featured_media":56910,"comment_status":"closed","ping_status":"closed","sticky":false,"template":"","format":"standard","meta":{"ngg_post_thumbnail":0,"footnotes":""},"categories":[20],"tags":[],"class_list":["post-56908","post","type-post","status-publish","format-standard","has-post-thumbnail","","category-cinejobs"],"yoast_head":"<!-- This site is optimized with the Yoast SEO plugin v20.4 - https:\/\/yoast.com\/wordpress\/plugins\/seo\/ -->\n<title>On recherche des figurants pour la s\u00e9rie The Missing (avec Emilie Dequenne) - We Love Cinema<\/title>\n<meta name=\"robots\" content=\"index, follow, max-snippet:-1, max-image-preview:large, max-video-preview:-1\" \/>\n<link rel=\"canonical\" href=\"https:\/\/welovecinema.be\/fr\/on-recherche-figurants-serie-bbc-the-missing-emilie-dequenne\/\" \/>\n<meta property=\"og:locale\" content=\"fr_FR\" \/>\n<meta property=\"og:type\" content=\"article\" \/>\n<meta property=\"og:title\" content=\"On recherche des figurants pour la s\u00e9rie The Missing (avec Emilie Dequenne) - We Love Cinema\" \/>\n<meta property=\"og:description\" content=\"Depuis le 3 f\u00e9vrier dernier se tourne en Belgique, pour la BBC, une nouvelle s\u00e9rie britannique intitul\u00e9e \u00abThe Missing\u00bb (Eden). L&rsquo;histoire se d\u00e9roule en France et en Angleterre, apr\u00e8s l&rsquo;enl\u00e8vement d&rsquo;un enfant. Il s&rsquo;agit d&rsquo;un thriller sur un enfant disparu, ses parents, la police et toute une communaut\u00e9 touch\u00e9e par cet \u00e9v\u00e8nement tragique. Dans les &hellip;\" \/>\n<meta property=\"og:url\" content=\"https:\/\/welovecinema.be\/fr\/on-recherche-figurants-serie-bbc-the-missing-emilie-dequenne\/\" \/>\n<meta property=\"og:site_name\" content=\"We Love Cinema\" \/>\n<meta property=\"article:publisher\" content=\"https:\/\/www.facebook.com\/welovecinema.be\" \/>\n<meta property=\"article:published_time\" content=\"2014-05-22T11:51:58+00:00\" \/>\n<meta property=\"article:modified_time\" content=\"2014-05-26T06:23:00+00:00\" \/>\n<meta property=\"og:image\" content=\"https:\/\/welovecinema.be\/wp-content\/uploads\/sites\/2\/2014\/05\/IMG_9597-800x424.jpg\" \/>\n\t<meta property=\"og:image:width\" content=\"800\" \/>\n\t<meta property=\"og:image:height\" content=\"424\" \/>\n\t<meta property=\"og:image:type\" content=\"image\/jpeg\" \/>\n<meta name=\"author\" content=\"Philippe.Pierquin\" \/>\n<meta name=\"twitter:card\" content=\"summary_large_image\" \/>\n<meta name=\"twitter:label1\" content=\"\u00c9crit par\" \/>\n\t<meta name=\"twitter:data1\" content=\"Philippe.Pierquin\" \/>\n\t<meta name=\"twitter:label2\" content=\"Dur\u00e9e de lecture estim\u00e9e\" \/>\n\t<meta name=\"twitter:data2\" content=\"1 minute\" \/>\n<script type=\"application\/ld+json\" class=\"yoast-schema-graph\">{\"@context\":\"https:\/\/schema.org\",\"@graph\":[{\"@type\":\"Article\",\"@id\":\"https:\/\/welovecinema.be\/fr\/on-recherche-figurants-serie-bbc-the-missing-emilie-dequenne\/#article\",\"isPartOf\":{\"@id\":\"https:\/\/welovecinema.be\/fr\/on-recherche-figurants-serie-bbc-the-missing-emilie-dequenne\/\"},\"author\":{\"name\":\"Philippe.Pierquin\",\"@id\":\"https:\/\/welovecinema.be\/nl\/#\/schema\/person\/4b9b1d857f0943453a38a7c2859ef756\"},\"headline\":\"On recherche des figurants pour la s\u00e9rie The Missing (avec Emilie Dequenne)\",\"datePublished\":\"2014-05-22T11:51:58+00:00\",\"dateModified\":\"2014-05-26T06:23:00+00:00\",\"mainEntityOfPage\":{\"@id\":\"https:\/\/welovecinema.be\/fr\/on-recherche-figurants-serie-bbc-the-missing-emilie-dequenne\/\"},\"wordCount\":230,\"publisher\":{\"@id\":\"https:\/\/welovecinema.be\/nl\/#organization\"},\"articleSection\":[\"Cinejobs\"],\"inLanguage\":\"fr-FR\"},{\"@type\":\"WebPage\",\"@id\":\"https:\/\/welovecinema.be\/fr\/on-recherche-figurants-serie-bbc-the-missing-emilie-dequenne\/\",\"url\":\"https:\/\/welovecinema.be\/fr\/on-recherche-figurants-serie-bbc-the-missing-emilie-dequenne\/\",\"name\":\"On recherche des figurants pour la s\u00e9rie The Missing (avec Emilie Dequenne) - We Love Cinema\",\"isPartOf\":{\"@id\":\"https:\/\/welovecinema.be\/nl\/#website\"},\"datePublished\":\"2014-05-22T11:51:58+00:00\",\"dateModified\":\"2014-05-26T06:23:00+00:00\",\"breadcrumb\":{\"@id\":\"https:\/\/welovecinema.be\/fr\/on-recherche-figurants-serie-bbc-the-missing-emilie-dequenne\/#breadcrumb\"},\"inLanguage\":\"fr-FR\",\"potentialAction\":[{\"@type\":\"ReadAction\",\"target\":[\"https:\/\/welovecinema.be\/fr\/on-recherche-figurants-serie-bbc-the-missing-emilie-dequenne\/\"]}]},{\"@type\":\"BreadcrumbList\",\"@id\":\"https:\/\/welovecinema.be\/fr\/on-recherche-figurants-serie-bbc-the-missing-emilie-dequenne\/#breadcrumb\",\"itemListElement\":[{\"@type\":\"ListItem\",\"position\":1,\"name\":\"Accueil\",\"item\":\"https:\/\/welovecinema.be\/fr\/\"},{\"@type\":\"ListItem\",\"position\":2,\"name\":\"On recherche des figurants pour la s\u00e9rie The Missing (avec Emilie Dequenne)\"}]},{\"@type\":\"WebSite\",\"@id\":\"https:\/\/welovecinema.be\/nl\/#website\",\"url\":\"https:\/\/welovecinema.be\/nl\/\",\"name\":\"We Love Cinema\",\"description\":\"Toute l\u2019information du cin\u00e9ma en Belgique\",\"publisher\":{\"@id\":\"https:\/\/welovecinema.be\/nl\/#organization\"},\"potentialAction\":[{\"@type\":\"SearchAction\",\"target\":{\"@type\":\"EntryPoint\",\"urlTemplate\":\"https:\/\/welovecinema.be\/nl\/?s={search_term_string}\"},\"query-input\":\"required name=search_term_string\"}],\"inLanguage\":\"fr-FR\"},{\"@type\":\"Organization\",\"@id\":\"https:\/\/welovecinema.be\/nl\/#organization\",\"name\":\"We Love Cinema\",\"url\":\"https:\/\/welovecinema.be\/nl\/\",\"logo\":{\"@type\":\"ImageObject\",\"inLanguage\":\"fr-FR\",\"@id\":\"https:\/\/welovecinema.be\/nl\/#\/schema\/logo\/image\/\",\"url\":\"https:\/\/welovecinema.be\/wp-content\/uploads\/sites\/2\/2023\/03\/Logo-We-Love-Cinema305x128.jpg\",\"contentUrl\":\"https:\/\/welovecinema.be\/wp-content\/uploads\/sites\/2\/2023\/03\/Logo-We-Love-Cinema305x128.jpg\",\"width\":305,\"height\":128,\"caption\":\"We Love Cinema\"},\"image\":{\"@id\":\"https:\/\/welovecinema.be\/nl\/#\/schema\/logo\/image\/\"},\"sameAs\":[\"https:\/\/www.facebook.com\/welovecinema.be\",\"https:\/\/www.youtube.com\/channel\/UCX5LYGVhnKvYauW4Nta4HJA\",\"https:\/\/www.instagram.com\/welovecinema.be\/\"]},{\"@type\":\"Person\",\"@id\":\"https:\/\/welovecinema.be\/nl\/#\/schema\/person\/4b9b1d857f0943453a38a7c2859ef756\",\"name\":\"Philippe.Pierquin\",\"url\":\"https:\/\/welovecinema.be\/fr\/author\/philippe-pierquin\/\"}]}<\/script>\n<!-- \/ Yoast SEO plugin. -->","yoast_head_json":{"title":"On recherche des figurants pour la s\u00e9rie The Missing (avec Emilie Dequenne) - We Love Cinema","robots":{"index":"index","follow":"follow","max-snippet":"max-snippet:-1","max-image-preview":"max-image-preview:large","max-video-preview":"max-video-preview:-1"},"canonical":"https:\/\/welovecinema.be\/fr\/on-recherche-figurants-serie-bbc-the-missing-emilie-dequenne\/","og_locale":"fr_FR","og_type":"article","og_title":"On recherche des figurants pour la s\u00e9rie The Missing (avec Emilie Dequenne) - We Love Cinema","og_description":"Depuis le 3 f\u00e9vrier dernier se tourne en Belgique, pour la BBC, une nouvelle s\u00e9rie britannique intitul\u00e9e \u00abThe Missing\u00bb (Eden). L&rsquo;histoire se d\u00e9roule en France et en Angleterre, apr\u00e8s l&rsquo;enl\u00e8vement d&rsquo;un enfant. Il s&rsquo;agit d&rsquo;un thriller sur un enfant disparu, ses parents, la police et toute une communaut\u00e9 touch\u00e9e par cet \u00e9v\u00e8nement tragique. Dans les &hellip;","og_url":"https:\/\/welovecinema.be\/fr\/on-recherche-figurants-serie-bbc-the-missing-emilie-dequenne\/","og_site_name":"We Love Cinema","article_publisher":"https:\/\/www.facebook.com\/welovecinema.be","article_published_time":"2014-05-22T11:51:58+00:00","article_modified_time":"2014-05-26T06:23:00+00:00","og_image":[{"width":800,"height":424,"url":"https:\/\/welovecinema.be\/wp-content\/uploads\/sites\/2\/2014\/05\/IMG_9597-800x424.jpg","type":"image\/jpeg"}],"author":"Philippe.Pierquin","twitter_card":"summary_large_image","twitter_misc":{"\u00c9crit par":"Philippe.Pierquin","Dur\u00e9e de lecture estim\u00e9e":"1 minute"},"schema":{"@context":"https:\/\/schema.org","@graph":[{"@type":"Article","@id":"https:\/\/welovecinema.be\/fr\/on-recherche-figurants-serie-bbc-the-missing-emilie-dequenne\/#article","isPartOf":{"@id":"https:\/\/welovecinema.be\/fr\/on-recherche-figurants-serie-bbc-the-missing-emilie-dequenne\/"},"author":{"name":"Philippe.Pierquin","@id":"https:\/\/welovecinema.be\/nl\/#\/schema\/person\/4b9b1d857f0943453a38a7c2859ef756"},"headline":"On recherche des figurants pour la s\u00e9rie The Missing (avec Emilie Dequenne)","datePublished":"2014-05-22T11:51:58+00:00","dateModified":"2014-05-26T06:23:00+00:00","mainEntityOfPage":{"@id":"https:\/\/welovecinema.be\/fr\/on-recherche-figurants-serie-bbc-the-missing-emilie-dequenne\/"},"wordCount":230,"publisher":{"@id":"https:\/\/welovecinema.be\/nl\/#organization"},"articleSection":["Cinejobs"],"inLanguage":"fr-FR"},{"@type":"WebPage","@id":"https:\/\/welovecinema.be\/fr\/on-recherche-figurants-serie-bbc-the-missing-emilie-dequenne\/","url":"https:\/\/welovecinema.be\/fr\/on-recherche-figurants-serie-bbc-the-missing-emilie-dequenne\/","name":"On recherche des figurants pour la s\u00e9rie The Missing (avec Emilie Dequenne) - We Love Cinema","isPartOf":{"@id":"https:\/\/welovecinema.be\/nl\/#website"},"datePublished":"2014-05-22T11:51:58+00:00","dateModified":"2014-05-26T06:23:00+00:00","breadcrumb":{"@id":"https:\/\/welovecinema.be\/fr\/on-recherche-figurants-serie-bbc-the-missing-emilie-dequenne\/#breadcrumb"},"inLanguage":"fr-FR","potentialAction":[{"@type":"ReadAction","target":["https:\/\/welovecinema.be\/fr\/on-recherche-figurants-serie-bbc-the-missing-emilie-dequenne\/"]}]},{"@type":"BreadcrumbList","@id":"https:\/\/welovecinema.be\/fr\/on-recherche-figurants-serie-bbc-the-missing-emilie-dequenne\/#breadcrumb","itemListElement":[{"@type":"ListItem","position":1,"name":"Accueil","item":"https:\/\/welovecinema.be\/fr\/"},{"@type":"ListItem","position":2,"name":"On recherche des figurants pour la s\u00e9rie The Missing (avec Emilie Dequenne)"}]},{"@type":"WebSite","@id":"https:\/\/welovecinema.be\/nl\/#website","url":"https:\/\/welovecinema.be\/nl\/","name":"We Love Cinema","description":"Toute l\u2019information du cin\u00e9ma en Belgique","publisher":{"@id":"https:\/\/welovecinema.be\/nl\/#organization"},"potentialAction":[{"@type":"SearchAction","target":{"@type":"EntryPoint","urlTemplate":"https:\/\/welovecinema.be\/nl\/?s={search_term_string}"},"query-input":"required name=search_term_string"}],"inLanguage":"fr-FR"},{"@type":"Organization","@id":"https:\/\/welovecinema.be\/nl\/#organization","name":"We Love Cinema","url":"https:\/\/welovecinema.be\/nl\/","logo":{"@type":"ImageObject","inLanguage":"fr-FR","@id":"https:\/\/welovecinema.be\/nl\/#\/schema\/logo\/image\/","url":"https:\/\/welovecinema.be\/wp-content\/uploads\/sites\/2\/2023\/03\/Logo-We-Love-Cinema305x128.jpg","contentUrl":"https:\/\/welovecinema.be\/wp-content\/uploads\/sites\/2\/2023\/03\/Logo-We-Love-Cinema305x128.jpg","width":305,"height":128,"caption":"We Love Cinema"},"image":{"@id":"https:\/\/welovecinema.be\/nl\/#\/schema\/logo\/image\/"},"sameAs":["https:\/\/www.facebook.com\/welovecinema.be","https:\/\/www.youtube.com\/channel\/UCX5LYGVhnKvYauW4Nta4HJA","https:\/\/www.instagram.com\/welovecinema.be\/"]},{"@type":"Person","@id":"https:\/\/welovecinema.be\/nl\/#\/schema\/person\/4b9b1d857f0943453a38a7c2859ef756","name":"Philippe.Pierquin","url":"https:\/\/welovecinema.be\/fr\/author\/philippe-pierquin\/"}]}},"_links":{"self":[{"href":"https:\/\/welovecinema.be\/fr\/wp-json\/wp\/v2\/posts\/56908","targetHints":{"allow":["GET"]}}],"collection":[{"href":"https:\/\/welovecinema.be\/fr\/wp-json\/wp\/v2\/posts"}],"about":[{"href":"https:\/\/welovecinema.be\/fr\/wp-json\/wp\/v2\/types\/post"}],"author":[{"embeddable":true,"href":"https:\/\/welovecinema.be\/fr\/wp-json\/wp\/v2\/users\/7"}],"replies":[{"embeddable":true,"href":"https:\/\/welovecinema.be\/fr\/wp-json\/wp\/v2\/comments?post=56908"}],"version-history":[{"count":0,"href":"https:\/\/welovecinema.be\/fr\/wp-json\/wp\/v2\/posts\/56908\/revisions"}],"wp:featuredmedia":[{"embeddable":true,"href":"https:\/\/welovecinema.be\/fr\/wp-json\/wp\/v2\/media\/56910"}],"wp:attachment":[{"href":"https:\/\/welovecinema.be\/fr\/wp-json\/wp\/v2\/media?parent=56908"}],"wp:term":[{"taxonomy":"category","embeddable":true,"href":"https:\/\/welovecinema.be\/fr\/wp-json\/wp\/v2\/categories?post=56908"},{"taxonomy":"post_tag","embeddable":true,"href":"https:\/\/welovecinema.be\/fr\/wp-json\/wp\/v2\/tags?post=56908"}],"curies":[{"name":"wp","href":"https:\/\/api.w.org\/{rel}","templated":true}]}}