{"id":56360,"date":"2014-05-13T09:24:29","date_gmt":"2014-05-13T07:24:29","guid":{"rendered":"http:\/\/www.cinevox.be\/?p=56360"},"modified":"2014-05-13T09:26:00","modified_gmt":"2014-05-13T07:26:00","slug":"cannes-petit-ecran","status":"publish","type":"post","link":"https:\/\/welovecinema.be\/fr\/cannes-petit-ecran\/","title":{"rendered":"Cannes sur le petit \u00e9cran"},"content":{"rendered":"<p>Pour le Festival de Cannes, la RTBF a d\u00e9cid\u00e9 de mettre (selon l\u2019expression consacr\u00e9e) les petits plats dans les grands. Et, donc, les grands films sur le petit \u00e9cran. Au menu, une s\u00e9rie de soir\u00e9es th\u00e9matiques, des longs m\u00e9trages in\u00e9dits et prestigieux, beaucoup d\u2019\u00e9motions fortes et quelques \u00e9missions et documentaires pour terminer les festivit\u00e9s.<!--more--><\/p>\n<p>&nbsp;<\/p>\n<p>&nbsp;<\/p>\n<p>&nbsp;<\/p>\n<h1>PREMIER ACTE<\/h1>\n<p>&nbsp;<\/p>\n<p>Ce mercredi 14 mai \u00e0 22\u00a0h\u00a025 sur la Une, premier \u00e9v\u00e9nement cannois avec la diffusion sur la Une d\u2019<i>A perdre la raison <\/i>de Joachim Lafosse, toujours in\u00e9dit en clair.<\/p>\n<p>&nbsp;<\/p>\n<p><a href=\"http:\/\/www.cinevox.be\/cannes-petit-ecran\/333393_10151258770409202_2057414797_o-2\/\" rel=\"attachment wp-att-56361\"><img loading=\"lazy\" decoding=\"async\" class=\"aligncenter size-full wp-image-56361\" alt=\"\" src=\"http:\/\/www.cinevox.be\/wp-content\/uploads\/sites\/2\/2014\/05\/333393_10151258770409202_2057414797_o.jpg\" width=\"2048\" height=\"1107\" srcset=\"https:\/\/welovecinema.be\/wp-content\/uploads\/sites\/2\/2014\/05\/333393_10151258770409202_2057414797_o.jpg 2048w, https:\/\/welovecinema.be\/wp-content\/uploads\/sites\/2\/2014\/05\/333393_10151258770409202_2057414797_o-480x259.jpg 480w, https:\/\/welovecinema.be\/wp-content\/uploads\/sites\/2\/2014\/05\/333393_10151258770409202_2057414797_o-800x432.jpg 800w\" sizes=\"auto, (max-width: 2048px) 100vw, 2048px\" \/><\/a><\/p>\n<p>&nbsp;<\/p>\n<p>Le film, pr\u00e9sent\u00e9 dans la section Un Certain regard en 2012, a valu \u00e0 Emilie Dequenne un Prix d\u2019interpr\u00e9tation invent\u00e9 de toutes pi\u00e8ces par le jury pour saluer sa prestation exceptionnelle (lire <a href=\"http:\/\/www.cinevox.be\/?p=22627\">ici<\/a>). Quelques mois plus tard, ce drame (lire la pr\u00e9sentation <a href=\"http:\/\/www.cinevox.be\/?p=21778\">ICI<\/a>) domina l\u2019\u00e9dition\u00a02013 des Magritte du cin\u00e9ma (lire <a href=\"http:\/\/www.cinevox.be\/?p=36723\">ICI<\/a>).<\/p>\n<p>&nbsp;<\/p>\n<p>Si vous n&rsquo;\u00eates pas dispo ce mercredi, sachez que Le film sera rediffus\u00e9 jeudi 22 mai sur la Trois \u00e0 21\u00a0h\u00a015 suivi \u00e0 23\u00a0h de la r\u00e9cente \u00e9mission Hep Taxi ! avec Emilie Dequenne (1re diffusion le 6 mai \u00e0 22\u00a0h\u00a050 sur La Deux) et \u00e0 23\u00a0h\u00a030 d\u2019un num\u00e9ro de Screen \u2013 Making of\u00a0 avec une interview de Joachim Lafosse qui \u00e9voque le tournage <i>d\u2019a perdre la raison<\/i> qui s\u2019est d\u00e9roul\u00e9 en mai, juin et juillet 2011 en Belgique et au Luxembourg.<\/p>\n<p>Paul M\u00e9ranger (r\u00e9alisation, image et son) a subdivis\u00e9 le making of en plusieurs chapitres stigmatisant les \u00e9tapes importantes du film. \u00c0 travers cette vid\u00e9o de 21 minutes, on d\u00e9couvre les coulisses du d\u00e9cor avec l\u2019\u00e9quipe technique, les r\u00e9p\u00e9titions des acteurs, la contrainte de faire jouer des jeunes enfants, &#8230;<\/p>\n<p>&nbsp;<\/p>\n<p>&nbsp;<\/p>\n<h1>DEUXI\u00c8ME ACTE<\/h1>\n<p>&nbsp;<\/p>\n<p>Vendredi\u00a016 \u00e0 partir de 21\u00a0h\u00a005, la Trois propose une deuxi\u00e8me soir\u00e9e sp\u00e9ciale Festival de Cannes avec <i>Les G\u00e9ants,<\/i> film de Bouli Lanners , in\u00e9dit \u00e0 la t\u00e9l\u00e9 (hors BeTV) suivi de la rediffusion \u00e0 22\u00a0h\u00a025 de \u00ab L\u2019envers de l\u2019\u00e9cran \u00bb consacr\u00e9 au r\u00e9alisateur et de deux courts m\u00e9trages.<\/p>\n<p>&nbsp;<\/p>\n<p><a href=\"http:\/\/www.cinevox.be\/cannes-petit-ecran\/g9-4\/\" rel=\"attachment wp-att-56362\"><img loading=\"lazy\" decoding=\"async\" class=\"aligncenter size-full wp-image-56362\" alt=\"\" src=\"http:\/\/www.cinevox.be\/wp-content\/uploads\/sites\/2\/2014\/05\/G9.jpg\" width=\"1024\" height=\"553\" srcset=\"https:\/\/welovecinema.be\/wp-content\/uploads\/sites\/2\/2014\/05\/G9.jpg 1024w, https:\/\/welovecinema.be\/wp-content\/uploads\/sites\/2\/2014\/05\/G9-480x259.jpg 480w, https:\/\/welovecinema.be\/wp-content\/uploads\/sites\/2\/2014\/05\/G9-800x432.jpg 800w\" sizes=\"auto, (max-width: 1024px) 100vw, 1024px\" \/><\/a><\/p>\n<p>&nbsp;<\/p>\n<p>\u00c0 Cannes en 2011, <i>Les G\u00e9ants<\/i> a remport\u00e9 le Prix SACD Soci\u00e9t\u00e9 des auteurs et compositeurs dramatiques et le Prix Art Cin\u00e9ma Award lors de la Quinzaine des r\u00e9alisateurs \u00e0 Cannes (lire <a href=\"http:\/\/www.cinevox.be\/deux-recompenses-pour-bouli-cest-geant\/\">ICI<\/a>).<\/p>\n<p>Quelques mois plus tard, il r\u00e9alisait une OPA sur les Magritte du cin\u00e9ma avec cinq r\u00e9compenses (lire <a href=\"http:\/\/www.cinevox.be\/2e-magritte-du-cinema-les-resultats\/\">ICI<\/a>)<\/p>\n<p>&nbsp;<\/p>\n<p>L\u2019\u00e9mission qui suivra a \u00e9t\u00e9 enregistr\u00e9e en 2005. Il s\u2019agit d\u2019un long entretien formidablement document\u00e9, men\u00e9 par <b>Philippe Reynaert<\/b> et diffus\u00e9 \u00e0 l\u2019\u00e9poque sur la RTBF.<\/p>\n<p>On y retrace le parcours de ce peintre-com\u00e9dien-r\u00e9alisateur et sc\u00e9nariste qui apr\u00e8s avoir fr\u00e9quent\u00e9 l\u2019Acad\u00e9mie royale des Beaux-Arts de Li\u00e8ge a expos\u00e9 ses \u0153uvres un peu partout avant de rejoindre l\u2019\u00e9quipe des Snuls sur Canal+ Belgique. Il sera r\u00e9guli\u00e8rement demand\u00e9 pour des seconds r\u00f4les dans des films belges et fran\u00e7ais : il est entra\u00eeneur dans <i>Les convoyeurs attendent,<\/i> flic dans <i>Petites mis\u00e8res,<\/i> crooner finlandais dans <i>Aaltra<\/i>, caporal dans <i>Un long dimanche de fian\u00e7ailles<\/i>&#8230;<\/p>\n<p>&nbsp;<\/p>\n<p><a href=\"http:\/\/www.cinevox.be\/cannes-petit-ecran\/g4\/\" rel=\"attachment wp-att-56363\"><img loading=\"lazy\" decoding=\"async\" class=\"aligncenter size-full wp-image-56363\" alt=\"\" src=\"http:\/\/www.cinevox.be\/wp-content\/uploads\/sites\/2\/2014\/05\/G4.jpg\" width=\"1024\" height=\"689\" srcset=\"https:\/\/welovecinema.be\/wp-content\/uploads\/sites\/2\/2014\/05\/G4.jpg 1024w, https:\/\/welovecinema.be\/wp-content\/uploads\/sites\/2\/2014\/05\/G4-401x270.jpg 401w, https:\/\/welovecinema.be\/wp-content\/uploads\/sites\/2\/2014\/05\/G4-800x538.jpg 800w\" sizes=\"auto, (max-width: 1024px) 100vw, 1024px\" \/><\/a><\/p>\n<p>Son premier court m\u00e9trage sort en 95 : <i>Non Wallonie, ta culture n\u2019est pas morte<\/i> (tr\u00e8s d\u2019actualit\u00e9). Suivront en 96 et en 99 <i>Les Soeurs Van Hoof<\/i>\u00a0 et <i>Travellinckx<\/i>, un road movie tourn\u00e9 en super-8 noir et blanc.<\/p>\n<p>En 2000, il r\u00e9alise deux docus-fiction, <i>Le Festival de Kanne de Belgique<\/i>\u00a0 et <i>Welcome in new Belgique <\/i><\/p>\n<p><i>\u00a0<\/i>En 2001, son court m\u00e9trage <i>Muno<\/i> remporte une quinzaine de prix internationaux et confirme la singularit\u00e9 du r\u00e9alisateur.<\/p>\n<p><i>Ultranova<\/i>, produit par Versus production, est son premier long m\u00e9trage qui met en lumi\u00e8re une petite constellation de personnages d\u00e9cal\u00e9s et dr\u00f4les, en voie d\u2019extinction. Depuis lors, on lui doit le formidable <i>Eldorado<\/i>, road movie d\u00e9jant\u00e9 qui rapproche un dealer de voitures vintage et son cambrioleur. Et les G\u00e9ants, bien s\u00fbr\u2026<\/p>\n<p>&nbsp;<\/p>\n<p>\u00c0 partir de 23\u00a0h\u00a025, la trois nous offre un mini Tout court sp\u00e9cial Cannes avec <i>I Cannes get No<\/i>\u00a0 de Xavier Diskeuve (Belgique\u00a02008 &#8211; 23\u201959\u2019\u2019) qui met en sc\u00e8ne Nicolas Buysse et Fran\u00e7ois Maniquet et <i>Pi\u00e8ce d\u00e9tach\u00e9e<\/i> de Toussaint Colombani (Belgique\u00a02013 \u2013 21\u201946\u2019\u2019) avec Yves Claessens et Erika Sainte<\/p>\n<p>&nbsp;<\/p>\n<p>&nbsp;<\/p>\n<h1>TROISI\u00c8ME ACTE<\/h1>\n<p>&nbsp;<\/p>\n<p>Lundi, sur la Une, cette fois, rebelote avec une s\u00e9ance VIP sp\u00e9ciale Festival de Cannes.<\/p>\n<p>Deux films phares des derni\u00e8res \u00e9ditions au programme, deux (co)productions des films du Fleuve.<\/p>\n<p>&nbsp;<\/p>\n<p><a href=\"http:\/\/www.cinevox.be\/cannes-petit-ecran\/gamin4-3\/\" rel=\"attachment wp-att-56364\"><img loading=\"lazy\" decoding=\"async\" class=\"aligncenter size-full wp-image-56364\" alt=\"\" src=\"http:\/\/www.cinevox.be\/wp-content\/uploads\/sites\/2\/2014\/05\/gamin4.jpg\" width=\"1505\" height=\"1000\" srcset=\"https:\/\/welovecinema.be\/wp-content\/uploads\/sites\/2\/2014\/05\/gamin4.jpg 1505w, https:\/\/welovecinema.be\/wp-content\/uploads\/sites\/2\/2014\/05\/gamin4-406x270.jpg 406w, https:\/\/welovecinema.be\/wp-content\/uploads\/sites\/2\/2014\/05\/gamin4-800x531.jpg 800w\" sizes=\"auto, (max-width: 1505px) 100vw, 1505px\" \/><\/a><\/p>\n<p>&nbsp;<\/p>\n<p>\u00c0 20\u00a0h\u00a020, pleins feux sur l\u2019avant-dernier film des fr\u00e8res Dardenne, <i>\u00a0Le Gamin au v\u00e9lo <\/i>(lire <a href=\"http:\/\/www.cinevox.be\/le-gamin-au-velo-en-avant-marches\/\">ICI<\/a>) avec un exceptionnel Thomas Doret, suivi de <i>De rouille et d\u2019os<\/i>, pr\u00e9sent\u00e9 au festival en 2012 avec une \u00e9tonnante Marion Cotillard qui a d\u00e9finitivement s\u00e9duit les fr\u00e8res lors du tournage, les d\u00e9cidant \u00e0 l&rsquo;engager pour leur nouveau long m\u00e9trage. (Lire <a href=\"http:\/\/www.cinevox.be\/?p=37893\">ICI<\/a>)<\/p>\n<p>&nbsp;<\/p>\n<p><a href=\"http:\/\/www.cinevox.be\/cannes-petit-ecran\/cannes-photocall-photo-cd-fif\/\" rel=\"attachment wp-att-56366\"><img loading=\"lazy\" decoding=\"async\" class=\"aligncenter size-full wp-image-56366\" alt=\"\" src=\"http:\/\/www.cinevox.be\/wp-content\/uploads\/sites\/2\/2014\/05\/cannes-photocall-Photo-\u00a9-CD-FIF.jpg\" width=\"850\" height=\"566\" srcset=\"https:\/\/welovecinema.be\/wp-content\/uploads\/sites\/2\/2014\/05\/cannes-photocall-Photo-\u00a9-CD-FIF.jpg 850w, https:\/\/welovecinema.be\/wp-content\/uploads\/sites\/2\/2014\/05\/cannes-photocall-Photo-\u00a9-CD-FIF-405x270.jpg 405w, https:\/\/welovecinema.be\/wp-content\/uploads\/sites\/2\/2014\/05\/cannes-photocall-Photo-\u00a9-CD-FIF-800x532.jpg 800w\" sizes=\"auto, (max-width: 850px) 100vw, 850px\" \/><\/a><\/p>\n<p>&nbsp;<\/p>\n<p>La soir\u00e9e se terminera par la rediffusion de <i>L\u2019\u00c2ge de raison, le cin\u00e9ma des fr\u00e8res Dardenne<\/i> (Lire <a href=\"http:\/\/www.cinevox.be\/?p=56321\">ICI<\/a>)<\/p>\n<p>&nbsp;<\/p>\n<p>&nbsp;<\/p>\n<h1>LE BONUS ARTE\/RTBF<\/h1>\n<p>&nbsp;<\/p>\n<p>Du 19 au 23 mai \u00e0 20\u00a0h\u00a05 : Cinquante Degr\u00e9s Nord sera sur La Croisette et partira \u00e0 la d\u00e9couverte du cin\u00e9ma belge\u00a0 avec cinq \u00e9missions qui s&rsquo;\u00e9loignent des canevas habituels<\/p>\n<p>Les 19 et le 20 mai, Eric Russon quitte son plateau pour retracer la construction d\u2019un film. Il ira \u00e0 la rencontre des sc\u00e9naristes, r\u00e9alisateurs, producteurs, responsables de casting, cr\u00e9ateurs d\u2019effets sp\u00e9ciaux, musiciens, distributeurs, etc.<\/p>\n<p>&nbsp;<\/p>\n<p><a href=\"http:\/\/www.cinevox.be\/cannes-petit-ecran\/50_degr_s_nord\/\" rel=\"attachment wp-att-56367\"><img loading=\"lazy\" decoding=\"async\" class=\"aligncenter size-full wp-image-56367\" alt=\"\" src=\"http:\/\/www.cinevox.be\/wp-content\/uploads\/sites\/2\/2014\/05\/50_degr_s_Nord.jpg\" width=\"600\" height=\"285\" srcset=\"https:\/\/welovecinema.be\/wp-content\/uploads\/sites\/2\/2014\/05\/50_degr_s_Nord.jpg 600w, https:\/\/welovecinema.be\/wp-content\/uploads\/sites\/2\/2014\/05\/50_degr_s_Nord-480x228.jpg 480w\" sizes=\"auto, (max-width: 600px) 100vw, 600px\" \/><\/a><\/p>\n<p>&nbsp;<\/p>\n<p>Dix-sept intervenants d\u00e9tailleront chaque \u00e9tape de l\u2019industrie du cin\u00e9ma en Belgique avec des rencontres sur les lieux de cr\u00e9ation pour d\u00e9couvrir, en parall\u00e8le, les films en d\u00e9veloppement qui feront le cin\u00e9ma belge des prochains mois.<\/p>\n<p>On y verra m\u00eame notre r\u00e9dacteur en chef francophone qui \u00e9voque les ambiances de tournage. Sympa.<\/p>\n<p>&nbsp;<\/p>\n<p>Du 21 au 23 mai, Cinquante Degr\u00e9s Nord prendra ensuite ses quartiers au Festival de Cannes.<\/p>\n<p>Eric Russon se d\u00e9placera aux quatre coins de la Croisette pour cerner l\u2019actualit\u00e9 cin\u00e9matographique belge et internationale.<\/p>\n<p>Une semaine \u00e0 ne pas rater, donc, surtout pour les fid\u00e8les de Cinevox qui devraient y trouver leur compte.<\/p>\n","protected":false},"excerpt":{"rendered":"<p>Pour le Festival de Cannes, la RTBF a d\u00e9cid\u00e9 de mettre (selon l\u2019expression consacr\u00e9e) les petits plats dans les grands. Et, donc, les grands films sur le petit \u00e9cran. Au menu, une s\u00e9rie de soir\u00e9es th\u00e9matiques, des longs m\u00e9trages in\u00e9dits et prestigieux, beaucoup d\u2019\u00e9motions fortes et quelques \u00e9missions et documentaires pour terminer les festivit\u00e9s.<\/p>\n","protected":false},"author":7,"featured_media":56369,"comment_status":"closed","ping_status":"closed","sticky":false,"template":"","format":"standard","meta":{"ngg_post_thumbnail":0,"footnotes":""},"categories":[14],"tags":[],"class_list":["post-56360","post","type-post","status-publish","format-standard","has-post-thumbnail","","category-home-cinema"],"yoast_head":"<!-- This site is optimized with the Yoast SEO plugin v20.4 - https:\/\/yoast.com\/wordpress\/plugins\/seo\/ -->\n<title>Cannes sur le petit \u00e9cran - We Love Cinema<\/title>\n<meta name=\"robots\" content=\"index, follow, max-snippet:-1, max-image-preview:large, max-video-preview:-1\" \/>\n<link rel=\"canonical\" href=\"https:\/\/welovecinema.be\/fr\/cannes-petit-ecran\/\" \/>\n<meta property=\"og:locale\" content=\"fr_FR\" \/>\n<meta property=\"og:type\" content=\"article\" \/>\n<meta property=\"og:title\" content=\"Cannes sur le petit \u00e9cran - We Love Cinema\" \/>\n<meta property=\"og:description\" content=\"Pour le Festival de Cannes, la RTBF a d\u00e9cid\u00e9 de mettre (selon l\u2019expression consacr\u00e9e) les petits plats dans les grands. Et, donc, les grands films sur le petit \u00e9cran. Au menu, une s\u00e9rie de soir\u00e9es th\u00e9matiques, des longs m\u00e9trages in\u00e9dits et prestigieux, beaucoup d\u2019\u00e9motions fortes et quelques \u00e9missions et documentaires pour terminer les festivit\u00e9s.\" \/>\n<meta property=\"og:url\" content=\"https:\/\/welovecinema.be\/fr\/cannes-petit-ecran\/\" \/>\n<meta property=\"og:site_name\" content=\"We Love Cinema\" \/>\n<meta property=\"article:publisher\" content=\"https:\/\/www.facebook.com\/welovecinema.be\" \/>\n<meta property=\"article:published_time\" content=\"2014-05-13T07:24:29+00:00\" \/>\n<meta property=\"article:modified_time\" content=\"2014-05-13T07:26:00+00:00\" \/>\n<meta property=\"og:image\" content=\"https:\/\/welovecinema.be\/wp-content\/uploads\/sites\/2\/2014\/05\/sipa_00370000_000008.jpg\" \/>\n\t<meta property=\"og:image:width\" content=\"494\" \/>\n\t<meta property=\"og:image:height\" content=\"351\" \/>\n\t<meta property=\"og:image:type\" content=\"image\/jpeg\" \/>\n<meta name=\"author\" content=\"Philippe.Pierquin\" \/>\n<meta name=\"twitter:card\" content=\"summary_large_image\" \/>\n<meta name=\"twitter:label1\" content=\"\u00c9crit par\" \/>\n\t<meta name=\"twitter:data1\" content=\"Philippe.Pierquin\" \/>\n\t<meta name=\"twitter:label2\" content=\"Dur\u00e9e de lecture estim\u00e9e\" \/>\n\t<meta name=\"twitter:data2\" content=\"5 minutes\" \/>\n<script type=\"application\/ld+json\" class=\"yoast-schema-graph\">{\"@context\":\"https:\/\/schema.org\",\"@graph\":[{\"@type\":\"Article\",\"@id\":\"https:\/\/welovecinema.be\/fr\/cannes-petit-ecran\/#article\",\"isPartOf\":{\"@id\":\"https:\/\/welovecinema.be\/fr\/cannes-petit-ecran\/\"},\"author\":{\"name\":\"Philippe.Pierquin\",\"@id\":\"https:\/\/welovecinema.be\/nl\/#\/schema\/person\/4b9b1d857f0943453a38a7c2859ef756\"},\"headline\":\"Cannes sur le petit \u00e9cran\",\"datePublished\":\"2014-05-13T07:24:29+00:00\",\"dateModified\":\"2014-05-13T07:26:00+00:00\",\"mainEntityOfPage\":{\"@id\":\"https:\/\/welovecinema.be\/fr\/cannes-petit-ecran\/\"},\"wordCount\":1042,\"publisher\":{\"@id\":\"https:\/\/welovecinema.be\/nl\/#organization\"},\"articleSection\":[\"Plateau t\u00e9l\u00e9\"],\"inLanguage\":\"fr-FR\"},{\"@type\":\"WebPage\",\"@id\":\"https:\/\/welovecinema.be\/fr\/cannes-petit-ecran\/\",\"url\":\"https:\/\/welovecinema.be\/fr\/cannes-petit-ecran\/\",\"name\":\"Cannes sur le petit \u00e9cran - We Love Cinema\",\"isPartOf\":{\"@id\":\"https:\/\/welovecinema.be\/nl\/#website\"},\"datePublished\":\"2014-05-13T07:24:29+00:00\",\"dateModified\":\"2014-05-13T07:26:00+00:00\",\"breadcrumb\":{\"@id\":\"https:\/\/welovecinema.be\/fr\/cannes-petit-ecran\/#breadcrumb\"},\"inLanguage\":\"fr-FR\",\"potentialAction\":[{\"@type\":\"ReadAction\",\"target\":[\"https:\/\/welovecinema.be\/fr\/cannes-petit-ecran\/\"]}]},{\"@type\":\"BreadcrumbList\",\"@id\":\"https:\/\/welovecinema.be\/fr\/cannes-petit-ecran\/#breadcrumb\",\"itemListElement\":[{\"@type\":\"ListItem\",\"position\":1,\"name\":\"Accueil\",\"item\":\"https:\/\/welovecinema.be\/fr\/\"},{\"@type\":\"ListItem\",\"position\":2,\"name\":\"Cannes sur le petit \u00e9cran\"}]},{\"@type\":\"WebSite\",\"@id\":\"https:\/\/welovecinema.be\/nl\/#website\",\"url\":\"https:\/\/welovecinema.be\/nl\/\",\"name\":\"We Love Cinema\",\"description\":\"Toute l\u2019information du cin\u00e9ma en Belgique\",\"publisher\":{\"@id\":\"https:\/\/welovecinema.be\/nl\/#organization\"},\"potentialAction\":[{\"@type\":\"SearchAction\",\"target\":{\"@type\":\"EntryPoint\",\"urlTemplate\":\"https:\/\/welovecinema.be\/nl\/?s={search_term_string}\"},\"query-input\":\"required name=search_term_string\"}],\"inLanguage\":\"fr-FR\"},{\"@type\":\"Organization\",\"@id\":\"https:\/\/welovecinema.be\/nl\/#organization\",\"name\":\"We Love Cinema\",\"url\":\"https:\/\/welovecinema.be\/nl\/\",\"logo\":{\"@type\":\"ImageObject\",\"inLanguage\":\"fr-FR\",\"@id\":\"https:\/\/welovecinema.be\/nl\/#\/schema\/logo\/image\/\",\"url\":\"https:\/\/welovecinema.be\/wp-content\/uploads\/sites\/2\/2023\/03\/Logo-We-Love-Cinema305x128.jpg\",\"contentUrl\":\"https:\/\/welovecinema.be\/wp-content\/uploads\/sites\/2\/2023\/03\/Logo-We-Love-Cinema305x128.jpg\",\"width\":305,\"height\":128,\"caption\":\"We Love Cinema\"},\"image\":{\"@id\":\"https:\/\/welovecinema.be\/nl\/#\/schema\/logo\/image\/\"},\"sameAs\":[\"https:\/\/www.facebook.com\/welovecinema.be\",\"https:\/\/www.youtube.com\/channel\/UCX5LYGVhnKvYauW4Nta4HJA\",\"https:\/\/www.instagram.com\/welovecinema.be\/\"]},{\"@type\":\"Person\",\"@id\":\"https:\/\/welovecinema.be\/nl\/#\/schema\/person\/4b9b1d857f0943453a38a7c2859ef756\",\"name\":\"Philippe.Pierquin\",\"url\":\"https:\/\/welovecinema.be\/fr\/author\/philippe-pierquin\/\"}]}<\/script>\n<!-- \/ Yoast SEO plugin. -->","yoast_head_json":{"title":"Cannes sur le petit \u00e9cran - We Love Cinema","robots":{"index":"index","follow":"follow","max-snippet":"max-snippet:-1","max-image-preview":"max-image-preview:large","max-video-preview":"max-video-preview:-1"},"canonical":"https:\/\/welovecinema.be\/fr\/cannes-petit-ecran\/","og_locale":"fr_FR","og_type":"article","og_title":"Cannes sur le petit \u00e9cran - We Love Cinema","og_description":"Pour le Festival de Cannes, la RTBF a d\u00e9cid\u00e9 de mettre (selon l\u2019expression consacr\u00e9e) les petits plats dans les grands. Et, donc, les grands films sur le petit \u00e9cran. Au menu, une s\u00e9rie de soir\u00e9es th\u00e9matiques, des longs m\u00e9trages in\u00e9dits et prestigieux, beaucoup d\u2019\u00e9motions fortes et quelques \u00e9missions et documentaires pour terminer les festivit\u00e9s.","og_url":"https:\/\/welovecinema.be\/fr\/cannes-petit-ecran\/","og_site_name":"We Love Cinema","article_publisher":"https:\/\/www.facebook.com\/welovecinema.be","article_published_time":"2014-05-13T07:24:29+00:00","article_modified_time":"2014-05-13T07:26:00+00:00","og_image":[{"width":494,"height":351,"url":"https:\/\/welovecinema.be\/wp-content\/uploads\/sites\/2\/2014\/05\/sipa_00370000_000008.jpg","type":"image\/jpeg"}],"author":"Philippe.Pierquin","twitter_card":"summary_large_image","twitter_misc":{"\u00c9crit par":"Philippe.Pierquin","Dur\u00e9e de lecture estim\u00e9e":"5 minutes"},"schema":{"@context":"https:\/\/schema.org","@graph":[{"@type":"Article","@id":"https:\/\/welovecinema.be\/fr\/cannes-petit-ecran\/#article","isPartOf":{"@id":"https:\/\/welovecinema.be\/fr\/cannes-petit-ecran\/"},"author":{"name":"Philippe.Pierquin","@id":"https:\/\/welovecinema.be\/nl\/#\/schema\/person\/4b9b1d857f0943453a38a7c2859ef756"},"headline":"Cannes sur le petit \u00e9cran","datePublished":"2014-05-13T07:24:29+00:00","dateModified":"2014-05-13T07:26:00+00:00","mainEntityOfPage":{"@id":"https:\/\/welovecinema.be\/fr\/cannes-petit-ecran\/"},"wordCount":1042,"publisher":{"@id":"https:\/\/welovecinema.be\/nl\/#organization"},"articleSection":["Plateau t\u00e9l\u00e9"],"inLanguage":"fr-FR"},{"@type":"WebPage","@id":"https:\/\/welovecinema.be\/fr\/cannes-petit-ecran\/","url":"https:\/\/welovecinema.be\/fr\/cannes-petit-ecran\/","name":"Cannes sur le petit \u00e9cran - We Love Cinema","isPartOf":{"@id":"https:\/\/welovecinema.be\/nl\/#website"},"datePublished":"2014-05-13T07:24:29+00:00","dateModified":"2014-05-13T07:26:00+00:00","breadcrumb":{"@id":"https:\/\/welovecinema.be\/fr\/cannes-petit-ecran\/#breadcrumb"},"inLanguage":"fr-FR","potentialAction":[{"@type":"ReadAction","target":["https:\/\/welovecinema.be\/fr\/cannes-petit-ecran\/"]}]},{"@type":"BreadcrumbList","@id":"https:\/\/welovecinema.be\/fr\/cannes-petit-ecran\/#breadcrumb","itemListElement":[{"@type":"ListItem","position":1,"name":"Accueil","item":"https:\/\/welovecinema.be\/fr\/"},{"@type":"ListItem","position":2,"name":"Cannes sur le petit \u00e9cran"}]},{"@type":"WebSite","@id":"https:\/\/welovecinema.be\/nl\/#website","url":"https:\/\/welovecinema.be\/nl\/","name":"We Love Cinema","description":"Toute l\u2019information du cin\u00e9ma en Belgique","publisher":{"@id":"https:\/\/welovecinema.be\/nl\/#organization"},"potentialAction":[{"@type":"SearchAction","target":{"@type":"EntryPoint","urlTemplate":"https:\/\/welovecinema.be\/nl\/?s={search_term_string}"},"query-input":"required name=search_term_string"}],"inLanguage":"fr-FR"},{"@type":"Organization","@id":"https:\/\/welovecinema.be\/nl\/#organization","name":"We Love Cinema","url":"https:\/\/welovecinema.be\/nl\/","logo":{"@type":"ImageObject","inLanguage":"fr-FR","@id":"https:\/\/welovecinema.be\/nl\/#\/schema\/logo\/image\/","url":"https:\/\/welovecinema.be\/wp-content\/uploads\/sites\/2\/2023\/03\/Logo-We-Love-Cinema305x128.jpg","contentUrl":"https:\/\/welovecinema.be\/wp-content\/uploads\/sites\/2\/2023\/03\/Logo-We-Love-Cinema305x128.jpg","width":305,"height":128,"caption":"We Love Cinema"},"image":{"@id":"https:\/\/welovecinema.be\/nl\/#\/schema\/logo\/image\/"},"sameAs":["https:\/\/www.facebook.com\/welovecinema.be","https:\/\/www.youtube.com\/channel\/UCX5LYGVhnKvYauW4Nta4HJA","https:\/\/www.instagram.com\/welovecinema.be\/"]},{"@type":"Person","@id":"https:\/\/welovecinema.be\/nl\/#\/schema\/person\/4b9b1d857f0943453a38a7c2859ef756","name":"Philippe.Pierquin","url":"https:\/\/welovecinema.be\/fr\/author\/philippe-pierquin\/"}]}},"_links":{"self":[{"href":"https:\/\/welovecinema.be\/fr\/wp-json\/wp\/v2\/posts\/56360","targetHints":{"allow":["GET"]}}],"collection":[{"href":"https:\/\/welovecinema.be\/fr\/wp-json\/wp\/v2\/posts"}],"about":[{"href":"https:\/\/welovecinema.be\/fr\/wp-json\/wp\/v2\/types\/post"}],"author":[{"embeddable":true,"href":"https:\/\/welovecinema.be\/fr\/wp-json\/wp\/v2\/users\/7"}],"replies":[{"embeddable":true,"href":"https:\/\/welovecinema.be\/fr\/wp-json\/wp\/v2\/comments?post=56360"}],"version-history":[{"count":0,"href":"https:\/\/welovecinema.be\/fr\/wp-json\/wp\/v2\/posts\/56360\/revisions"}],"wp:featuredmedia":[{"embeddable":true,"href":"https:\/\/welovecinema.be\/fr\/wp-json\/wp\/v2\/media\/56369"}],"wp:attachment":[{"href":"https:\/\/welovecinema.be\/fr\/wp-json\/wp\/v2\/media?parent=56360"}],"wp:term":[{"taxonomy":"category","embeddable":true,"href":"https:\/\/welovecinema.be\/fr\/wp-json\/wp\/v2\/categories?post=56360"},{"taxonomy":"post_tag","embeddable":true,"href":"https:\/\/welovecinema.be\/fr\/wp-json\/wp\/v2\/tags?post=56360"}],"curies":[{"name":"wp","href":"https:\/\/api.w.org\/{rel}","templated":true}]}}