{"id":55941,"date":"2014-05-03T20:55:11","date_gmt":"2014-05-03T18:55:11","guid":{"rendered":"http:\/\/www.cinevox.be\/?p=55941"},"modified":"2014-05-03T14:16:00","modified_gmt":"2014-05-03T12:16:00","slug":"bsff-2014-palmares-complet","status":"publish","type":"post","link":"https:\/\/welovecinema.be\/fr\/bsff-2014-palmares-complet\/","title":{"rendered":"BSFF 2014 : le palmar\u00e8s complet"},"content":{"rendered":"<p>Les diff\u00e9rents jurys du Brussels short film festival ont rendu leurs verdicts.<\/p>\n<p>Cinevox oblige, on commence avec le palmar\u00e8s national, mais des films belges sont \u00e9galement au palmar\u00e8s des deux autres sections.<\/p>\n<p>&nbsp;<\/p>\n<p>Bravo aux laur\u00e9ats.<\/p>\n<p><!--more--><\/p>\n<p>&nbsp;<\/p>\n<p>&nbsp;<\/p>\n<p>&nbsp;<\/p>\n<p><a href=\"http:\/\/www.cinevox.be\/bsff-2014-palmares-complet\/2014-05-03_14h02_16-3\/\" rel=\"attachment wp-att-55944\"><img loading=\"lazy\" decoding=\"async\" class=\"aligncenter size-full wp-image-55944\" alt=\"\" src=\"http:\/\/www.cinevox.be\/wp-content\/uploads\/sites\/2\/2014\/05\/2014-05-03_14h02_162.jpg\" width=\"620\" height=\"783\" srcset=\"https:\/\/welovecinema.be\/wp-content\/uploads\/sites\/2\/2014\/05\/2014-05-03_14h02_162.jpg 620w, https:\/\/welovecinema.be\/wp-content\/uploads\/sites\/2\/2014\/05\/2014-05-03_14h02_162-213x270.jpg 213w, https:\/\/welovecinema.be\/wp-content\/uploads\/sites\/2\/2014\/05\/2014-05-03_14h02_162-475x600.jpg 475w\" sizes=\"auto, (max-width: 620px) 100vw, 620px\" \/><\/a><\/p>\n<p>&nbsp;<\/p>\n<p>&nbsp;<\/p>\n<p><a href=\"http:\/\/www.cinevox.be\/bsff-2014-palmares-complet\/2014-05-03_14h04_53\/\" rel=\"attachment wp-att-55945\"><img loading=\"lazy\" decoding=\"async\" class=\"aligncenter size-full wp-image-55945\" alt=\"\" src=\"http:\/\/www.cinevox.be\/wp-content\/uploads\/sites\/2\/2014\/05\/2014-05-03_14h04_53.jpg\" width=\"620\" height=\"644\" srcset=\"https:\/\/welovecinema.be\/wp-content\/uploads\/sites\/2\/2014\/05\/2014-05-03_14h04_53.jpg 620w, https:\/\/welovecinema.be\/wp-content\/uploads\/sites\/2\/2014\/05\/2014-05-03_14h04_53-259x270.jpg 259w, https:\/\/welovecinema.be\/wp-content\/uploads\/sites\/2\/2014\/05\/2014-05-03_14h04_53-577x600.jpg 577w\" sizes=\"auto, (max-width: 620px) 100vw, 620px\" \/><\/a><br \/>\n<a href=\"http:\/\/www.cinevox.be\/bsff-2014-palmares-complet\/2014-05-03_14h03_07\/\" rel=\"attachment wp-att-55946\"><img loading=\"lazy\" decoding=\"async\" class=\"aligncenter size-full wp-image-55946\" alt=\"\" src=\"http:\/\/www.cinevox.be\/wp-content\/uploads\/sites\/2\/2014\/05\/2014-05-03_14h03_07.jpg\" width=\"620\" height=\"630\" srcset=\"https:\/\/welovecinema.be\/wp-content\/uploads\/sites\/2\/2014\/05\/2014-05-03_14h03_07.jpg 620w, https:\/\/welovecinema.be\/wp-content\/uploads\/sites\/2\/2014\/05\/2014-05-03_14h03_07-265x270.jpg 265w, https:\/\/welovecinema.be\/wp-content\/uploads\/sites\/2\/2014\/05\/2014-05-03_14h03_07-590x600.jpg 590w, https:\/\/welovecinema.be\/wp-content\/uploads\/sites\/2\/2014\/05\/2014-05-03_14h03_07-87x87.jpg 87w\" sizes=\"auto, (max-width: 620px) 100vw, 620px\" \/><\/a><\/p>\n<p>&nbsp;<\/p>\n","protected":false},"excerpt":{"rendered":"<p>Les diff\u00e9rents jurys du Brussels short film festival ont rendu leurs verdicts. Cinevox oblige, on commence avec le palmar\u00e8s national, mais des films belges sont \u00e9galement au palmar\u00e8s des deux autres sections. &nbsp; Bravo aux laur\u00e9ats.<\/p>\n","protected":false},"author":7,"featured_media":55948,"comment_status":"closed","ping_status":"closed","sticky":false,"template":"","format":"standard","meta":{"ngg_post_thumbnail":0,"footnotes":""},"categories":[12],"tags":[],"class_list":["post-55941","post","type-post","status-publish","format-standard","has-post-thumbnail","","category-awards"],"yoast_head":"<!-- This site is optimized with the Yoast SEO plugin v20.4 - https:\/\/yoast.com\/wordpress\/plugins\/seo\/ -->\n<title>BSFF 2014 : le palmar\u00e8s complet - We Love Cinema<\/title>\n<meta name=\"robots\" content=\"index, follow, max-snippet:-1, max-image-preview:large, max-video-preview:-1\" \/>\n<link rel=\"canonical\" href=\"https:\/\/welovecinema.be\/fr\/bsff-2014-palmares-complet\/\" \/>\n<meta property=\"og:locale\" content=\"fr_FR\" \/>\n<meta property=\"og:type\" content=\"article\" \/>\n<meta property=\"og:title\" content=\"BSFF 2014 : le palmar\u00e8s complet - We Love Cinema\" \/>\n<meta property=\"og:description\" content=\"Les diff\u00e9rents jurys du Brussels short film festival ont rendu leurs verdicts. Cinevox oblige, on commence avec le palmar\u00e8s national, mais des films belges sont \u00e9galement au palmar\u00e8s des deux autres sections. &nbsp; Bravo aux laur\u00e9ats.\" \/>\n<meta property=\"og:url\" content=\"https:\/\/welovecinema.be\/fr\/bsff-2014-palmares-complet\/\" \/>\n<meta property=\"og:site_name\" content=\"We Love Cinema\" \/>\n<meta property=\"article:publisher\" content=\"https:\/\/www.facebook.com\/welovecinema.be\" \/>\n<meta property=\"article:published_time\" content=\"2014-05-03T18:55:11+00:00\" \/>\n<meta property=\"article:modified_time\" content=\"2014-05-03T12:16:00+00:00\" \/>\n<meta property=\"og:image\" content=\"https:\/\/welovecinema.be\/wp-content\/uploads\/sites\/2\/2010\/05\/Cloture-2013-1.jpg\" \/>\n\t<meta property=\"og:image:width\" content=\"450\" \/>\n\t<meta property=\"og:image:height\" content=\"300\" \/>\n\t<meta property=\"og:image:type\" content=\"image\/jpeg\" \/>\n<meta name=\"author\" content=\"Philippe.Pierquin\" \/>\n<meta name=\"twitter:card\" content=\"summary_large_image\" \/>\n<meta name=\"twitter:label1\" content=\"\u00c9crit par\" \/>\n\t<meta name=\"twitter:data1\" content=\"Philippe.Pierquin\" \/>\n<script type=\"application\/ld+json\" class=\"yoast-schema-graph\">{\"@context\":\"https:\/\/schema.org\",\"@graph\":[{\"@type\":\"Article\",\"@id\":\"https:\/\/welovecinema.be\/fr\/bsff-2014-palmares-complet\/#article\",\"isPartOf\":{\"@id\":\"https:\/\/welovecinema.be\/fr\/bsff-2014-palmares-complet\/\"},\"author\":{\"name\":\"Philippe.Pierquin\",\"@id\":\"https:\/\/welovecinema.be\/nl\/#\/schema\/person\/4b9b1d857f0943453a38a7c2859ef756\"},\"headline\":\"BSFF 2014 : le palmar\u00e8s complet\",\"datePublished\":\"2014-05-03T18:55:11+00:00\",\"dateModified\":\"2014-05-03T12:16:00+00:00\",\"mainEntityOfPage\":{\"@id\":\"https:\/\/welovecinema.be\/fr\/bsff-2014-palmares-complet\/\"},\"wordCount\":51,\"publisher\":{\"@id\":\"https:\/\/welovecinema.be\/nl\/#organization\"},\"articleSection\":[\"Evenements\"],\"inLanguage\":\"fr-FR\"},{\"@type\":\"WebPage\",\"@id\":\"https:\/\/welovecinema.be\/fr\/bsff-2014-palmares-complet\/\",\"url\":\"https:\/\/welovecinema.be\/fr\/bsff-2014-palmares-complet\/\",\"name\":\"BSFF 2014 : le palmar\u00e8s complet - We Love Cinema\",\"isPartOf\":{\"@id\":\"https:\/\/welovecinema.be\/nl\/#website\"},\"datePublished\":\"2014-05-03T18:55:11+00:00\",\"dateModified\":\"2014-05-03T12:16:00+00:00\",\"breadcrumb\":{\"@id\":\"https:\/\/welovecinema.be\/fr\/bsff-2014-palmares-complet\/#breadcrumb\"},\"inLanguage\":\"fr-FR\",\"potentialAction\":[{\"@type\":\"ReadAction\",\"target\":[\"https:\/\/welovecinema.be\/fr\/bsff-2014-palmares-complet\/\"]}]},{\"@type\":\"BreadcrumbList\",\"@id\":\"https:\/\/welovecinema.be\/fr\/bsff-2014-palmares-complet\/#breadcrumb\",\"itemListElement\":[{\"@type\":\"ListItem\",\"position\":1,\"name\":\"Accueil\",\"item\":\"https:\/\/welovecinema.be\/fr\/\"},{\"@type\":\"ListItem\",\"position\":2,\"name\":\"BSFF 2014 : le palmar\u00e8s complet\"}]},{\"@type\":\"WebSite\",\"@id\":\"https:\/\/welovecinema.be\/nl\/#website\",\"url\":\"https:\/\/welovecinema.be\/nl\/\",\"name\":\"We Love Cinema\",\"description\":\"Toute l\u2019information du cin\u00e9ma en Belgique\",\"publisher\":{\"@id\":\"https:\/\/welovecinema.be\/nl\/#organization\"},\"potentialAction\":[{\"@type\":\"SearchAction\",\"target\":{\"@type\":\"EntryPoint\",\"urlTemplate\":\"https:\/\/welovecinema.be\/nl\/?s={search_term_string}\"},\"query-input\":\"required name=search_term_string\"}],\"inLanguage\":\"fr-FR\"},{\"@type\":\"Organization\",\"@id\":\"https:\/\/welovecinema.be\/nl\/#organization\",\"name\":\"We Love Cinema\",\"url\":\"https:\/\/welovecinema.be\/nl\/\",\"logo\":{\"@type\":\"ImageObject\",\"inLanguage\":\"fr-FR\",\"@id\":\"https:\/\/welovecinema.be\/nl\/#\/schema\/logo\/image\/\",\"url\":\"https:\/\/welovecinema.be\/wp-content\/uploads\/sites\/2\/2023\/03\/Logo-We-Love-Cinema305x128.jpg\",\"contentUrl\":\"https:\/\/welovecinema.be\/wp-content\/uploads\/sites\/2\/2023\/03\/Logo-We-Love-Cinema305x128.jpg\",\"width\":305,\"height\":128,\"caption\":\"We Love Cinema\"},\"image\":{\"@id\":\"https:\/\/welovecinema.be\/nl\/#\/schema\/logo\/image\/\"},\"sameAs\":[\"https:\/\/www.facebook.com\/welovecinema.be\",\"https:\/\/www.youtube.com\/channel\/UCX5LYGVhnKvYauW4Nta4HJA\",\"https:\/\/www.instagram.com\/welovecinema.be\/\"]},{\"@type\":\"Person\",\"@id\":\"https:\/\/welovecinema.be\/nl\/#\/schema\/person\/4b9b1d857f0943453a38a7c2859ef756\",\"name\":\"Philippe.Pierquin\",\"url\":\"https:\/\/welovecinema.be\/fr\/author\/philippe-pierquin\/\"}]}<\/script>\n<!-- \/ Yoast SEO plugin. -->","yoast_head_json":{"title":"BSFF 2014 : le palmar\u00e8s complet - We Love Cinema","robots":{"index":"index","follow":"follow","max-snippet":"max-snippet:-1","max-image-preview":"max-image-preview:large","max-video-preview":"max-video-preview:-1"},"canonical":"https:\/\/welovecinema.be\/fr\/bsff-2014-palmares-complet\/","og_locale":"fr_FR","og_type":"article","og_title":"BSFF 2014 : le palmar\u00e8s complet - We Love Cinema","og_description":"Les diff\u00e9rents jurys du Brussels short film festival ont rendu leurs verdicts. Cinevox oblige, on commence avec le palmar\u00e8s national, mais des films belges sont \u00e9galement au palmar\u00e8s des deux autres sections. &nbsp; Bravo aux laur\u00e9ats.","og_url":"https:\/\/welovecinema.be\/fr\/bsff-2014-palmares-complet\/","og_site_name":"We Love Cinema","article_publisher":"https:\/\/www.facebook.com\/welovecinema.be","article_published_time":"2014-05-03T18:55:11+00:00","article_modified_time":"2014-05-03T12:16:00+00:00","og_image":[{"width":450,"height":300,"url":"https:\/\/welovecinema.be\/wp-content\/uploads\/sites\/2\/2010\/05\/Cloture-2013-1.jpg","type":"image\/jpeg"}],"author":"Philippe.Pierquin","twitter_card":"summary_large_image","twitter_misc":{"\u00c9crit par":"Philippe.Pierquin"},"schema":{"@context":"https:\/\/schema.org","@graph":[{"@type":"Article","@id":"https:\/\/welovecinema.be\/fr\/bsff-2014-palmares-complet\/#article","isPartOf":{"@id":"https:\/\/welovecinema.be\/fr\/bsff-2014-palmares-complet\/"},"author":{"name":"Philippe.Pierquin","@id":"https:\/\/welovecinema.be\/nl\/#\/schema\/person\/4b9b1d857f0943453a38a7c2859ef756"},"headline":"BSFF 2014 : le palmar\u00e8s complet","datePublished":"2014-05-03T18:55:11+00:00","dateModified":"2014-05-03T12:16:00+00:00","mainEntityOfPage":{"@id":"https:\/\/welovecinema.be\/fr\/bsff-2014-palmares-complet\/"},"wordCount":51,"publisher":{"@id":"https:\/\/welovecinema.be\/nl\/#organization"},"articleSection":["Evenements"],"inLanguage":"fr-FR"},{"@type":"WebPage","@id":"https:\/\/welovecinema.be\/fr\/bsff-2014-palmares-complet\/","url":"https:\/\/welovecinema.be\/fr\/bsff-2014-palmares-complet\/","name":"BSFF 2014 : le palmar\u00e8s complet - We Love Cinema","isPartOf":{"@id":"https:\/\/welovecinema.be\/nl\/#website"},"datePublished":"2014-05-03T18:55:11+00:00","dateModified":"2014-05-03T12:16:00+00:00","breadcrumb":{"@id":"https:\/\/welovecinema.be\/fr\/bsff-2014-palmares-complet\/#breadcrumb"},"inLanguage":"fr-FR","potentialAction":[{"@type":"ReadAction","target":["https:\/\/welovecinema.be\/fr\/bsff-2014-palmares-complet\/"]}]},{"@type":"BreadcrumbList","@id":"https:\/\/welovecinema.be\/fr\/bsff-2014-palmares-complet\/#breadcrumb","itemListElement":[{"@type":"ListItem","position":1,"name":"Accueil","item":"https:\/\/welovecinema.be\/fr\/"},{"@type":"ListItem","position":2,"name":"BSFF 2014 : le palmar\u00e8s complet"}]},{"@type":"WebSite","@id":"https:\/\/welovecinema.be\/nl\/#website","url":"https:\/\/welovecinema.be\/nl\/","name":"We Love Cinema","description":"Toute l\u2019information du cin\u00e9ma en Belgique","publisher":{"@id":"https:\/\/welovecinema.be\/nl\/#organization"},"potentialAction":[{"@type":"SearchAction","target":{"@type":"EntryPoint","urlTemplate":"https:\/\/welovecinema.be\/nl\/?s={search_term_string}"},"query-input":"required name=search_term_string"}],"inLanguage":"fr-FR"},{"@type":"Organization","@id":"https:\/\/welovecinema.be\/nl\/#organization","name":"We Love Cinema","url":"https:\/\/welovecinema.be\/nl\/","logo":{"@type":"ImageObject","inLanguage":"fr-FR","@id":"https:\/\/welovecinema.be\/nl\/#\/schema\/logo\/image\/","url":"https:\/\/welovecinema.be\/wp-content\/uploads\/sites\/2\/2023\/03\/Logo-We-Love-Cinema305x128.jpg","contentUrl":"https:\/\/welovecinema.be\/wp-content\/uploads\/sites\/2\/2023\/03\/Logo-We-Love-Cinema305x128.jpg","width":305,"height":128,"caption":"We Love Cinema"},"image":{"@id":"https:\/\/welovecinema.be\/nl\/#\/schema\/logo\/image\/"},"sameAs":["https:\/\/www.facebook.com\/welovecinema.be","https:\/\/www.youtube.com\/channel\/UCX5LYGVhnKvYauW4Nta4HJA","https:\/\/www.instagram.com\/welovecinema.be\/"]},{"@type":"Person","@id":"https:\/\/welovecinema.be\/nl\/#\/schema\/person\/4b9b1d857f0943453a38a7c2859ef756","name":"Philippe.Pierquin","url":"https:\/\/welovecinema.be\/fr\/author\/philippe-pierquin\/"}]}},"_links":{"self":[{"href":"https:\/\/welovecinema.be\/fr\/wp-json\/wp\/v2\/posts\/55941","targetHints":{"allow":["GET"]}}],"collection":[{"href":"https:\/\/welovecinema.be\/fr\/wp-json\/wp\/v2\/posts"}],"about":[{"href":"https:\/\/welovecinema.be\/fr\/wp-json\/wp\/v2\/types\/post"}],"author":[{"embeddable":true,"href":"https:\/\/welovecinema.be\/fr\/wp-json\/wp\/v2\/users\/7"}],"replies":[{"embeddable":true,"href":"https:\/\/welovecinema.be\/fr\/wp-json\/wp\/v2\/comments?post=55941"}],"version-history":[{"count":0,"href":"https:\/\/welovecinema.be\/fr\/wp-json\/wp\/v2\/posts\/55941\/revisions"}],"wp:featuredmedia":[{"embeddable":true,"href":"https:\/\/welovecinema.be\/fr\/wp-json\/wp\/v2\/media\/55948"}],"wp:attachment":[{"href":"https:\/\/welovecinema.be\/fr\/wp-json\/wp\/v2\/media?parent=55941"}],"wp:term":[{"taxonomy":"category","embeddable":true,"href":"https:\/\/welovecinema.be\/fr\/wp-json\/wp\/v2\/categories?post=55941"},{"taxonomy":"post_tag","embeddable":true,"href":"https:\/\/welovecinema.be\/fr\/wp-json\/wp\/v2\/tags?post=55941"}],"curies":[{"name":"wp","href":"https:\/\/api.w.org\/{rel}","templated":true}]}}