{"id":55878,"date":"2014-04-30T19:19:36","date_gmt":"2014-04-30T17:19:36","guid":{"rendered":"http:\/\/www.cinevox.be\/?p=55878"},"modified":"2014-05-01T08:41:13","modified_gmt":"2014-05-01T06:41:13","slug":"david-murgia-revient-cannes","status":"publish","type":"post","link":"https:\/\/welovecinema.be\/fr\/david-murgia-revient-cannes\/","title":{"rendered":"David Murgia revient \u00e0 Cannes !"},"content":{"rendered":"<p>Thierry Fr\u00e9maux, \u00a0d\u00e9l\u00e9gu\u00e9 g\u00e9n\u00e9ral du Festival de Cannes, avait pr\u00e9venu: la s\u00e9lection officielle annonc\u00e9e le 17 avril n&rsquo;\u00e9tait pas totalement compl\u00e8te et les responsables de la manifestation se donnaient la possibilit\u00e9 de rajouter quelques films en comp\u00e9tition ou en projections sp\u00e9ciales.<\/p>\n<p>&nbsp;<\/p>\n<p><!--more--><\/p>\n<p>&nbsp;<\/p>\n<p>Aujourd&rsquo;hui, cette promesse a \u00e9t\u00e9 exauc\u00e9e et six longs m\u00e9trages ont rejoint la liste d\u00e9j\u00e0 copieuse des longs m\u00e9trages qui seront projet\u00e9s sur la Croisette : <i>L\u2019Homme qui aimait trop<\/i> du Fran\u00e7ais Andr\u00e9 T\u00e9chin\u00e9, inspir\u00e9 par l\u2019affaire Agn\u00e8s Le Roux avec Guillaume Canet, Catherine Deneuve et Ad\u00e8le Haenel, <i>White God (Feh\u00e9r Isten<\/i>) du hongrois Korn\u00e9l Mundrucz\u00f3 \u00e0 Un certain Regard et quatre films en s\u00e9ances sp\u00e9ciales : <i>Of Men and War (des hommes et de la guerre),<\/i> documentaire du Fran\u00e7ais Laurent B\u00e9cue-Renard, <i>The Owners<\/i> du r\u00e9alisateur kazakh Adilkhan Yerzanov, et <i>El Ardor<\/i> de l\u2019Argentin Pablo Fendrik dans lequel joue Gael Garcia Bernal, membre du jury de la comp\u00e9tition.<\/p>\n<p>&nbsp;<\/p>\n<p><a href=\"http:\/\/www.cinevox.be\/david-murgia-revient-cannes\/tg-2\/\" rel=\"attachment wp-att-55881\"><img loading=\"lazy\" decoding=\"async\" class=\"aligncenter size-full wp-image-55881\" alt=\"\" src=\"http:\/\/www.cinevox.be\/wp-content\/uploads\/sites\/2\/2014\/04\/tg1.jpg\" width=\"620\" height=\"399\" srcset=\"https:\/\/welovecinema.be\/wp-content\/uploads\/sites\/2\/2014\/04\/tg1.jpg 620w, https:\/\/welovecinema.be\/wp-content\/uploads\/sites\/2\/2014\/04\/tg1-419x270.jpg 419w\" sizes=\"auto, (max-width: 620px) 100vw, 620px\" \/><\/a><\/p>\n<p style=\"text-align: right;\"><em>[Tony Gatlif sur le tournage de Geronimo &#8211; Photo par Michel Clementz]<\/em><\/p>\n<p>&nbsp;<\/p>\n<p>Plus <i>Geronimo<\/i> de Tony Gatlif qui nous int\u00e9resse tout particuli\u00e8rement puisqu&rsquo;on y retrouve, aux c\u00f4t\u00e9s de C\u00e9line Sallette et Rapha\u00ebl Personnaz un certain\u2026 <b>David Murgia <\/b>(la photo d&rsquo;ouverture est tir\u00e9e du film).<\/p>\n<p>&nbsp;<\/p>\n<p>Dans cette histoire d\u2019amour tout en musique et en danse, mettant en sc\u00e8ne les communaut\u00e9s turques et gitanes (avec pour h\u00e9ro\u00efne une jeune fille \u00e9lev\u00e9e par des gitans, G\u00e9ronimo), David a tourn\u00e9 avec un r\u00e9alisateur qu&rsquo;il affectionne particuli\u00e8rement, partageant, nous a-t-il expliqu\u00e9 \u00e0 l&rsquo;\u00e9poque, de vrais moments de bonheur et d&rsquo;amiti\u00e9.<\/p>\n<p>&nbsp;<\/p>\n<p>R\u00e9v\u00e9l\u00e9 au cin\u00e9ma gr\u00e2ce \u00e0 <i>La r\u00e9gate<\/i> de Bernard Bellefroid, puis avec <i>La T\u00eate la Premi\u00e8re<\/i> d&rsquo;Am\u00e9lie Van Embt retenu \u00e0 Cannes en 2012 dans la section ACID, David Murgia a remport\u00e9 le Magritte du meilleur espoir masculin 2013 pour ce joli premier r\u00f4le o\u00f9 il put faire parler son naturel p\u00e9tillant et son ironie. Sans parler de son charme latin qui fit chavirer sa partenaire Alice de Lencquesaing. Dans le film, s&rsquo;entend.<\/p>\n<p>&nbsp;<\/p>\n<p><a href=\"http:\/\/www.cinevox.be\/david-murgia-revient-cannes\/255500_10150937550268468_751960128_n\/\" rel=\"attachment wp-att-55879\"><img loading=\"lazy\" decoding=\"async\" class=\"aligncenter size-full wp-image-55879\" alt=\"\" src=\"http:\/\/www.cinevox.be\/wp-content\/uploads\/sites\/2\/2014\/04\/255500_10150937550268468_751960128_n.jpg\" width=\"692\" height=\"460\" srcset=\"https:\/\/welovecinema.be\/wp-content\/uploads\/sites\/2\/2014\/04\/255500_10150937550268468_751960128_n.jpg 692w, https:\/\/welovecinema.be\/wp-content\/uploads\/sites\/2\/2014\/04\/255500_10150937550268468_751960128_n-406x270.jpg 406w\" sizes=\"auto, (max-width: 692px) 100vw, 692px\" \/><\/a><\/p>\n<p>&nbsp;<\/p>\n<p>&nbsp;<\/p>\n<p><a href=\"http:\/\/www.cinevox.be\/david-murgia-revient-cannes\/10258884_10152407705059390_8462143540482121515_n\/\" rel=\"attachment wp-att-55897\"><img loading=\"lazy\" decoding=\"async\" class=\"alignright  wp-image-55897\" alt=\"\" src=\"http:\/\/www.cinevox.be\/wp-content\/uploads\/sites\/2\/2014\/04\/10258884_10152407705059390_8462143540482121515_n-450x600.jpg\" width=\"315\" height=\"420\" srcset=\"https:\/\/welovecinema.be\/wp-content\/uploads\/sites\/2\/2014\/04\/10258884_10152407705059390_8462143540482121515_n-450x600.jpg 450w, https:\/\/welovecinema.be\/wp-content\/uploads\/sites\/2\/2014\/04\/10258884_10152407705059390_8462143540482121515_n-202x270.jpg 202w, https:\/\/welovecinema.be\/wp-content\/uploads\/sites\/2\/2014\/04\/10258884_10152407705059390_8462143540482121515_n.jpg 720w\" sizes=\"auto, (max-width: 315px) 100vw, 315px\" \/><\/a>Au th\u00e9\u00e2tre, David parcourt le monde avec ses complices du Raoul Collectif et\u00a0<i>Le Signal du Promeneur (photo)\u00a0<\/i>\u00a0et a \u00e9galement triomph\u00e9 dans un (quasi) seul en sc\u00e8ne:\u00a0<i>Discours \u00e0 la Nation<\/i>, explosive mise \u00e0 nu des syst\u00e8mes qui nous ali\u00e8nent et nous oppressent subrepticement.<\/p>\n<p>Vu r\u00e9cemment dans <i>Je suis supporter du Standard<\/i> (une nomination au Magritte du meilleur second r\u00f4le) et pr\u00e9sent dans <i>Je te survivrai<\/i> qui sort le 28 mai, David Murgia devrait prochainement tourner dans le nouveau long m\u00e9trage de Bouli Lanners qui promet d&rsquo;\u00eatre assez impressionnant.<\/p>\n<p>&nbsp;<\/p>\n<p>En attendant, ce com\u00e9dien sympathique et hyper talentueux, chouchou de Cinevox, on ne vous apprend rien, retrouvera donc Cannes&#8230; virtuellement en tous cas.<\/p>\n<p>Car, accapar\u00e9 par son travail au th\u00e9\u00e2tre, il se pourra sans doute pas accompagner l&rsquo;\u00e9quipe du film au bord de la M\u00e9diterran\u00e9e : ces jours-l\u00e0, il jouera son formidable <em>Discours \u00e0 la Nation<\/em> \u00e0 Charleroi.<br \/>\nFinalement, tout ce qui manque \u00e0 David Murgia c&rsquo;est le don d&rsquo;ubiquit\u00e9.<\/p>\n<p>&nbsp;<\/p>\n","protected":false},"excerpt":{"rendered":"<p>Thierry Fr\u00e9maux, \u00a0d\u00e9l\u00e9gu\u00e9 g\u00e9n\u00e9ral du Festival de Cannes, avait pr\u00e9venu: la s\u00e9lection officielle annonc\u00e9e le 17 avril n&rsquo;\u00e9tait pas totalement compl\u00e8te et les responsables de la manifestation se donnaient la possibilit\u00e9 de rajouter quelques films en comp\u00e9tition ou en projections sp\u00e9ciales. &nbsp;<\/p>\n","protected":false},"author":7,"featured_media":55910,"comment_status":"closed","ping_status":"closed","sticky":false,"template":"","format":"standard","meta":{"ngg_post_thumbnail":0,"footnotes":""},"categories":[12],"tags":[],"class_list":["post-55878","post","type-post","status-publish","format-standard","has-post-thumbnail","","category-awards"],"yoast_head":"<!-- This site is optimized with the Yoast SEO plugin v20.4 - https:\/\/yoast.com\/wordpress\/plugins\/seo\/ -->\n<title>David Murgia revient \u00e0 Cannes ! - We Love Cinema<\/title>\n<meta name=\"robots\" content=\"index, follow, max-snippet:-1, max-image-preview:large, max-video-preview:-1\" \/>\n<link rel=\"canonical\" href=\"https:\/\/welovecinema.be\/fr\/david-murgia-revient-cannes\/\" \/>\n<meta property=\"og:locale\" content=\"fr_FR\" \/>\n<meta property=\"og:type\" content=\"article\" \/>\n<meta property=\"og:title\" content=\"David Murgia revient \u00e0 Cannes ! - We Love Cinema\" \/>\n<meta property=\"og:description\" content=\"Thierry Fr\u00e9maux, \u00a0d\u00e9l\u00e9gu\u00e9 g\u00e9n\u00e9ral du Festival de Cannes, avait pr\u00e9venu: la s\u00e9lection officielle annonc\u00e9e le 17 avril n&rsquo;\u00e9tait pas totalement compl\u00e8te et les responsables de la manifestation se donnaient la possibilit\u00e9 de rajouter quelques films en comp\u00e9tition ou en projections sp\u00e9ciales. &nbsp;\" \/>\n<meta property=\"og:url\" content=\"https:\/\/welovecinema.be\/fr\/david-murgia-revient-cannes\/\" \/>\n<meta property=\"og:site_name\" content=\"We Love Cinema\" \/>\n<meta property=\"article:publisher\" content=\"https:\/\/www.facebook.com\/welovecinema.be\" \/>\n<meta property=\"article:published_time\" content=\"2014-04-30T17:19:36+00:00\" \/>\n<meta property=\"article:modified_time\" content=\"2014-05-01T06:41:13+00:00\" \/>\n<meta property=\"og:image\" content=\"https:\/\/welovecinema.be\/wp-content\/uploads\/sites\/2\/2014\/04\/david-geronimo.jpg\" \/>\n\t<meta property=\"og:image:width\" content=\"1280\" \/>\n\t<meta property=\"og:image:height\" content=\"536\" \/>\n\t<meta property=\"og:image:type\" content=\"image\/jpeg\" \/>\n<meta name=\"author\" content=\"Philippe.Pierquin\" \/>\n<meta name=\"twitter:card\" content=\"summary_large_image\" \/>\n<meta name=\"twitter:label1\" content=\"\u00c9crit par\" \/>\n\t<meta name=\"twitter:data1\" content=\"Philippe.Pierquin\" \/>\n\t<meta name=\"twitter:label2\" content=\"Dur\u00e9e de lecture estim\u00e9e\" \/>\n\t<meta name=\"twitter:data2\" content=\"3 minutes\" \/>\n<script type=\"application\/ld+json\" class=\"yoast-schema-graph\">{\"@context\":\"https:\/\/schema.org\",\"@graph\":[{\"@type\":\"Article\",\"@id\":\"https:\/\/welovecinema.be\/fr\/david-murgia-revient-cannes\/#article\",\"isPartOf\":{\"@id\":\"https:\/\/welovecinema.be\/fr\/david-murgia-revient-cannes\/\"},\"author\":{\"name\":\"Philippe.Pierquin\",\"@id\":\"https:\/\/welovecinema.be\/nl\/#\/schema\/person\/4b9b1d857f0943453a38a7c2859ef756\"},\"headline\":\"David Murgia revient \u00e0 Cannes !\",\"datePublished\":\"2014-04-30T17:19:36+00:00\",\"dateModified\":\"2014-05-01T06:41:13+00:00\",\"mainEntityOfPage\":{\"@id\":\"https:\/\/welovecinema.be\/fr\/david-murgia-revient-cannes\/\"},\"wordCount\":558,\"publisher\":{\"@id\":\"https:\/\/welovecinema.be\/nl\/#organization\"},\"articleSection\":[\"Evenements\"],\"inLanguage\":\"fr-FR\"},{\"@type\":\"WebPage\",\"@id\":\"https:\/\/welovecinema.be\/fr\/david-murgia-revient-cannes\/\",\"url\":\"https:\/\/welovecinema.be\/fr\/david-murgia-revient-cannes\/\",\"name\":\"David Murgia revient \u00e0 Cannes ! - We Love Cinema\",\"isPartOf\":{\"@id\":\"https:\/\/welovecinema.be\/nl\/#website\"},\"datePublished\":\"2014-04-30T17:19:36+00:00\",\"dateModified\":\"2014-05-01T06:41:13+00:00\",\"breadcrumb\":{\"@id\":\"https:\/\/welovecinema.be\/fr\/david-murgia-revient-cannes\/#breadcrumb\"},\"inLanguage\":\"fr-FR\",\"potentialAction\":[{\"@type\":\"ReadAction\",\"target\":[\"https:\/\/welovecinema.be\/fr\/david-murgia-revient-cannes\/\"]}]},{\"@type\":\"BreadcrumbList\",\"@id\":\"https:\/\/welovecinema.be\/fr\/david-murgia-revient-cannes\/#breadcrumb\",\"itemListElement\":[{\"@type\":\"ListItem\",\"position\":1,\"name\":\"Accueil\",\"item\":\"https:\/\/welovecinema.be\/fr\/\"},{\"@type\":\"ListItem\",\"position\":2,\"name\":\"David Murgia revient \u00e0 Cannes !\"}]},{\"@type\":\"WebSite\",\"@id\":\"https:\/\/welovecinema.be\/nl\/#website\",\"url\":\"https:\/\/welovecinema.be\/nl\/\",\"name\":\"We Love Cinema\",\"description\":\"Toute l\u2019information du cin\u00e9ma en Belgique\",\"publisher\":{\"@id\":\"https:\/\/welovecinema.be\/nl\/#organization\"},\"potentialAction\":[{\"@type\":\"SearchAction\",\"target\":{\"@type\":\"EntryPoint\",\"urlTemplate\":\"https:\/\/welovecinema.be\/nl\/?s={search_term_string}\"},\"query-input\":\"required name=search_term_string\"}],\"inLanguage\":\"fr-FR\"},{\"@type\":\"Organization\",\"@id\":\"https:\/\/welovecinema.be\/nl\/#organization\",\"name\":\"We Love Cinema\",\"url\":\"https:\/\/welovecinema.be\/nl\/\",\"logo\":{\"@type\":\"ImageObject\",\"inLanguage\":\"fr-FR\",\"@id\":\"https:\/\/welovecinema.be\/nl\/#\/schema\/logo\/image\/\",\"url\":\"https:\/\/welovecinema.be\/wp-content\/uploads\/sites\/2\/2023\/03\/Logo-We-Love-Cinema305x128.jpg\",\"contentUrl\":\"https:\/\/welovecinema.be\/wp-content\/uploads\/sites\/2\/2023\/03\/Logo-We-Love-Cinema305x128.jpg\",\"width\":305,\"height\":128,\"caption\":\"We Love Cinema\"},\"image\":{\"@id\":\"https:\/\/welovecinema.be\/nl\/#\/schema\/logo\/image\/\"},\"sameAs\":[\"https:\/\/www.facebook.com\/welovecinema.be\",\"https:\/\/www.youtube.com\/channel\/UCX5LYGVhnKvYauW4Nta4HJA\",\"https:\/\/www.instagram.com\/welovecinema.be\/\"]},{\"@type\":\"Person\",\"@id\":\"https:\/\/welovecinema.be\/nl\/#\/schema\/person\/4b9b1d857f0943453a38a7c2859ef756\",\"name\":\"Philippe.Pierquin\",\"url\":\"https:\/\/welovecinema.be\/fr\/author\/philippe-pierquin\/\"}]}<\/script>\n<!-- \/ Yoast SEO plugin. -->","yoast_head_json":{"title":"David Murgia revient \u00e0 Cannes ! - We Love Cinema","robots":{"index":"index","follow":"follow","max-snippet":"max-snippet:-1","max-image-preview":"max-image-preview:large","max-video-preview":"max-video-preview:-1"},"canonical":"https:\/\/welovecinema.be\/fr\/david-murgia-revient-cannes\/","og_locale":"fr_FR","og_type":"article","og_title":"David Murgia revient \u00e0 Cannes ! - We Love Cinema","og_description":"Thierry Fr\u00e9maux, \u00a0d\u00e9l\u00e9gu\u00e9 g\u00e9n\u00e9ral du Festival de Cannes, avait pr\u00e9venu: la s\u00e9lection officielle annonc\u00e9e le 17 avril n&rsquo;\u00e9tait pas totalement compl\u00e8te et les responsables de la manifestation se donnaient la possibilit\u00e9 de rajouter quelques films en comp\u00e9tition ou en projections sp\u00e9ciales. &nbsp;","og_url":"https:\/\/welovecinema.be\/fr\/david-murgia-revient-cannes\/","og_site_name":"We Love Cinema","article_publisher":"https:\/\/www.facebook.com\/welovecinema.be","article_published_time":"2014-04-30T17:19:36+00:00","article_modified_time":"2014-05-01T06:41:13+00:00","og_image":[{"width":1280,"height":536,"url":"https:\/\/welovecinema.be\/wp-content\/uploads\/sites\/2\/2014\/04\/david-geronimo.jpg","type":"image\/jpeg"}],"author":"Philippe.Pierquin","twitter_card":"summary_large_image","twitter_misc":{"\u00c9crit par":"Philippe.Pierquin","Dur\u00e9e de lecture estim\u00e9e":"3 minutes"},"schema":{"@context":"https:\/\/schema.org","@graph":[{"@type":"Article","@id":"https:\/\/welovecinema.be\/fr\/david-murgia-revient-cannes\/#article","isPartOf":{"@id":"https:\/\/welovecinema.be\/fr\/david-murgia-revient-cannes\/"},"author":{"name":"Philippe.Pierquin","@id":"https:\/\/welovecinema.be\/nl\/#\/schema\/person\/4b9b1d857f0943453a38a7c2859ef756"},"headline":"David Murgia revient \u00e0 Cannes !","datePublished":"2014-04-30T17:19:36+00:00","dateModified":"2014-05-01T06:41:13+00:00","mainEntityOfPage":{"@id":"https:\/\/welovecinema.be\/fr\/david-murgia-revient-cannes\/"},"wordCount":558,"publisher":{"@id":"https:\/\/welovecinema.be\/nl\/#organization"},"articleSection":["Evenements"],"inLanguage":"fr-FR"},{"@type":"WebPage","@id":"https:\/\/welovecinema.be\/fr\/david-murgia-revient-cannes\/","url":"https:\/\/welovecinema.be\/fr\/david-murgia-revient-cannes\/","name":"David Murgia revient \u00e0 Cannes ! - We Love Cinema","isPartOf":{"@id":"https:\/\/welovecinema.be\/nl\/#website"},"datePublished":"2014-04-30T17:19:36+00:00","dateModified":"2014-05-01T06:41:13+00:00","breadcrumb":{"@id":"https:\/\/welovecinema.be\/fr\/david-murgia-revient-cannes\/#breadcrumb"},"inLanguage":"fr-FR","potentialAction":[{"@type":"ReadAction","target":["https:\/\/welovecinema.be\/fr\/david-murgia-revient-cannes\/"]}]},{"@type":"BreadcrumbList","@id":"https:\/\/welovecinema.be\/fr\/david-murgia-revient-cannes\/#breadcrumb","itemListElement":[{"@type":"ListItem","position":1,"name":"Accueil","item":"https:\/\/welovecinema.be\/fr\/"},{"@type":"ListItem","position":2,"name":"David Murgia revient \u00e0 Cannes !"}]},{"@type":"WebSite","@id":"https:\/\/welovecinema.be\/nl\/#website","url":"https:\/\/welovecinema.be\/nl\/","name":"We Love Cinema","description":"Toute l\u2019information du cin\u00e9ma en Belgique","publisher":{"@id":"https:\/\/welovecinema.be\/nl\/#organization"},"potentialAction":[{"@type":"SearchAction","target":{"@type":"EntryPoint","urlTemplate":"https:\/\/welovecinema.be\/nl\/?s={search_term_string}"},"query-input":"required name=search_term_string"}],"inLanguage":"fr-FR"},{"@type":"Organization","@id":"https:\/\/welovecinema.be\/nl\/#organization","name":"We Love Cinema","url":"https:\/\/welovecinema.be\/nl\/","logo":{"@type":"ImageObject","inLanguage":"fr-FR","@id":"https:\/\/welovecinema.be\/nl\/#\/schema\/logo\/image\/","url":"https:\/\/welovecinema.be\/wp-content\/uploads\/sites\/2\/2023\/03\/Logo-We-Love-Cinema305x128.jpg","contentUrl":"https:\/\/welovecinema.be\/wp-content\/uploads\/sites\/2\/2023\/03\/Logo-We-Love-Cinema305x128.jpg","width":305,"height":128,"caption":"We Love Cinema"},"image":{"@id":"https:\/\/welovecinema.be\/nl\/#\/schema\/logo\/image\/"},"sameAs":["https:\/\/www.facebook.com\/welovecinema.be","https:\/\/www.youtube.com\/channel\/UCX5LYGVhnKvYauW4Nta4HJA","https:\/\/www.instagram.com\/welovecinema.be\/"]},{"@type":"Person","@id":"https:\/\/welovecinema.be\/nl\/#\/schema\/person\/4b9b1d857f0943453a38a7c2859ef756","name":"Philippe.Pierquin","url":"https:\/\/welovecinema.be\/fr\/author\/philippe-pierquin\/"}]}},"_links":{"self":[{"href":"https:\/\/welovecinema.be\/fr\/wp-json\/wp\/v2\/posts\/55878","targetHints":{"allow":["GET"]}}],"collection":[{"href":"https:\/\/welovecinema.be\/fr\/wp-json\/wp\/v2\/posts"}],"about":[{"href":"https:\/\/welovecinema.be\/fr\/wp-json\/wp\/v2\/types\/post"}],"author":[{"embeddable":true,"href":"https:\/\/welovecinema.be\/fr\/wp-json\/wp\/v2\/users\/7"}],"replies":[{"embeddable":true,"href":"https:\/\/welovecinema.be\/fr\/wp-json\/wp\/v2\/comments?post=55878"}],"version-history":[{"count":0,"href":"https:\/\/welovecinema.be\/fr\/wp-json\/wp\/v2\/posts\/55878\/revisions"}],"wp:featuredmedia":[{"embeddable":true,"href":"https:\/\/welovecinema.be\/fr\/wp-json\/wp\/v2\/media\/55910"}],"wp:attachment":[{"href":"https:\/\/welovecinema.be\/fr\/wp-json\/wp\/v2\/media?parent=55878"}],"wp:term":[{"taxonomy":"category","embeddable":true,"href":"https:\/\/welovecinema.be\/fr\/wp-json\/wp\/v2\/categories?post=55878"},{"taxonomy":"post_tag","embeddable":true,"href":"https:\/\/welovecinema.be\/fr\/wp-json\/wp\/v2\/tags?post=55878"}],"curies":[{"name":"wp","href":"https:\/\/api.w.org\/{rel}","templated":true}]}}