{"id":55791,"date":"2014-04-30T07:48:28","date_gmt":"2014-04-30T05:48:28","guid":{"rendered":"http:\/\/www.cinevox.be\/?p=55791"},"modified":"2014-04-30T08:15:46","modified_gmt":"2014-04-30T06:15:46","slug":"au-nom-du-fils-paris-coupe-lultra-droite-reactionnaire","status":"publish","type":"post","link":"https:\/\/welovecinema.be\/fr\/au-nom-du-fils-paris-coupe-lultra-droite-reactionnaire\/","title":{"rendered":"Au Nom du Fils : Paris sous la coupe de l\u2019ultra-droite r\u00e9actionnaire ?"},"content":{"rendered":"<p><i>Au nom du fils<\/i> sort en France le 7 mai. Enfin !<\/p>\n<p>Le M\u00e9li\u00e8s d\u2019or 2013 du meilleur film de genre europ\u00e9en, couronn\u00e9 d\u2019un Magritte du meilleur espoir pour le valeureux <b>Achile Ridolfi<\/b> est enfin distribu\u00e9 chez nos voisins\u2026 Mais pas sans mal.<!--more--><\/p>\n<p>&nbsp;<\/p>\n<p>Alors que le film a trouv\u00e9 sans grande difficult\u00e9 des salles \u00e0 travers l\u2019Hexagone, un petit village est entr\u00e9 en r\u00e9sistance contre le film de <b>Vincent Lannoo<\/b>. Enfin, petit\u2026 Pas tant que cela en fait puisqu\u2019on parle quand m\u00eame de\u2026 Paris.<br \/>\nH\u00e9 oui, la Ville Lumi\u00e8re qui porte parfois bien mal son nom se trouvait, semble-t-il dans l\u2019incapacit\u00e9 de d\u00e9nicher le moindre \u00e9cran disponible.<\/p>\n<p>La raison? Apparemment, une peur panique des r\u00e9actions de quelques cathos int\u00e9gristes surexcit\u00e9s qui auraient <b>Astrid Whettnall<\/b> et son irr\u00e9pressible propension \u00e0 se d\u00e9barrasser des pr\u00eatres p\u00e9dophiles dans le collimateur.<\/p>\n<p>&nbsp;<\/p>\n<p><a href=\"http:\/\/www.cinevox.be\/au-nom-du-fils-paris-coupe-lultra-droite-reactionnaire\/541841_439589052762629_438832349_n-2\/\" rel=\"attachment wp-att-55792\"><img loading=\"lazy\" decoding=\"async\" class=\"aligncenter size-large wp-image-55792\" alt=\"\" src=\"http:\/\/www.cinevox.be\/wp-content\/uploads\/sites\/2\/2014\/04\/541841_439589052762629_438832349_n-800x530.jpg\" width=\"640\" height=\"424\" srcset=\"https:\/\/welovecinema.be\/wp-content\/uploads\/sites\/2\/2014\/04\/541841_439589052762629_438832349_n-800x530.jpg 800w, https:\/\/welovecinema.be\/wp-content\/uploads\/sites\/2\/2014\/04\/541841_439589052762629_438832349_n-407x270.jpg 407w, https:\/\/welovecinema.be\/wp-content\/uploads\/sites\/2\/2014\/04\/541841_439589052762629_438832349_n.jpg 960w\" sizes=\"auto, (max-width: 640px) 100vw, 640px\" \/><\/a><\/p>\n<p style=\"text-align: right;\"><em>[Photo de tournage, \u00a0avec la magistrale Astrid Whettnall et le r\u00e9alisateur Vincent Lannoo]<\/em><\/p>\n<p>&nbsp;<\/p>\n<p>Afflig\u00e9 par ce constat, le cosc\u00e9nariste qu\u00e9b\u00e9cois du film, <b>Philippe Falardeau<\/b> (<i>Monsieur Lazhar<\/i>) est mont\u00e9 au cr\u00e9neau lors d\u2019une interview publi\u00e9e dans le Film Fran\u00e7ais, hebdomadaire professionnel, et qui a fait beaucoup de bruit.<\/p>\n<p>&nbsp;<\/p>\n<p>\u00a0\u00bb (la r\u00e9action des exploitants parisiens) Je ne la comprends pas. Il y a deux contradictions fondamentales. Si le film \u00e9tait mauvais ou trop risqu\u00e9 et que personne n\u2019en veuille en France, pourquoi pas. Or ce n\u2019est pas le cas. En province, en revanche, on le prend ! Que Paris, qui est pour moi la plaque tournante du cin\u00e9ma, qui se fout des tabous, n\u2019en veuille pas, me surprend. Certes, le film aborde un sujet particulier. Mais si la province, qui est historiquement plus conservatrice, veut le montrer, pourquoi n\u2019est-ce pas la m\u00eame chose \u00e0 Paris ? Il y a anguille sous roche\u2026\u00a0\u00bb<\/p>\n<p>&nbsp;<\/p>\n<p>Et de d\u00e9fendre pied \u00e0 pied <i>Au Nom du Fils<\/i> :<\/p>\n<p>&nbsp;<\/p>\n<p>\u00ab\u00a0Le film n\u2019est ni scabreux ni scandaleux. Lars van Trier fait bien pire. Vincent Lannoo me disait qu\u2019avec les manifestations de droite r\u00e9centes, les exploitants de salle ne voulaient peut \u00eatre pas passer pour des antireligieux. Sur un terrain plus mar\u00e9cageux, j\u2019ai toujours pens\u00e9 qu\u2019une intelligentsia cin\u00e9matographique, tant au niveau de la production que de la distribution, est de plus en plus r\u00e9ticente \u00e0 montrer des films de la francophonie quand ils ne sont pas sign\u00e9s par quelques favoris comme Joachim Lafosse, les Dardenne ou Xavier Dolan. M\u00eame si je suis mal plac\u00e9 pour me plaindre. Tous mes films, sauf le troisi\u00e8me, ont \u00e9t\u00e9 montr\u00e9s ici et les distributeurs fran\u00e7ais qui ont choisi de les distribuer ont fait un beau travail. Tout le monde a le droit de refuser un film dans sa salle. Mais il faut clairement dire pourquoi. Et pour le moment, on ne le sait pas. \u00a0\u00bb<\/p>\n<p>&nbsp;<\/p>\n<p><a href=\"http:\/\/www.cinevox.be\/au-nom-du-fils-paris-coupe-lultra-droite-reactionnaire\/2012-09-28_13h02_27-7\/\" rel=\"attachment wp-att-55793\"><img loading=\"lazy\" decoding=\"async\" class=\"aligncenter size-large wp-image-55793\" alt=\"\" src=\"http:\/\/www.cinevox.be\/wp-content\/uploads\/sites\/2\/2014\/04\/2012-09-28_13h02_27-800x334.jpg\" width=\"640\" height=\"267\" srcset=\"https:\/\/welovecinema.be\/wp-content\/uploads\/sites\/2\/2014\/04\/2012-09-28_13h02_27-800x334.jpg 800w, https:\/\/welovecinema.be\/wp-content\/uploads\/sites\/2\/2014\/04\/2012-09-28_13h02_27-480x200.jpg 480w, https:\/\/welovecinema.be\/wp-content\/uploads\/sites\/2\/2014\/04\/2012-09-28_13h02_27.jpg 1371w\" sizes=\"auto, (max-width: 640px) 100vw, 640px\" \/><\/a><\/p>\n<p style=\"text-align: right;\"><em>\u00a0[Achile Ridolfi a re\u00e7u le Magritte du meilleur espoir masculin en 2014 pour sa performance]<\/em><\/p>\n<p>&nbsp;<\/p>\n<p>Cette intervention n\u2019est pas rest\u00e9e sans suite : UGC vient de d\u00e9cider de projeter le film dans une salle sur Paris et <b>Fran\u00e7ois Forrestier<\/b>, c\u00e9l\u00e8bre critique, tr\u00e8s respect\u00e9, du <i>Nouvel Observateur,<\/i> est sorti de ses gonds pour une grande envol\u00e9e lyrique publi\u00e9e sous le titre \u00ab\u00a0La cathosph\u00e8re, c\u2019est l\u2019enfer\u00a0\u00bb.<\/p>\n<p>&nbsp;<\/p>\n<p>\u00ab\u00a0En France, mes enfants, la coalition des bigots, la soldatesque des chaisi\u00e8res, la fratrie des bedeaux fait peur, \u00a0\u00bb \u00e9crit-il. \u00ab\u00a0D\u00e9j\u00e0, sur internet, il y a un gars qui assure que l\u2019affiche du film est un signe de christianophobie. Elle a donc \u00e9t\u00e9 refus\u00e9e telle quelle, et modifi\u00e9e. En Belgique, no problemo. En France, au secours ! Pas touche \u00e0 mon J\u00e9sus ! Ensuite, voici que le film est propos\u00e9 aux diff\u00e9rents r\u00e9seaux de salles. En province, \u00ab\u00a0Au Nom du fils\u00a0\u00bb sort, sans l\u2019ombre d\u2019un souci. Au Nantes Katorza, au Lyon Comoedia, au Bordeaux Utopia, au Montpellier Utopia, au Poitiers Dietrich, etc, les exploitants jouent le jeu : quinze salles partout en France. Sauf \u00e0 Paris. Les pr\u00e9textes de refus valent leur poids de mauvaise foi : selon les uns, \u00ab\u00a0Il n\u2019y pas de place\u00a0\u00bb (faux) ; \u00ab\u00a0La r\u00e9alisation est faible\u00a0\u00bb (ah ? Pourquoi ne pas avoir refus\u00e9 \u00ab\u00a0Taxi 2\u00a0\u00bb, alors ?) ; \u00ab\u00a0C\u2019est un film fasciste\u00a0\u00bb (parce que dans le temps, les films les plus crapoteux de Michael Winner ne sortaient qu\u2019\u00e0 Fr\u00e9jus ou \u00e0 H\u00e9nin-Beaumont peut-\u00eatre ?) ; \u00ab\u00a0Apologie de la self-d\u00e9fense\u00a0\u00bb (et quand tu projetais les films de Bruce Lee, hein, mon gars ?) ; \u00ab\u00a0Propos naus\u00e9abonds\u00a0\u00bb, et j\u2019en passe. Bref, la corporation s\u2019est illustr\u00e9e par son courage qui ne lui disait rien. Un exploitant a quand m\u00eame l\u00e2ch\u00e9 le morceau : \u00ab\u00a0J\u2019ai peur des repr\u00e9sailles.\u00a0\u00bb Sauvons les salles. Prot\u00e9geons les esquimaux glac\u00e9s.\u00a0\u00bb<\/p>\n<p>&nbsp;<\/p>\n<p><a href=\"http:\/\/www.cinevox.be\/au-nom-du-fils-paris-coupe-lultra-droite-reactionnaire\/img_8873-2\/\" rel=\"attachment wp-att-55794\"><img loading=\"lazy\" decoding=\"async\" class=\"aligncenter size-large wp-image-55794\" alt=\"\" src=\"http:\/\/www.cinevox.be\/wp-content\/uploads\/sites\/2\/2014\/04\/IMG_8873-800x503.jpg\" width=\"640\" height=\"402\" srcset=\"https:\/\/welovecinema.be\/wp-content\/uploads\/sites\/2\/2014\/04\/IMG_8873-800x503.jpg 800w, https:\/\/welovecinema.be\/wp-content\/uploads\/sites\/2\/2014\/04\/IMG_8873-429x270.jpg 429w, https:\/\/welovecinema.be\/wp-content\/uploads\/sites\/2\/2014\/04\/IMG_8873.jpg 1024w\" sizes=\"auto, (max-width: 640px) 100vw, 640px\" \/><\/a><\/p>\n<p style=\"text-align: right;\"><em>[Vincent Lannoo et l&rsquo;intr\u00e9pide producteur belge Lionel Jadot lors d&rsquo;un Cinevox Happening d\u00e9di\u00e9 au film]<\/em><\/p>\n<p>&nbsp;<\/p>\n<p>Rappelons n\u00e9anmoins qu\u2019en Belgique, le film a eu droit \u00e0 une belle tourn\u00e9e des festivals (FIFF, BIFF, Be Film Festival, Ramdam, festival du cin\u00e9ma belge de Moustier\u2026) \u00a0et \u00e0 un tr\u00e8s sympathique Cinevox Happening, mais qu\u2019il a fait l\u2019essentiel de ses 8000 spectateurs dans une seule salle, le cin\u00e9ma Galerie \u00e0 Bruxelles pour ne pas le nommer, puis \u00e0 Namur et Mons.\u00a0Preuve que tous n\u2019\u00e9taient pas franchement pr\u00eats \u00e0 affronter les cris d&rsquo;orfraie de la communaut\u00e9 la plus extr\u00e9miste.<\/p>\n<p>&nbsp;<\/p>\n<p><a href=\"http:\/\/www.cinevox.be\/au-nom-du-fils-paris-coupe-lultra-droite-reactionnaire\/964654_499714650083402_1213150743_o\/\" rel=\"attachment wp-att-55795\"><img loading=\"lazy\" decoding=\"async\" class=\"aligncenter size-large wp-image-55795\" alt=\"\" src=\"http:\/\/www.cinevox.be\/wp-content\/uploads\/sites\/2\/2014\/04\/964654_499714650083402_1213150743_o-800x533.jpg\" width=\"640\" height=\"426\" srcset=\"https:\/\/welovecinema.be\/wp-content\/uploads\/sites\/2\/2014\/04\/964654_499714650083402_1213150743_o-800x533.jpg 800w, https:\/\/welovecinema.be\/wp-content\/uploads\/sites\/2\/2014\/04\/964654_499714650083402_1213150743_o-404x270.jpg 404w, https:\/\/welovecinema.be\/wp-content\/uploads\/sites\/2\/2014\/04\/964654_499714650083402_1213150743_o.jpg 1224w\" sizes=\"auto, (max-width: 640px) 100vw, 640px\" \/><\/a><\/p>\n<p style=\"text-align: right;\"><em>\u00a0[Le cin\u00e9ma Galeries avait am\u00e9nag\u00e9 une salle de fa\u00e7on tr\u00e8s sp\u00e9ciale pour programmer le film]<\/em><\/p>\n<p>&nbsp;<\/p>\n<p>On se souvient d\u2019ailleurs d\u2019une critique aussi isol\u00e9e que particuli\u00e8rement \u00e9pic\u00e9e qui faisait \u00e9tat d\u2019une \u00ab\u00a0farce malsaine et grossi\u00e8re\u00a0\u00bb, reprochait \u00e0 Vincent Lannoo de pencher \u00ab\u00a0par moments \u00e0 droite de la droite\u00a0\u00bb (ce qui est une analyse politiquement \u00e9trange, mais bon) et de n\u2019\u00eatre finalement qu\u2019une \u00ab\u00a0effroyable et malsaine caricature de la chr\u00e9tient\u00e9\u00a0\u00bb.<\/p>\n<p>Tout \u00e7a pour dire qu\u2019il ne faudrait pas penser que notre pays est celui des Teletubbies : il a \u00e9galement ses petits crois\u00e9s.<\/p>\n<p>&nbsp;<\/p>\n<p><a href=\"http:\/\/www.cinevox.be\/au-nom-du-fils-paris-coupe-lultra-droite-reactionnaire\/img_7020\/\" rel=\"attachment wp-att-55800\"><img loading=\"lazy\" decoding=\"async\" class=\"aligncenter size-large wp-image-55800\" alt=\"\" src=\"http:\/\/www.cinevox.be\/wp-content\/uploads\/sites\/2\/2010\/04\/IMG_7020-800x533.jpg\" width=\"640\" height=\"426\" srcset=\"https:\/\/welovecinema.be\/wp-content\/uploads\/sites\/2\/2010\/04\/IMG_7020-800x533.jpg 800w, https:\/\/welovecinema.be\/wp-content\/uploads\/sites\/2\/2010\/04\/IMG_7020-405x270.jpg 405w\" sizes=\"auto, (max-width: 640px) 100vw, 640px\" \/><\/a><\/p>\n<p style=\"text-align: right;\"><em>[Au Nom du Fils au FIFF 2012 (photo PP)[<\/em><\/p>\n<p>&nbsp;<\/p>\n<p>Heureusement, sept nominations aux Magritte et une tr\u00e8s grosse c\u00f4te de sympathie qui s\u2019est cristallis\u00e9e sur la personne d\u2019Astrid Whettnall, devenue en une heure trente une valeur s\u00fbre du cin\u00e9ma belge, ont largement rappel\u00e9 que tout cela \u00e9tait du cin\u00e9ma. Rien que du cin\u00e9ma\u2026 Et que la deuxi\u00e8me partie du film que certains ont qualifi\u00e9 \u00e0 raison de tarantinesque (<em>Kill Bill<\/em> n&rsquo;est pas loin) ne renonce jamais \u00e0 la d\u00e9rision.<\/p>\n<p>&nbsp;<\/p>\n<p>Ce que n\u2019ont pas encore assimil\u00e9 certaines factions int\u00e9gristes fran\u00e7aises qui mettent litt\u00e9ralement <strong>Fran\u00e7ois Forestier<\/strong> hors de lui, jusqu\u2019\u00e0 conclure son article par un cinglant : \u00ab\u00a0Et les autres ? Les soumis \u00e0 la tyrannie cl\u00e9ricale, les confits de j\u00e9suiti\u00e8res, les marguilliers dictateurs, les agenouill\u00e9s du pignoufisme, tous ceux-l\u00e0 iront droit en enfer. Si, si, je vous le dis, en v\u00e9rit\u00e9. En enfer ! C\u2019est l\u00e0 qu\u2019on s\u2019apercevra enfin le mot \u00ab\u00a0parisien\u00a0\u00bb s\u2019orthographie \u00ab\u00a0pharisien.\u00a0\u00bb<\/p>\n<p>A bas la dictature des cagots !\u00a0\u00bb<\/p>\n<p>&nbsp;<\/p>\n<p>Avec moins de 20 salles sur toute la France, <i>Au nom du fils<\/i> n\u2019a naturellement aucune chance de bousculer le box-office fran\u00e7ais, mais toute cette agitation ne peut que servir le film et attirer vers lui des spectateurs qui autrement n\u2019en auraient jamais entendu parler.<\/p>\n<p>Certains esprits obtus n\u2019ont vraiment rien retenu de l\u2019affaire Tomboy\u00a0\u00bb*, on dirait.<\/p>\n<p>Tant mieux pour Vincent et sa team !<\/p>\n<p>&nbsp;<\/p>\n<p>&nbsp;<\/p>\n<ol>\n<li>De nombreux int\u00e9gristes de l\u2019ultra droite catholique voulant faire interdire la programmation de Tomboy sur Arte ont tout juste r\u00e9ussi \u00e0 provoquer des records d\u2019audience lors de sa diffusion de cet excellent film tr\u00e8s digne.<\/li>\n<\/ol>\n<p>&nbsp;<\/p>\n<ol>\n<li>L\u2019article de Fran\u00e7ois Forrestier est \u00e0 lire in extenso <a href=\"http:\/\/cinema.nouvelobs.com\/articles\/30954-l-humeur-au-nom-du-fils-la-cathosphere-c-est-l-enfer\">ici<\/a>.<\/li>\n<\/ol>\n","protected":false},"excerpt":{"rendered":"<p>Au nom du fils sort en France le 7 mai. Enfin ! Le M\u00e9li\u00e8s d\u2019or 2013 du meilleur film de genre europ\u00e9en, couronn\u00e9 d\u2019un Magritte du meilleur espoir pour le valeureux Achile Ridolfi est enfin distribu\u00e9 chez nos voisins\u2026 Mais pas sans mal.<\/p>\n","protected":false},"author":7,"featured_media":55803,"comment_status":"closed","ping_status":"closed","sticky":false,"template":"","format":"standard","meta":{"ngg_post_thumbnail":0,"footnotes":""},"categories":[1923],"tags":[],"class_list":["post-55791","post","type-post","status-publish","format-standard","has-post-thumbnail","","category-en-bref"],"yoast_head":"<!-- This site is optimized with the Yoast SEO plugin v20.4 - https:\/\/yoast.com\/wordpress\/plugins\/seo\/ -->\n<title>Au Nom du Fils : Paris sous la coupe de l\u2019ultra-droite r\u00e9actionnaire ? - We Love Cinema<\/title>\n<meta name=\"robots\" content=\"index, follow, max-snippet:-1, max-image-preview:large, max-video-preview:-1\" \/>\n<link rel=\"canonical\" href=\"https:\/\/welovecinema.be\/fr\/au-nom-du-fils-paris-coupe-lultra-droite-reactionnaire\/\" \/>\n<meta property=\"og:locale\" content=\"fr_FR\" \/>\n<meta property=\"og:type\" content=\"article\" \/>\n<meta property=\"og:title\" content=\"Au Nom du Fils : Paris sous la coupe de l\u2019ultra-droite r\u00e9actionnaire ? - We Love Cinema\" \/>\n<meta property=\"og:description\" content=\"Au nom du fils sort en France le 7 mai. Enfin ! Le M\u00e9li\u00e8s d\u2019or 2013 du meilleur film de genre europ\u00e9en, couronn\u00e9 d\u2019un Magritte du meilleur espoir pour le valeureux Achile Ridolfi est enfin distribu\u00e9 chez nos voisins\u2026 Mais pas sans mal.\" \/>\n<meta property=\"og:url\" content=\"https:\/\/welovecinema.be\/fr\/au-nom-du-fils-paris-coupe-lultra-droite-reactionnaire\/\" \/>\n<meta property=\"og:site_name\" content=\"We Love Cinema\" \/>\n<meta property=\"article:publisher\" content=\"https:\/\/www.facebook.com\/welovecinema.be\" \/>\n<meta property=\"article:published_time\" content=\"2014-04-30T05:48:28+00:00\" \/>\n<meta property=\"article:modified_time\" content=\"2014-04-30T06:15:46+00:00\" \/>\n<meta property=\"og:image\" content=\"https:\/\/welovecinema.be\/wp-content\/uploads\/sites\/2\/2010\/04\/m\u00e9lis-dor-2.jpg\" \/>\n\t<meta property=\"og:image:width\" content=\"715\" \/>\n\t<meta property=\"og:image:height\" content=\"406\" \/>\n\t<meta property=\"og:image:type\" content=\"image\/jpeg\" \/>\n<meta name=\"author\" content=\"Philippe.Pierquin\" \/>\n<meta name=\"twitter:card\" content=\"summary_large_image\" \/>\n<meta name=\"twitter:label1\" content=\"\u00c9crit par\" \/>\n\t<meta name=\"twitter:data1\" content=\"Philippe.Pierquin\" \/>\n\t<meta name=\"twitter:label2\" content=\"Dur\u00e9e de lecture estim\u00e9e\" \/>\n\t<meta name=\"twitter:data2\" content=\"7 minutes\" \/>\n<script type=\"application\/ld+json\" class=\"yoast-schema-graph\">{\"@context\":\"https:\/\/schema.org\",\"@graph\":[{\"@type\":\"Article\",\"@id\":\"https:\/\/welovecinema.be\/fr\/au-nom-du-fils-paris-coupe-lultra-droite-reactionnaire\/#article\",\"isPartOf\":{\"@id\":\"https:\/\/welovecinema.be\/fr\/au-nom-du-fils-paris-coupe-lultra-droite-reactionnaire\/\"},\"author\":{\"name\":\"Philippe.Pierquin\",\"@id\":\"https:\/\/welovecinema.be\/nl\/#\/schema\/person\/4b9b1d857f0943453a38a7c2859ef756\"},\"headline\":\"Au Nom du Fils : Paris sous la coupe de l\u2019ultra-droite r\u00e9actionnaire ?\",\"datePublished\":\"2014-04-30T05:48:28+00:00\",\"dateModified\":\"2014-04-30T06:15:46+00:00\",\"mainEntityOfPage\":{\"@id\":\"https:\/\/welovecinema.be\/fr\/au-nom-du-fils-paris-coupe-lultra-droite-reactionnaire\/\"},\"wordCount\":1343,\"publisher\":{\"@id\":\"https:\/\/welovecinema.be\/nl\/#organization\"},\"articleSection\":[\"En bref\"],\"inLanguage\":\"fr-FR\"},{\"@type\":\"WebPage\",\"@id\":\"https:\/\/welovecinema.be\/fr\/au-nom-du-fils-paris-coupe-lultra-droite-reactionnaire\/\",\"url\":\"https:\/\/welovecinema.be\/fr\/au-nom-du-fils-paris-coupe-lultra-droite-reactionnaire\/\",\"name\":\"Au Nom du Fils : Paris sous la coupe de l\u2019ultra-droite r\u00e9actionnaire ? - We Love Cinema\",\"isPartOf\":{\"@id\":\"https:\/\/welovecinema.be\/nl\/#website\"},\"datePublished\":\"2014-04-30T05:48:28+00:00\",\"dateModified\":\"2014-04-30T06:15:46+00:00\",\"breadcrumb\":{\"@id\":\"https:\/\/welovecinema.be\/fr\/au-nom-du-fils-paris-coupe-lultra-droite-reactionnaire\/#breadcrumb\"},\"inLanguage\":\"fr-FR\",\"potentialAction\":[{\"@type\":\"ReadAction\",\"target\":[\"https:\/\/welovecinema.be\/fr\/au-nom-du-fils-paris-coupe-lultra-droite-reactionnaire\/\"]}]},{\"@type\":\"BreadcrumbList\",\"@id\":\"https:\/\/welovecinema.be\/fr\/au-nom-du-fils-paris-coupe-lultra-droite-reactionnaire\/#breadcrumb\",\"itemListElement\":[{\"@type\":\"ListItem\",\"position\":1,\"name\":\"Accueil\",\"item\":\"https:\/\/welovecinema.be\/fr\/\"},{\"@type\":\"ListItem\",\"position\":2,\"name\":\"Au Nom du Fils : Paris sous la coupe de l\u2019ultra-droite r\u00e9actionnaire ?\"}]},{\"@type\":\"WebSite\",\"@id\":\"https:\/\/welovecinema.be\/nl\/#website\",\"url\":\"https:\/\/welovecinema.be\/nl\/\",\"name\":\"We Love Cinema\",\"description\":\"Toute l\u2019information du cin\u00e9ma en Belgique\",\"publisher\":{\"@id\":\"https:\/\/welovecinema.be\/nl\/#organization\"},\"potentialAction\":[{\"@type\":\"SearchAction\",\"target\":{\"@type\":\"EntryPoint\",\"urlTemplate\":\"https:\/\/welovecinema.be\/nl\/?s={search_term_string}\"},\"query-input\":\"required name=search_term_string\"}],\"inLanguage\":\"fr-FR\"},{\"@type\":\"Organization\",\"@id\":\"https:\/\/welovecinema.be\/nl\/#organization\",\"name\":\"We Love Cinema\",\"url\":\"https:\/\/welovecinema.be\/nl\/\",\"logo\":{\"@type\":\"ImageObject\",\"inLanguage\":\"fr-FR\",\"@id\":\"https:\/\/welovecinema.be\/nl\/#\/schema\/logo\/image\/\",\"url\":\"https:\/\/welovecinema.be\/wp-content\/uploads\/sites\/2\/2023\/03\/Logo-We-Love-Cinema305x128.jpg\",\"contentUrl\":\"https:\/\/welovecinema.be\/wp-content\/uploads\/sites\/2\/2023\/03\/Logo-We-Love-Cinema305x128.jpg\",\"width\":305,\"height\":128,\"caption\":\"We Love Cinema\"},\"image\":{\"@id\":\"https:\/\/welovecinema.be\/nl\/#\/schema\/logo\/image\/\"},\"sameAs\":[\"https:\/\/www.facebook.com\/welovecinema.be\",\"https:\/\/www.youtube.com\/channel\/UCX5LYGVhnKvYauW4Nta4HJA\",\"https:\/\/www.instagram.com\/welovecinema.be\/\"]},{\"@type\":\"Person\",\"@id\":\"https:\/\/welovecinema.be\/nl\/#\/schema\/person\/4b9b1d857f0943453a38a7c2859ef756\",\"name\":\"Philippe.Pierquin\",\"url\":\"https:\/\/welovecinema.be\/fr\/author\/philippe-pierquin\/\"}]}<\/script>\n<!-- \/ Yoast SEO plugin. -->","yoast_head_json":{"title":"Au Nom du Fils : Paris sous la coupe de l\u2019ultra-droite r\u00e9actionnaire ? - We Love Cinema","robots":{"index":"index","follow":"follow","max-snippet":"max-snippet:-1","max-image-preview":"max-image-preview:large","max-video-preview":"max-video-preview:-1"},"canonical":"https:\/\/welovecinema.be\/fr\/au-nom-du-fils-paris-coupe-lultra-droite-reactionnaire\/","og_locale":"fr_FR","og_type":"article","og_title":"Au Nom du Fils : Paris sous la coupe de l\u2019ultra-droite r\u00e9actionnaire ? - We Love Cinema","og_description":"Au nom du fils sort en France le 7 mai. Enfin ! Le M\u00e9li\u00e8s d\u2019or 2013 du meilleur film de genre europ\u00e9en, couronn\u00e9 d\u2019un Magritte du meilleur espoir pour le valeureux Achile Ridolfi est enfin distribu\u00e9 chez nos voisins\u2026 Mais pas sans mal.","og_url":"https:\/\/welovecinema.be\/fr\/au-nom-du-fils-paris-coupe-lultra-droite-reactionnaire\/","og_site_name":"We Love Cinema","article_publisher":"https:\/\/www.facebook.com\/welovecinema.be","article_published_time":"2014-04-30T05:48:28+00:00","article_modified_time":"2014-04-30T06:15:46+00:00","og_image":[{"width":715,"height":406,"url":"https:\/\/welovecinema.be\/wp-content\/uploads\/sites\/2\/2010\/04\/m\u00e9lis-dor-2.jpg","type":"image\/jpeg"}],"author":"Philippe.Pierquin","twitter_card":"summary_large_image","twitter_misc":{"\u00c9crit par":"Philippe.Pierquin","Dur\u00e9e de lecture estim\u00e9e":"7 minutes"},"schema":{"@context":"https:\/\/schema.org","@graph":[{"@type":"Article","@id":"https:\/\/welovecinema.be\/fr\/au-nom-du-fils-paris-coupe-lultra-droite-reactionnaire\/#article","isPartOf":{"@id":"https:\/\/welovecinema.be\/fr\/au-nom-du-fils-paris-coupe-lultra-droite-reactionnaire\/"},"author":{"name":"Philippe.Pierquin","@id":"https:\/\/welovecinema.be\/nl\/#\/schema\/person\/4b9b1d857f0943453a38a7c2859ef756"},"headline":"Au Nom du Fils : Paris sous la coupe de l\u2019ultra-droite r\u00e9actionnaire ?","datePublished":"2014-04-30T05:48:28+00:00","dateModified":"2014-04-30T06:15:46+00:00","mainEntityOfPage":{"@id":"https:\/\/welovecinema.be\/fr\/au-nom-du-fils-paris-coupe-lultra-droite-reactionnaire\/"},"wordCount":1343,"publisher":{"@id":"https:\/\/welovecinema.be\/nl\/#organization"},"articleSection":["En bref"],"inLanguage":"fr-FR"},{"@type":"WebPage","@id":"https:\/\/welovecinema.be\/fr\/au-nom-du-fils-paris-coupe-lultra-droite-reactionnaire\/","url":"https:\/\/welovecinema.be\/fr\/au-nom-du-fils-paris-coupe-lultra-droite-reactionnaire\/","name":"Au Nom du Fils : Paris sous la coupe de l\u2019ultra-droite r\u00e9actionnaire ? - We Love Cinema","isPartOf":{"@id":"https:\/\/welovecinema.be\/nl\/#website"},"datePublished":"2014-04-30T05:48:28+00:00","dateModified":"2014-04-30T06:15:46+00:00","breadcrumb":{"@id":"https:\/\/welovecinema.be\/fr\/au-nom-du-fils-paris-coupe-lultra-droite-reactionnaire\/#breadcrumb"},"inLanguage":"fr-FR","potentialAction":[{"@type":"ReadAction","target":["https:\/\/welovecinema.be\/fr\/au-nom-du-fils-paris-coupe-lultra-droite-reactionnaire\/"]}]},{"@type":"BreadcrumbList","@id":"https:\/\/welovecinema.be\/fr\/au-nom-du-fils-paris-coupe-lultra-droite-reactionnaire\/#breadcrumb","itemListElement":[{"@type":"ListItem","position":1,"name":"Accueil","item":"https:\/\/welovecinema.be\/fr\/"},{"@type":"ListItem","position":2,"name":"Au Nom du Fils : Paris sous la coupe de l\u2019ultra-droite r\u00e9actionnaire ?"}]},{"@type":"WebSite","@id":"https:\/\/welovecinema.be\/nl\/#website","url":"https:\/\/welovecinema.be\/nl\/","name":"We Love Cinema","description":"Toute l\u2019information du cin\u00e9ma en Belgique","publisher":{"@id":"https:\/\/welovecinema.be\/nl\/#organization"},"potentialAction":[{"@type":"SearchAction","target":{"@type":"EntryPoint","urlTemplate":"https:\/\/welovecinema.be\/nl\/?s={search_term_string}"},"query-input":"required name=search_term_string"}],"inLanguage":"fr-FR"},{"@type":"Organization","@id":"https:\/\/welovecinema.be\/nl\/#organization","name":"We Love Cinema","url":"https:\/\/welovecinema.be\/nl\/","logo":{"@type":"ImageObject","inLanguage":"fr-FR","@id":"https:\/\/welovecinema.be\/nl\/#\/schema\/logo\/image\/","url":"https:\/\/welovecinema.be\/wp-content\/uploads\/sites\/2\/2023\/03\/Logo-We-Love-Cinema305x128.jpg","contentUrl":"https:\/\/welovecinema.be\/wp-content\/uploads\/sites\/2\/2023\/03\/Logo-We-Love-Cinema305x128.jpg","width":305,"height":128,"caption":"We Love Cinema"},"image":{"@id":"https:\/\/welovecinema.be\/nl\/#\/schema\/logo\/image\/"},"sameAs":["https:\/\/www.facebook.com\/welovecinema.be","https:\/\/www.youtube.com\/channel\/UCX5LYGVhnKvYauW4Nta4HJA","https:\/\/www.instagram.com\/welovecinema.be\/"]},{"@type":"Person","@id":"https:\/\/welovecinema.be\/nl\/#\/schema\/person\/4b9b1d857f0943453a38a7c2859ef756","name":"Philippe.Pierquin","url":"https:\/\/welovecinema.be\/fr\/author\/philippe-pierquin\/"}]}},"_links":{"self":[{"href":"https:\/\/welovecinema.be\/fr\/wp-json\/wp\/v2\/posts\/55791","targetHints":{"allow":["GET"]}}],"collection":[{"href":"https:\/\/welovecinema.be\/fr\/wp-json\/wp\/v2\/posts"}],"about":[{"href":"https:\/\/welovecinema.be\/fr\/wp-json\/wp\/v2\/types\/post"}],"author":[{"embeddable":true,"href":"https:\/\/welovecinema.be\/fr\/wp-json\/wp\/v2\/users\/7"}],"replies":[{"embeddable":true,"href":"https:\/\/welovecinema.be\/fr\/wp-json\/wp\/v2\/comments?post=55791"}],"version-history":[{"count":0,"href":"https:\/\/welovecinema.be\/fr\/wp-json\/wp\/v2\/posts\/55791\/revisions"}],"wp:featuredmedia":[{"embeddable":true,"href":"https:\/\/welovecinema.be\/fr\/wp-json\/wp\/v2\/media\/55803"}],"wp:attachment":[{"href":"https:\/\/welovecinema.be\/fr\/wp-json\/wp\/v2\/media?parent=55791"}],"wp:term":[{"taxonomy":"category","embeddable":true,"href":"https:\/\/welovecinema.be\/fr\/wp-json\/wp\/v2\/categories?post=55791"},{"taxonomy":"post_tag","embeddable":true,"href":"https:\/\/welovecinema.be\/fr\/wp-json\/wp\/v2\/tags?post=55791"}],"curies":[{"name":"wp","href":"https:\/\/api.w.org\/{rel}","templated":true}]}}